{"id":29374,"date":"2020-07-22T09:43:36","date_gmt":"2020-07-22T08:43:36","guid":{"rendered":"https:\/\/speyer24news.com\/?p=29374"},"modified":"2022-05-29T07:17:15","modified_gmt":"2022-05-29T06:17:15","slug":"vermisstensuche-vermisste-person-4","status":"publish","type":"post","link":"https:\/\/speyer24news.com\/?p=29374","title":{"rendered":"Vermisstensuche \/ Vermisste Person"},"content":{"rendered":"<style type=\"text\/css\">\r\n\t.ads_top_disp{}\r\n\t.ads_top_corner_disp{ float:left; margin:0px 10px 10px 0px; }\r\n\t.ads_first_p_disp{}\r\n\t.ads_bottom_disp{}\r\n\t<\/style>\n<h2 class=\"wp-block-heading\">Vermisster Valentin F. aufgefunden \/ Fahndungsr\u00fccknahme<\/h2>\n\n\n\n<p><strong>(Mannheim-Innenstadt) \u2013 <\/strong> Der seit 10.07.2020 vermisste Valentin F. wurde am Donnerstag in der Mannheimer Innenstadt aufgefunden. Ein Arbeitskollege hatte den Vermissten in der Innenstadt in hilfloser Lage angetroffen. Er wurde zur Behandlung in ein Krankenhaus eingeliefert, wo er zwischenzeitlich wieder entlassen wurde. Er \u00e4u\u00dferte, in seine Heimat Moldawien zur\u00fcckkehren zu wollen.<\/p>\n\n\n\n<p>Die polizeiliche Fahndung wird zur\u00fcckgenommen.<\/p>\n\n\n\n<p><em>Polizeipr\u00e4sidium Mannheim<br>28.07.2020<\/em><\/p>\n\n\n\n<h2 class=\"wp-block-heading\">41-j\u00e4hriger Valentin F. vermisst \/ Zeugen dringend gesucht<\/h2>\n\n\n\n<p><strong>(Mannheim-Innenstadt) \u2013 <\/strong>Der 41-j\u00e4hrige Valentin F. aus Rum\u00e4nien wird seit Freitagabend, 10.07.2020 vermisst. Der Vermisste, der sich derzeit als Arbeiter in Mannheim aufh\u00e4lt und in einem Arbeiterwohnheim in der Mannheimer Innenstadt untergebracht ist, soll gegen 18 Uhr seine Unterkunft im Quadrat S 3 verlassen haben und wurde seither nicht mehr gesehen. Mitbewohner gaben an, dass der Vermisste kurz vor seinem Verschwinden am Abend Alkohol konsumiert habe. Sein gesamtes Hab und Gut habe er im Wohnheim zur\u00fcckgelassen.<\/p>\n\n\n\n<h4 class=\"wp-block-heading\"><strong>Der Vermisste wird wie folgt beschrieben:<\/strong><\/h4>\n\n\n\n<ul><li><strong>41 Jahre alt<\/strong><\/li><li><strong>Kr\u00e4ftige Statur<\/strong><\/li><li><strong>Kurze dunkelblonde Haare<\/strong><\/li><li><strong>Grau-blaue Augen<\/strong><\/li><li><strong>Osteurop\u00e4isches Erscheinungsbild<\/strong><\/li><li><strong>Helle Haut<\/strong><\/li><li><strong>Breiter Kiefer<\/strong><\/li><\/ul>\n\n\n\n<p>Das Fachdezernat des Kriminalkommissariats Mannheim bei der Kriminalpolizeidirektion Heidelberg hat die Fahndung nach dem vermissten Valentin F. aufgenommen. Eine \u00dcberpr\u00fcfung aller bekannten Hinwendungsorte des Vermissten sowie eine sofort eingeleitete Fahndung f\u00fchrte bislang nicht zu dessen Auffinden. Der 41-J\u00e4hrige wird von seinem Arbeitgeber und seinen Kollegen als zuverl\u00e4ssig beschrieben. \u00dcber die Hintergr\u00fcnde seines Verschwindens liegen keine weiteren Informationen vor. M\u00f6glicherweise wollte er in seine Heimat Rum\u00e4nien zur\u00fcckkehren. Dort ist er jedoch bislang nicht angekommen.<\/p>\n\n\n\n<p>Hinweise bitte \u00fcber den Polizeinotruf 110 oder an den Kriminaldauerdienst der Kriminalpolizeidirektion Heidelberg, Tel.: 0621\/174-4444.<\/p>\n\n\n\n<p><em>Polizeipr\u00e4sidium Mannheim<br>22.07.2020<\/em><\/p>\n","protected":false},"excerpt":{"rendered":"<div class=\"mh-excerpt\"><p>Vermisster Valentin F. aufgefunden \/ Fahndungsr\u00fccknahme (Mannheim-Innenstadt) \u2013 Der seit 10.07.2020 vermisste Valentin F. wurde am Donnerstag in der Mannheimer Innenstadt aufgefunden. Ein Arbeitskollege hatte den Vermissten in der Innenstadt in hilfloser Lage angetroffen. Er <a class=\"mh-excerpt-more\" href=\"https:\/\/speyer24news.com\/?p=29374\" title=\"Vermisstensuche \/ Vermisste Person\">[&#8230;]<\/a><\/p>\n<\/div>","protected":false},"author":3,"featured_media":24191,"comment_status":"open","ping_status":"open","sticky":false,"template":"","format":"standard","meta":{"_monsterinsights_skip_tracking":false,"_monsterinsights_sitenote_active":false,"_monsterinsights_sitenote_note":"","_monsterinsights_sitenote_category":0,"footnotes":""},"categories":[12],"tags":[56,1881,8115,8114,1117,8113,619,618,6337],"aioseo_notices":[],"amp_enabled":true,"_links":{"self":[{"href":"https:\/\/speyer24news.com\/index.php?rest_route=\/wp\/v2\/posts\/29374"}],"collection":[{"href":"https:\/\/speyer24news.com\/index.php?rest_route=\/wp\/v2\/posts"}],"about":[{"href":"https:\/\/speyer24news.com\/index.php?rest_route=\/wp\/v2\/types\/post"}],"author":[{"embeddable":true,"href":"https:\/\/speyer24news.com\/index.php?rest_route=\/wp\/v2\/users\/3"}],"replies":[{"embeddable":true,"href":"https:\/\/speyer24news.com\/index.php?rest_route=%2Fwp%2Fv2%2Fcomments&post=29374"}],"version-history":[{"count":2,"href":"https:\/\/speyer24news.com\/index.php?rest_route=\/wp\/v2\/posts\/29374\/revisions"}],"predecessor-version":[{"id":29532,"href":"https:\/\/speyer24news.com\/index.php?rest_route=\/wp\/v2\/posts\/29374\/revisions\/29532"}],"wp:featuredmedia":[{"embeddable":true,"href":"https:\/\/speyer24news.com\/index.php?rest_route=\/wp\/v2\/media\/24191"}],"wp:attachment":[{"href":"https:\/\/speyer24news.com\/index.php?rest_route=%2Fwp%2Fv2%2Fmedia&parent=29374"}],"wp:term":[{"taxonomy":"category","embeddable":true,"href":"https:\/\/speyer24news.com\/index.php?rest_route=%2Fwp%2Fv2%2Fcategories&post=29374"},{"taxonomy":"post_tag","embeddable":true,"href":"https:\/\/speyer24news.com\/index.php?rest_route=%2Fwp%2Fv2%2Ftags&post=29374"}],"curies":[{"name":"wp","href":"https:\/\/api.w.org\/{rel}","templated":true}]}}