{"id":29443,"date":"2020-07-23T11:33:20","date_gmt":"2020-07-23T10:33:20","guid":{"rendered":"https:\/\/speyer24news.com\/?p=29443"},"modified":"2020-07-23T11:33:20","modified_gmt":"2020-07-23T10:33:20","slug":"hassloch-70","status":"publish","type":"post","link":"https:\/\/speyer24news.com\/?p=29443","title":{"rendered":"Ha\u00dfloch"},"content":{"rendered":"<style type=\"text\/css\">\r\n\t.ads_top_disp{}\r\n\t.ads_top_corner_disp{ float:left; margin:0px 10px 10px 0px; }\r\n\t.ads_first_p_disp{}\r\n\t.ads_bottom_disp{}\r\n\t<\/style>\n<h2 class=\"wp-block-heading\">B\u00fcrgermeister Lothar Lorch geht in den Ruhestand <\/h2>\n\n\n\n<h3 class=\"wp-block-heading\">Entscheidung aus gesundheitlichen Gr\u00fcnden<\/h3>\n\n\n\n<div class=\"wp-block-image\"><figure class=\"aligncenter\"><img decoding=\"async\" loading=\"lazy\" width=\"500\" height=\"667\" src=\"https:\/\/speyer24news.com\/wp-content\/uploads\/2020\/07\/B\u00fcrgermeister-Lothar-Lorch-Ha\u00dfloch.jpg\" alt=\"\" class=\"wp-image-29444\" srcset=\"https:\/\/speyer24news.com\/wp-content\/uploads\/2020\/07\/B\u00fcrgermeister-Lothar-Lorch-Ha\u00dfloch.jpg 500w, https:\/\/speyer24news.com\/wp-content\/uploads\/2020\/07\/B\u00fcrgermeister-Lothar-Lorch-Ha\u00dfloch-225x300.jpg 225w\" sizes=\"(max-width: 500px) 100vw, 500px\" \/><\/figure><\/div>\n\n\n\n<p>B\u00fcrgermeister Lothar Lorch hatte im Dezember vergangenen Jahres einen schweren Herzinfarkt erlitten. Die zur\u00fcckliegenden Monate waren gepr\u00e4gt von Krankenhausaufenthalten, einer Reha sowie vielen Arztterminen. Das Corona-Virus machte die Situation nicht leichter. B\u00fcrgermeister Lothar Lorch geh\u00f6rt mit seiner Herzinfarkterkrankung zum Personenkreis der Hochrisikopatienten und befindet sich daher weiterhin im Krankenstand. Der Erste Beigeordnete Tobias Meyer ist seither sein Vertreter im Amt.<\/p>\n\n\n\n<p>\u201eIn all diesen Wochen und Monaten stellte sich die Frage, ob und wann ich in mein Amt und an meinen Schreibtisch im Rathaus zur\u00fcckkehren kann\u201c, so B\u00fcrgermeister Lothar Lorch. Diese Frage habe er jetzt gemeinsam mit seiner Ehefrau beantwortet und sich dazu entschieden, sich nicht mehr den Belastungen des Amtes als B\u00fcrgermeister der Gemeinde Ha\u00dfloch auszusetzen. Mit Ablauf des 14.08.2020 erfolgt daher die Versetzung in den Ruhestand aufgrund einer attestierten Dienstunf\u00e4higkeit auf Dauer. Er folgt damit den Empfehlungen der \u00c4rzte, die in seinem Fall \u201edie bisherigen beruflichen Belastungen aus kardiologischer Sicht unter Ber\u00fccksichtigung der hiermit verbundenen Risikoerh\u00f6hung f\u00fcr einen Reinfarkt als nicht mehr vertretbar ansehen&#8220;.<\/p>\n\n\n\n<p>Eigentlich wollte Lorch seine Amtszeit bis Ende Juni 2021 erf\u00fcllen und der \u00d6ffentlichkeit beim Neujahrsempfang 2021 mitteilen, dass er nicht mehr kandidieren werde. \u201eAber wenn die Gesundheit nicht mitspielt, nutzt die beste Planung nichts. Letztlich kann kein Amt dieser Welt es am Ende wert sein, daf\u00fcr seine Gesundheit zu riskieren\u201c, sagt Lorch. Er habe eine Verantwortung sich selbst und seiner Familie gegen\u00fcber. Ihm ist bewusst, dass er am 11. Dezember vergangenen Jahres sehr viel Gl\u00fcck hatte, welches er nicht ein weiteres Mal herausfordern wird. \u201eIch habe gerne und mit Freude gearbeitet, die jetzt getroffene Entscheidung ist \u00fcber Wochen und Monate gereift und ist mir nicht leicht gefallen. Dennoch bin ich der festen \u00dcberzeugung, die f\u00fcr mich richtige Entscheidung getroffen zu haben\u201c, so Lorch.<\/p>\n\n\n\n<p>Er habe den Zeitpunkt seiner Versetzung in den Ruhestand bewusst so gew\u00e4hlt, dass vorbehaltlich eines Beschlusses des Gemeinderates und der Genehmigung der Aufsichtsbeh\u00f6rde eine B\u00fcrgermeisterwahl gemeinsam mit der Landratswahl am 08. November 2020 m\u00f6glich ist. Das bringt Synergien mit sich und bedeutet beispielsweise f\u00fcr die vielen Wahlhelferinnen und -helfer aus der B\u00fcrgerschaft und der Verwaltung, dass nur ein Wahltag gestemmt werden muss, bei dem dann nicht nur ein neuer Landrat oder eine neue Landr\u00e4tin f\u00fcr den Landkreis, sondern auch ein neuer B\u00fcrgermeister oder eine neue B\u00fcrgermeisterin f\u00fcr Ha\u00dfloch gew\u00e4hlt wird. <\/p>\n\n\n\n<p>Lothar Lorch ist am 15.08.1974 in den \u00f6ffentlichen Dienst bei der Kreisverwaltung Bad D\u00fcrkheim, damals noch mit Sitz in Neustadt an der Weinstra\u00dfe, eingetreten. Am 15.08.2020, also genau 46 Jahre sp\u00e4ter, beginnt f\u00fcr ihn der erste Tag im Ruhestand. Die ersten 8 Jahre seiner beruflichen Laufbahn verbrachte Lorch bei der Kreisverwaltung Bad D\u00fcrkheim, 1982 wechselte er zur Gemeindeverwaltung Ha\u00dfloch, f\u00fcr die er weitere 38 Jahre t\u00e4tig war. In den zur\u00fcckliegenden 10 Jahren wurde ihm politische Verantwortung in der Funktion als Erster Beigeordneter und als B\u00fcrgermeister \u00fcbertragen. \u201eAus insgesamt 46 Jahren Berufsleben mit vielen Ereignissen, Gespr\u00e4chen und Kontakten bleiben mir viele gute Erinnerungen, die ich sicherlich nicht so schnell vergessen werde\u201c, so Lorch abschlie\u00dfend.<\/p>\n\n\n\n<p><em>Gemeindeverwaltung Ha\u00dfloch<br>23.07.2020<\/em><\/p>\n\n\n\n<h2 class=\"wp-block-heading\">Halbzeit beim Lesesommer \u2013 B\u00fccherei zieht ein erstes Zwischenfazit<\/h2>\n\n\n\n<figure class=\"wp-block-image\"><img decoding=\"async\" loading=\"lazy\" width=\"600\" height=\"283\" src=\"https:\/\/speyer24news.com\/wp-content\/uploads\/2020\/06\/Lesesommer-Logo.png\" alt=\"\" class=\"wp-image-27957\" srcset=\"https:\/\/speyer24news.com\/wp-content\/uploads\/2020\/06\/Lesesommer-Logo.png 600w, https:\/\/speyer24news.com\/wp-content\/uploads\/2020\/06\/Lesesommer-Logo-300x142.png 300w\" sizes=\"(max-width: 600px) 100vw, 600px\" \/><\/figure>\n\n\n\n<p>Der Lesesommer 2020 befindet sich trotz eines durch Corona ver\u00e4nderten Ablaufs in vollem Gange. Die inzwischen 13. Auflage der landesweiten Lesef\u00f6rderaktion ist am 22. Juni gestartet und l\u00e4uft noch bis zum 22. August. Damit ist die Halbzeit erreicht. Anlass genug, um aus Sicht der Ha\u00dflocher Gemeindeb\u00fccherei ein erstes Zwischenfazit zu ziehen. <\/p>\n\n\n\n<p>Nach Mitteilung von B\u00fcchereileiterin Gabi Pfadt haben sich bislang 144 Kinder und Jugendliche im Alter zwischen 6 und 16 Jahren f\u00fcr den Lesesommer bei Ha\u00dflocher Gemeindeb\u00fccherei angemeldet. \u201eWir sind gl\u00fccklich, dass sich trotz der durch Corona fehlenden Werbung direkt an den Schulen bis jetzt schon so viele Sch\u00fclerinnen und Sch\u00fcler angemeldet haben und aktiv mitmachen\u201c, freut sich B\u00fcchereileiterin Gabi Pfadt. Auch weiterhin sind Anmeldungen m\u00f6glich. \u201eDie Lesesommer-Clubklarte, die man zur Teilnahme braucht, gibt es kostenlos in der B\u00fccherei und wird bis zum Ende der Aktion ausgestellt\u201c, erg\u00e4nzt der Erste Beigeordnete Tobias Meyer.<\/p>\n\n\n\n<p>Nach vier von insgesamt knapp neun Wochen wurden bisher 671 B\u00fccher im Rahmen des Lesesommers ausgeliehen. Jedes gelesene Buch kann durch die Teilnehmer im Nachgang bewertet und besprochen werden. Da bedingt durch Corona in diesem Jahr keine pers\u00f6nlichen Buchbesprechungen mit den Lesesommerpaten m\u00f6glich sind, gibt es, wie bereits in der Vergangenheit, die M\u00f6glichkeit des Online-Buchtipps. 77 Mal wurde hiervon bis jetzt Gebrauch gemacht. Noch deutlich besser angenommen wird nach Mitteilung von Gabi Pfadt der Buchcheck. Eine entsprechende Vorlage wird den Eltern und Kindern bereits bei der Ausleihe mitgegeben. Hierbei kann das Buch schriftlich oder sogar mit einer Zeichnung bewertet werden. 235 Buchchecks wurden bereits abgegeben.<\/p>\n\n\n\n<p>Durch die fehlenden Buchbesprechungen vor Ort verl\u00e4uft der diesj\u00e4hrige Lesesommer in der B\u00fccherei etwas ruhiger. \u201eEs fehlt der Trubel der vergangenen Jahre, aber durch die geltenden Abstands- und Hygieneregeln w\u00e4ren die pers\u00f6nlichen Buchbesprechungen parallel zum laufenden Betrieb nicht machbar gewesen\u201c, so Pfadt. Doch die ersten vier Wochen haben gezeigt, dass Kinder und Eltern den Lesesommer trotz leichter \u00c4nderungen gerne annehmen und dankbar f\u00fcr die Ferienaktion sind. \u201eIm Fr\u00fchjahr sah es zwischenzeitlich so aus, als k\u00f6nne der Lesesommer vor dem Hintergrund der aktuellen Situation nicht stattfinden. Umso gl\u00fccklicher sind wir, dass er so gut angelaufen ist\u201c, sagt der Erste Beigeordnete Tobias Meyer.<\/p>\n\n\n\n<p>In diesem Jahr reichen sogar schon zwei gelesene B\u00fccher, um an der Verlosung zum Abschluss der Lesef\u00f6rderaktion teilzunehmen. Allerdings wird die Verlosung diesmal nicht im Rahmen eines gro\u00dfen Abschlussfestes in den R\u00e4umlichkeiten der B\u00fccherei stattfinde k\u00f6nnen. Stattdessen werden die Pf\u00e4lzische Weink\u00f6nigin Anna-Maria L\u00f6ffler und Bierfestk\u00f6ngin Lena Roth als Gl\u00fccksfeen in Erscheinung treten und die einzelnen Gewinnerinnen und Gewinner ziehen, die dann im Anschluss \u00fcber Aushang in der B\u00fccherei, \u00fcber die Homepage der Gemeinde sowie \u00fcber das B\u00fcrgerblatt bekannt gegeben werden. Wer mindestens zwei B\u00fccher gelesen hat und an der Verlosung teilnehmen m\u00f6chte, muss seine Lesesommer-Clubkarte bis sp\u00e4testens zum 22. August (dem Ende des Lesesommers) in der B\u00fccherei abgeben.<\/p>\n\n\n\n<p><em>Gemeindeverwaltung Ha\u00dfloch \/ Gemeindeb\u00fccherei<br>23.07.2020<\/em><\/p>\n","protected":false},"excerpt":{"rendered":"<div class=\"mh-excerpt\"><p>B\u00fcrgermeister Lothar Lorch geht in den Ruhestand Entscheidung aus gesundheitlichen Gr\u00fcnden B\u00fcrgermeister Lothar Lorch hatte im Dezember vergangenen Jahres einen schweren Herzinfarkt erlitten. Die zur\u00fcckliegenden Monate waren gepr\u00e4gt von Krankenhausaufenthalten, einer Reha sowie vielen Arztterminen. <a class=\"mh-excerpt-more\" href=\"https:\/\/speyer24news.com\/?p=29443\" title=\"Ha\u00dfloch\">[&#8230;]<\/a><\/p>\n<\/div>","protected":false},"author":3,"featured_media":23914,"comment_status":"open","ping_status":"open","sticky":false,"template":"","format":"standard","meta":{"_monsterinsights_skip_tracking":false,"_monsterinsights_sitenote_active":false,"_monsterinsights_sitenote_note":"","_monsterinsights_sitenote_category":0,"footnotes":""},"categories":[235],"tags":[8129,8127,180,1340,7391,8128],"aioseo_notices":[],"amp_enabled":true,"_links":{"self":[{"href":"https:\/\/speyer24news.com\/index.php?rest_route=\/wp\/v2\/posts\/29443"}],"collection":[{"href":"https:\/\/speyer24news.com\/index.php?rest_route=\/wp\/v2\/posts"}],"about":[{"href":"https:\/\/speyer24news.com\/index.php?rest_route=\/wp\/v2\/types\/post"}],"author":[{"embeddable":true,"href":"https:\/\/speyer24news.com\/index.php?rest_route=\/wp\/v2\/users\/3"}],"replies":[{"embeddable":true,"href":"https:\/\/speyer24news.com\/index.php?rest_route=%2Fwp%2Fv2%2Fcomments&post=29443"}],"version-history":[{"count":1,"href":"https:\/\/speyer24news.com\/index.php?rest_route=\/wp\/v2\/posts\/29443\/revisions"}],"predecessor-version":[{"id":29445,"href":"https:\/\/speyer24news.com\/index.php?rest_route=\/wp\/v2\/posts\/29443\/revisions\/29445"}],"wp:featuredmedia":[{"embeddable":true,"href":"https:\/\/speyer24news.com\/index.php?rest_route=\/wp\/v2\/media\/23914"}],"wp:attachment":[{"href":"https:\/\/speyer24news.com\/index.php?rest_route=%2Fwp%2Fv2%2Fmedia&parent=29443"}],"wp:term":[{"taxonomy":"category","embeddable":true,"href":"https:\/\/speyer24news.com\/index.php?rest_route=%2Fwp%2Fv2%2Fcategories&post=29443"},{"taxonomy":"post_tag","embeddable":true,"href":"https:\/\/speyer24news.com\/index.php?rest_route=%2Fwp%2Fv2%2Ftags&post=29443"}],"curies":[{"name":"wp","href":"https:\/\/api.w.org\/{rel}","templated":true}]}}