{"id":29454,"date":"2020-07-23T12:10:47","date_gmt":"2020-07-23T11:10:47","guid":{"rendered":"https:\/\/speyer24news.com\/?p=29454"},"modified":"2020-07-23T12:10:48","modified_gmt":"2020-07-23T11:10:48","slug":"germersheim-und-lk-ger-7","status":"publish","type":"post","link":"https:\/\/speyer24news.com\/?p=29454","title":{"rendered":"Germersheim und LK GER"},"content":{"rendered":"<style type=\"text\/css\">\r\n\t.ads_top_disp{}\r\n\t.ads_top_corner_disp{ float:left; margin:0px 10px 10px 0px; }\r\n\t.ads_first_p_disp{}\r\n\t.ads_bottom_disp{}\r\n\t<\/style>\n<h1 class=\"wp-block-heading\" style=\"text-align:center\">Corona-Fallzahlen<\/h1>\n\n\n\n<figure class=\"wp-block-image\"><img decoding=\"async\" loading=\"lazy\" width=\"800\" height=\"400\" src=\"https:\/\/speyer24news.com\/wp-content\/uploads\/2020\/02\/virus-1812092_1920.jpg\" alt=\"\" class=\"wp-image-25128\" srcset=\"https:\/\/speyer24news.com\/wp-content\/uploads\/2020\/02\/virus-1812092_1920.jpg 800w, https:\/\/speyer24news.com\/wp-content\/uploads\/2020\/02\/virus-1812092_1920-300x150.jpg 300w, https:\/\/speyer24news.com\/wp-content\/uploads\/2020\/02\/virus-1812092_1920-768x384.jpg 768w\" sizes=\"(max-width: 800px) 100vw, 800px\" \/><\/figure>\n\n\n\n<h2 class=\"wp-block-heading\"><strong>Aktuell 12\nbest\u00e4tigte positive F\u00e4lle im Landkreis Germersheim (Stand 22. Juli 2020, Stand 13\nUhr)<\/strong><\/h2>\n\n\n\n<p>Die \u00dcbersicht aus dem Landkreis Germersheim:<\/p>\n\n\n\n<ul><li>Derzeit positiv getestete Personen: 12<\/li><li>Gesundete Personen: 182<\/li><li>Bislang leider verstorbene Personen: 6<ul><li>Gesamtzahl\npositiv getestete Personen (seit Ausbruch): 200<\/li><\/ul><\/li><\/ul>\n\n\n\n<p>Um den seit gestern neuen Fall handelt\nes sich um einen Reiser\u00fcckkehrer. <\/p>\n\n\n\n<h2 class=\"wp-block-heading\"><strong>Aktuell 12\nbest\u00e4tigte positive F\u00e4lle im Landkreis Germersheim (Stand 21. Juli 2020, Stand 13\nUhr)<\/strong><\/h2>\n\n\n\n<p>Die \u00dcbersicht aus dem Landkreis Germersheim:<\/p>\n\n\n\n<ul><li>Derzeit positiv getestete Personen: 12<\/li><li>Gesundete Personen: 181<\/li><li>Bislang leider verstorbene Personen: 6<ul><li>Gesamtzahl\npositiv getestete Personen (seit Ausbruch): 199<\/li><\/ul><\/li><\/ul>\n\n\n\n<h2 class=\"wp-block-heading\"><strong>Aktuell 14\nbest\u00e4tigte positive F\u00e4lle im Landkreis Germersheim (Stand 20. Juli 2020, Stand 12.30\nUhr)<\/strong><\/h2>\n\n\n\n<p>Die \u00dcbersicht aus dem Landkreis Germersheim:<\/p>\n\n\n\n<ul><li>Derzeit positiv getestete Personen: 14<\/li><li>Gesundete Personen: 179<\/li><li>Bislang leider verstorbene Personen: 6<ul><li>Gesamtzahl\npositiv getestete Personen (seit Ausbruch): 199<\/li><\/ul><\/li><\/ul>\n\n\n\n<h2 class=\"wp-block-heading\"><strong>Aktuell 17\nbest\u00e4tigte positive F\u00e4lle im Landkreis Germersheim (Stand 17. Juli 2020, Stand 12.30\nUhr)<\/strong><\/h2>\n\n\n\n<p>Die \u00dcbersicht aus dem Landkreis Germersheim:<\/p>\n\n\n\n<ul><li>Derzeit positiv getestete Personen: 17<\/li><li>Gesundete Personen: 176<\/li><li>Bislang leider verstorbene Personen: 6<ul><li> Gesamtzahl positiv getestete Personen (seit Ausbruch): 199<\/li><\/ul><\/li><\/ul>\n\n\n\n<p><em>Kreisverwaltung Germersheim<br>23.07.2020<\/em><\/p>\n","protected":false},"excerpt":{"rendered":"<div class=\"mh-excerpt\"><p>Corona-Fallzahlen Aktuell 12 best\u00e4tigte positive F\u00e4lle im Landkreis Germersheim (Stand 22. Juli 2020, Stand 13 Uhr) Die \u00dcbersicht aus dem Landkreis Germersheim: Derzeit positiv getestete Personen: 12 Gesundete Personen: 182 Bislang leider verstorbene Personen: 6 <a class=\"mh-excerpt-more\" href=\"https:\/\/speyer24news.com\/?p=29454\" title=\"Germersheim und LK GER\">[&#8230;]<\/a><\/p>\n<\/div>","protected":false},"author":3,"featured_media":0,"comment_status":"open","ping_status":"open","sticky":false,"template":"","format":"standard","meta":{"_monsterinsights_skip_tracking":false,"_monsterinsights_sitenote_active":false,"_monsterinsights_sitenote_note":"","_monsterinsights_sitenote_category":0,"footnotes":""},"categories":[449],"tags":[8140,6902,6323,6903,8139,210,2601,5569],"aioseo_notices":[],"amp_enabled":true,"_links":{"self":[{"href":"https:\/\/speyer24news.com\/index.php?rest_route=\/wp\/v2\/posts\/29454"}],"collection":[{"href":"https:\/\/speyer24news.com\/index.php?rest_route=\/wp\/v2\/posts"}],"about":[{"href":"https:\/\/speyer24news.com\/index.php?rest_route=\/wp\/v2\/types\/post"}],"author":[{"embeddable":true,"href":"https:\/\/speyer24news.com\/index.php?rest_route=\/wp\/v2\/users\/3"}],"replies":[{"embeddable":true,"href":"https:\/\/speyer24news.com\/index.php?rest_route=%2Fwp%2Fv2%2Fcomments&post=29454"}],"version-history":[{"count":1,"href":"https:\/\/speyer24news.com\/index.php?rest_route=\/wp\/v2\/posts\/29454\/revisions"}],"predecessor-version":[{"id":29455,"href":"https:\/\/speyer24news.com\/index.php?rest_route=\/wp\/v2\/posts\/29454\/revisions\/29455"}],"wp:attachment":[{"href":"https:\/\/speyer24news.com\/index.php?rest_route=%2Fwp%2Fv2%2Fmedia&parent=29454"}],"wp:term":[{"taxonomy":"category","embeddable":true,"href":"https:\/\/speyer24news.com\/index.php?rest_route=%2Fwp%2Fv2%2Fcategories&post=29454"},{"taxonomy":"post_tag","embeddable":true,"href":"https:\/\/speyer24news.com\/index.php?rest_route=%2Fwp%2Fv2%2Ftags&post=29454"}],"curies":[{"name":"wp","href":"https:\/\/api.w.org\/{rel}","templated":true}]}}