{"id":29556,"date":"2020-07-29T07:41:11","date_gmt":"2020-07-29T06:41:11","guid":{"rendered":"https:\/\/speyer24news.com\/?p=29556"},"modified":"2020-07-29T07:41:12","modified_gmt":"2020-07-29T06:41:12","slug":"stadtnotizen-und-verkehrsnotizen-aus-speyer-10","status":"publish","type":"post","link":"https:\/\/speyer24news.com\/?p=29556","title":{"rendered":"Stadtnotizen  und Verkehrsnotizen aus Speyer"},"content":{"rendered":"<style type=\"text\/css\">\r\n\t.ads_top_disp{}\r\n\t.ads_top_corner_disp{ float:left; margin:0px 10px 10px 0px; }\r\n\t.ads_first_p_disp{}\r\n\t.ads_bottom_disp{}\r\n\t<\/style>\n<h1 class=\"wp-block-heading\" style=\"text-align:center\">Coronafallzahlen<\/h1>\n\n\n\n<div class=\"wp-block-image\"><figure class=\"aligncenter\"><img decoding=\"async\" loading=\"lazy\" width=\"800\" height=\"400\" src=\"https:\/\/speyer24news.com\/wp-content\/uploads\/2020\/02\/virus-1812092_1920.jpg\" alt=\"\" class=\"wp-image-25128\" srcset=\"https:\/\/speyer24news.com\/wp-content\/uploads\/2020\/02\/virus-1812092_1920.jpg 800w, https:\/\/speyer24news.com\/wp-content\/uploads\/2020\/02\/virus-1812092_1920-300x150.jpg 300w, https:\/\/speyer24news.com\/wp-content\/uploads\/2020\/02\/virus-1812092_1920-768x384.jpg 768w\" sizes=\"(max-width: 800px) 100vw, 800px\" \/><\/figure><\/div>\n\n\n\n<p>Anzahl best\u00e4tigter F\u00e4lle von Coronavirus (SARS-CoV-2)-Infektionen in der Stadt Speyer: 115 (+\/- 0)<br>Davon bereits genesen: 109<br>Todesf\u00e4lle: 2<br>Personen in Quarant\u00e4ne: 28<br>Gemeldete F\u00e4lle der letzten sieben Tage: 2<\/p>\n\n\n\n<p><em>Stand: 28.07.2020, 15:30 Uhr<\/em><\/p>\n\n\n\n<p><em>Text: Stadtverwaltung Speyer Foto: pixabay.com<br>29.07.2020<\/em><\/p>\n\n\n\n<h1 class=\"wp-block-heading\" style=\"text-align:center\">Stadtnotizen<\/h1>\n\n\n\n<div class=\"wp-block-image\"><figure class=\"aligncenter\"><img decoding=\"async\" loading=\"lazy\" width=\"800\" height=\"600\" src=\"https:\/\/speyer24news.com\/wp-content\/uploads\/2020\/01\/Speyer-Stadtnachrichten-2.jpg\" alt=\"\" class=\"wp-image-23901\" srcset=\"https:\/\/speyer24news.com\/wp-content\/uploads\/2020\/01\/Speyer-Stadtnachrichten-2.jpg 800w, https:\/\/speyer24news.com\/wp-content\/uploads\/2020\/01\/Speyer-Stadtnachrichten-2-300x225.jpg 300w, https:\/\/speyer24news.com\/wp-content\/uploads\/2020\/01\/Speyer-Stadtnachrichten-2-768x576.jpg 768w, https:\/\/speyer24news.com\/wp-content\/uploads\/2020\/01\/Speyer-Stadtnachrichten-2-678x509.jpg 678w, https:\/\/speyer24news.com\/wp-content\/uploads\/2020\/01\/Speyer-Stadtnachrichten-2-326x245.jpg 326w, https:\/\/speyer24news.com\/wp-content\/uploads\/2020\/01\/Speyer-Stadtnachrichten-2-80x60.jpg 80w\" sizes=\"(max-width: 800px) 100vw, 800px\" \/><\/figure><\/div>\n\n\n\n<h2 class=\"wp-block-heading\"><strong>Seniorenb\u00fcro \u00f6ffnet f\u00fcr den Publikumsverkehr \u2013 diverse Angebote starten wieder<\/strong><\/h2>\n\n\n\n<p>Das Seniorenb\u00fcro der Stadt Speyer informiert, dass&nbsp;<strong>nach vorheriger<\/strong>&nbsp;<strong>telefonischer Terminvereinbarung<\/strong>&nbsp;ab sofort wieder eine pers\u00f6nliche Vorsprache bei den Mitarbeiter*innen m\u00f6glich ist. Ge\u00f6ffnet ist das Seniorenb\u00fcro von montags bis donnerstags jeweils von 09:00 bis 12:00 Uhr, Tel. 0 62 32 \/ 14 26 61.<\/p>\n\n\n\n<p>Weiterhin k\u00f6nnen die folgenden Angebote wieder starten, selbstverst\u00e4ndlich unter Ber\u00fccksichtigung der geltenden Hygienebestimmungen:<\/p>\n\n\n\n<ul><li>Digitale Sprechstunde im Internet-Treff \u201eF@airNet\u201c ab Dienstag, 4. August 2020<\/li><li>Spanische Konversation ab Mittwoch, 5. August 2020<\/li><li>Am\u00fcsante Mathematik ab Montag, 17. August 2020<\/li><li>M\u00e4nnersport ab Dienstag, 18. August 2020<\/li><li>Englische Konversation ab Montag, 24. August 2020<\/li><li>Literaturkreis ab Freitag, 28. August 2020<\/li><li>Hobbywerkstatt (leider bereits ausgebucht)<\/li><\/ul>\n\n\n\n<p>Die Stadtverwaltung weist darauf hin, dass f\u00fcr alle Veranstaltungen die Pflicht zur vorherigen telefonischen Anmeldung beim Seniorenb\u00fcro besteht. Die Teilnehmer*innenzahl ist begrenzt.<\/p>\n\n\n\n<p>F\u00fcr R\u00fcckfragen stehen die Mitarbeiter*innen des Seniorenb\u00fcros gerne telefonisch oder per E-Mail unter&nbsp;<a href=\"mailto:seniorenfoerderung@stadt-speyer.de\" target=\"_blank\" rel=\"noreferrer noopener\">seniorenfoerderung@stadt-speyer.de<\/a>&nbsp;zur Verf\u00fcgung.<\/p>\n\n\n\n<p><em>Stadtverwaltung Speyer<br>29.07.2020<\/em><\/p>\n\n\n\n<h1 class=\"wp-block-heading\" style=\"text-align:center\">Verkehrsnotizen<\/h1>\n\n\n\n<figure class=\"wp-block-image\"><img decoding=\"async\" loading=\"lazy\" width=\"800\" height=\"565\" src=\"https:\/\/speyer24news.com\/wp-content\/uploads\/2020\/01\/Baustelle-2.jpg\" alt=\"\" class=\"wp-image-23900\" srcset=\"https:\/\/speyer24news.com\/wp-content\/uploads\/2020\/01\/Baustelle-2.jpg 800w, https:\/\/speyer24news.com\/wp-content\/uploads\/2020\/01\/Baustelle-2-300x212.jpg 300w, https:\/\/speyer24news.com\/wp-content\/uploads\/2020\/01\/Baustelle-2-768x542.jpg 768w\" sizes=\"(max-width: 800px) 100vw, 800px\" \/><\/figure>\n\n\n\n<h2 class=\"wp-block-heading\"><strong>Ulmenweg gesperrt<\/strong><\/h2>\n\n\n\n<p>Aufgrund notwendiger Leitungsarbeiten im Auftrag der Stadtwerke Speyer wird der Ulmenweg auf H\u00f6he der Hausnummer 3A <strong>ab dem 4. August 2020 bis voraussichtlich 3. September 2020<\/strong> f\u00fcr den Durchgangsverkehr gesperrt. F\u00fcr die Dauer der Ma\u00dfnahme wird der Ulmenweg beidseitig als Sackgasse ausgewiesen und die Einbahnstra\u00dfenregelung aufgehoben.<\/p>\n\n\n\n<p>F\u00fcr R\u00fcckfragen steht die Stra\u00dfenverkehrsbeh\u00f6rde unter den Rufnummern 14-2739, 14-2492 oder 14-2682 zur Verf\u00fcgung.<\/p>\n\n\n\n<h2 class=\"wp-block-heading\"><strong>Beeintr\u00e4chtigungen auf Verbindungsweg zwischen Siemens- und Landwehrstra\u00dfe<\/strong><\/h2>\n\n\n\n<p>Die Installation einer Stra\u00dfenbeleuchtung wird auf dem Verbindungsweg zwischen Siemensstra\u00dfe\/S-Bahn-Haltepunkt Speyer Nord-West und Landwehrstra\u00dfe <strong>seit Montag, 27. Juli 2020 bis voraussichtlich Freitag, 4. September 2020<\/strong> f\u00fcr Beeintr\u00e4chtigungen des Fu\u00df- und Radverkehrs sorgen. Die Stadtverwaltung bittet hierf\u00fcr um Verst\u00e4ndnis.<\/p>\n\n\n\n<p>F\u00fcr R\u00fcckfragen steht die Stra\u00dfenverkehrsbeh\u00f6rde unter den Rufnummern 14-2739, 14-2682 oder 14-2492 zur Verf\u00fcgung.<\/p>\n\n\n\n<p><em>Stadtverwaltung Speyer<br>29.07.2020<\/em><\/p>\n","protected":false},"excerpt":{"rendered":"<div class=\"mh-excerpt\"><p>Coronafallzahlen Anzahl best\u00e4tigter F\u00e4lle von Coronavirus (SARS-CoV-2)-Infektionen in der Stadt Speyer: 115 (+\/- 0)Davon bereits genesen: 109Todesf\u00e4lle: 2Personen in Quarant\u00e4ne: 28Gemeldete F\u00e4lle der letzten sieben Tage: 2 Stand: 28.07.2020, 15:30 Uhr Text: Stadtverwaltung Speyer Foto: <a class=\"mh-excerpt-more\" href=\"https:\/\/speyer24news.com\/?p=29556\" title=\"Stadtnotizen  und Verkehrsnotizen aus Speyer\">[&#8230;]<\/a><\/p>\n<\/div>","protected":false},"author":3,"featured_media":23902,"comment_status":"open","ping_status":"open","sticky":false,"template":"","format":"standard","meta":{"_monsterinsights_skip_tracking":false,"_monsterinsights_sitenote_active":false,"_monsterinsights_sitenote_note":"","_monsterinsights_sitenote_category":0,"footnotes":""},"categories":[47],"tags":[6358,6342,8197,7737,7438,6,1296,8196,1114],"aioseo_notices":[],"amp_enabled":true,"_links":{"self":[{"href":"https:\/\/speyer24news.com\/index.php?rest_route=\/wp\/v2\/posts\/29556"}],"collection":[{"href":"https:\/\/speyer24news.com\/index.php?rest_route=\/wp\/v2\/posts"}],"about":[{"href":"https:\/\/speyer24news.com\/index.php?rest_route=\/wp\/v2\/types\/post"}],"author":[{"embeddable":true,"href":"https:\/\/speyer24news.com\/index.php?rest_route=\/wp\/v2\/users\/3"}],"replies":[{"embeddable":true,"href":"https:\/\/speyer24news.com\/index.php?rest_route=%2Fwp%2Fv2%2Fcomments&post=29556"}],"version-history":[{"count":1,"href":"https:\/\/speyer24news.com\/index.php?rest_route=\/wp\/v2\/posts\/29556\/revisions"}],"predecessor-version":[{"id":29557,"href":"https:\/\/speyer24news.com\/index.php?rest_route=\/wp\/v2\/posts\/29556\/revisions\/29557"}],"wp:featuredmedia":[{"embeddable":true,"href":"https:\/\/speyer24news.com\/index.php?rest_route=\/wp\/v2\/media\/23902"}],"wp:attachment":[{"href":"https:\/\/speyer24news.com\/index.php?rest_route=%2Fwp%2Fv2%2Fmedia&parent=29556"}],"wp:term":[{"taxonomy":"category","embeddable":true,"href":"https:\/\/speyer24news.com\/index.php?rest_route=%2Fwp%2Fv2%2Fcategories&post=29556"},{"taxonomy":"post_tag","embeddable":true,"href":"https:\/\/speyer24news.com\/index.php?rest_route=%2Fwp%2Fv2%2Ftags&post=29556"}],"curies":[{"name":"wp","href":"https:\/\/api.w.org\/{rel}","templated":true}]}}