{"id":29559,"date":"2020-07-30T06:50:29","date_gmt":"2020-07-30T05:50:29","guid":{"rendered":"https:\/\/speyer24news.com\/?p=29559"},"modified":"2020-07-30T06:50:31","modified_gmt":"2020-07-30T05:50:31","slug":"polizei-317","status":"publish","type":"post","link":"https:\/\/speyer24news.com\/?p=29559","title":{"rendered":"Polizei"},"content":{"rendered":"<style type=\"text\/css\">\r\n\t.ads_top_disp{}\r\n\t.ads_top_corner_disp{ float:left; margin:0px 10px 10px 0px; }\r\n\t.ads_first_p_disp{}\r\n\t.ads_bottom_disp{}\r\n\t<\/style>\n<h2 class=\"wp-block-heading\">Polizeimeldungen vom Mittwoch (29.07.2020)<\/h2>\n\n\n\n<div class=\"wp-block-image\"><figure class=\"aligncenter\"><img decoding=\"async\" src=\"https:\/\/speyer24news.com\/wp-content\/uploads\/2020\/01\/Aktuelles-Polizeilogo.jpg\" alt=\"\" class=\"wp-image-23832\"\/><\/figure><\/div>\n\n\n\n<h4 class=\"wp-block-heading\">(Speyer) &#8211; Unfallflucht unter Alkoholeinfluss<\/h4>\n\n\n\n<p>Im Renngraben kam es Dienstagabend zu einer Verkehrsunfallflucht, bei der ein 37-j\u00e4hriger R\u00f6merberger mit seinem Kleinkraftrad mit einem geparkten PKW kollidierte. Ohne seiner Pflichten als Verkehrsunfallbeteiligter nachzukommen, entfernte er sich von der Unfallstelle. Durch Zeugen konnte der Vorfall beobachtet werden, welche die Polizei verst\u00e4ndigten. Hierbei konnten bereits erste Hinweise auf eine nicht unerhebliche Alkoholisierung des Mannes erlangt werden. An seiner Wohnanschrift konnte der Mann zun\u00e4chst nicht angetroffen werden, wohl aber die Ehefrau und das Krad. Der verantwortliche Fahrer habe sich zu Fu\u00df wieder von der Wohnung entfernt. Bei R\u00fcckkehr an seine Wohnanwesen um 00:31 Uhr wurde der Unfallfl\u00fcchtige von den Beamten der Polizei Speyer kontrolliert. Aufgrund des Atemalkoholgeruchs wurde ein entsprechender Test mit ihm durchgef\u00fchrt, der zu einem Ergebnis von 1,61 Promille f\u00fchrte. Folglich wurde ihm eine Blutprobe entnommen. Da er auch nicht \u00fcber eine g\u00fcltige Fahrerlaubnis f\u00fcr das Krad verf\u00fcgte, erwartet ihn nun zudem eine Anzeige wegen Fahrens ohne Fahrerlaubnis.<\/p>\n\n\n\n<h4 class=\"wp-block-heading\">(Speyer) &#8211; Reh auf den richtigen Weg gebracht<a href=\"https:\/\/www.facebook.com\/sharer.php?u=https%3A%2F%2Fwww.presseportal.de%2Fblaulicht%2Fpm%2F117688%2F4664846%2F%3Futm_source%3Dfacebook%26utm_medium%3Dsocial\"><\/a><a href=\"https:\/\/twitter.com\/intent\/tweet?text=POL-PDLU%3A%20Reh%20auf%20den%20richtigen%20Weg%20gebracht&amp;url=https%3A%2F%2Fwww.presseportal.de%2Fblaulicht%2Fpm%2F117688%2F4664846%2F%3Futm_source%3Dtwitter%26utm_medium%3Dsocial&amp;hashtags=ots&amp;lang=de\"><\/a><a href=\"https:\/\/web.whatsapp.com\/send?text=POL-PDLU%3A%20Reh%20auf%20den%20richtigen%20Weg%20gebracht%0A%0Ahttps%3A%2F%2Fwww.presseportal.de%2Fblaulicht%2Fpm%2F117688%2F4664846%2F%3Futm_source%3Dwhatsapp%26utm_medium%3Dsocial\"><\/a><a href=\"https:\/\/www.xing.com\/app\/user?op=share;url=https%3A%2F%2Fwww.presseportal.de%2Fblaulicht%2Fpm%2F117688%2F4664846%2F%3Futm_source%3Dxing%26utm_medium%3Dsocial\"><\/a><a href=\"http:\/\/www.linkedin.com\/shareArticle?mini=true&amp;url=https%3A%2F%2Fwww.presseportal.de%2Fblaulicht%2Fpm%2F117688%2F4664846%2F%3Futm_source%3Dlinkedin%26utm_medium%3Dsocial&amp;title=POL-PDLU%3A+Reh+auf+den+richtigen+Weg+gebracht\"><\/a><a href=\"mailto:?subject=POL-PDLU%3A%20Reh%20auf%20den%20richtigen%20Weg%20gebracht&amp;body=https:\/\/www.presseportal.de\/blaulicht\/pm\/117688\/4664846\"><\/a><\/h4>\n\n\n\n<p>Ein Reh hatte sich Dienstagmorgen auf ein Firmengel\u00e4nde in der Burgstra\u00dfe verirrt, so teilte eine 50-j\u00e4hrige Frau der Polizeiinspektion Speyer mit. Offensichtlich in der Hoffnung, dass der, das Gel\u00e4nde umgebende, Zaun irgendwann nachgeben w\u00fcrde, rannte das Reh immer wieder gegen denselben und wurde in seinem Vorhaben entt\u00e4uscht. Der zust\u00e4ndige Jagdp\u00e4chter wurde zwar erreicht, konnte aber nicht vor Ort kommen. Letztlich konnte das Reh mit Unterst\u00fctzung von Firmenmitarbeitern durch die Beamten eingefangen werden. Nachdem es in ein nahegelegenes Waldst\u00fcck verbracht worden war, zog es eilig von dannen.<\/p>\n\n\n\n<h4 class=\"wp-block-heading\">(Schifferstadt) &#8211; Unfall mit leicht verletzter Radfahrerin<\/h4>\n\n\n\n<p>Am Dienstagnachmittag gegen 17:10 Uhr kam es an der Einm\u00fcndung Salierstra\u00dfe \/ Ernst-von-Gagern-Stra\u00dfe zu einem Unfall zwischen einem Pkw und einer Radfahrerin. Ein 32-j\u00e4hriger Autofahrer wollte von der Ernst-von-Gagern-Stra\u00dfe in die Salierstra\u00dfe einbiegen, \u00fcbersah dabei aber die von rechts auf den Radweg kommende 43-j\u00e4hrige Radfahrerin und touchierte sie leicht. Dadurch kam die Frau zu Fall und zog sich leichte Prellungen an den Beinen zu. Der Rettungsdienst hat sie zur weiteren Untersuchung in ein Krankenhaus gebracht. An Fahrrad und Pkw entstand jeweils leichter Sachschaden.<\/p>\n\n\n\n<h4 class=\"wp-block-heading\">(W\u00f6rth) &#8211; Verkehrsunfall mit verletztem Radfahrer<\/h4>\n\n\n\n<p>Am 29.07.2020 befuhr um 12:20 Uhr ein Radfahrer den Radweg entlang der Hanns-Martin-Schleyer Stra\u00dfe. An der Einm\u00fcndung zum &#8222;Im B\u00f6del&#8220; kam es zum Zusammensto\u00df mit einem aus dieser Stra\u00dfe kommenden PKW. Durch den Sturz verletzte sich der Radfahrer leicht und wurde vorsorglich ins Krankenhaus gebracht. Es entstand ein Sachschaden von ca. 400EUR.<\/p>\n\n\n\n<h4 class=\"wp-block-heading\">(W\u00f6rth) &#8211; Beim Fahrstreifenwechsel PKW \u00fcbersehen<\/h4>\n\n\n\n<p>Am 29.07.2020 befuhr um 08:45 Uhr ein LKW Fahrer die B9 von Germersheim kommend in Richtung Karlsruhe. Auf H\u00f6he der Anschlussstelle Jockgrim wollte der LKW Fahrer die Fahrspur nach links wechseln und \u00fcbersah hierbei einen neben sich fahrenden PKW. Da der PKW Fahrer im Rahmen der Unfallaufnahme \u00fcber Schmerzen klagte, wurde vorsorglich der Rettungsdienst verst\u00e4ndigt. F\u00fcr die Bergung des verunfallten PKW musste kurzzeitig die linke Fahrspur gesperrt werden. Es entstand ein Sachschaden von ca. 11000EUR<\/p>\n\n\n\n<h4 class=\"wp-block-heading\">(Landau) &#8211; Ohne F\u00fchrerschein gefahren<\/h4>\n\n\n\n<p>In der Nacht auf Mittwoch meldeten Anwohner in Landau ruhest\u00f6renden L\u00e4rm durch mehrere gr\u00f6lende Personen auf dem Gehweg. Als die Beamten vor Ort eintrafen, waren die Verursacher bereits in ein Fahrzeug gestiegen und entfernten sich von der \u00d6rtlichkeit. Das Fahrzeug konnte unweit einer Verkehrskontrolle unterzogen werden. Hierbei ergab sich, dass der Fahrzeugf\u00fchrer derzeit keinen F\u00fchrerschein besitzt. Da der 41-j\u00e4hrige weiter unter dem Einfluss von Bet\u00e4ubungsmitteln und Medikamenten stand, wurde eine Blutprobe entnommen. Im Zuge der Verkehrskontrolle beleidigte der Fahrer zudem die Polizeibeamten. Es wurden Strafverfahren aufgrund des Fahrens ohne Fahrerlaubnis und Beleidigung eingeleitet.<\/p>\n\n\n\n<h4 class=\"wp-block-heading\">(Maikammer) &#8211; Verkehrsgef\u00e4hrdung beim \u00dcberholen<\/h4>\n\n\n\n<p>Zu einer Stra\u00dfenverkehrsgef\u00e4hrdung kam es am Dienstag gegen 16:30 Uhr auf der L 516 zwischen Maikammer und Neustadt. Der Gesch\u00e4digte befuhr mit seinem Pkw die L 516 vom Kreisverkehr L515\/L516 kommend in Richtung Neustadt, als ein entgegenkommender roter Kleinwagen ein Mofa \u00fcberholte. Der \u00fcberholende Pkw wurde so weit auf die Gegenfahrbahn gelenkt, dass der entgegenkommende Gesch\u00e4digte bis zum Stillstand abbremsen musste, um einen Zusammensto\u00df zu vermeiden. Zeugen des Vorfalls werden gebeten, sich mit der Polizeiinspektion Edenkoben in Verbindung zu setzen (06323\/9550).<\/p>\n\n\n\n<h4 class=\"wp-block-heading\">(Neustadt) &#8211; Heckenbrand Neustadt<\/h4>\n\n\n\n<p>Am 28.07.2020, gg. 15:45 Uhr wird der Polizei Neustadt ein Heckenbrand gemeldet. Vor Ort konnte festgestellt werden, dass tats\u00e4chlich mehrere Hecken am Hang zwischen dem Burgweg und dem K\u00fcbelweg brannten. Die Feuerwehr war bereits vor Ort und konnte den Brand schnell unter Kontrolle bringen. Ein \u00dcbergreifen des Feuers auf Geb\u00e4ude war zu keinem Zeitpunkt m\u00f6glich. Es ist unwahrscheinlich, dass es sich um eine Selbstentz\u00fcndung handelte, so dass eine Strafanzeige gegen Unbekannt aufgenommen wurde. Hinweise bitte an die Polizeiinspektion Neustadt.<\/p>\n\n\n\n<h4 class=\"wp-block-heading\">(Neustadt) &#8211; Mehrere Verkehrsverst\u00f6\u00dfe im Stadtgebiet<\/h4>\n\n\n\n<p>Am Vormittag des 28.07.2020 wurden durch Polizeibeamte der Polizeiinspektion Neustadt mehrere Verkehrs- und Geschwindigkeitskontrollen an unterschiedlichen \u00d6rtlichkeiten in Neustadt\/Wstr. durchgef\u00fchrt. Bei der ersten Kontrollstelle in der Amalienstra\u00dfe benutzten zwei Fahrzeugf\u00fchrer*innen verbotswidrig ein Mobiltelefon w\u00e4hrend der Fahrt und f\u00fcnf Fahrzeugf\u00fchrer*innen hatten keinen Sicherheitsgurt angelegt. Im Anschluss wurde in der Wolfsburgstra\u00dfe in H\u00f6he des dortigen Spielplatzes eine Geschwindigkeitsmessung durchgef\u00fchrt. Hierbei hielten sich alle Verkehrsteilnehmer an die vorgeschriebene H\u00f6chstgeschwindigkeit. Anders sah es in der Sauterstra\u00dfe aus, hier wurden acht Fahrzeugf\u00fchrer*innen mit \u00fcberh\u00f6hter Geschwindigkeit gemessen und entsprechend verwarnt. Ein\/e Fahrzeugf\u00fchrer*in hatte keinen Sicherheitsgurt angelegt. Bei einer abschlie\u00dfenden Geschwindigkeitskontrolle in der Villenstra\u00dfe hielt sich ein\/e Fahrzeugf\u00fchrer*in nicht an die vorgeschriebene H\u00f6chstgeschwindigkeit.<\/p>\n\n\n\n<h4 class=\"wp-block-heading\">(Bad D\u00fcrkheim) &#8211; Fahrraddiebe am Bahnhof<\/h4>\n\n\n\n<p>Im Tagesverlauf des 28.07.2020 kam am Bad D\u00fcrkheimer Bahnhof zu zwei Diebst\u00e4hlen dort ordnungsgem\u00e4\u00df gesichert abgestellter, hochwertiger Fahrr\u00e4der.<\/p>\n\n\n\n<p>Derzeit liegen keine Hinweise auf den \/ die T\u00e4ter vor &#8211; Zeugenhinweise erbittet die Polizeiinspektion Bad D\u00fcrkheim unter Tel. 06322\/963-0 oder&nbsp;<a href=\"mailto:pibadduerkheim@polizei.rlp.de\">pibadduerkheim@polizei.rlp.de<\/a>.<\/p>\n\n\n\n<h4 class=\"wp-block-heading\">(Bad D\u00fcrkheim) &#8211; Verkehrskontrollen im Dienstgebiet<\/h4>\n\n\n\n<p>Am 28.07.2020 wurde im Zeitraum von 09:00 bis 11:00 Uhr durch eine Gruppe von Beamten in der Ritter-von-Gei\u00dfler-Stra\u00dfe in Weisenheim\/Sand eine station\u00e4re Verkehrskontrolle durchgef\u00fchrt. Im Rahmen dieser mussten 7 Fahrzeugf\u00fchrer wegen nicht oder nicht vorschriftsm\u00e4\u00dfig angelegten Sicherheitsgurtes beanstandet werden. Es wurden entsprechende Ordnungswidrigkeitenverfahren eingeleitet.<\/p>\n\n\n\n<p>Bei einer weiteren Kontrolle im Bereich der Herxheimer Stra\u00dfe in Freinsheim kam es hingegen zu keinerlei Beanstandungen &#8211; alle kontrollierten Fahrzeugf\u00fchrer verhielten sich vorbildlich.<\/p>\n\n\n\n<h4 class=\"wp-block-heading\">(Gr\u00fcnstadt) &#8211; Fremder im Haus<\/h4>\n\n\n\n<p>Wegen der sommerlichen Temperaturen hatte ein 84-J\u00e4hriger Fenster und T\u00fcren seines Anwesens im Kreuzerweg weit offen &#8211; auch die Haust\u00fcr. Nach seinen Angaben stand pl\u00f6tzlich ein fremder Mann im Wohnzimmer. Dieser interessierte sich angeblich f\u00fcr &#8222;alte Sachen&#8220; f\u00fcr den Flohmarkt. Der T\u00e4ter wollte dann auch verschiedene Gegenst\u00e4nde f\u00fcr 200 Euro kaufen, aber erst heute zahlen und abholen. Als der Fremde weg war, stellte der Gesch\u00e4digte fest, dass seine Bankkarte und 500 Euro Bargeld entwendet wurden. Da der Gesch\u00e4digte nicht mehr gut sieht, konnte er nur eine ungenaue Personenbeschreibung abgeben. <\/p>\n\n\n\n<p>Der T\u00e4ter soll <\/p>\n\n\n\n<p>ca. 155-160 cm gro\u00df gewesen sein, <\/p>\n\n\n\n<p>kr\u00e4ftig (dicker Bauch), <\/p>\n\n\n\n<p>Alter ca. 45 Jahre. <\/p>\n\n\n\n<p>Die Polizei bittet um Hinweise aus der Bev\u00f6lkerung. Vielleicht wurde auch anderweitig nach Flohmarktartikeln gefragt. Info bitte an die Polizei Gr\u00fcnstadt, Tel. 06359 93120.<\/p>\n\n\n\n<h4 class=\"wp-block-heading\">(Frankenthal) &#8211; T\u00f6tungsdelikt<\/h4>\n\n\n\n<h4 class=\"wp-block-heading\">Gemeinsame Pressemitteilung von Staatsanwaltschaft Frankenthal und Polizeipr\u00e4sidium Rheinpfalz<\/h4>\n\n\n\n<p>Am 28.07.2020 kam es in Frankenthal zu einem T\u00f6tungsdelikt. Nach bisherigen Erkenntnissen f\u00fcgte ein 32-J\u00e4hriger seiner 55-j\u00e4hrigen Mutter in deren Wohnung zahlreiche Stichverletzungen zu. Polizeibeamte fanden die Frau leblos in ihrer Wohnung vor. Der 32-J\u00e4hrige, welcher die Polizei zuvor informiert hatte, wurde widerstandslos vorl\u00e4ufig festgenommen. Er wurde am 28.07.2020 dem Haftrichter Frankenthal vorgef\u00fchrt. Dieser erlie\u00df auf Antrag der Staatsanwaltschaft Frankenthal (Pfalz) Untersuchungshaftbefehl wegen Totschlags. Der Beschuldigte wurde im Anschluss in eine Justizvollzugsanstalt verbracht. Die Obduktion der 55-J\u00e4hrigen wurde am 29.07.2020 durchgef\u00fchrt. Hierbei wurde der Blutverlust infolge multipler Stichverletzungen als todesurs\u00e4chlich diagnostiziert.<\/p>\n\n\n\n<h4 class=\"wp-block-heading\">(Frankenthal) &#8211; Verkehrsunfallflucht<\/h4>\n\n\n\n<p>Der Gesch\u00e4digte stellt seinen Pkw Opel Astra in der Zeit von 26.07.2020, 06.00 Uhr, bis 28.07.2020, 15.00 Uhr, in der Julius-Bettinger-Stra\u00dfe, H\u00f6he Hausnummer 2f, ab. Als er wieder zu seinem Fahrzeug kommt, muss er feststellen, dass dieses durch einen bislang unbekannten Fahrzeugf\u00fchrer an der vorderen linken Sto\u00dfstange besch\u00e4digt wurde. Der Schaden wird auf etwa 200 Euro gesch\u00e4tzt.<\/p>\n\n\n\n<p>Zeugen werden gebeten sich an die Polizeiinspektion Frankenthal unter der Tel.-Nr.: 06233\/313-0 oder an die Polizeiwache Maxdorf unter der Tel.-Nr.: 06237\/934-100 zu wenden. Gerne nehmen wir Ihre Hinweise auch per E-Mail unter\u00a0<a href=\"mailto:pifrankenthal@polizei.rlp.de\">pifrankenthal@polizei.rlp.de<\/a>\u00a0entgegen.<\/p>\n\n\n\n<h4 class=\"wp-block-heading\">(Rheing\u00f6nheim \/ B 9) &#8211; Unfallflucht + Gef\u00e4hrdung des Stra\u00dfenverkehrs durch LKW<\/h4>\n\n\n\n<div class=\"wp-block-image\"><figure class=\"aligncenter\"><img decoding=\"async\" loading=\"lazy\" width=\"800\" height=\"533\" src=\"https:\/\/speyer24news.com\/wp-content\/uploads\/2020\/07\/InkedIMG_7629_LI.jpg\" alt=\"\" class=\"wp-image-29560\" srcset=\"https:\/\/speyer24news.com\/wp-content\/uploads\/2020\/07\/InkedIMG_7629_LI.jpg 800w, https:\/\/speyer24news.com\/wp-content\/uploads\/2020\/07\/InkedIMG_7629_LI-300x200.jpg 300w, https:\/\/speyer24news.com\/wp-content\/uploads\/2020\/07\/InkedIMG_7629_LI-768x512.jpg 768w\" sizes=\"(max-width: 800px) 100vw, 800px\" \/><figcaption>Rtg. Westen<\/figcaption><\/figure><\/div>\n\n\n\n<p>Am 29.07.20, gegen 08:32 Uhr, wurde der Polizeiautobahnstation Ruchheim ein Metallteil auf der B 9 am Kreuz Rheing\u00f6nheim gemeldet. Als die Streife vor Ort eintraf, stellte sie fest, dass es sich bei dem Metallteil um ein Kunststoffteil der Frontsch\u00fcrze eines LKW handelte. Weiter wurde festgestellt, dass die Mittelschutzplanke auf einer L\u00e4nge von ca. 72 Metern massiv besch\u00e4digt war und auf der Sperrfl\u00e4che in der anderen Fahrtrichtung weitere Fahrzeugteile lagen.<\/p>\n\n\n\n<div class=\"wp-block-image\"><figure class=\"aligncenter\"><img decoding=\"async\" loading=\"lazy\" width=\"800\" height=\"533\" src=\"https:\/\/speyer24news.com\/wp-content\/uploads\/2020\/07\/IMG_7619.jpg\" alt=\"\" class=\"wp-image-29561\" srcset=\"https:\/\/speyer24news.com\/wp-content\/uploads\/2020\/07\/IMG_7619.jpg 800w, https:\/\/speyer24news.com\/wp-content\/uploads\/2020\/07\/IMG_7619-300x200.jpg 300w, https:\/\/speyer24news.com\/wp-content\/uploads\/2020\/07\/IMG_7619-768x512.jpg 768w\" sizes=\"(max-width: 800px) 100vw, 800px\" \/><figcaption>Rtg. Osten<\/figcaption><\/figure><\/div>\n\n\n\n<p>Im Zuge der Ermittlungen konnte der Verursacher des Schadens, ein 57 j\u00e4hriger Berufskraftfahrer, ermittelt werden. Im Stadtgebiet Ludwigshafen konnte dieser schlie\u00dflich angetroffen und \u00fcber einen Atemalkoholtest ein Promillewert von 1,09 festgestellt werden. Der LKW Fahrer wurde mit zur Polizeiautobahnstation Ruchheim genommen, wo ihm durch einen Arzt eine Blutprobe entnommen wurde. Der F\u00fchrerschein des Fahrers wurde Sichergestellt und Strafverfahren wegen unerlaubtem Entfernen vom Unfallort, sowie Gef\u00e4hrdung des Stra\u00dfenverkehrs er\u00f6ffnet. Die Autobahnmeisterei Ruchheim wurde zwecks Absicherung des besch\u00e4digten Bereichs alarmiert.<\/p>\n\n\n\n<h4 class=\"wp-block-heading\">(Ludwigshafen) &#8211; Diebstahl aus Kellerabteil<\/h4>\n\n\n\n<p>Aus einem Kellerabteil eines Mehrfamilienhauses in der Bismarckstra\u00dfe wurden mehrere motorbetriebene Spielzeugautos im Wert eines mittleren dreistelligen Betrags gestohlen. Das meldete eine 33-J\u00e4hrige am 28.07.2020, gegen 20 Uhr. Das Kellerabteil war wegen Renovierungsarbeiten nicht abschlie\u00dfbar.<\/p>\n\n\n\n<p>Wir appellieren: Schlie\u00dfen Sie T\u00fcren und Fenster in Ihrer Abwesenheit stets ab. Lassen Sie keine Wertgegenst\u00e4nde in offenen R\u00e4umen.<\/p>\n\n\n\n<p>Zeuge, die den Vorfall beobachtet haben oder Hinweise geben k\u00f6nnen, werden gebeten sich bei der Polizeiinspektion Ludwigshafen 1 zu melden, Telefonnummer 0621 963-2122 oder per E-Mail\u00a0<a href=\"mailto:piludwigshafen1@polizei.rlp.de\">piludwigshafen1@polizei.rlp.de<\/a>.<\/p>\n\n\n\n<h4 class=\"wp-block-heading\">(Ludwigshafen) &#8211; Fahrradkontrollen<\/h4>\n\n\n\n<p>Am Dienstag hat die Polizei Ludwigshafen Kontrollen mit dem Schwerpunkt Fahrradsicherheit durchgef\u00fchrt. In der Mittagszeit wurden 24 Fahrradfahrer am Willersinnfreibad ohne Beanstandungen kontrolliert. Auch wurden die Freibadbesucher zum Thema Diebstahlschutz beraten. Am Nachmittag wurde die Benutzung des Fahrradwegs in der Car-Bosch-Stra\u00dfe \/ Kurze Stra\u00dfe \u00fcberwacht. Hier mussten die Beamten 11 Fahrradfahrer verwarnen, da sie den Fahrradweg entgegen der vorgeschriebenen Fahrtrichtung befahren hatten.<\/p>\n\n\n\n<h4 class=\"wp-block-heading\">(Mannheim) &#8211; Bedrohung und Beleidigung auf sexueller Grundlage \/ Zeugen gesucht<\/h4>\n\n\n\n<p>Zeugen eines Vorfalls, der sich am Sonntagmorgen (26.07.2020) zwischen 5 und 5.20 Uhr in der Stra\u00dfenbahn der Linie 5 ereignete, sucht die Polizei. Zwischen Nationaltheater und Exerzierplatz sprach ein bislang unbekannter T\u00e4ter eine Gruppe von drei M\u00e4nnern an, von denen einer auffallend mit pinkfarbener Per\u00fccke als Drag-Queen gekleidet war. Dabei bedrohte und beleidigte er die Gruppe vermutlich aufgrund deren sexueller Orientierung. Am Exerzierplatz stieg der T\u00e4ter aus. Die Ermittlungen wegen Bedrohung und Beleidigung auf sexueller Grundlage hat das Polizeirevier Mannheim-Neckarstadt aufgenommen. Zeugen, die den Vorfall in der Stra\u00dfenbahn bemerkt haben und sachdienliche Hinweise geben k\u00f6nnen, werden gebeten sich unter Telefon 0621\/33010 bei der Polizei zu melden.<\/p>\n\n\n\n<h4 class=\"wp-block-heading\">(Mannheim-Innenstadt) &#8211; Raub\u00fcberfall auf Bankfiliale<\/h4>\n\n\n\n<h4 class=\"wp-block-heading\" style=\"text-align:center\">Pressemitteilung Nr. 1<\/h4>\n\n\n\n<div class=\"wp-block-image\"><figure class=\"aligncenter\"><img decoding=\"async\" src=\"https:\/\/speyer24news.com\/wp-content\/uploads\/2020\/01\/Maskierter-T\u00e4ter-1024x941.jpg\" alt=\"\" class=\"wp-image-23945\"\/><\/figure><\/div>\n\n\n\n<p>Am Mittwochmorgen kam es gegen 8 Uhr zu einem \u00dcberfall auf eine Bankfiliale in der Mannheimer Innenstadt. Im Rahmen der Fahndung konnte ein Tatverd\u00e4chtiger festgenommen werden.<\/p>\n\n\n\n<h4 class=\"wp-block-heading\">(Mannheim-Innenstadt) &#8211; Raub\u00fcberfall auf Bankfiliale<\/h4>\n\n\n\n<h4 class=\"wp-block-heading\" style=\"text-align:center\">Pressemitteilung Nr. 2<\/h4>\n\n\n\n<p>Nach dem Bank\u00fcberfall am Mittwochmorgen auf eine Filiale in der Mannheimer Innenstadt fahndet die Polizei derzeit nach einem Mitt\u00e4ter.<\/p>\n\n\n\n<p>Dieser wird wie folgt beschrieben:<\/p>\n\n\n\n<ul><li>M\u00e4nnlich<\/li><li>Ca. 25 Jahre alt<\/li><li>Etwa 170 &#8211; 175cm gro\u00df<\/li><li>Schlanke Statur<\/li><li>Dunkle Haare, gepflegter Haarschnitt<\/li><li>Bekleidet mit einer dunkelgr\u00fcnen Jogginghose mit seitlichem Schriftzug und dunkles Oberteil mit Kapuze<\/li><li>Trug bei der Tatausf\u00fchrung einen Stoffschal <\/li><\/ul>\n\n\n\n<p>Zeugen, die sachdienliche Hinweise geben k\u00f6nnen, werden gebeten, diese dem Kriminaldauerdienst unter der Rufnummer 0621\/174-4444 oder \u00fcber den Polizeinotruf 110 mitzuteilen.<\/p>\n\n\n\n<h4 class=\"wp-block-heading\">(Mannheim-Innenstadt) &#8211; Raub\u00fcberfall auf Bankfiliale<br>Zwei Tatverd\u00e4chtige festgenommen<\/h4>\n\n\n\n<h4 class=\"wp-block-heading\" style=\"text-align:center\">Pressemitteilung Nr. 3<\/h4>\n\n\n\n<p>Nach einem Raub\u00fcberfall auf eine Bankfiliale in der Mannheimer Innenstadt im Quadrat U2 wurden im Rahmen der Fahndung die beiden Tatverd\u00e4chtigen festgenommen. Die Fahndungsma\u00dfnahmen wurden beendet. Hinweise auf weitere Mitt\u00e4ter liegen nicht vor.<\/p>\n\n\n\n<p>Weitere Details werden in einer gemeinsamen Presseerkl\u00e4rung zusammen mit der Staatsanwaltschaft Mannheim im Laufe des Nachmittags bekannt gegeben.<\/p>\n\n\n\n<h4 class=\"wp-block-heading\">(Mannheim-Neckarstadt-Ost) &#8211; Betrunken Unfall verursacht und abgehauen<\/h4>\n\n\n\n<p>Einen Verkehrsunfall verursachte am Dienstagnachmittag ein 59-j\u00e4hriger Mann im Stadtteil Neckarstadt-Ost. Der stie\u00df in der Murgstra\u00dfe beim R\u00fcckw\u00e4rtsfahren zun\u00e4chst gegen einen am Fahrbahnrand abgestellten VW-Bus. Anschlie\u00dfend fuhr er vorw\u00e4rts und stie\u00df nach derzeitigem Ermittlungsstand gegen einen geparkten Opel Zafira. Nachdem er ausgestiegen war, torkelte er davon. Wenig sp\u00e4ter kehrte er in weiblicher Begleitung zur\u00fcck, setzte sich erneut in seinen Opel Insignia und parkte in richtig in die Parkl\u00fccke ein. Danach bestiegen beide ein Taxi und fuhren davon. Den Sachverhalt hatten Zeugen beobachtet und der Polizei gemeldet.<\/p>\n\n\n\n<p>Bei einer Inaugenscheinnahme des nun geparkten Opel Insignia erbrachte zahlreiche Dokumente, die aus den 59-J\u00e4hrigen hindeuteten. Eine \u00dcberpr\u00fcfung beim Fahrzeughalter ergab, dass der 59-J\u00e4hrige der alleinige Nutzer des Opel ist. Bei einer \u00dcberpr\u00fcfung dessen Wohnanschrift durch Beamte der Polizei in Ludwigshafen konnte er angetroffen werden. Ihm wurde eine Blutprobe entnommen und sein F\u00fchrerschein wurde einbehalten. Zur Spurensicherung wurde das Fahrzeug des Unfallverursachers sichergestellt.<\/p>\n\n\n\n<p>Gegen den Mann wird nun wegen Stra\u00dfenverkehrsgef\u00e4hrdung und Unfallflucht ermittelt.<\/p>\n\n\n\n<h4 class=\"wp-block-heading\">(Mannheim-Neckarstadt-West) &#8211; Unbekannte Frau \u00fcberf\u00e4llt 50-j\u00e4hrigen Mann \/ Polizei sucht Zeugen<\/h4>\n\n\n\n<p>Eine unbekannte Frau \u00fcberfiel am Dienstagabend einen 50-j\u00e4hrigen Lokalbesitzer im Stadtteil Neckarstadt-West. Der 50-J\u00e4hrige verschloss kurz vor Mitternacht sein Lokal in der Mittelstra\u00dfe als er von einer unbekannten Frau angesprochen wurde. Diese begleitete ihn auf seinem Heimweg bis zu einem Zigarettenautomaten in der Fr\u00f6hlichstra\u00dfe. W\u00e4hrend der Mann sich Zigaretten kaufen wollte, zog ihm die Frau dessen Geldb\u00f6rse mit Bargeld und Ausweispapieren aus der Ges\u00e4\u00dftasche und ergriff im Anschluss sofort die Flucht. Der Gesch\u00e4digte verfolgte die Frau, verlor sie in der Stockhornstra\u00dfe jedoch aus den Augen. Er traf jedoch wenig sp\u00e4ter an der Ecke Itzsteinstra\u00dfe\/Pumpwerkstra\u00dfe wieder auf die Diebin. Um sich im Besitz der Beute zu halten, spr\u00fchte die Frau ihrem Opfer sogleich mit Pfefferspray ins Gesicht und fl\u00fcchtete erneut. Der 50-J\u00e4hrige erlitt durch den Pfefferspray-Angriff leichte Verletzungen am Arm.<\/p>\n\n\n\n<p>Gegen die unbekannte Frau wird nun wegen r\u00e4uberischen Diebstahls ermittelt.<\/p>\n\n\n\n<p>Zeugen, die auf den Vorfall aufmerksam geworden waren und sachdienliche Hinweise zur T\u00e4terin geben k\u00f6nnen, werden gebeten, sich beim Kriminaldauerdienst der Kriminalpolizeidirektion Heidelberg, Tel.: 0621\/174-4444 zu melden.<\/p>\n\n\n\n<h4 class=\"wp-block-heading\">(Mannheim-Neckarstadt \/ Oststadt) &#8211; Unbekannte T\u00e4ter entrei\u00dfen zwei \u00e4lteren Damen die Halskette \/ Polizei sucht Zeugen<\/h4>\n\n\n\n<p>Am Dienstagnachmittag kam es gegen 14.30 Uhr zu einer Raubstraftat in der Zehntstra\u00dfe. Eine bislang unbekannte m\u00e4nnliche Person n\u00e4herte sich einer 78-j\u00e4hrigen Frau von hinten, hielt sie fest und entriss ihr die Halskette. Danach fl\u00fcchtete er in Richtung Mittelstra\u00dfe. Der Versuch eines Zeugen, den Fl\u00fcchtenden aufzuhalten, blieb erfolglos. Die Kette wurde in der N\u00e4he des Tatortes am Boden aufgefunden. Die 78-J\u00e4hrige kam mit dem Schrecken davon. Der unbekannte Tatverd\u00e4chtige wird folgenderma\u00dfen beschrieben: Westasiatischer Ph\u00e4notyp, ca. 20 Jahre alt, ca. 170 cm gro\u00df, sportlich-athletische Figur, kurze dunkle Haare, bekleidet mit einem schwarzen T-Shirt.<\/p>\n\n\n\n<p>Kurz darauf, gegen 15.00 Uhr ereignete sich in der Otto-Beck-Stra\u00dfe in H\u00f6he des Anwesens 15-19 ein weiterer Raub. \u00c4hnlich der Straftat im Stadtteil Neckarstadt \u00fcberrumpelte eine unbekannte m\u00e4nnliche Person eine 95-J\u00e4hrige und entriss ihr eine Gold-Halskette im Wert von ca. 500 Euro. Anschlie\u00dfend fl\u00fcchtete der Unbekannte \u00fcber die Augusta-Anlage in Richtung Wasserturm. Die unverletzte, aber sichtlich unter dem Eindruck des Geschehens stehende Seniorin konnte den R\u00e4uber, der sich ihr von hinten gen\u00e4hert hatte, nicht beschrieben.<\/p>\n\n\n\n<p>Ob es sich in beiden F\u00e4llen um denselben T\u00e4ter handelt, kann beim derzeitigen Kenntnisstand weder best\u00e4tigt noch ausgeschlossen werden. Das Kriminalkommissariat in Mannheim hat die Ermittlungen aufgenommen. Personen, die Hinweise zum Tatgeschehen oder zu den unbekannten R\u00e4ubern geben k\u00f6nnen, werden gebeten, sich unter der Telefonnummer 0621\/174-4444 mit dem Kriminaldauerdienst in Verbindung zu setzen.<\/p>\n\n\n\n<h4 class=\"wp-block-heading\">(Mannheim-Neckarau) &#8211; Unbekannte legen Kr\u00e4henf\u00fc\u00dfe auf der Fahrbahn aus \/ Polizei sucht Zeugen und weitere Gesch\u00e4digte<\/h4>\n\n\n\n<p>Unbekannte T\u00e4ter legten am Dienstagmittag im Stadtteil Neckarau Kr\u00e4henf\u00fc\u00dfe auf der Fahrbahn aus. Hierdurch wurde zumindest ein Fahrzeug besch\u00e4digt.<\/p>\n\n\n\n<p>Eine 29-j\u00e4hrige Frau war gegen 13.30 Uhr mit ihrem Auto auf der Casterfeldstra\u00dfe stadtausw\u00e4rts unterwegs. Dabei erlitt sie eine Reifenpanne und konnte noch zu einer geeigneten Stelle zum Anhalten fahren. Nachdem ihr Fahrzeug zu einer Werkstatt abgeschleppt worden war, wurde festgestellt, dass im Reifen ein sogenannter Kr\u00e4henfu\u00df steckte.<\/p>\n\n\n\n<p>Weitere Gesch\u00e4digte oder Zeugen, die sachdienliche Hinweise geben k\u00f6nnen, werden gebeten, sich beim Polizeirevier Mannheim-Neckarau, Tel.: 0621\/83397-0 zu melden.<\/p>\n\n\n\n<h4 class=\"wp-block-heading\">(Mannheim-Sandhofen) &#8211; Nach Diebstahl von Baumaterial zwei Tatverd\u00e4chtige festgenommen<\/h4>\n\n\n\n<p>Zwei Br\u00fcder im Alter von 57 und 59 Jahren wurden am Dienstagabend nach einem Diebstahl von Baumaterial von einer Baustelle im Stadtteil Sandhofen festgenommen. Eine Zeugin verst\u00e4ndigte gegen 23.30 Uhr die Polizei, nachdem sie beobachtet hatte, wie zwei M\u00e4nner von einer Baustelle in der Karlstra\u00dfe Baumaterial wegtrugen und in einen Anh\u00e4nger luden, der an einen wei\u00dfen Ford angeh\u00e4ngt war. Anschlie\u00dfend fuhren sie in Richtung Oppauer Kreuzweg davon. Durch eine Polizeistreife konnte das Fahrzeug an der Einm\u00fcndung Oppauer Kreuzweg\/Viernheimer Weg festgestellt und zur Kontrolle gestoppt. Im Fahrzeug befanden sich die beiden Br\u00fcder, auf die die von der Zeugin abgegebene Personenbeschreibung exakt zutraf. Auf dem Anh\u00e4nger waren, mit einem Spanngurt verzurrt, zwei Pakete mit Aluminium-Profilen geladen. Die beiden Tatverd\u00e4chtigen wurden anschlie\u00dfend zum Polizeirevier Sandhofen verbracht, von wo sie nach Abschluss der polizeilichen Ma\u00dfnahmen wieder auf freien Fu\u00df entlassen wurden. Gegen beide wird nun wegen des Verdacht des Diebstahls ermittelt. Die Aluprofile wurden zur Baustelle zur\u00fcckgebracht.<\/p>\n\n\n\n<h4 class=\"wp-block-heading\">(Plankstadt \/ Rhein-Neckar-Kreis) &#8211; 79-j\u00e4hrige Frau vermisst \/ Hubschrauber im Einsatz<\/h4>\n\n\n\n<p>Aktuell (29.07.20 \/ 23.46 Uhr) fahndet die Polizei im Bereich Plankstadt und Umgebung nach einer vermissten 79-j\u00e4hrigen Frau. In die Suche ist neben mehreren Fahrzeugen auch ein Polizeihubschrauber und Personensp\u00fcrhunde der Rettungsleitstelle eingebunden. Die Vermisste war zusammen mit ihrem Ehemannn auf E-Bikes in Richtung Grenzhof unterwegs. Am Kreisel H\u00f6he &#8222;Weldegarten&#8220;, bog sie gegen 19.00 Uhr in eine unbekannte Richtung ab, so dass ihr Ehemann, der ein St\u00fcck vor ihr fuhr, sie aus den Augen verlor. Eine hilflose Lage kann derzeit nicht ausgeschlossen werden. Die Vermisste ist ca. 170 cm gro\u00df und 75 kg schwer. Sie hat kurze, graue Haare und tr\u00e4gt ein grau-wei\u00df-gestreiftes T-Shirt. Unterwegs ist sie mit einem dunkelgrauen E-Bike der Marke Raleigh.<\/p>\n\n\n\n<h4 class=\"wp-block-heading\">(Plankstadt \/ Rhein-Neckar-Kreis) &#8211; Vermisste 79-j\u00e4hrige aufgefunden<\/h4>\n\n\n\n<p>Die Vermisste 79-j\u00e4hrige Dame wurde in Heidelberg von einer Passantin gegen 03.30 Uhr aufgegriffen und zum Polizeirevier Heidelberg-S\u00fcd gebracht. Sie ist wohlauf und konnte ihren Familienangeh\u00f6rigen \u00fcbergeben werden. Die Fahndungsma\u00dfnahmen wurden eingestellt.<\/p>\n\n\n\n<h4 class=\"wp-block-heading\">(Oftersheim \/ Rhein-Neckar-Kreis) &#8211; Exhibitionist tritt Fu\u00dfg\u00e4ngerin entgegen \/ Zeugen gesucht<\/h4>\n\n\n\n<p>Am Dienstagmorgen gegen 10 Uhr wurde eine 41-j\u00e4hrige Frau im Bereich der Br\u00fccke \u00fcber dem Wingertsbuckelweg von einem unbekannten Mann bel\u00e4stigt. Die Frau war zu Fu\u00df auf dem Feldweg in Richtung Friedhof unterwegs, als der Mann an seinem Geschlechtsteil manipulierte. Als die Frau angeekelt umdrehte, floh der Mann auf einem Fahrrad in unbekannter Richtung.<\/p>\n\n\n\n<p>Der Mann wird von der Gesch\u00e4digten wie folgt beschrieben:<\/p>\n\n\n\n<ul><li>Alter Ende 30\/Anfang 40<\/li><li>Deutsch\/osteurop\u00e4isches Aussehen<\/li><li>Stabile Statur mit Bauch<\/li><li>kurzrasierte Haare<\/li><li>Bekleidet mit weitem dunklem Shirt und weiten dunklen Shorts <\/li><\/ul>\n\n\n\n<p>Die Kriminalpolizei hat die Ermittlungen in diesem Fall aufgenommen und bittet Zeugen, die sachdienliche Hinweise zu dem Vorfall geben k\u00f6nnen, diese unter der Rufnummer 0621\/174-4444 mitzuteilen.<\/p>\n\n\n\n<h4 class=\"wp-block-heading\">(Walldorf \/ A 5 \/ Rhein-Neckar-Kreis) &#8211; Drei leichtverletzte Personen und \u00fcber 100.000 Euro Sachschaden nach Auffahrunfall<\/h4>\n\n\n\n<p>Am Mittwochnachmittag, gegen 18.05 Uhr, fuhr ein Mercedes Sprinter in Folge nicht angepasster Geschwindigkeit, auf der BAB 5 zwischen der Anschlussstelle Walldorf\/Wiesloch und dem Autobahnkreuz Walldorf, auf den sich dort stauenden Verkehr auf. Er kollidierte zuerst mit einem VW Golf und wurde durch den Aufprall auf den linken Fahrstreifen abgewiesen, wo er mit einem Porsche Taygan und einem VW Eos zusammenstie\u00df. Da die vier beteiligten Fahrzeuge alle nicht mehr fahrbereit waren und abgeschleppt werden mussten war der betroffene Autobahnabschnitt zwischen 18.25 Uhr und 20.45 Uhr in Fahrtrichtung S\u00fcden gesperrt. Da der Verkehr an der Anschlussstelle Walldorf\/Wiesloch abgeleitet wurde kam es nur zu einem geringen R\u00fcckstaub auf der BAB 5. Der Fahrer und die Beifahrerin des Golfs wurden in ein nahegelegenes Krankenhaus gebracht, konnten dieses nach einer ambulanten Behandlung jedoch bereits wieder verlassen. Der Fahrer des Eos wurde ebenfalls leicht verletzt, musste aber nicht behandelt werden. An den Fahrzeugen entstand ein Schaden von 113.000 Euro.<\/p>\n\n\n\n<h4 class=\"wp-block-heading\">(Wiesloch \/ Rhein-Neckar-Kreis) &#8211; Polizeieinsatz im PZN Wiesloch<\/h4>\n\n\n\n<p>Am fr\u00fchen Abend des 28.07.2020 erfolgte ein Rettungseinsatz der Polizei im Bereich vom Psychiatrischen Zentrum Nordbaden. Eine Person hatte sich kurzfristig in einem Zimmer verschanzt. Da eine Eigengef\u00e4hrdung nicht ausgeschlossen werden konnte, wurde die Polizei hinzugezogen. Mit Hilfe von Spezialkr\u00e4ften gelang es, den Mann unverletzt in Gewahrsam zu nehmen. Bei dem Einsatz kam niemand zu Schaden.<\/p>\n\n\n\n<h4 class=\"wp-block-heading\">(Wagh\u00e4usel \/ Rhein-Neckar-Kreis) &#8211; Opfer nach versuchtem T\u00f6tungsdelikt am Bahnhof Wagh\u00e4usel identifiziert und au\u00dfer Lebensgefahr \/ Ermittlungen dauern an<\/h4>\n\n\n\n<h4 class=\"wp-block-heading\">Gemeinsame Pressemitteilung von Staatsanwaltschaft und Polizeipr\u00e4sidium Karlsruhe:<\/h4>\n\n\n\n<div class=\"wp-block-image\"><figure class=\"aligncenter\"><img decoding=\"async\" src=\"https:\/\/speyer24news.com\/wp-content\/uploads\/2020\/02\/Zeugen-Gesucht-Neutral.jpg\" alt=\"\" class=\"wp-image-25059\"\/><\/figure><\/div>\n\n\n\n<p>Nachdem ein zun\u00e4chst nicht identifizierter Mann am Dienstagabend gegen 18 Uhr von einem noch unbekannten T\u00e4ter am Bahnhof Wagh\u00e4usel in das Gleisbett gesto\u00dfen und von einem herannahenden Zug erfasst und schwer verletzt worden ist, konnte die Identit\u00e4t des Opfers inzwischen gekl\u00e4rt werden. Es handelt es sich um einen 54 Jahre alten Deutschen aus Karlsruhe.<\/p>\n\n\n\n<p>Nach aktuellem Ermittlungsstand wurde das Opfer im Zuge einer Auseinandersetzung von einem noch unbekannten jungen Mann in das Gleisbett gesto\u00dfen und in der Folge am Versuch gehindert, das Gleisbett wieder zu verlassen. Das Opfer wurde von einem herannahenden G\u00fcterzug trotz eingeleiteter Notbremsung erfasst und schwer verletzt. Der 54-j\u00e4hrige Mann, der sich au\u00dfer Lebensgefahr befindet, erlitt eine Oberschenkelfraktur, diverse weitere Knochenbr\u00fcche sowie eine tiefe Fleischwunde.<\/p>\n\n\n\n<p>Der unbekannte Tatverd\u00e4chtige ist Zeugen zufolge von orientalischer Erscheinung, 25 bis 30 Jahre alt, etwa 185 cm gro\u00df und tr\u00e4gt kurzes Haar. Er war komplett schwarz oder dunkelblau gekleidet, vermutlich mit einem Jogginganzug der Marke Nike. Dar\u00fcber hinaus trug er einen Mund-Nasen-Schutz. Der Begleiter des Tatverd\u00e4chtigen ist Zeugenangaben zufolge etwa gleichen Alters, ca. 180 cm gro\u00df, mit kurzem Haar und ebenfalls von orientalischer Erscheinung. Er war mit einem dunklen Trainingsanzug und m\u00f6glicherweise wei\u00dfen Schuhen bekleidet.<\/p>\n\n\n\n<p>Die beiden Personen liefen kurz nach der Tat vom Bahnhofsgel\u00e4nde in Richtung Wagh\u00e4usel-Eremitage. Die ersten Fahndungsma\u00dfnahmen mit insgesamt 20 Streifenwagenbesatzungen und zwei Polizeihubschraubern, darunter f\u00fcnf Streifen und ein Hubschrauber der Bundespolizei, waren am Abend ergebnislos geblieben.<\/p>\n\n\n\n<p>Die Staatsanwaltschaft Karlsruhe und das Kriminalkommissariat Bruchsal f\u00fchren die weiteren Ermittlungen wegen eines versuchten T\u00f6tungsdelikts und bitten um Zeugenhinweise zum Tatgeschehen und den beiden beschriebenen M\u00e4nnern. Hinweise nimmt der Kriminaldauerdienst unter Telefon 0721 666-5555 entgegen.<\/p>\n\n\n\n<h4 class=\"wp-block-heading\">(Meckesheim \/ Rhein-Neckar-Kreis) &#8211; Wiese in Brand geraten \/ Ursache ungekl\u00e4rt<\/h4>\n\n\n\n<p>Am Dienstagabend gegen 23.20 Uhr geriet eine Wiese neben der Kreisstra\u00dfe 4178 zwischen Meckesheim und Oberhof in Brand. Die Freiwilligen Feuerwehren aus Meckesheim und Horrenberg konnten den Brand von etwa 20 qm schnell l\u00f6schen und ein \u00dcbergreifen einen danebenliegenden Getreideacker verhindern. Die Brandursache ist unklar, die Polizei geht derzeit davon aus, dass der Brand auf fahrl\u00e4ssiges Handels, z.B. durch das Wegwerfen einer Zigarette, entstanden ist.<\/p>\n\n\n\n<h4 class=\"wp-block-heading\">(Waibstadt \/ Rhein-Neckar-Kreis) &#8211; Frontalzusammensto\u00df auf der B 292 \/ vier Verletzte &#8211; Rettungshubschrauber &#8211; Sachschaden 35.000 Euro &#8211; Vollsperrung<\/h4>\n\n\n\n<p>Bei einem schweren Verkehrsunfall am Mittwoch kurz nach 12.30 Uhr auf der B 292 zwischen Waibstadt und Helmstadt-Bargen wurden insgesamt vier Beteiligte verletzt. Ein 77-j\u00e4hriger Fahrer eines Mercedes war in Richtung Mosbach unterwegs, als er aus bislang ungekl\u00e4rten Gr\u00fcnden in einer leichten Rechtskurve nach links auf die Gegenfahrbahn geriet. Dort kollidierte er frontal mit einem entgegenkommenden Peugeot, der von einem 46-J\u00e4hrigen gefahren wurde. Der 77-J\u00e4hrige wurde leicht verletzt, der Fahrer des Peugeot zog sich schwere Verletzungen zu. Ein 18-j\u00e4hriger Beifahrer in dem Mercedes wurde leicht, ein 16-j\u00e4hriger Mitfahrer auf dem R\u00fccksitz schwer verletzt. Nach der medizinischen Erstversorgung an der Unfallstelle durch einen Notarzt, wurde der 16-J\u00e4hrige mit dem Rettungshubschrauber in eine Klinik nach Mannheim geflogen, die drei weiteren Verletzten wurden mit Rettungsfahrzeugen ins Krankenhaus nach Sinsheim eingeliefert. An den beiden Fahrzeugen entstand Sachschaden von insgesamt ca. 35.000 Euro, beides Autos wurden abgeschleppt. W\u00e4hrend der bergungsma\u00dfnahmen und Unfallaufnahme war die B 292 zun\u00e4chst voll gesperrt, der Verkehr wurde \u00f6rtlich umgeleitet. Gegen 13.50 Uhr konnte ein Fahrstreifen freigegeben werden, gegen 14.30 Uhr konnte die Sperrung komplett aufgehoben werden.<\/p>\n\n\n\n<h4 class=\"wp-block-heading\">(Eberbach \/ Rhein-Neckar-Kreis) &#8211; Unfallflucht \/ Polizei sucht Zeugen!<\/h4>\n\n\n\n<p>Zu einem Verkehrsunfall kam es am Montagmittag gegen 12:15 Uhr auf H\u00f6he der evangelischen Kirche in der Hauptstra\u00dfe. Der Fahrer eines VW hielt am Stra\u00dfenrand, ein Mercedes-Benz hinter ihm. Beide lie\u00dfen Personen aussteigen. Zeitgleich fuhr ein Lieferwagen r\u00fcckw\u00e4rts aus der Einm\u00fcndung Bahnhofstra\u00dfe\/Hauptstra\u00dfe. Der VW-Fahrer bemerkte den Lieferwagen und setzte daraufhin zur\u00fcck, wobei er mit dem dahinterstehenden Mercedes-Benz kollidierte. Anschlie\u00dfend entfernte sich der VW vom Unfallort. Es entstand ein Schaden von ca 1.500EUR.<\/p>\n\n\n\n<p>Zeugen, die den Vorfall beobachtet haben und sachdienliche Hinweise geben k\u00f6nnen, werden gebeten sich beim Polizeirevier Eberbach unter der Telefonnummer 06271-92100 zu melden.<\/p>\n\n\n\n<h4 class=\"wp-block-heading\">(Neckarsteinach \/ Rhein-Neckar-Kreis) &#8211; Verpuffung an einem Jetski<\/h4>\n\n\n\n<p>Am Mittwoch, 29.07.2020, gegen 20.45 Uhr, begab sich der Eigent\u00fcmer eines Jetskis mit seiner 9-j\u00e4hrigen Tochter auf eine \u00dcberpr\u00fcfungsfahrt auf dem Neckar. Hierbei durchfuhren sie einen Teppich mit Treibgut, worauf der Motor ausging. Jegliche Versuche den Motor wieder zu starten scheiterten. Aus bislang unbekannten Gr\u00fcnden kam es im weiteren Verlauf zu einer Verpuffung am Jetski. Der Vater und seine Tochter wurden vom Jetski geschleudert, konnten aber aufgrund der getragenen Rettungsweste aus eigener Kraft ans Ufer schwimmen. Der Jetski geriet in Vollbrand und brannte bis auf den Fahrzeugboden und Reste des Motors komplett aus. Der Vater wurde schwer verletzt, die Tochter erlitt einen Schock und wurde zur Beobachtung ins Klinikum gebracht. Im Einsatz waren die Freiwilligen Feuerwehren Hirschhorn und Neckarhausen, die DLRG Hirschhorn, die Wasserschutzpolizei, sowie Einsatzkr\u00e4fte der Polizeireviere Neckargem\u00fcnd und Wald-Michelbach. Die Ermittlungen der Wasserschutzpolizeistation Heidelberg zur Ursache dauern an.<\/p>\n\n\n\n<h4 class=\"wp-block-heading\">(Heddesheim \/ Neckargem\u00fcnd \/ Rhein-Neckar-Kreis) &#8211; Drei Pferde mit Schnittverletzungen aufgefunden \/ Zeugen gesucht!<\/h4>\n\n\n\n<div class=\"wp-block-image\"><figure class=\"aligncenter\"><img decoding=\"async\" src=\"https:\/\/speyer24news.com\/wp-content\/uploads\/2020\/02\/Zeugen-Gesucht-Neutral.jpg\" alt=\"\" class=\"wp-image-25059\"\/><\/figure><\/div>\n\n\n\n<p>In der Nacht von Montag auf Dienstag, in der Zeit von 19:30 Uhr bis 8 Uhr wurden auf einem Hof im Bereich Muckensturm zwei Stuten im Genital\/Rektalbereich verletzt. Den ersten Erkenntnissen nach handelt es sich hierbei um Schnittverletzungen. Die beiden verletzten Pferde wurden durch einen Veterin\u00e4rmediziner behandelt.<\/p>\n\n\n\n<p>Auf einem Hof in Neckargem\u00fcnder Ortsteil Dilsberg wurde am Montag in der Zeit von 13 bis 19 Uhr ein Pferd im Bereich der linken Schulter ebenfalls durch Schnitte verletzt. Auch hier wurde das Pferd durch einen Veterin\u00e4rmediziner versorgt.<\/p>\n\n\n\n<p>In beiden F\u00e4llen haben Spezialisten des Fachbereichs Gewerbe und Umwelt des Polizeipr\u00e4sidiums Mannheim die Ermittlungen aufgenommen. Ob zwischen den beiden genannten Taten ein Tatzusammenhang besteht, ist derzeit nicht bekannt. Auch ist derzeit noch nicht bekannt, ob die beiden F\u00e4lle in Zusammenhang mit den verletzten Pferden auf Reiterh\u00f6fen in Heidelberg-Pfaffengrund und Oftersheim von vor wenigen Wochen stehen.<\/p>\n\n\n\n<p>Zeugen, die sachdienliche Hinweise zu den beiden Vorf\u00e4llen geben k\u00f6nnen, oder verd\u00e4chtige Personen und Fahrzeuge im Bereich der beiden H\u00f6fe gesehen haben, werden gebeten diese Hinweise dem Polizeirevier Ladenburg unter der Rufnummer 06203\/93050, bzw. dem Polizeirevier Neckargem\u00fcnd unter der Rufnummer 06223\/92540 mitzuteilen.<\/p>\n\n\n\n<h4 class=\"wp-block-heading\">(Heddesheim \/ Rhein-Neckar-Kreis) &#8211; Gartenm\u00f6bel gestohlen \/ Zeugen gesucht!<\/h4>\n\n\n\n<p>Zwischen Montagabend 23:00 Uhr und Dienstagmorgen 07:00 Uhr entwendeten bislang unbekannte T\u00e4ter aus dem Garten eines Wohnhauses in der Richard-Strauss-Stra\u00dfe einen 3 Meter langen Tisch, 4 St\u00fchle und eine Ruheliege. Der Gesamtschaden betr\u00e4gt ca. 5.000EUR.<\/p>\n\n\n\n<p>Zeugen, die verd\u00e4chtige Wahrnehmungen gemacht haben oder sachdienliche Hinweise geben k\u00f6nnen, werden gebeten sich beim Polizeirevier Ladenburg unter der Telefonnummer 06203-41443 zu melden.<\/p>\n\n\n\n<h4 class=\"wp-block-heading\">(Weinheim \/ Rhein-Neckar-Kreis) &#8211; 77-j\u00e4hrige Radfahrerin bei Unfall schwer verletzt<\/h4>\n\n\n\n<p>Bei einem Unfall am Dienstag kurz vor 18 Uhr an der Einm\u00fcndung Freudenberg-\/Schlo\u00dfgartenstra\u00dfe wurde eine 77-j\u00e4hrige Radfahrerin schwer verletzt. Beim Abbiegen von der Schlo\u00dfgartenstra\u00dfe war sie mit dem Renault einer von rechts kommenden 40-j\u00e4hrige Fahrerin zusammengesto\u00dfen und auf die Stra\u00dfe gest\u00fcrzt. Nach der Erstversorgung durch einen Notarzt wurde die Frau mit einem Rettungswagen in eine Klinik nach Mannheim eingeliefert. Angeh\u00f6rige wurden benachrichtigt. W\u00e4hrend der Unfallaufnahme war die Einm\u00fcndung bis 19.45 Uhr gesperrt.<\/p>\n","protected":false},"excerpt":{"rendered":"<div class=\"mh-excerpt\"><p>Polizeimeldungen vom Mittwoch (29.07.2020) (Speyer) &#8211; Unfallflucht unter Alkoholeinfluss Im Renngraben kam es Dienstagabend zu einer Verkehrsunfallflucht, bei der ein 37-j\u00e4hriger R\u00f6merberger mit seinem Kleinkraftrad mit einem geparkten PKW kollidierte. Ohne seiner Pflichten als Verkehrsunfallbeteiligter <a class=\"mh-excerpt-more\" href=\"https:\/\/speyer24news.com\/?p=29559\" title=\"Polizei\">[&#8230;]<\/a><\/p>\n<\/div>","protected":false},"author":3,"featured_media":0,"comment_status":"open","ping_status":"open","sticky":false,"template":"","format":"standard","meta":{"_monsterinsights_skip_tracking":false,"_monsterinsights_sitenote_active":false,"_monsterinsights_sitenote_note":"","_monsterinsights_sitenote_category":0,"footnotes":""},"categories":[12],"tags":[3614,61,2555,6955,6986,6263,63,105,6987,53,4854,4683,1548,102,213,55,5261,103,106,2803,2423,427,2625,380,104,979,1565],"aioseo_notices":[],"amp_enabled":true,"_links":{"self":[{"href":"https:\/\/speyer24news.com\/index.php?rest_route=\/wp\/v2\/posts\/29559"}],"collection":[{"href":"https:\/\/speyer24news.com\/index.php?rest_route=\/wp\/v2\/posts"}],"about":[{"href":"https:\/\/speyer24news.com\/index.php?rest_route=\/wp\/v2\/types\/post"}],"author":[{"embeddable":true,"href":"https:\/\/speyer24news.com\/index.php?rest_route=\/wp\/v2\/users\/3"}],"replies":[{"embeddable":true,"href":"https:\/\/speyer24news.com\/index.php?rest_route=%2Fwp%2Fv2%2Fcomments&post=29559"}],"version-history":[{"count":1,"href":"https:\/\/speyer24news.com\/index.php?rest_route=\/wp\/v2\/posts\/29559\/revisions"}],"predecessor-version":[{"id":29562,"href":"https:\/\/speyer24news.com\/index.php?rest_route=\/wp\/v2\/posts\/29559\/revisions\/29562"}],"wp:attachment":[{"href":"https:\/\/speyer24news.com\/index.php?rest_route=%2Fwp%2Fv2%2Fmedia&parent=29559"}],"wp:term":[{"taxonomy":"category","embeddable":true,"href":"https:\/\/speyer24news.com\/index.php?rest_route=%2Fwp%2Fv2%2Fcategories&post=29559"},{"taxonomy":"post_tag","embeddable":true,"href":"https:\/\/speyer24news.com\/index.php?rest_route=%2Fwp%2Fv2%2Ftags&post=29559"}],"curies":[{"name":"wp","href":"https:\/\/api.w.org\/{rel}","templated":true}]}}