{"id":29582,"date":"2020-08-01T06:56:30","date_gmt":"2020-08-01T05:56:30","guid":{"rendered":"https:\/\/speyer24news.com\/?p=29582"},"modified":"2020-08-01T06:58:19","modified_gmt":"2020-08-01T05:58:19","slug":"polizei-319","status":"publish","type":"post","link":"https:\/\/speyer24news.com\/?p=29582","title":{"rendered":"Polizei"},"content":{"rendered":"<style type=\"text\/css\">\r\n\t.ads_top_disp{}\r\n\t.ads_top_corner_disp{ float:left; margin:0px 10px 10px 0px; }\r\n\t.ads_first_p_disp{}\r\n\t.ads_bottom_disp{}\r\n\t<\/style>\n<h2 class=\"wp-block-heading\">Polizeimeldungen vom Freitag (31.07.2020)<\/h2>\n\n\n\n<div class=\"wp-block-image\"><figure class=\"aligncenter\"><img decoding=\"async\" src=\"https:\/\/speyer24news.com\/wp-content\/uploads\/2020\/01\/Aktuelles-Polizeilogo.jpg\" alt=\"\" class=\"wp-image-23832\"\/><\/figure><\/div>\n\n\n\n<h4 class=\"wp-block-heading\"><strong>(Speyer \/ Br\u00fchl) &#8211;<\/strong> Erfolgreiche Personenrettung \/ Gro\u00dfeinsatz auf dem Rhein<\/h4>\n\n\n\n<div class=\"wp-block-image\"><figure class=\"aligncenter\"><img decoding=\"async\" loading=\"lazy\" width=\"800\" height=\"538\" src=\"https:\/\/speyer24news.com\/wp-content\/uploads\/2020\/08\/116444548_3173670362670227_859894188083188599_o.jpg\" alt=\"\" class=\"wp-image-29583\" srcset=\"https:\/\/speyer24news.com\/wp-content\/uploads\/2020\/08\/116444548_3173670362670227_859894188083188599_o.jpg 800w, https:\/\/speyer24news.com\/wp-content\/uploads\/2020\/08\/116444548_3173670362670227_859894188083188599_o-300x202.jpg 300w, https:\/\/speyer24news.com\/wp-content\/uploads\/2020\/08\/116444548_3173670362670227_859894188083188599_o-768x516.jpg 768w\" sizes=\"(max-width: 800px) 100vw, 800px\" \/><\/figure><\/div>\n\n\n\n<p>Am Freitagabend (31.07.) wurde der sogenannte Rheinalarm ausgel\u00f6st. Gemeldet wurde um 21.26 Uhr ein gekentertes Boot im Bereich der Salierbr\u00fccke bei Speyer und mehrere Personen im Wasser. Zeitgleich wurden die Freiwilligen Feuerwehren Altlu\u00dfheim, Hockenheim, Schwetzingen, Ketsch, Br\u00fchl und die Unterkreisf\u00fchrungsgruppe alarmiert. Auch die Feuerwehren aus Rheinland-Pfalz und Einsatzkr\u00e4fte der Deutschen Lebens-Rettungs-Gesellschaft wurden verst\u00e4ndigt, ebenfalls Rettungsdienst, Notarzt und Polizei. Die Feuerwehr Br\u00fchl besetzte umgehend das Mehrzweckboot im Hafen und fuhr die gemeldete Einsatzstelle an. Parallel fuhren weitere Einsatzkr\u00e4fte den Bereitstellungsraum an der Kollerf\u00e4hre an und bildeten dort mit der Feuerwehr Eppelheim die Unterkreisf\u00fchrungsgruppe. Schnell wurde gemeldet, dass die Feuerwehr Speyer bereits Personen aus dem Wasser gerettet hatte. Somit beschr\u00e4nkte sich die T\u00e4tigkeit f\u00fcr die Bootsbesatzung darauf, sicherheitshalber den Uferbereich abzusuchen, bis eine endg\u00fcltige Best\u00e4tigung einging, dass alle Personen gerettet sind. (<em>Foto und Text: Freiwillige Feuerwehr Br\u00fchl<\/em>) <\/p>\n\n\n\n<h4 class=\"wp-block-heading\">(Speyer) &#8211; T\u00e4terfestnahme nach Ladendiebstahl und einiges anderes<\/h4>\n\n\n\n<p>Zwei Ladendiebe, die bereits am 24.07.2020 einen Diebstahl in der Auestra\u00dfe begangen hatten, wurden bei erneutem Betreten des Ladens am Donnerstagnachmittag von einem Mitarbeiter wiedererkannt, der daraufhin die Polizei verst\u00e4ndigte. Die beiden M\u00e4nner aus Karlsruhe und Pforzheim konnten anhand des vorliegenden Videomaterials eindeutig als T\u00e4ter identifiziert werden. Bei der Durchsuchung des mitgef\u00fchrten Fahrzeugs &#8211; f\u00fcr das keiner eine g\u00fcltige Fahrerlaubnis vorweisen konnte &#8211; wurden 3 Crack-Pfeifen und ein originalverpacktes Mobiltelefon aufgefunden, f\u00fcr das kein Eigentumsnachweise vorgelegt werden konnte. Der 28-j\u00e4hrige Karlsruher gab an, den PKW gefahren zu haben. Da er bereits hinl\u00e4nglich mit Verst\u00f6\u00dfen gegen das Bet\u00e4ubungsmittelgesetz aufgefallen war, wurde ein Drogenschnelltest bei ihm durchgef\u00fchrt. Dieser verlief positiv hinsichtlich Kokain, weshalb ihm eine Blutprobe entnommen wurde. Insofern erwartet ihn nun ein bunter Strau\u00df an Strafanzeigen.<\/p>\n\n\n\n<h4 class=\"wp-block-heading\">(Speyer) &#8211; Zwei Radfahrer bei Unfall verletzt<\/h4>\n\n\n\n<p>Zwei Radfahrer aus Speyer, 80 und 74 Jahre alt, kollidierten am Donnerstagvormittag auf einer Kreuzung in der Speyerer Altstadt mit ihren Fahrr\u00e4dern, da der J\u00fcngere der beiden seiner Wartepflicht nicht nachgekommen war. Beim Sturz vom Rad zog sich der 74-j\u00e4hrige Herr eine Platzwunde am Hinterkopf und Sch\u00fcrfwunden zu. Sein Unfallgegner erlitt neben Sch\u00fcrfwunden eine Quetschung im Bauchbereich, da er w\u00e4hrend des Sturzes auf den Lenker fiel. Beide Radler wurden im Anschluss zur weiteren medizinischen Versorgung in ein \u00f6rtliches Krankenhaus gebracht.<\/p>\n\n\n\n<h4 class=\"wp-block-heading\">(B\u00f6hl-Iggelheim) &#8211; Unfall unter Alkoholeinfluss<\/h4>\n\n\n\n<p>In der Nacht zum Freitag gegen 02:45 Uhr rief ein Anwohner der Hauptstra\u00dfe die Polizei, weil er durch einen lauten Knall auf einen Unfall aufmerksam geworden war. Die Beamten stellten vor Ort einen besch\u00e4digten Wagen fest, der mitten auf der Fahrbahn stand und von einem Tr\u00fcmmerfeld umgeben war. Darin lagen auch ein Mercedesstern und ein Kennzeichen. Nach kurzer Zeit kamen eine Frau und ihr Ehemann, bei dem es sich offenbar um den Unfallverursacher handelte, an die Unfallstelle. Sie f\u00fchrten die Polizisten zu ihrem Haus, wo unter dem Carport ein stark besch\u00e4digter Mercedes stand. Eine Spur aus verlorener Fl\u00fcssigkeit f\u00fchrte von der Unfallstelle bis zu dem Carport. Der Mann war alkoholisiert. Er r\u00e4umte ein, den Unfall verursacht zu haben, verweigerte aber einen Atemalkoholtest. Er musste die Beamten im Anschluss zur Dienststelle begleiten, wo ihm eine Blutprobe entnommen wurde. Sein F\u00fchrerschein ist sichergestellt worden. Ihn erwartet nun ein Strafverfahren wegen der Gef\u00e4hrdung des Stra\u00dfenverkehrs. Au\u00dferdem ist die F\u00fchrerscheinstelle \u00fcber den Vorfall informiert worden.<\/p>\n\n\n\n<h4 class=\"wp-block-heading\">(Germersheim-Sondernheim) &#8211; Badeunfall<\/h4>\n\n\n\n<div class=\"wp-block-image\"><figure class=\"aligncenter\"><img decoding=\"async\" loading=\"lazy\" width=\"800\" height=\"533\" src=\"https:\/\/speyer24news.com\/wp-content\/uploads\/2020\/03\/candle-2905395_1920.jpg\" alt=\"\" class=\"wp-image-25905\" srcset=\"https:\/\/speyer24news.com\/wp-content\/uploads\/2020\/03\/candle-2905395_1920.jpg 800w, https:\/\/speyer24news.com\/wp-content\/uploads\/2020\/03\/candle-2905395_1920-300x200.jpg 300w, https:\/\/speyer24news.com\/wp-content\/uploads\/2020\/03\/candle-2905395_1920-768x512.jpg 768w\" sizes=\"(max-width: 800px) 100vw, 800px\" \/><\/figure><\/div>\n\n\n\n<p>Am Freitag, den 31.07.2020, gegen Nachmittag kam es aus bislang ungekl\u00e4rter Ursache zu einem tragischen Badeunfall in Germersheim, Ortsteil Sondernheim. Ein 19-J\u00e4hriger war mit seinen Freunden am dortigen &#8222;Baggersee am Sch\u00fctzenhaus&#8220; schwimmen. Die Freunde konnten beobachten, wie der Schwimmer im See pl\u00f6tzlich unterging, ohne dass diese ihm helfen konnten. Von Tauchern der DLRG konnte der Schwimmer nur noch leblos unter Wasser treibend geborgen werden, eingeleitete Reanimationsma\u00dfnahmen verliefen erfolglos. Die Ermittlungen dauern an.<\/p>\n\n\n\n<h4 class=\"wp-block-heading\">(R\u00fclzheim \/ B 9) &#8211; Schwerer Verkehrsunfall mit Vollsperrung auf B9<\/h4>\n\n\n\n<p>Am Freitagabend gegen 20:30 Uhr kam es auf der B9 in Fahrtrichtung Speyer zwischen den Anschlussstellen R\u00fclzheim-S\u00fcd und R\u00fclzheim-Nord zu einem schweren Verkehrsunfall. Ein 56-j\u00e4hriger Motorradfahrer \u00fcberholte zun\u00e4chst ein unbeteiligtes Fahrzeug. Beim anschlie\u00dfenden Wiedereinscheren auf die rechte Fahrspur fuhr er auf das vor ihm fahrende Fahrzeug einer 59-j\u00e4hrigen Frau auf. Hierdurch kam der Motorradfahrer zu Sturz und erlitt schwere Verletzungen. Er wurde durch einen Rettungshubschrauber in ein Krankenhaus verbracht. Die 59-j\u00e4hrige Fahrzeugf\u00fchrerin blieb unverletzt. Es entstand ein Gesamtsachschaden in H\u00f6he von ca. 3.000 Euro. Unfallurs\u00e4chlich d\u00fcrften nicht angepasste Geschwindigkeit und eine Alkoholisierung des Motorradfahrers sein. Zur Verkehrsunfallaufnahme musste die Fahrbahn voll gesperrt werden. Die Sperrung dauert voraussichtlich noch bis Mitternacht an.<\/p>\n\n\n\n<h4 class=\"wp-block-heading\">(Herxheim) &#8211; Zwei Einbr\u00fcche in Herxheim<\/h4>\n\n\n\n<p>Unbekannte T\u00e4ter drangen zwischen dem 26.07 und 30.07.2020 mittels der Fensterbohrer-Technik in zwei Einfamilienh\u00e4user in Herxheim ein und entwendeten Schmuck und Bargeld im Wert von rund 2000,- Euro. Die Hausbewohner befanden sich im Tatzeitraum in Kurzurlaub. In Ferienzeiten r\u00e4t Ihnen die Polizei: Achten Sie auf Fremde in Ihrer Wohnanlage oder auf dem Nachbargrundst\u00fcck. Bitte melden Sie verd\u00e4chtige Beobachtungen sofort Ihrer n\u00e4chsten Polizeidienststelle. Tipps und Hilfestellung, wie Sie ihr zu Hause gegen Einbruch sch\u00fctzen k\u00f6nnen, erhalten Sie bei allen Polizeidienststellen und im Internet, u.a. auf&nbsp;<a rel=\"noreferrer noopener\" target=\"_blank\" href=\"http:\/\/www.polizeiberatung.de\/\">www.polizeiberatung.de<\/a>.<\/p>\n\n\n\n<h4 class=\"wp-block-heading\">(Bad Bergzabern) &#8211; Pkw zerkratzt<\/h4>\n\n\n\n<p>In der Weinstra\u00dfe im Bereich Hausnummer 83, wurde am 30.07.2020, zwischen 12:00 und 16:00 Uhr, ein geparkter schwarzer Mercedes Benz, E-Klasse zerkratzt. Der Sachschaden liegt bei mehreren Hundert Euro. Zeugen werden gebeten sich mit der Polizei in Bad Bergzabern unter 06343 93340 oder per E-Mail&nbsp;<a href=\"mailto:pibadbergzabern@polizei.rlp.de\">pibadbergzabern@polizei.rlp.de<\/a>&nbsp;in Verbindung zu setzen.<\/p>\n\n\n\n<h4 class=\"wp-block-heading\">(Landau) &#8211; W\u00e4schediebst\u00e4hle \/ Polizei sucht Betroffene<\/h4>\n\n\n\n<p>Wie bereits berichtet, kam es in den vergangenen Monaten mehrfach zu W\u00e4schediebst\u00e4hlen, bei denen in Privatg\u00e4rten in Landau aufgeh\u00e4ngte W\u00e4sche gestohlen wurde. Bislang wurde W\u00e4sche im Gesamtwert von rund 3100 Euro entwendet. Die letzte polizeilich registrierte Tat ereignete sich in der Nacht vom 10.07.2020 auf den 11.07.2020. Die Polizei Landau bittet Betroffene, die bislang noch keine Anzeige erstattet haben sich zu melden. Zeugenhinweise nimmt die Polizei Landau telefonisch unter 06341\/2870 oder per Mail an&nbsp;<a href=\"mailto:pilandau@polizei.rlp.de\">pilandau@polizei.rlp.de<\/a>&nbsp;entgegen.<\/p>\n\n\n\n<h4 class=\"wp-block-heading\">(Landau-Godramstein \/ B 10) &#8211; Schwerer Verkehrsunfall mit Vollsperrung der B10<\/h4>\n\n\n\n<p>Am heutigen Mittag, gegen 13:00 Uhr, ereignete sich ein schwerer Verkehrsunfall im Begegnungsverkehr auf der Bundesstra\u00dfe 10, zwischen den Anschlussstellen Landau-Godramstein und Birkweiler.<\/p>\n\n\n\n<p>Ein 62-j\u00e4hriger Autofahrer aus dem Bereich Neunkirchen \/ Saar befuhr die B10 von Pirmasens kommend in Richtung Landau. Eine 56-j\u00e4hrige Autofahrerin aus dem Raum S\u00fcdliche Weinstra\u00dfe befuhr die B10 in entgegengesetzte Richtung.<\/p>\n\n\n\n<p>In H\u00f6he der Anschlussstelle Landau-Godramstein kam es zum frontalen Zusammensto\u00df der beiden Fahrzeuge. Das Auto des 62-J\u00e4hrigen war zus\u00e4tzlich mit zwei Kindern im Alter von 11 und 8 Jahren besetzt.<\/p>\n\n\n\n<p>Durch den Zusammensto\u00df wurden die beiden Fahrer schwer verletzt und mussten mittels Rettungshubschraubern in umliegende Krankenh\u00e4user verbracht werden. Die beiden Kinder trugen lediglich leichte Verletzungen davon und wurden in eine nahliegende Kinderklinik verbracht. F\u00fcr den 62-j\u00e4hrigen Autofahrer besteht aktuell Lebensgefahr.<\/p>\n\n\n\n<p>Bei beiden Fahrzeugen entstand wirtschaftlicher Totalschaden. Der Sachschaden wird auf ca. 20.000 Euro gesch\u00e4tzt. Zum Zwecke der Unfallaufnahme und Rettungsarbeiten musste die Fahrbahn in beide Richtungen voll gesperrt werden.<\/p>\n\n\n\n<p>Die Vollsperrung der B10 dauert mehrere Stunden bis 17:00 Uhr an.<\/p>\n\n\n\n<h4 class=\"wp-block-heading\">(Hainfeld) &#8211; Vandalismus<\/h4>\n\n\n\n<p>In der Nacht vom 24.07. auf dem 25.07.2020 wurden durch unbekannte T\u00e4ter wurde eine massive Sitzgruppe aus Holz aus ihrer Verankerung gerissen. Betroffen ist die Sitzgruppe in der Verl\u00e4ngerung der Stra\u00dfe Zum wei\u00dfen Kreuz. M\u00f6gliche Zeugen k\u00f6nnen sich unter 06323-9550 an die Polizeiinspektion Edenkoben wenden.<\/p>\n\n\n\n<h4 class=\"wp-block-heading\">(Neustadt) &#8211; Betrunken zur Polizeidienststelle gefahren<\/h4>\n\n\n\n<p>Am 01.08.2020, um kurz vor 02:00 Uhr, sprach ein 39-j\u00e4hriger Mann zun\u00e4chst im Neustadter Krankenhaus aufgrund einer kleineren Verletzung vor. Nach Abschluss der Behandlung setze sich der Mann in sein Auto und fuhr davon. Da einigen Passanten auffiel, dass der Mann augenscheinlich betrunken war, informierten sie die Polizei. Das Fahrzeug konnte im Rahmen der Fahndung zwar zun\u00e4chst nicht angetroffen werden, der 39-j\u00e4hrige Mann erschien jedoch um kurz nach 02:00 Uhr mit seinem PKW auf hiesiger Polizeidienststelle. Weshalb der Mann die Dienststelle aufsuchte, konnte nicht gekl\u00e4rt werden, es konnte jedoch erheblicher Atemalkoholgeruch festgestellt werden. Ein freiwilliger Atemalkoholtest ergab einen Wert von \u00fcber 3 Promille. Zudem beleidigte er im Rahmen der Sachverhaltsaufnahme noch eine Polizistin. Ihm wurde eine Blutprobe entnommen, der F\u00fchrerschein wurde mit dem Ziel der vorl\u00e4ufigen Entziehung der Fahrerlaubnis beschlagnahmt und die Fahrzeugschl\u00fcssel wurden sichergestellt. Der Mann wurde daraufhin aus der polizeilichen Ma\u00dfnahme entlassen und er trat seinen Heimweg zu Fu\u00df an. Strafanzeigen wegen Trunkenheit im Verkehr und Beleidigung wurden aufgenommen.<\/p>\n\n\n\n<h4 class=\"wp-block-heading\">(Neustadt) &#8211; Zwei Elektrokleinstfahrzeuge ohne Versicherungsschutz<\/h4>\n\n\n\n<p>Innerhalb weniger Minuten wurden am 30.07.2020 um kurz nach 16:30 Uhr zwei junge M\u00e4nner mit sog. E-Scootern unabh\u00e4ngig voneinander angehalten und kontrolliert. Im Rahmen der Kontrollen in der Konrad-Adenauer-Stra\u00dfe und in der Friedrichstra\u00dfe wurde festgestellt, dass die Fahrer der E-Scooter keine g\u00fcltige Versicherung f\u00fcr ihr Gef\u00e4hrt vorweisen k\u00f6nnen. Beide erwartet nun ein Strafverfahren wegen dem Versto\u00df gegen das Pflichtversicherungsgesetz. Auch den Vater (Halter des E-Scooters) eines Fahrers erwartet ein Strafverfahren. Er lie\u00df zu, dass der Sohn seinen E-Scooter ohne Versicherung benutzt.<\/p>\n\n\n\n<h4 class=\"wp-block-heading\">(Neustadt) &#8211; Geschwindigkeitskontrollen auf der B39<\/h4>\n\n\n\n<p>Am Vormittag des 29.07.2020 wurden auf der B39 im Bereich des Sportplatzes Neustadt\/Wstr.-Geinsheim Geschwindigkeitskontrollen durchgef\u00fchrt. Insgesamt wurden durch die Polizeibeamten 20 Fahrzeugf\u00fchrer*innen mit \u00fcberh\u00f6hter Geschwindigkeit gemessen, entsprechend kontrolliert und verwarnt. Der h\u00f6chste gemessene Wert betrug 108km\/h bei erlaubten 70km\/h. Ein*e Fahrzeugf\u00fchrer*in \u00fcberholte trotz bestehendem \u00dcberholverbot, sie\/ihn erwartet ebenfalls eine Ordnungswidrigkeitenanzeige. Bei sieben der kontrollierten Fahrzeuge konnten technische M\u00e4ngel festgestellt werden oder.<\/p>\n\n\n\n<h4 class=\"wp-block-heading\">(Bad D\u00fcrkheim) &#8211; Verkehrsunfall mit Flucht \/ Zeugen gesucht!<\/h4>\n\n\n\n<p>Der VW Golf einer Frau aus Ludwigshafen wurde am Mittwoch, den 29.07.2020, im Zeitraum von 19:15 Uhr bis 21:45 Uhr von einem bislang unbekannten Fahrzeugf\u00fchrer besch\u00e4digt.<\/p>\n\n\n\n<p>Der Golf war in Bad D\u00fcrkheim auf der linken Seite des Zufahrtsweges zum Winzerhof &#8222;Wolfsbrunnen&#8220; mit der Fahrerseite zum Weg hin im Wingert geparkt abgestellt. Besch\u00e4digt wurden der linke Au\u00dfenspiegel sowie die linke Fahrert\u00fcr. Der Schaden bel\u00e4uft sich auf ca. 4000 Euro.<\/p>\n\n\n\n<p>Zeugen, die sachdienliche Hinweise zu Verkehrsunfallverursacher oder Fahrzeug geben k\u00f6nnen, werden gebeten diese telefonisch unter 06322 963 0 oder per E-Mail an&nbsp;<a href=\"mailto:pibadduerkheim@polizei.rlp.de\">pibadduerkheim@polizei.rlp.de<\/a>&nbsp;mitzuteilen.<\/p>\n\n\n\n<h4 class=\"wp-block-heading\">(Hettenleidelheim \/ B 47) &#8211; PKW und Anh\u00e4nger \u00fcberschlagen sich auf der B47<\/h4>\n\n\n\n<p>Am 31.07.2020 kam es gegen 12:55 Uhr zu einem Verkehrsunfall auf der B47 bei Hettenleidelheim, wobei sich das Fahrzeug des Unfallverursachers \u00fcberschlug und im Stra\u00dfengraben landete.<\/p>\n\n\n\n<p>Ein 43-j\u00e4hrige Tiefenthaler fuhr mit seinem PKW die B47 von der A6 her kommend in Richtung Eisenberg. In H\u00f6he der Einm\u00fcndung zur L453 nach Tiefenthal kam er aus bisher ungekl\u00e4rter Ursache nach rechts von der Fahrbahn ab und kollidierte kurz darauf mit dem Anh\u00e4nger eines 56-j\u00e4hrigen Neuleiningers, der gerade mit seinem PKW von der B47 nach rechts auf die L453 abbog.<\/p>\n\n\n\n<p>Hierdurch wurde der Anh\u00e4nger von der Anh\u00e4ngerkupplung gel\u00f6st und umgest\u00fcrzt. Der Unfallverursacher schleuderte anschlie\u00dfend \u00fcber die Verkehrsinsel, \u00fcberschlug sich und landete letztendlich hinter dem Einm\u00fcndungsbereich im rechten Stra\u00dfengraben.<\/p>\n\n\n\n<p>Durch den Unfall wurde der Unfallverursacher leicht verletzt und wurde in ein Krankenhaus verbracht. Beide PKW und der Anh\u00e4nger wurden besch\u00e4digt und waren z.T. auch nicht mehr fahrbereit.<\/p>\n\n\n\n<p>F\u00fcr die Unfallaufnahme und Bergungsarbeiten musste die L453 ca. 90 Minuten gesperrt werden.<\/p>\n\n\n\n<p>Die Ermittlungen zur Unfallursache laufen.<\/p>\n\n\n\n<h4 class=\"wp-block-heading\">(Frankenthal) &#8211; Verkehrsunfallflucht in Westlicher Ringstra\u00dfe<\/h4>\n\n\n\n<p>Die 20-j\u00e4hrige Fahrerin eines goldfarbenen Ford Ka stellte ihr Fahrzeug am 30.07.20 gegen 11:00 Uhr in der Westlichen Ringstra\u00dfe in Frankenthal ab. Als sie gegen 13:15 Uhr zu dem Fahrzeug zur\u00fcckkehrte, stellte sie einen frischen Unfallschaden am Fahrzeugheck fest. Vermutlich besch\u00e4digte ein unbekannter Fahrzeugf\u00fchrer beim Ausparken den Ford und entfernte sich unerlaubt von der Unfallstelle. Die Polizei sucht Zeugen des Unfalles. Der Schaden bel\u00e4uft sich auf mindestens 800 Euro.<\/p>\n\n\n\n<h4 class=\"wp-block-heading\">(Ludwigshafen) &#8211; Schwerverletzter bei Unfall in der Bruchwiesenstra\u00dfe<\/h4>\n\n\n\n<p>Am 30.07.2020 gegen 23:55 Uhr kam es in der Bruchwiesenstra\u00dfe zu einem Verkehrsunfall bei dem ein 25-J\u00e4hriger schwer verletzt wurde. Der junge Mann war in Richtung Deutsche Stra\u00dfe gefahren, als er nach rechts von der Fahrbahn abkam. In der Folge touchierte er einen Handlauf f\u00fcr Fu\u00dfg\u00e4nger, \u00fcberfuhr einen Ampelmast, einen Verkehrszeichenmast und kam eingeklemmt zwischen zwei B\u00e4umen auf einem Gr\u00fcnstreifen zum Stehen. Insgesamt entstand ein Sachschaden von etwa 4500 Euro.<\/p>\n\n\n\n<p>Zum derzeitigen Stand der Ermittlungen kann davon ausgegangen werden, dass der 25-J\u00e4hrige auf Grund von unangepasster Geschwindigkeit und dem Konsum von Alkohol von der Stra\u00dfe abkam.<\/p>\n\n\n\n<p>Sachdienliche Hinweise bitte an die Polizeiinspektion Ludwigshafen 1, Telefonnummer 0621 963-2122 oder per E-Mail&nbsp;<a href=\"mailto:piludwigshafen1@polizei.rlp.de\">piludwigshafen1@polizei.rlp.de<\/a>.<\/p>\n\n\n\n<h4 class=\"wp-block-heading\">(Ludwigshafen) &#8211; 73-j\u00e4hrige Frau vermisst \/ Frau wieder da<\/h4>\n\n\n\n<h4 class=\"wp-block-heading\" style=\"text-align:center\">Nachtrag zur Pressemeldung vom 30.07.2020<\/h4>\n\n\n\n<p>Die 73-j\u00e4hrige Frau konnte in der Donnerstagnacht wohlbehalten in der Ludwigshafener Innenstadt angetroffen werden.<\/p>\n\n\n\n<h4 class=\"wp-block-heading\">(Ludwigshafen) &#8211; Unfall mit leicht verletzter Person<\/h4>\n\n\n\n<p>Am Donnerstagnachmittag gegen 14:45 Uhr kam es an der Kreuzung Saarlandstra\u00dfe \/ Adlerdamm zu einem Verkehrsunfall. Eine 29-j\u00e4hrige Autofahrerin habe die Vorfahrt eines 34-j\u00e4hrigen Autofahrers missachtet. Das Auto des 34-j\u00e4hrigen \u00fcberschlug sich durch den Zusammensto\u00df. Der Fahrer wurde leicht verletzt und wurde durch den Rettungsdienst in ein Krankenhaus verbracht. Die Ampelanlage war zum Unfallzeitpunkt ausgefallen und zeigte gelbes Blinklicht an. Der Kreuzungsbereich musste f\u00fcr die Dauer der Unfallaufnahme gesperrt werden.<\/p>\n\n\n\n<h4 class=\"wp-block-heading\">(Ludwigshafen) &#8211; Drogenh\u00e4ndler in Untersuchungshaft<\/h4>\n\n\n\n<h4 class=\"wp-block-heading\">Gemeinsame Pressemitteilung von Staatsanwaltschaft Frankenthal und Polizeipr\u00e4sidium Rheinpfalz<\/h4>\n\n\n\n<div class=\"wp-block-image\"><figure class=\"aligncenter\"><img decoding=\"async\" src=\"https:\/\/speyer24news.com\/wp-content\/uploads\/2020\/03\/Zelle.jpg\" alt=\"\" class=\"wp-image-25718\"\/><\/figure><\/div>\n\n\n\n<p>Am 29.07.2020, gegen 18:20 Uhr, kontrollierten Beamte der Kriminalpolizei Ludwigshafen einen 37-j\u00e4hrigen Ludwigshafener in der Schanzstra\u00dfe. Die Beamten konnten bei dem Mann ca. 100 Gramm Amphetamin, eine geringe Menge Marihuana und 2 Ecstasy-Tabletten auffinden. Der 37-J\u00e4hrige wurde aufgrund des Verdachtes des Handels mit Bet\u00e4ubungsmitteln vorl\u00e4ufig festgenommen. Er wurde am 30.07.2020 dem Haftrichter vorgef\u00fchrt. Dieser erlie\u00df, auf Antrag der Staatsanwaltschaft Frankenthal, Untersuchungshaftbefehl. Der Ludwigshafener kam anschlie\u00dfend in eine Justizvollzugsanstalt.<\/p>\n\n\n\n<h4 class=\"wp-block-heading\">(Mannheim-Innenstadt) &#8211; Person nach Verkehrsunfall in Klinik verstorben \/ Polizei sucht Zeugen<\/h4>\n\n\n\n<div class=\"wp-block-image\"><figure class=\"aligncenter\"><img decoding=\"async\" loading=\"lazy\" width=\"800\" height=\"533\" src=\"https:\/\/speyer24news.com\/wp-content\/uploads\/2020\/03\/candle-2905395_1920.jpg\" alt=\"\" class=\"wp-image-25905\" srcset=\"https:\/\/speyer24news.com\/wp-content\/uploads\/2020\/03\/candle-2905395_1920.jpg 800w, https:\/\/speyer24news.com\/wp-content\/uploads\/2020\/03\/candle-2905395_1920-300x200.jpg 300w, https:\/\/speyer24news.com\/wp-content\/uploads\/2020\/03\/candle-2905395_1920-768x512.jpg 768w\" sizes=\"(max-width: 800px) 100vw, 800px\" \/><\/figure><\/div>\n\n\n\n<p>Der Polizei wurde am Freitagvormittag durch ein Krankenhaus in Mannheim gemeldet, dass ein 63-j\u00e4hriger Patient verstorben sei, der offenbar am Dienstag, 28.07.2020 in der Mannheimer Innenstadt einen Verkehrsunfall hatte. Der Unfall wurde der Polizei bislang nicht gemeldet.<\/p>\n\n\n\n<p>Nach derzeitigem Erkenntnisstand soll der 63-J\u00e4hrige mit seinem Fahrrad die Rheinstra\u00dfe befahren haben und sei dabei alleinbeteiligt von Rad gest\u00fcrzt. Hierbei zog er sich offenbar einen Beckenbruch zu. Er wurde von Rettungskr\u00e4ften in eine Klinik eingeliefert, wo er, nachdem sich sein Zustand immer weiter verschlechtert hatte, am fr\u00fchen Freitagmorgen seinen schweren Verletzungen erlegen ist und verstarb.<\/p>\n\n\n\n<p>Durch wen die Rettungskr\u00e4fte verst\u00e4ndigt wurden, ist derzeit noch nicht bekannt. Zeugen, die den Unfall beobachtet haben und sachdienliche Hinweise zum Unfallgeschehen geben k\u00f6nnen, werden gebeten, sich bei der Verkehrspolizei Mannheim, Tel.: 0621\/174-4222 zu melden.<\/p>\n\n\n\n<h4 class=\"wp-block-heading\">(Mannheim-Oststadt) &#8211; Ohne F\u00fchrerschein mit dem Auto unterwegs und unter Alkoholeinfluss Unfall gebaut und abgehauen<\/h4>\n\n\n\n<p>Am Donnerstagnachmittag war ein 49-j\u00e4hriger Mann mit dem Auto im Stadtteil Oststadt unterwegs, obwohl er nicht im Besitz einer Fahrerlaubnis war. Dabei verursachte er unter Alkoholeinfluss einen Verkehrsunfall und fl\u00fcchtete von der Unfallstelle.<\/p>\n\n\n\n<p>Der 49-J\u00e4hrige fuhr kurz nach 16 Uhr mit seinem Opel auf dem Kaiserring in Richtung Hauptbahnhof unterwegs. Auf der linken Abbiegerspur in Richtung Reichskanzler-M\u00fcller-Stra\u00dfe fuhr er einem 68-j\u00e4hrigen Autofahrer auf, der mit seinem Porsche an der roten Ampel stand. Der 49-J\u00e4hrige stieg kurz aus und sprach mit dem Porsche-Fahrer, ohne jedoch seine Personalien zu hinterlassen. Anschlie\u00dfend stieg er wieder ein und fuhr einfach davon. Der Porsche-Fahrer konnte noch das Kennzeichen des Opel aufnehmen und verst\u00e4ndigte die Polizei.<\/p>\n\n\n\n<p>Der unfallbesch\u00e4digte Opel konnte unweit des Wohnorts des Fahrzeughalters, am Fahrbahnrand geparkt, festgestellt werden. Zwischen Wohnort des Halters und Abstellort des Fahrzeugs trafen die Beamten schlie\u00dflich den Fahrzeughalter an und kontrollierten ihn. Dabei bemerkten sie sofort deutlichen Alkoholgeruch in dessen Atem. Ein Alkoholtest ergab einen Wert von rund 1,4 Promille. Der Mann wurde daraufhin zum Polizeirevier Mannheim-Innenstadt gebracht, wo ihm eine Blutprobe entnommen wurde. Sein F\u00fchrerschein konnte nicht einbehalten werden, da er gar nicht mehr im Besitz eines solchen war.<\/p>\n\n\n\n<p>Gegen den 49-J\u00e4hrigen wird nun wegen Stra\u00dfenverkehrsgef\u00e4hrdung, Unfallflucht und Fahrens ohne Fahrerlaubnis ermittelt.<\/p>\n\n\n\n<h4 class=\"wp-block-heading\">(Mannheim-Neckarstadt-West \/ -Jungbusch) &#8211; Schwerpunktkontrollen im Rahmen der Konzeption #SichereNeckarstadt<\/h4>\n\n\n\n<p>Das Polizeipr\u00e4sidium Mannheim f\u00fchrte am fr\u00fchen Donnerstagmorgen unter Federf\u00fchrung der BAO West \/ #SichereNeckarstadt umfangreiche Kontrollen hinsichtlich des Anwerbens oder Anbietens arbeitswilliger Menschen f\u00fcr einfach gelagerte T\u00e4tigkeiten f\u00fcr die Dauer von einem oder weniger Tage gegen bares Entgelt, durch. Erfahrungsgem\u00e4\u00df werden dabei h\u00e4ufig auch Tatbest\u00e4nde des Schwarzarbeitsgesetzes, begleitet von ausl\u00e4nderrechtlichen Verst\u00f6\u00dfen und Sozialleistungsbetr\u00fcgereien erf\u00fcllt. Die Polizei Mannheim wurde von der Bereitschaftspolizei beim Polizeipr\u00e4sidium Einsatz und der Finanzkontrolle Schwarzarbeit beim Hauptzollamt Karlsruhe unterst\u00fctzt.<\/p>\n\n\n\n<p>In der Zeit zwischen vier Uhr und zehn Uhr kontrollierten 16 Beamte von Polizei und Zoll an verschiedenen \u00d6rtlichkeiten in den Stadtteilen Neckarstadt-West und Jungbusch insgesamt 28 Personen und 9 Fahrzeuge. Hierbei wurden nachfolgende Ergebnisse erzielt:<\/p>\n\n\n\n<ul><li>5 Personen aus der Ukraine und Wei\u00dfrussland hielten sich illegal im Bundesgebiet auf und hatten illegal eine Besch\u00e4ftigung aufgenommen. Deren Ausweisdokumente wurden einbehalten und der zust\u00e4ndigen Ausl\u00e4nderbeh\u00f6rde zugeleitet. Vor dort wurden Ausreiseverf\u00fcgungen erlassen. Gegen alle Personen wurden Strafverfahren eingeleitet. Auch gegen die Arbeitgeber wird ermittelt.<\/li><li>Bei zwei Personen besteht der Anfangsverdacht der illegalen Besch\u00e4ftigung und bei zwei Personen bestand der Verdacht des Sozialleistungsbetrugs. Die Ermittlungen der Finanzkontrolle Schwarzarbeit hierzu dauern an. <\/li><\/ul>\n\n\n\n<p>Diese Ma\u00dfnahmen, die im Rahmen der Konzeption #SichereNeckarstadt durchgef\u00fchrt wurden, dienen der effektiven und nachhaltigen Bek\u00e4mpfung der illegalen Besch\u00e4ftigung und der h\u00e4ufig damit zusammenh\u00e4ngenden Deliktsfelder der Schwarzarbeit und des Sozialleistungsbetrugs. Die Erh\u00f6hung des Kontrolldrucks auf die Arbeitgeber dient weiterhin der Aufrechterhaltung der notwendigen Ordnung, insbesondere auch im Hinblick auf die derzeitige Pandemie-Situation.<\/p>\n\n\n\n<p>Derartige Kontrollen werden, auch zur nachhaltigen St\u00e4rkung und Steigerung des subjektiven Sicherheitsempfindens der Bev\u00f6lkerung, fortgesetzt.<\/p>\n\n\n\n<h4 class=\"wp-block-heading\">(Mannheim-Gartenstadt) &#8211; 45-j\u00e4hrige Fahrradfahrerin bei Verkehrsunfall schwer verletzt<\/h4>\n\n\n\n<p>Bei einem Verkehrsunfall am Donnerstagnachmittag im Stadtteil Gartenstadt wurde eine 45-j\u00e4hrige Radfahrerin schwer verletzt. Eine 22-j\u00e4hrige Frau befuhr kurz vor 15 Uhr mit ihrem Opel den Siebseeweg. An der Kreuzung zur Wotanstra\u00dfe nahm sie der 45-J\u00e4hrigen, die mit ihrem Fahrrad in der Wotanstra\u00dfe unterwegs war und stie\u00df mit ihr zusammen. Dabei st\u00fcrzte die Frau und zog sich schwere Verletzungen zu. Die Frau, die keinen Fahrradhelm getragen hatte, wurde in ein Krankenhaus eingeliefert, wo sie station\u00e4r aufgenommen wurde. \u00dcber Art und Schwere Ihrer Verletzungen liegen keine weiteren Informationen vor.<\/p>\n\n\n\n<p>Die Verkehrspr\u00e4vention beim Polizeipr\u00e4sidium Mannheim r\u00e4t, unter dem Motto &#8222;Kluge K\u00f6pfe sch\u00fctzen sich und ihr Bestes&#8220; beim Fahrradfahrer stets einen Helm zu tragen. Damit k\u00f6nnen Unfall zwar nicht verhindert werden, jedoch kann durch das Tragen eines Helmes positiv Einfluss auf die Unfallfolgen genommen werden!<\/p>\n\n\n\n<h4 class=\"wp-block-heading\">(Mannheim-Feudenheim) &#8211; Farbschmierer-Trio erwischt und festgenommen<\/h4>\n\n\n\n<p>Drei Junge Leute beschmierten am Donnerstagabend die Eisenbahnbr\u00fccke an der Schleuse in Feudenheim mit Spr\u00fchfarbe. Ein Zeuge beobachtete gegen 22.30 Uhr drei Personen, die sich auf der Eisenbahnbr\u00fccke aufhalten sollten, Alkohol trinken w\u00fcrden und die Br\u00fccke bespr\u00fchen w\u00fcrden. Beim Eintreffen einer Polizeistreife, konnten drei Personen im Alter von 16 bis 18 Jahren angetroffen und festgenommen werden, die gerade fluchtartig den Tatort verlassen wollten. Sie f\u00fchrten einen Stoffbeutel mit sich, in dem sich mehrere Farbspraydosen befanden. Die Farbe entsprach exakt der Farbe der noch feuchten Schmierereien an der Br\u00fccke. Nach Feststellung der Personalien wurde eine 18-J\u00e4hrige noch vor Ort auf freien Fu\u00df entlassen, die beiden minderj\u00e4hrigen Jugendlichen wurden in die Obhut ihrer Eltern gegeben. Gegen alle drei wird nun wegen Sachbesch\u00e4digung ermittelt.<\/p>\n\n\n\n<h4 class=\"wp-block-heading\">(Mannheim-K\u00e4fertal) &#8211; 14-J\u00e4hriger greift nach r\u00e4uberischem Diebstahl Polizeibeamte t\u00e4tlich an<\/h4>\n\n\n\n<p>Ein 14-j\u00e4hriger Jugendlicher wurde am Donnerstagabend im Stadtteil K\u00e4fertal nach einem r\u00e4uberischen Diebstahl festgenommen und griff dabei Polizeibeamte t\u00e4tlich an.<\/p>\n\n\n\n<p>Der 14-J\u00e4hrige wurde kurz vor 19 Uhr von einem Ladendetektiv in einem Lebensmittelmarkt in der Mannheimer Stra\u00dfe dabei beobachtet, wie er eine Flasche Whisky und zwei Dosen Energy-Drink in seinen Rucksack steckte. Anschlie\u00dfend nahm er zwei weitere Dosen Energy-Drink, bezahlte diese und verlie\u00df, ohne die Ware im Rucksack zu bezahlen, das Gesch\u00e4ft. Als er vom Ladendetektiv angesprochen und festgehalten wurde, riss er sich los, schlug nach dem Detektiv und fl\u00fcchtete. Der Detektiv folgte ihm verst\u00e4ndigte dabei die Polizei. Im Stempelpark konnte er den Polizeibeamten schlie\u00dflich den T\u00e4terzeigen, der sich mit weiteren Jugendlichen im Bereich des Kinderspielplatzes aufhielt. Beim Herantreten an die Gruppe, ergriff dieser rasch den Rucksack und machte Anstalten, zu fl\u00fcchten. Nachdem ihm die vorl\u00e4ufige Festnahme erkl\u00e4rt worden war, griff er einen der Beamten mit einem Faustschlag ins Gesicht an. Er wurde von den Ordnungsh\u00fctern ergriffen und zu Boden gebracht. Dabei wehrte er sich aufs heftigste. Er konnte sich schlie\u00dflich wieder aus den Griffen befreien und baute sich drohend vor den Beamten auf. Er konnte nach dem Einsatz von Pfefferspray schlie\u00dflich \u00fcberw\u00e4ltigt werden. Dabei versuchte noch ein 15-J\u00e4hriger durch Wegziehen eines Beamten, den Festgenommenen wieder zu befreien. Der 14-J\u00e4hrige wurden im Anschluss zum Polizeirevier Mannheim-K\u00e4fertal gebracht, von wo er nach Abschluss der polizeilichen Ma\u00dfnahmen in die Obhut der Betreuer seiner Wohneinrichtung im Stadteil Seckenheim gegeben wurde.<\/p>\n\n\n\n<p>Gegen den 14-J\u00e4hrigen wird nun wegen r\u00e4uberischen Diebstahls und t\u00e4tlichen Angriffs auf Polizeibeamte ermittelt. Gegen den 15-J\u00e4hrigen wurden Ermittlungen wegen des Verdachts der Gefangenenbefreiung eingeleitet.<\/p>\n\n\n\n<h4 class=\"wp-block-heading\">(Heidelberg-Bergheim) &#8211; Motorradfahrer ohne Helm fl\u00fcchtet vor der Polizei \/ Zeugen und Gesch\u00e4digte gesucht!<\/h4>\n\n\n\n<p>Am Freitag gegen 12 Uhr fiel einer Streifenbesatzung des Polizeireviers Heidelberg-Mitte ein Motorrad in der Bergheimer Stra\u00dfe auf, dessen Fahrer ohne Helm unterwegs war. Als die Beamten das Krad kontrollieren wollten, gab der Mann Gas und fuhr \u00fcber die Gartenstra\u00dfe und die Thibautstra\u00dfe in Richtung B 37\/Vangerowstra\u00dfe. Dabei raste er \u00fcber die Sperrfl\u00e4che und \u00fcberholte mit hoher Geschwindigkeit mehrere Fahrzeuge und konnte so entkommen. Einem Zeugenhinweis zufolge fuhr das Motorrad weiter mit sehr hoher Geschwindigkeit die Mannheimer Stra\u00dfe entlang in Richtung Wieblingen. Die Ermittlungen bez\u00fcglich des Fahrers dauern an.<\/p>\n\n\n\n<p>Er wird wie folgt beschrieben:<\/p>\n\n\n\n<ul><li>Ca. 40-45 Jahre alt<\/li><li>schlanke Statur<\/li><li>kurze dunkle Haare<\/li><li>gebr\u00e4unter Teint<\/li><li>trug zur Tatzeit eine lange graue Arbeitshose, ein dunkles T-Shirt und Sportschuhe<\/li><\/ul>\n\n\n\n<p>Das Polizeirevier Heidelberg-Mitte sucht nun Zeugen, die sachdienliche Hinweise zu dem Vorfall geben k\u00f6nnen, oder Verkehrsteilnehmer, die durch das Motorrad gef\u00e4hrdet worden sind. Hinweise werden unter der Rufnummer 06221\/99-1700 entgegengenommen.<\/p>\n\n\n\n<h4 class=\"wp-block-heading\">(Neckargem\u00fcnd \/ Rhein-Neckar-Kreis) &#8211; Gleich 5 Verst\u00f6\u00dfe bei einer Fahrzeugkontrolle festgestellt<\/h4>\n\n\n\n<p>Am Donnerstagabend f\u00fchrten Beamte des Polizeirevieres Neckargem\u00fcnd Verkehrskontrollen im Bereich der Neckarsteinacher Stra\u00dfe in Kleingem\u00fcnd durch. Bei der Kontrolle eines Fiat gegen 23:40 Uhr h\u00e4ndigte der 47-j\u00e4hrige Fahrer den Beamten einen italienischen F\u00fchrerschein aus, der gef\u00e4lscht war. Des Weiteren stellten die Beamten w\u00e4hrend der Kontrolle fest, dass der Mann offenbar unter Drogeneinfluss stand. Bei der Durchsuchung seines Pkw fanden die Beamten unter dem Fahrersitz zudem eine geringe Menge Marihuana, sowie zwei verbotene Gegenst\u00e4nde, ein Springmesser und eine Stichwaffe in Form einer EC-Karte. Auf der Dienststelle wurde dem Mann eine Blutprobe entnommen.<\/p>\n\n\n\n<p>Gegen ihn wird nun wegen Urkundenf\u00e4lschung, Fahren unter Bet\u00e4ubungsmitteleinfluss, Fahren ohne Fahrerlaubnis, Besitz von Bet\u00e4ubungsmitteln und Verst\u00f6\u00dfen gegen das Waffengesetz ermittelt.<\/p>\n\n\n\n<h4 class=\"wp-block-heading\">(Sinsheim \/ Rhein-Neckar-Kreis) &#8211; Fris\u00f6rkontrollen im Rahmen der Corona-Verordnungen<\/h4>\n\n\n\n<p>Aufgrund wiederholter Verst\u00f6\u00dfe gegen die Corona-Verordnung (CoronaVO) wurden am Donnerstag in der Zeit von 13.00 Uhr bis 14:30 Uhr durch den st\u00e4dtischen Vollzugsdienst unter der Leitung des Gewerbeamtes der Stadt Sinsheim, Kontrollen in Fris\u00f6rgesch\u00e4ften im Stadtgebiet durchgef\u00fchrt. Die beh\u00f6rdlichen Ma\u00dfnahmen wurden durch Polizeibeamte des Polizeireviers Sinsheim und des Polizeipr\u00e4sidiums Einsatz unterst\u00fctzt.<\/p>\n\n\n\n<p>Bei der Stadt Sinsheim waren mehrere Beschwerden eingegangen, dass in einigen Fris\u00f6rgesch\u00e4ften gegen die Corona-Verordnungen versto\u00dfen wird.<\/p>\n\n\n\n<p>Die Kontrollen ergaben nun, dass die Maskentragepflicht in den Fris\u00f6rgesch\u00e4ften \u00fcberwiegend eingehalten wurde. Deutliche M\u00e4ngel wurden aber im Bereich der Hygienevorschriften, insbesondere in Bezug auf das Vorhandensein eines Hygienekonzeptes festgestellt. Des Weiteren waren Verst\u00f6\u00dfe gegen die Pflicht der Erhebung von Kundendaten festzustellen. Bei der angeschlossenen Kontrolle eines Lebensmittelgesch\u00e4fts wurden durch den Vollzugsdienst Verst\u00f6\u00dfe gegen die Maskentragepflicht sowohl bei Kunden, als auch bei Besch\u00e4ftigten festgestellt.<\/p>\n\n\n\n<p>Die Stadt Sinsheim plant auch k\u00fcnftig in Zusammenarbeit mit dem Polizeirevier Sinsheim weitere Kontrollen nach der CoronaVO durchzuf\u00fchren.<\/p>\n\n\n\n<h4 class=\"wp-block-heading\">(Eberbach \/ Rhein-Neckar-Kreis) &#8211; Vandalen randalieren auf Firmengel\u00e4nde \/ Zeugen gesucht!<\/h4>\n\n\n\n<p>In der Nacht von Mittwoch auf Donnerstag w\u00fcteten Unbekannte in der Zeit zwischen 19:30 Uhr und 07:00 Uhr auf dem Gel\u00e4nde eines Autohauses im Ohrsbergweg. Der oder die T\u00e4ter zerst\u00f6rten einige ausgemusterte Leuchtstoffr\u00f6hren, die auf dem Hof gelagert waren. Auch warfen sie mit einer der R\u00f6hren ein vergittertes Fenster ein. Der Sachschaden bel\u00e4uft sich auf etwa 400 Euro. Ein Einbruchsversuch kann nach ersten Erkenntnissen ausgeschlossen werden.<\/p>\n\n\n\n<p>Das Polizeirevier Eberbach sucht in diesem Zusammenhang Zeugen, die in der besagten Zeit verd\u00e4chtige Wahrnehmungen gemacht haben und bittet darum die Hinweise unter der Rufnummer 06271\/9210-0 mitzuteilen.<\/p>\n","protected":false},"excerpt":{"rendered":"<div class=\"mh-excerpt\"><p>Polizeimeldungen vom Freitag (31.07.2020) (Speyer \/ Br\u00fchl) &#8211; Erfolgreiche Personenrettung \/ Gro\u00dfeinsatz auf dem Rhein Am Freitagabend (31.07.) wurde der sogenannte Rheinalarm ausgel\u00f6st. Gemeldet wurde um 21.26 Uhr ein gekentertes Boot im Bereich der Salierbr\u00fccke <a class=\"mh-excerpt-more\" href=\"https:\/\/speyer24news.com\/?p=29582\" title=\"Polizei\">[&#8230;]<\/a><\/p>\n<\/div>","protected":false},"author":3,"featured_media":0,"comment_status":"open","ping_status":"open","sticky":false,"template":"","format":"standard","meta":{"_monsterinsights_skip_tracking":false,"_monsterinsights_sitenote_active":false,"_monsterinsights_sitenote_note":"","_monsterinsights_sitenote_category":0,"footnotes":""},"categories":[12],"tags":[3614,61,2555,6955,6986,6263,63,105,6987,53,4854,4683,1548,102,213,55,5261,103,106,2803,2423,427,2625,380,62,104,979,1565,5512],"aioseo_notices":[],"amp_enabled":true,"_links":{"self":[{"href":"https:\/\/speyer24news.com\/index.php?rest_route=\/wp\/v2\/posts\/29582"}],"collection":[{"href":"https:\/\/speyer24news.com\/index.php?rest_route=\/wp\/v2\/posts"}],"about":[{"href":"https:\/\/speyer24news.com\/index.php?rest_route=\/wp\/v2\/types\/post"}],"author":[{"embeddable":true,"href":"https:\/\/speyer24news.com\/index.php?rest_route=\/wp\/v2\/users\/3"}],"replies":[{"embeddable":true,"href":"https:\/\/speyer24news.com\/index.php?rest_route=%2Fwp%2Fv2%2Fcomments&post=29582"}],"version-history":[{"count":2,"href":"https:\/\/speyer24news.com\/index.php?rest_route=\/wp\/v2\/posts\/29582\/revisions"}],"predecessor-version":[{"id":29585,"href":"https:\/\/speyer24news.com\/index.php?rest_route=\/wp\/v2\/posts\/29582\/revisions\/29585"}],"wp:attachment":[{"href":"https:\/\/speyer24news.com\/index.php?rest_route=%2Fwp%2Fv2%2Fmedia&parent=29582"}],"wp:term":[{"taxonomy":"category","embeddable":true,"href":"https:\/\/speyer24news.com\/index.php?rest_route=%2Fwp%2Fv2%2Fcategories&post=29582"},{"taxonomy":"post_tag","embeddable":true,"href":"https:\/\/speyer24news.com\/index.php?rest_route=%2Fwp%2Fv2%2Ftags&post=29582"}],"curies":[{"name":"wp","href":"https:\/\/api.w.org\/{rel}","templated":true}]}}