{"id":29593,"date":"2020-08-02T15:48:18","date_gmt":"2020-08-02T14:48:18","guid":{"rendered":"https:\/\/speyer24news.com\/?p=29593"},"modified":"2020-08-02T15:56:03","modified_gmt":"2020-08-02T14:56:03","slug":"wirtschaft-finanzen-51","status":"publish","type":"post","link":"https:\/\/speyer24news.com\/?p=29593","title":{"rendered":"Wirtschaft &#038; Finanzen"},"content":{"rendered":"<style type=\"text\/css\">\r\n\t.ads_top_disp{}\r\n\t.ads_top_corner_disp{ float:left; margin:0px 10px 10px 0px; }\r\n\t.ads_first_p_disp{}\r\n\t.ads_bottom_disp{}\r\n\t<\/style>\n<h1 class=\"wp-block-heading\" style=\"text-align:center\">Bundesagentur f\u00fcr Arbeit<\/h1>\n\n\n\n<div class=\"wp-block-image\"><figure class=\"aligncenter\"><img decoding=\"async\" src=\"https:\/\/speyer24news.com\/wp-content\/uploads\/2020\/02\/Agentur-f\u00fcr-Arbeit-1.png\" alt=\"\" class=\"wp-image-25918\"\/><\/figure><\/div>\n\n\n\n<h2 class=\"wp-block-heading\">Bundesprogramm zur Sicherung von Ausbildungspl\u00e4tzen startete am 1. August<\/h2>\n\n\n\n<p><strong>N\u00fcrnberg \/ Deutschland &#8211;<\/strong> Eine gute Ausbildung ist die Grundlage f\u00fcr die berufliche Zukunft junger Menschen und die Fachkr\u00e4ftesicherung in Deutschland. P\u00fcnktlich zum neuen Ausbildungsjahr starten am 1. August deshalb wesentliche Teile des Bundesprogramms \u201eAusbildungspl\u00e4tze sichern\u201c, mit dem die Bundesregierung kleine und mittlere Unternehmen f\u00f6rdert. F\u00fcr dieses Bundesprogramm stehen insgesamt 500 Millionen Euro zur Verf\u00fcgung. 410 Millionen Euro davon k\u00f6nnen f\u00fcr die Ma\u00dfnahmen der Ersten F\u00f6rderrichtlinie eingesetzt werden.<\/p>\n\n\n\n<h4 class=\"wp-block-heading\">Die Erste F\u00f6rderrichtlinie enth\u00e4lt:<\/h4>\n\n\n\n<ul><li>Ausbildungspr\u00e4mien in H\u00f6he von 2.000 bzw. 3.000 Euro f\u00fcr Betriebe, die &#8211; obwohl sie die Corona-Krise stark getroffen hat &#8211; ihr Ausbildungsniveau halten bzw. erh\u00f6hen,<\/li><li>Zusch\u00fcsse zur Ausbildungsverg\u00fctung, wenn der Ausbildungsbetrieb Auszubildende und Ausbilder nicht mit in Kurzarbeit schickt, und<\/li><li>\u00dcbernahmepr\u00e4mien an Betriebe, die Auszubildende von insolventen Betrieben \u00fcbernehmen.<\/li><\/ul>\n\n\n\n<p>Bundesarbeitsminister Hubertus Heil: \u201eAuszubildende sind die Fachkr\u00e4fte von morgen. Und Deutschland braucht diese gut qualifizierten Fachkr\u00e4fte. Eine gute Ausbildung ist zugleich der beste Schutz gegen Arbeitslosigkeit. Mir ist wichtig, dass junge Menschen trotz der Corona-Krise eine Ausbildung machen k\u00f6nnen. Mit dem Schutzschirm f\u00fcr Ausbildung unterst\u00fctzt die Bundesregierung Unternehmen mit insgesamt 500 Millionen Euro dabei, jungen Menschen eine Perspektive zu geben. Betriebe, die ihr Ausbildungsniveau halten, f\u00f6rdern wir beispielsweise mit 2.000 Euro pro Ausbildungsplatz. Wer das Ausbildungsniveau steigert, erh\u00e4lt 3.000 Euro f\u00fcr jeden zus\u00e4tzlichen Azubi. So helfen wir mit, dass die Corona-Krise nicht zu einer Ausbildungskrise wird.\u201c<\/p>\n\n\n\n<p>Bundesbildungsministerin Anja Karliczek: \u201eJunge Menschen brauchen auch in Zeiten der Pandemie gute Ausbildungschancen und eine verl\u00e4ssliche Perspektive f\u00fcr ihre berufliche Zukunft. Das Bundesprogramm \u201aAusbildungspl\u00e4tze sichern\u2018 leistet hierzu einen wichtigen Beitrag: Junge Menschen sollen auch im Ausbildungsjahr 2020\/2021 eine Berufsausbildung beginnen, weiterf\u00fchren oder erfolgreich abschlie\u00dfen k\u00f6nnen. Hierf\u00fcr stellt die Bundesregierung mit einer ersten F\u00f6rderrichtlinie 410 Millionen Euro zur Verf\u00fcgung. Ein wichtiges Instrument ist die \u00dcbernahmepr\u00e4mie: Auszubildende, deren Ausbildungsbetriebe Corona-bedingt Insolvenz anmelden mussten, erhalten die M\u00f6glichkeit, ihre Ausbildung in einem anderen Betrieb fortzusetzen. Die Pr\u00e4mie ist zugleich ein Anreiz f\u00fcr kleine und mittlere Unternehmen weiter auszubilden. Denn damit Deutschland gest\u00e4rkt aus der Krise hervorgeht, sind gut ausgebildete Fachkr\u00e4fte entscheidend.\u201c<\/p>\n\n\n\n<p>Daniel Terzenbach, Vorstand der Bundesagentur f\u00fcr Arbeit: \u201eDie Ausbildungspr\u00e4mie kann dazu beitragen, einen \u201aAusbildungsjahrgang Corona\u2018 zu verhindern. Wir unterst\u00fctzen dies, indem wir unter anderem die Auszahlung an die Betriebe organisieren. Vor allem aber wollen wir alles daf\u00fcr tun, dass Betriebe und Bewerber auch in diesen unsicheren Zeiten zueinanderfinden.\u201c<\/p>\n\n\n\n<p>Die entsprechenden Antragsunterlagen stehen ab der kommenden Woche auf der Internetseite <a href=\"http:\/\/www.arbeitsagentur.de\">www.arbeitsagentur.de<\/a> zur Verf\u00fcgung. Gef\u00f6rdert werden Ausbildungen, die fr\u00fchestens am 1. August 2020 beginnen. Dies gilt auch, wenn der Ausbildungsvertrag bereits fr\u00fcher abgeschlossen wurde.<\/p>\n\n\n\n<p>Die F\u00f6rderung der Auftrags- und Verbundausbildung, die ebenfalls Teil des Bundesprogramms zur Sicherung von Ausbildungspl\u00e4tzen ist, wird in einer Zweiten F\u00f6rderrichtlinie umgesetzt.<\/p>\n\n\n\n<p><em>Bundesagentur f\u00fcr Arbeit<br>02.08.2020<\/em><\/p>\n\n\n\n<h2 class=\"wp-block-heading\">Der Arbeitsmarkt im Juli 2020<\/h2>\n\n\n\n<h3 class=\"wp-block-heading\">Kein weiterer coronabedingter Anstieg bei der Arbeitslosigkeit<\/h3>\n\n\n\n<p><strong>N\u00fcrnberg \/ Deutschland &#8211; <\/strong>\u201eDer Arbeitsmarkt steht wegen der Corona-Pandemie nach wie vor unter Druck, auch wenn sich die deutsche Wirtschaft auf Erholungskurs befindet. Der massive Einsatz von Kurzarbeit hat st\u00e4rkere Anstiege der Arbeitslosigkeit und Besch\u00e4ftigungsverluste verhindert.\u201c, sagte der Vorstand Regionen der Bundesagentur f\u00fcr Arbeit (BA), Daniel Terzenbach, heute anl\u00e4sslich der monatlichen Pressekonferenz in N\u00fcrnberg.<\/p>\n\n\n\n<ul><li><strong>Arbeitslosenzahl im Juli: +57.000 auf 2.910.000<\/strong><\/li><li><strong>Arbeitslosenzahl im Vorjahresvergleich: +635.000<\/strong><\/li><li><strong>Arbeitslosenquote gegen\u00fcber Vormonat: +0,1 Prozentpunkte auf 6,3 Prozent<\/strong><\/li><\/ul>\n\n\n\n<h4 class=\"wp-block-heading\">Arbeitslosigkeit, Unterbesch\u00e4ftigung und Erwerbslosigkeit<\/h4>\n\n\n\n<p>Die Arbeitslosenzahl ist zu Beginn der Sommerpause von Juni auf Juli im \u00fcblichen Umfang gestiegen. Der coronabedingte Anstieg hat sich in diesem Monat vorerst nicht fortgesetzt. Mit 2.910.000 liegt die Zahl der Arbeitslosen 57.000 h\u00f6her als im Vormonat. Saisonbereinigt hat sie sich um 18.000 verringert.<\/p>\n\n\n\n<p>Gegen\u00fcber dem Vorjahr hat sich die Arbeitslosenzahl um 635.000 erh\u00f6ht. Die Arbeitslosenquote steigt um 0,1 Prozentpunkte auf 6,3 Prozent und verzeichnet im Vergleich zum Juli des vorigen Jahres ein Plus von 1,3 Prozentpunkten. Die nach dem ILO-Erwerbskonzept vom Statistischen Bundesamt ermittelte Erwerbslosenquote belief sich im Juni auf 4,5 Prozent.<\/p>\n\n\n\n<p>Die Unterbesch\u00e4ftigung, die auch Ver\u00e4nderungen in der Arbeitsmarktpolitik und kurzfristiger Arbeitsunf\u00e4higkeit ber\u00fccksichtigt, hat sich saisonbereinigt gegen\u00fcber dem Vormonat um 5.000 erh\u00f6ht. Insgesamt lag die Unterbesch\u00e4ftigung im Juli 2020 bei 3.661.000 Personen. Das waren 465.000 mehr als vor einem Jahr.<\/p>\n\n\n\n<h4 class=\"wp-block-heading\">Kurzarbeit<\/h4>\n\n\n\n<p>Vor Beginn der Kurzarbeit m\u00fcssen Betriebe Anzeige \u00fcber den voraussichtlichen Arbeitsausfall erstatten. Nach aktuellen Daten zu gepr\u00fcften Anzeigen wurde vom 1. bis einschlie\u00dflich 26. Juli f\u00fcr 190.000 Personen konjunkturelle Kurzarbeit angezeigt. Damit geht die Zahl der Personen, f\u00fcr die Kurzarbeit angezeigt wird, nach dem massiven Anstieg in M\u00e4rz und April weiter deutlich zur\u00fcck.<\/p>\n\n\n\n<p>Aktuelle Daten zur tats\u00e4chlichen Inanspruchnahme stehen bis Mai zur Verf\u00fcgung. So wurde nach vorl\u00e4ufigen hochgerechneten Daten der Bundesagentur f\u00fcr Arbeit im Mai f\u00fcr 6,70 Millionen Arbeitnehmer konjunkturelles Kurzarbeitergeld gezahlt, nach 6,10 Millionen im April und 2,46 Millionen im M\u00e4rz. Die Inanspruchnahme von Kurzarbeit lag damit weit \u00fcber den Werten zur Zeit der Gro\u00dfen Rezession 2008\/2009.<\/p>\n\n\n\n<h4 class=\"wp-block-heading\">Erwerbst\u00e4tigkeit und sozialversicherungspflichtige Besch\u00e4ftigung<\/h4>\n\n\n\n<p>Die Corona-Krise hat auch zu einem deutlichen R\u00fcckgang der Erwerbst\u00e4tigkeit und der Besch\u00e4ftigung gef\u00fchrt. Nach Angaben des Statistischen Bundesamtes hat sich die Zahl der Erwerbst\u00e4tigen (nach dem Inlandskonzept) im Juni saisonbereinigt gegen\u00fcber dem Vormonat um 40.000 verringert. Mit 44,62 Millionen Personen fiel sie im Vergleich zum Vorjahr um 681.000 niedriger aus. Die sozialversicherungspflichtige Besch\u00e4ftigung ist im Mai nach hochgerechneten Angaben der BA im Vergleich zum Vorjahr um 98.000 auf 33,33 Millionen Besch\u00e4ftigte gesunken. Von April auf Mai, von den wirtschaftlichen Einschr\u00e4nkungen durch die Corona-Pandemie beeinflusst, ergibt sich saisonbereinigt ein R\u00fcckgang um 74.000, nach 268.000 im Monat zuvor.<\/p>\n\n\n\n<h4 class=\"wp-block-heading\">Arbeitskr\u00e4ftenachfrage<\/h4>\n\n\n\n<p>Die Nachfrage nach neuen Arbeitskr\u00e4ften ist zu Beginn der Corona-Krise massiv zur\u00fcckgegangen, aktuell hat sie sich auf niedrigem Niveau stabilisiert. Im Juli waren 573.000 Arbeitsstellen bei der BA gemeldet, 226.000 weniger als vor einem Jahr. Saisonbereinigt hat sich der Bestand der bei der BA gemeldeten Arbeitsstellen um 5.000 verringert. Die Stellenneumeldungen sind wie in den beiden Vormonaten auch im Juli etwas gestiegen. Der BA-Stellenindex (BA X) \u2013 ein Indikator f\u00fcr die Nachfrage nach Personal in Deutschland \u2013 stieg im Juli 2020 um einen Punkt auf 92 Punkte. Er liegt damit 35 Punkte unter dem Vorjahreswert.<\/p>\n\n\n\n<h4 class=\"wp-block-heading\">Geldleistungen<\/h4>\n\n\n\n<p>1.149.000 Personen erhielten im Juli 2020 Arbeitslosengeld, 409.000 mehr als vor einem Jahr. Die Zahl der erwerbsf\u00e4higen Leistungsberechtigten in der Grundsicherung f\u00fcr Arbeitsuchende (SGB II) lag im Juli bei 4.079.000. Gegen\u00fcber Juli 2019 war dies ein Anstieg von 179.000 Personen. 7,5 Prozent der in Deutschland lebenden Personen im erwerbsf\u00e4higen Alter waren damit hilfebed\u00fcrftig.<\/p>\n\n\n\n<h4 class=\"wp-block-heading\">Ausbildungsmarkt<\/h4>\n\n\n\n<p>Der Ausgleich auf dem Ausbildungsmarkt hat sich im Zuge der Corona-Krise verlangsamt. Aktuell ist noch eine Verz\u00f6gerung von etwa sechs bis acht Wochen zu erkennen, auch wenn seit Juni ein Aufholen sichtbar ist. Von Oktober 2019 bis Juli 2020 meldeten sich bei den Agenturen f\u00fcr Arbeit und den Jobcentern 439.000 Bewerberinnen und Bewerber f\u00fcr eine Ausbildungsstelle, 40.000 weniger als im Vorjahreszeitraum. Von diesen waren 182.000 im Juli noch auf der Suche. Gleichzeitig waren 495.000 betriebliche Ausbildungsstellen gemeldet, 43.000 weniger als vor einem Jahr. Auff\u00e4llig zur\u00fcckgegangen sind im Vergleich zum Vorjahr vor allem gemeldete betriebliche Ausbildungsstellen in Metall- und Elektroberufen, im Friseurhandwerk, in Gastronomie- und Hotellerieberufen sowie in Informatik- und kaufm\u00e4nnischen Berufen.<br>Im Juli waren noch 201.000 Ausbildungsstellen unbesetzt. Insgesamt ist der Ausbildungsmarkt \u2013 auch unabh\u00e4ngig von den versp\u00e4tet stattfindenden Ausgleichsprozessen \u2013 \u00fcber den Sommer noch in Bewegung. Deshalb ist es f\u00fcr eine fundierte Bewertung zu fr\u00fch.<\/p>\n\n\n\n<p>Den ausf\u00fchrlichen Monatsbericht finden Sie im Internet unter <a href=\"https:\/\/statistik.arbeitsagentur.de\">https:\/\/statistik.arbeitsagentur.de<\/a>.<\/p>\n\n\n\n<p><em>Bundesagentur f\u00fcr Arbeit<br>02.08.2020<\/em><\/p>\n\n\n\n<h1 class=\"wp-block-heading\" style=\"text-align:center\">Stadtwerke (SWS) GmbH Speyer<\/h1>\n\n\n\n<div class=\"wp-block-image\"><figure class=\"aligncenter\"><img decoding=\"async\" src=\"https:\/\/speyer24news.com\/wp-content\/uploads\/2020\/01\/SWS-Logo-1-1024x356.jpg\" alt=\"\" class=\"wp-image-24475\"\/><\/figure><\/div>\n\n\n\n<h2 class=\"wp-block-heading\"><strong>Glasfaserausbau: GEWO und Stadtwerke Speyer kooperieren<\/strong><\/h2>\n\n\n\n<div class=\"wp-block-image\"><figure class=\"aligncenter\"><img decoding=\"async\" loading=\"lazy\" width=\"800\" height=\"534\" src=\"https:\/\/speyer24news.com\/wp-content\/uploads\/2020\/08\/Fotolia_182587945_L.jpg\" alt=\"\" class=\"wp-image-29607\" srcset=\"https:\/\/speyer24news.com\/wp-content\/uploads\/2020\/08\/Fotolia_182587945_L.jpg 800w, https:\/\/speyer24news.com\/wp-content\/uploads\/2020\/08\/Fotolia_182587945_L-300x200.jpg 300w, https:\/\/speyer24news.com\/wp-content\/uploads\/2020\/08\/Fotolia_182587945_L-768x513.jpg 768w\" sizes=\"(max-width: 800px) 100vw, 800px\" \/><figcaption>Glasfaserausbau in Speyer, SWS und GEWO unterzeichnen Kooperation. <em>Foto:  Adobe Stock &#8211; Gerhard Seybert <\/em><\/figcaption><\/figure><\/div>\n\n\n\n<p><strong>Speyer &#8211; <\/strong>68 Liegenschaften mit 614 Wohneinheiten der GEWO Wohnen GmbH (GEWO) werden die Stadtwerke Speyer (SWS) mit modernster Glasfaserinfrastruktur erschlie\u00dfen. Eine Vereinbarung dazu unterzeichneten jetzt die beiden Gesch\u00e4ftsf\u00fchrer Oliver Hanneder, GEWO, und Wolfgang B\u00fchring, SWS.<\/p>\n\n\n\n<p>\u201eWir freuen uns sehr \u00fcber die Zusammenarbeit mit unserer st\u00e4dtischen Schwestergesellschaft zur Versorgung unserer Mieter mit schnellstem Internet\u201c, sagte Hanneder zur Kooperation mit den SWS. Die Stadtwerke wollen den Mietern g\u00fcnstige Paketangebote f\u00fcr Internet, Telefon und TV anbieten. B\u00fchring erg\u00e4nzte: \u201eNur durch die gemeinsame Kr\u00e4fteb\u00fcndelung vor Ort kann ein entscheidendes Wertsch\u00f6pfungspotenzial f\u00fcr Speyer gesichert werden.\u201c Er danke Hanneder f\u00fcr das entgegengebrachte Vertrauen und den gemeinsamen Blick in die Zukunft. Mit Partnern wie der GEWO k\u00f6nne die Smart City Speyer vorangebracht werden.<\/p>\n\n\n\n<p>Konkret handelt es sich bei den GEWO-Liegenschaften um Geb\u00e4ude im Ginster-, Eiben-, Flieder-, Wei\u00dfdorn-, Kastanien- und Feuerdornweg in Speyer-Nord. \u201eBereits vor einigen Monaten haben wir beschlossen, diese Immobilien auch mit Fernw\u00e4rme von den SWS versorgen zu lassen\u201c, informierte Hanneder. Die GEWO wolle dar\u00fcber hinaus \u00fcber Sanierungsma\u00dfnahmen an den Geb\u00e4uden, den Aussto\u00df von Kohlendioxid in der Domstadt deutlich minimieren.<\/p>\n\n\n\n<p>\u201eWir sind sehr zuversichtlich, alle Glasfaser-Anschl\u00fcsse in den Jahren 2021\/2022 realisieren zu k\u00f6nnen\u201c, sagte B\u00fchring und f\u00fchrte weiter aus: \u201eWenn die Genehmigungen zeitgem\u00e4\u00df vorliegen und die Ausschreibungen erfolgreich durchgef\u00fchrt werden, ist der straffe Zeitplan einzuhalten.\u201c Insgesamt 1,8 Kilometer Hauptleitung und 34 Hausanschl\u00fcsse sollen verlegt werden. 1,1 Mio. Euro wollen die Stadtwerke daf\u00fcr investieren.<\/p>\n\n\n\n<p>Auf der Glasfaser-Landingpage&nbsp;<a rel=\"noreferrer noopener\" href=\"https:\/\/deref-web.de\/mail\/client\/iIpHDE1naX4\/dereferrer\/?redirectUrl=http%3A%2F%2Fwww.swsglasfaser.de\" target=\"_blank\">www.swsglasfaser.de<\/a>&nbsp;haben interessierte B\u00fcrger im gesamten Stadtgebiet die M\u00f6glichkeit, sich f\u00fcr den Glasfaser-Ausbau registrieren zu lassen. So kann ermittelt werden, in welchem Bereich im Stadtgebiet der Bedarf am st\u00e4rksten ist. \u201eDie Chance ist gro\u00df, dass auch dort der Ausbau mit Priorit\u00e4t durchgef\u00fchrt wird\u201c, machte B\u00fchring deutlich.<\/p>\n\n\n\n<p><em>Text: Stadtwerke Speyer GmbH Foto: Adobe Stock &#8211; Gerhard Seybert <br>02.08.2020<\/em><\/p>\n\n\n\n<h2 class=\"wp-block-heading\"><strong>Kommunale Wurzeln f\u00f6rdern Wirtschaft<\/strong><\/h2>\n\n\n\n<h3 class=\"wp-block-heading\"><strong>Wertsch\u00f6pfungsstudie der Stadtwerke Speyer zeigt Nachhaltigkeit auf<\/strong><\/h3>\n\n\n\n<div class=\"wp-block-image\"><figure class=\"aligncenter\"><img decoding=\"async\" loading=\"lazy\" width=\"800\" height=\"532\" src=\"https:\/\/speyer24news.com\/wp-content\/uploads\/2020\/08\/Stadtansicht_Speyer.jpg\" alt=\"\" class=\"wp-image-29600\" srcset=\"https:\/\/speyer24news.com\/wp-content\/uploads\/2020\/08\/Stadtansicht_Speyer.jpg 800w, https:\/\/speyer24news.com\/wp-content\/uploads\/2020\/08\/Stadtansicht_Speyer-300x200.jpg 300w, https:\/\/speyer24news.com\/wp-content\/uploads\/2020\/08\/Stadtansicht_Speyer-768x511.jpg 768w\" sizes=\"(max-width: 800px) 100vw, 800px\" \/><figcaption>23.05.14 Die 2000 Jahre alte freie Kreisstadt Speyer ist mit den vielen malerischen Ecken und Haeusern immer eine Reise wert und erfreut die Besucher mit ihren zahlreichen Attraktionen, hier ein Luftbild, Blick auf die Innenstadt von Speyer, in der Bildmitte verlaeuft die Maximilianstrasse zum Kaiserdom, dahinter der Rhein<\/figcaption><\/figure><\/div>\n\n\n\n<p><strong>Speyer &#8211; <\/strong>Die Stadtwerke Speyer (SWS) behaupten ihren Status als kommunales Unternehmen und das aus \u00dcberzeugung. Eine 2002 gestartete Strategie der hundertprozentigen Tochter der Stadt Speyer greift. Sie f\u00fchrt zur St\u00e4rkung der lokalen Wirtschaft und zur Arbeitsplatzsicherung in Speyer und in der Region. Eine aktuelle Wertsch\u00f6pfungsstudie nennt konkrete Zahlen. Die wirtschaftliche Leistung, die die SWS erbringen, hat das unabh\u00e4ngige Pestel Institut aus Hannover errechnet.<\/p>\n\n\n\n<p>Der wesentlichste Wert, der daraus hervorgeht: 64 Cent von jedem Euro, den die SWS ausgeben, bleiben in Speyer und in der Region. Wo sich das Geld wiederfindet, schl\u00fcsselt SWS-Gesch\u00e4ftsf\u00fchrer Wolfgang B\u00fchring auf: \u201eWir beauftragen lokale Unternehmen, zahlen Geh\u00e4lter an Menschen, die hier leben, investieren in sozial und \u00f6kologisch nachhaltige Projekte. Gewinne, Steuern und Abgaben flie\u00dfen in die lokalen Kassen.\u201c Das bedeute eine enorme Antriebskraft f\u00fcr Speyer und die Region. Mit den Menschen dort f\u00fchlen sich die SWS eng verbunden, macht Wolfgang B\u00fchring deutlich. Auf eine weitere Bedeutung, die die Studie anf\u00fchrt, weist Wolfgang B\u00fchring hin: \u201eJeder unserer Arbeitspl\u00e4tze zieht eineinhalb weitere nach sich.\u201c Die regionalwirtschaftliche Wichtigkeit der SWS werde durch die einzelnen analysierten Bereiche durch das Pestel Institut bekr\u00e4ftigt.<\/p>\n\n\n\n<p>Die Mehrheit der Kund*innen wei\u00df die Verl\u00e4sslichkeit zu sch\u00e4tzen. Nur wenige Abwanderungen haben die SWS verzeichnet, seit die Energielieferanten vor \u00fcber 20 Jahren frei w\u00e4hlbar wurden. Als verl\u00e4sslichen Partner stellt Wolfgang B\u00fchring die SWS nicht nur bez\u00fcglich der Versorgung dar, sondern auch im Bestreben um Klimaschutz und als Teil des gesellschaftlichen Lebens.<\/p>\n\n\n\n<p>Mit etwa 270 Mitarbeiter*innen sind die Stadtwerke Speyer selbst ein bedeutender Arbeitgeber und Wirtschaftsfaktor in der Region. Die Wertsch\u00f6pfungsstudie hat die Wirkung der regionalen Verwurzelung untermauert. Seit 1975 forscht das ausf\u00fchrende Pestel Institut in den Bereichen Regionalwirtschaft, Demografie und Kommunalentwicklung.<\/p>\n\n\n\n<p>Die Studie kann telefonisch unter der Rufnummer 06232\/625-1110,&nbsp; per E-Mail (<a rel=\"noreferrer noopener\" href=\"mailto:vertrieb@stadtwerke-speyer.de\" target=\"_blank\">vertrieb@stadtwerke-speyer.de<\/a>) angefordert werden und ist online unter&nbsp;<a rel=\"noreferrer noopener\" href=\"https:\/\/deref-web.de\/mail\/client\/AQh2Tvk3XIc\/dereferrer\/?redirectUrl=http%3A%2F%2Fwww.stadtwerke-speyer.de\" target=\"_blank\">www.stadtwerke-speyer.de<\/a>&nbsp;abrufbar.<\/p>\n\n\n\n<p><em>Stadtwerke Speyer GmbH<br>02.08.2020<\/em><\/p>\n\n\n\n<h1 class=\"wp-block-heading\" style=\"text-align:center\">Industriegewerkschaft Bauen-Agrar-Umwelt<br>Bezirksverband Rheinhessen-Vorderpfalz<\/h1>\n\n\n\n<div class=\"wp-block-image\"><figure class=\"aligncenter\"><img decoding=\"async\" loading=\"lazy\" width=\"600\" height=\"242\" src=\"https:\/\/speyer24news.com\/wp-content\/uploads\/2020\/04\/IG-Bauen-Agragr-Umwelt-Logo.png\" alt=\"\" class=\"wp-image-26509\" srcset=\"https:\/\/speyer24news.com\/wp-content\/uploads\/2020\/04\/IG-Bauen-Agragr-Umwelt-Logo.png 600w, https:\/\/speyer24news.com\/wp-content\/uploads\/2020\/04\/IG-Bauen-Agragr-Umwelt-Logo-300x121.png 300w\" sizes=\"(max-width: 600px) 100vw, 600px\" \/><\/figure><\/div>\n\n\n\n<h2 class=\"wp-block-heading\">IG BAU: Branche droht Image-Verlust auch in Speyer <\/h2>\n\n\n\n<h3 class=\"wp-block-heading\">Schwarzarbeit und Sozialbetrug am Bau kosten Staat 9,7 Millionen Euro<\/h3>\n\n\n\n<h4 class=\"wp-block-heading\">Kontrollbilanz des Saarbr\u00fccker Zolls f\u00fcr 2019 vorgelegt<\/h4>\n\n\n\n<div class=\"wp-block-image\"><figure class=\"aligncenter\"><img decoding=\"async\" loading=\"lazy\" width=\"800\" height=\"533\" src=\"https:\/\/speyer24news.com\/wp-content\/uploads\/2020\/08\/Z\u00f6llner-auf-Baustelle.jpg\" alt=\"\" class=\"wp-image-29608\" srcset=\"https:\/\/speyer24news.com\/wp-content\/uploads\/2020\/08\/Z\u00f6llner-auf-Baustelle.jpg 800w, https:\/\/speyer24news.com\/wp-content\/uploads\/2020\/08\/Z\u00f6llner-auf-Baustelle-300x200.jpg 300w, https:\/\/speyer24news.com\/wp-content\/uploads\/2020\/08\/Z\u00f6llner-auf-Baustelle-768x512.jpg 768w\" sizes=\"(max-width: 800px) 100vw, 800px\" \/><figcaption>Beamte der Zolleinheit Finanzkontrolle Schwarzarbeit werden auf Baustellen oft f\u00fcndig. Die IG&nbsp;BAU fordert ein noch strengeres Vorgehen gegen Lohn-Betrug und illegale Besch\u00e4ftigung <\/figcaption><\/figure><\/div>\n\n\n\n<p><strong>Saarbr\u00fccken \/ Speyer &#8211; <\/strong>Wenn billig am Ende teuer wird: Schwarzarbeit, illegale Besch\u00e4ftigung und Lohn-Prellerei in der Baubranche haben in der Region einen Millionenschaden verursacht. Das teilt die Gewerkschaft IG BAU mit und beruft sich auf eine aktuelle Auswertung des Bundesfinanzministeriums. Danach kontrollierten Beamte des Hauptzollamtes Saarbr\u00fccken, das auch f\u00fcr Speyer zust\u00e4ndig ist, im vergangenen Jahr insgesamt 261 Baufirmen und leiteten 567 Ermittlungsverfahren ein. Wegen illegaler Praktiken in der Branche entgingen dem Staat und den Sozialkassen 9,7 Millionen Euro.<\/p>\n\n\n\n<p>IG BAU-Bezirkschef R\u00fcdiger Wunderlich spricht von einem \u201eerschreckenden Ausma\u00df krimineller Energie\u201c. Hier stehe das Image einer ganzen Branche auf dem Spiel. \u201eSauber wirtschaftende Firmen d\u00fcrfen nicht wegschauen, wenn sich Konkurrenten nicht an die Regeln halten. Gerade die Coronakrise hat ja gezeigt, wie wichtig die Bauwirtschaft als St\u00fctze der Konjunktur auch in der Region ist\u201c, so die IG BAU Rheinhessen-Vorderpfalz. Nach Angaben des Statistischen Bundesamtes stiegen die Bau-Ums\u00e4tze in den ersten f\u00fcnf Monaten des Jahres trotz Pandemie um rund sieben Prozent.<\/p>\n\n\n\n<p>\u201eDas beste Mittel gegen unerlaubte Gesch\u00e4fte am Bau ist ein fairer Wettbewerb zu fairen L\u00f6hnen und Arbeitsbedingungen. Dazu muss sich die ganze Branche bekennen, wenn sie ihren Ruf nicht verspielen will\u201c, so der Gewerkschafter. Die Arbeitgeber h\u00e4tten in der laufenden Tarifrunde die Chance, die Bauberufe f\u00fcr Fach- und Nachwuchskr\u00e4fte attraktiver zu machen.<\/p>\n\n\n\n<p>Entscheidend sei aber auch, dass der Zoll schwarze Schafe noch st\u00e4rker in den Blick nehme. \u201eEs kommt nicht nur auf die Zahl der Kontrollen an, sondern auch auf die Qualit\u00e4t. Hier braucht die Finanzkontrolle Schwarzarbeit mehr Personal\u201c, so Wunderlich. Laut Finanzministerium waren beim Hauptzollamt Saarbr\u00fccken zu Jahresbeginn lediglich 160 Planstellen besetzt.<\/p>\n\n\n\n<p>Die Zollstatistik geht auf eine parlamentarische Anfrage der Bundestagsabgeordneten Beate M\u00fcller-Gemmeke (B\u00fcndnis 90\/Die Gr\u00fcnen) zur\u00fcck. Die Arbeitsmarktpolitikerin stellt gegen\u00fcber der IG BAU fest: \u201eSchwarzarbeit und Lohn-Betrug sind keine Kavaliersdelikte. Der Zoll muss gest\u00e4rkt werden, um fl\u00e4chendeckend kontrollieren und wirksam gegen illegale Machenschaften vorgehen zu k\u00f6nnen \u2013 gerade auf dem Bau.\u201c<\/p>\n\n\n\n<p><em>Industriegewerkschaft Bauen-Agrar-Umwelt \/ Bezirksverband Rheinhessen-Vorderpfalz<br>02.08.2020<\/em><\/p>\n\n\n\n<h2 class=\"wp-block-heading\"><strong>8,2\nMillionen Kubikmeter Schadholz in rheinland-pf\u00e4lzischen W\u00e4ldern<\/strong><strong><\/strong><\/h2>\n\n\n\n<h3 class=\"wp-block-heading\"><strong>Klimagesch\u00e4digter Wald: Mehr Forstpersonal in Speyer<\/strong><\/h3>\n\n\n\n<div class=\"wp-block-image\"><figure class=\"aligncenter\"><img decoding=\"async\" loading=\"lazy\" width=\"800\" height=\"533\" src=\"https:\/\/speyer24news.com\/wp-content\/uploads\/2020\/08\/IGBAU_Forst.jpg\" alt=\"\" class=\"wp-image-29594\" srcset=\"https:\/\/speyer24news.com\/wp-content\/uploads\/2020\/08\/IGBAU_Forst.jpg 800w, https:\/\/speyer24news.com\/wp-content\/uploads\/2020\/08\/IGBAU_Forst-300x200.jpg 300w, https:\/\/speyer24news.com\/wp-content\/uploads\/2020\/08\/IGBAU_Forst-768x512.jpg 768w\" sizes=\"(max-width: 800px) 100vw, 800px\" \/><figcaption> D\u00fcrre, Hitze und St\u00fcrme setzen dem Wald zu. Die IG BAU fordert mehr Forstpersonal, um den klimagerechten Umbau heimischer W\u00e4lder voranzubringen. <\/figcaption><\/figure><\/div>\n\n\n\n<p><strong>Speyer &#8211; <\/strong>Klimanotstand im Wald: Immer mehr heimische B\u00e4ume k\u00f6nnten D\u00fcrren, St\u00fcrmen und Sch\u00e4dlingen zum Opfer fallen \u2013 wenn nicht deutlich mehr f\u00fcr den klimagerechten Umbau der W\u00e4lder getan wird. Davor warnt die Gewerkschaft IG BAU und fordert zus\u00e4tzliches Forstpersonal auch in Speyer. \u201eDer Handlungsbedarf im Forst ist nach den katastrophalen Waldsch\u00e4den der letzten Jahre gro\u00df. D\u00fcrre, St\u00fcrme und Borkenk\u00e4fer haben ihre Spuren hinterlassen. Die rheinland-pf\u00e4lzische Landesregierung muss dringend mehr Stellen schaffen. Denn landesweit werden in den n\u00e4chsten Jahren viele Forstwirte in Rente gehen. Der Fachkr\u00e4ftemangel ist vorprogrammiert\u201c, kritisiert der Bezirksvorsitzende der IG BAU Rheinhessen-Vorderpfalz, R\u00fcdiger Wunderlich. <\/p>\n\n\n\n<p>Nach Angaben des Bundeslandwirtschaftsministeriums d\u00fcrften in\nRheinland-Pfalz 2018 bis 2020 insgesamt rund 8,2 Millionen Kubikmeter Schadholz\nanfallen. Extreme Wetterlagen und Sch\u00e4dlinge wie der Borkenk\u00e4fer werden demnach\nbis Jahresende eine Waldfl\u00e4che von 16.700 Hektar vernichtet haben.<\/p>\n\n\n\n<p>\u201eAuch wenn zuletzt mehr Regen fiel als in den Vorjahren, bleibt die Lage f\u00fcr die B\u00e4ume dramatisch. Neben den besonders anf\u00e4lligen Monokulturen aus Fichten und Kiefern trifft es mittlerweile sogar die Buche\u201c, so Wunderlich. Diese seit Jahrtausenden in Deutschland heimische Art leide zunehmend unter ausgetrockneten B\u00f6den und Pilzbefall. Um die W\u00e4lder f\u00fcr den Klimawandel zu wappnen, m\u00fcssten zus\u00e4tzliche Mischw\u00e4lder angelegt und resistente Baumarten angeplanzt werden. \u201eDas aber ist eine Mammutaufgabe, f\u00fcr die es viel mehr F\u00f6rster und Forstwirte braucht als bislang. Betriebe sollten deshalb auch mehr ausbilden und Azubis \u00fcbernehmen\u201c, betont der Gewerkschafter. Der Nachholbedarf beim Waldumbau sei enorm, wie die letzte Bundeswaldinventur zeige. Danach machen Nadelb\u00e4ume \u2013 ein Gro\u00dfteil davon in Monokulturen \u2013 39 Prozent der knapp 840.000 Hektar des rheinland-pf\u00e4lzischen Waldes aus.<\/p>\n\n\n\n<p><em>Industriegewerkschaft Bauen-Agrar-Umwelt \/ Bezirksverband Rheinhessen-Vorderpfalz<br>02.08.2020<\/em><\/p>\n\n\n\n<h2 class=\"wp-block-heading\"><strong>Hof-Flohm\u00e4rkte in Speyer am 26. September: ab sofort eigenen Flohma<\/strong>rkt anmelden<\/h2>\n\n\n\n<div class=\"wp-block-image\"><figure class=\"aligncenter\"><img decoding=\"async\" loading=\"lazy\" width=\"800\" height=\"233\" src=\"https:\/\/speyer24news.com\/wp-content\/uploads\/2020\/08\/Header-Hof-Flohm\u00e4rkte-Rhein-Neckar-quer-JFl20191002-600x175.png\" alt=\"\" class=\"wp-image-29595\" srcset=\"https:\/\/speyer24news.com\/wp-content\/uploads\/2020\/08\/Header-Hof-Flohm\u00e4rkte-Rhein-Neckar-quer-JFl20191002-600x175.png 800w, https:\/\/speyer24news.com\/wp-content\/uploads\/2020\/08\/Header-Hof-Flohm\u00e4rkte-Rhein-Neckar-quer-JFl20191002-600x175-300x87.png 300w, https:\/\/speyer24news.com\/wp-content\/uploads\/2020\/08\/Header-Hof-Flohm\u00e4rkte-Rhein-Neckar-quer-JFl20191002-600x175-768x224.png 768w\" sizes=\"(max-width: 800px) 100vw, 800px\" \/><\/figure><\/div>\n\n\n\n<p>Guten Tag nach Speyer,<br>Liebe Nachhaltigkeits- und Flohmarkt-Interessierte!<\/p>\n\n\n\n<div class=\"wp-block-image\"><figure class=\"alignleft is-resized\"><img decoding=\"async\" loading=\"lazy\" src=\"https:\/\/speyer24news.com\/wp-content\/uploads\/2020\/08\/DSC_6155_aaaa-600x400.jpg\" alt=\"\" class=\"wp-image-29596\" width=\"329\" height=\"219\" srcset=\"https:\/\/speyer24news.com\/wp-content\/uploads\/2020\/08\/DSC_6155_aaaa-600x400.jpg 800w, https:\/\/speyer24news.com\/wp-content\/uploads\/2020\/08\/DSC_6155_aaaa-600x400-300x200.jpg 300w, https:\/\/speyer24news.com\/wp-content\/uploads\/2020\/08\/DSC_6155_aaaa-600x400-768x512.jpg 768w\" sizes=\"(max-width: 329px) 100vw, 329px\" \/><figcaption> Jens Flammann<\/figcaption><\/figure><\/div>\n\n\n\n<p>Vorsichtig haben wir uns an die diesj\u00e4hrigen Hof-Flohm\u00e4rkte herangetastet und bekommen mit: Die Leute verhalten sich bei den Hof-Flohm\u00e4rkten umsichtig, vorbildlich und sehr respektvoll.<\/p>\n\n\n\n<p>In diesem Geist liefen Anfang Juli die Hof-Flohm\u00e4rkte in \u2192 <a href=\"https:\/\/www.erlebnisorte.de\/wp-content\/uploads\/Hof-Flohmarkt-Flyer-Wallstadt-040720-6seitig-Din-lang.pdf\">Mannheim-Wallstadt<\/a> und auf dem \u2192 <a href=\"https:\/\/www.erlebnisorte.de\/wp-content\/uploads\/Hof-Flohmarkt-Flyer-Lindenhof-250720-6seitig-Din-lang.pdf\">Lindenhof<\/a>.<\/p>\n\n\n\n<h4 class=\"wp-block-heading\">Mitmachen bei Hof-Flohm\u00e4rkten in Speyer<\/h4>\n\n\n\n<div class=\"wp-block-image\"><figure class=\"alignright is-resized\"><img decoding=\"async\" loading=\"lazy\" src=\"https:\/\/speyer24news.com\/wp-content\/uploads\/2020\/08\/IMG_20180719_090314-600x800.jpg\" alt=\"\" class=\"wp-image-29597\" width=\"374\" height=\"499\" srcset=\"https:\/\/speyer24news.com\/wp-content\/uploads\/2020\/08\/IMG_20180719_090314-600x800.jpg 500w, https:\/\/speyer24news.com\/wp-content\/uploads\/2020\/08\/IMG_20180719_090314-600x800-225x300.jpg 225w\" sizes=\"(max-width: 374px) 100vw, 374px\" \/><\/figure><\/div>\n\n\n\n<p>Auf Basis dieser ermutigenden Erfahrungen lade ich Sie ein,<strong> auch in Speyer einen Flohmarkt in Ihrem Hof oder Garten anzubieten<\/strong> (Garagen bieten in der Regel zu wenig Raum).<\/p>\n\n\n\n<p><em>Tipp f\u00fcr gutes Gelingen:<\/em> Stimmen Sie sich mit Ihren Nachbarinnen und Nachbarn ab, denn <strong>je mehr H\u00f6fe in einer Gegend mitmachen, desto attraktiver<\/strong> f\u00fcr Besucherinnen und Besucher!<\/p>\n\n\n\n<p>Die <strong>Hof-Flohm\u00e4rkte in Speyer <\/strong>finden statt am <strong>Samstag, 26. September 2020, 15:00 bis 19:00 Uhr<\/strong>. Weitere Details \u2192 <a href=\"https:\/\/www.erlebnisorte.de\/?event=hof-flohmaerkte-speyer\">hier<\/a> (wir bieten den Besucherinnen und Besuchern an, dass sie sich anmelden = registrieren k\u00f6nnen, damit sie vor und nach den Hof-Flohm\u00e4rkten aktuelle Informationen erhalten k\u00f6nnen &#8211; auch \u00fcber Infektionen\u2026).<\/p>\n\n\n\n<h4 class=\"wp-block-heading\">Was kann ich jetzt beitragen?<\/h4>\n\n\n\n<div class=\"wp-block-image\"><figure class=\"alignleft is-resized\"><img decoding=\"async\" loading=\"lazy\" src=\"https:\/\/speyer24news.com\/wp-content\/uploads\/2020\/08\/IMG_20190608_173934-1-600x450.jpg\" alt=\"\" class=\"wp-image-29598\" width=\"334\" height=\"251\" srcset=\"https:\/\/speyer24news.com\/wp-content\/uploads\/2020\/08\/IMG_20190608_173934-1-600x450.jpg 800w, https:\/\/speyer24news.com\/wp-content\/uploads\/2020\/08\/IMG_20190608_173934-1-600x450-300x225.jpg 300w, https:\/\/speyer24news.com\/wp-content\/uploads\/2020\/08\/IMG_20190608_173934-1-600x450-768x576.jpg 768w, https:\/\/speyer24news.com\/wp-content\/uploads\/2020\/08\/IMG_20190608_173934-1-600x450-678x509.jpg 678w, https:\/\/speyer24news.com\/wp-content\/uploads\/2020\/08\/IMG_20190608_173934-1-600x450-326x245.jpg 326w, https:\/\/speyer24news.com\/wp-content\/uploads\/2020\/08\/IMG_20190608_173934-1-600x450-80x60.jpg 80w\" sizes=\"(max-width: 334px) 100vw, 334px\" \/><\/figure><\/div>\n\n\n\n<p>Herzliche Bitte: Trommeln Sie jetzt schon f\u00fcr die Hof-Flohm\u00e4rkte, indem Sie das PDF-Plakat \u2192 <a href=\"https:\/\/www.erlebnisorte.de\/wp-content\/uploads\/A4-Plakat-quer-Nachbarschaftsflohmarkt-Speyer.pdf\">hier <\/a>ausdrucken und ins Treppenhaus, beim B\u00e4cker um die Ecke oder an anderen zentralen Orten aush\u00e4ngen.<\/p>\n\n\n\n<p>Die wirksamste Einladung ist immer das Gespr\u00e4ch von Mensch zu Mensch (besonders interessiert an den Flohm\u00e4rkten sind offenbar Frauen), daher: Sprechen Sie mit den Menschen in Ihrer Umgebung!<\/p>\n\n\n\n<h4 class=\"wp-block-heading\">Anmeldung ab sofort m\u00f6glich<\/h4>\n\n\n\n<div class=\"wp-block-image\"><figure class=\"alignright is-resized\"><img decoding=\"async\" loading=\"lazy\" src=\"https:\/\/speyer24news.com\/wp-content\/uploads\/2020\/08\/IMG_20190608_164058-600x450.jpg\" alt=\"\" class=\"wp-image-29599\" width=\"321\" height=\"241\" srcset=\"https:\/\/speyer24news.com\/wp-content\/uploads\/2020\/08\/IMG_20190608_164058-600x450.jpg 800w, https:\/\/speyer24news.com\/wp-content\/uploads\/2020\/08\/IMG_20190608_164058-600x450-300x225.jpg 300w, https:\/\/speyer24news.com\/wp-content\/uploads\/2020\/08\/IMG_20190608_164058-600x450-768x576.jpg 768w, https:\/\/speyer24news.com\/wp-content\/uploads\/2020\/08\/IMG_20190608_164058-600x450-678x509.jpg 678w, https:\/\/speyer24news.com\/wp-content\/uploads\/2020\/08\/IMG_20190608_164058-600x450-326x245.jpg 326w, https:\/\/speyer24news.com\/wp-content\/uploads\/2020\/08\/IMG_20190608_164058-600x450-80x60.jpg 80w\" sizes=\"(max-width: 321px) 100vw, 321px\" \/><\/figure><\/div>\n\n\n\n<p><strong>Anmeldungen f\u00fcr Flohmarkt-Anbieter<\/strong> sind ab sofort m\u00f6glich unter \u2192 <a href=\"http:\/\/www.LebensLuxus.de\">www.LebensLuxus.de<\/a>. Dort finden Sie auch weitere Informationen = die Spielregeln als Tipps &amp; Tricks, mit denen Sie sich <strong>Ihr Flohmarkt-Leben leichter machen<\/strong>.<\/p>\n\n\n\n<ul><li><strong>Antworten auf die allermeisten Fragen \u2192 <\/strong><a href=\"https:\/\/www.erlebnisorte.de\/wp-content\/uploads\/Konzept-Nachbarschaftsflohmarkt.pdf\"><strong>hier<\/strong><\/a><\/li><li><strong>Weitere Hof-Flohmarkttermine \u2192 <\/strong><a href=\"http:\/\/www.Nachbarschaftsflohmarkt.de\"><strong>www.Nachbarschaftsflohmarkt.de<\/strong><\/a><\/li><li><strong>Einladungen bestellen \u2192 <\/strong><a href=\"http:\/\/www.Einladungen.Erlebnisorte.de\"><strong>www.Einladungen.Erlebnisorte.de<\/strong><\/a><\/li><\/ul>\n\n\n\n<p>Ich freue mich, wenn wir gemeinsam etwas Gutes gestalten k\u00f6nnen und wenn ich dazu einen kleinen Beitrag leisten darf!<\/p>\n\n\n\n<p>F\u00fcr Fragen stehe ich Ihnen nach meinem Urlaub = ab Mitte August zur Verf\u00fcgung: 0621 483 483 93<\/p>\n\n\n\n<p>Viele Gr\u00fc\u00dfe \u00fcber den Rhein schickt,<\/p>\n\n\n\n<p><em>Jens Flammann, Hof-Flohm\u00e4rkte Rhein-Neckar-Region<br>02.08.2020<\/em><\/p>\n\n\n\n<p><\/p>\n\n\n\n<h1 class=\"wp-block-heading\" style=\"text-align:center\">Q 6 Q 7, das Quartier<\/h1>\n\n\n\n<div class=\"wp-block-image\"><figure class=\"aligncenter\"><img decoding=\"async\" loading=\"lazy\" width=\"350\" height=\"350\" src=\"https:\/\/speyer24news.com\/wp-content\/uploads\/2020\/01\/q6q7-logo.png\" alt=\"\" class=\"wp-image-24906\" srcset=\"https:\/\/speyer24news.com\/wp-content\/uploads\/2020\/01\/q6q7-logo.png 350w, https:\/\/speyer24news.com\/wp-content\/uploads\/2020\/01\/q6q7-logo-150x150.png 150w, https:\/\/speyer24news.com\/wp-content\/uploads\/2020\/01\/q6q7-logo-300x300.png 300w\" sizes=\"(max-width: 350px) 100vw, 350px\" \/><\/figure><\/div>\n\n\n\n<h2 class=\"wp-block-heading\">CARStival, Q 6 Q 7 &amp; Radisson Blu Hotel, Mannheim: Partnerschaft wird mit \u201eRoof Bar Night\u201c gekr\u00f6nt<\/h2>\n\n\n\n<ul><li><strong>\u201eRoof Bar Night\u201c pausiert im Radisson Blu Hotel, Mannheim \u2013 daf\u00fcr live auf dem CARStival<\/strong><\/li><li><strong>Live-Performances von K\u00fcnstlern das Radio Regenbogen Harald Wohlfahrt Palazzo<\/strong><\/li><li><strong>Q 6 Q 7-Chef Hoffmann: \u201eW\u00fcnschen uns mehr Engagement wie von den CARStival-Machern\u201c<\/strong><\/li><\/ul>\n\n\n\n<div class=\"wp-block-image\"><figure class=\"aligncenter\"><img decoding=\"async\" loading=\"lazy\" width=\"800\" height=\"454\" src=\"https:\/\/speyer24news.com\/wp-content\/uploads\/2020\/07\/CARstival-Logo.png\" alt=\"\" class=\"wp-image-28840\" srcset=\"https:\/\/speyer24news.com\/wp-content\/uploads\/2020\/07\/CARstival-Logo.png 800w, https:\/\/speyer24news.com\/wp-content\/uploads\/2020\/07\/CARstival-Logo-300x170.png 300w, https:\/\/speyer24news.com\/wp-content\/uploads\/2020\/07\/CARstival-Logo-768x436.png 768w\" sizes=\"(max-width: 800px) 100vw, 800px\" \/><\/figure><\/div>\n\n\n\n<p><strong>Mannheim &#8211; <\/strong>Mit einer ausverkauften \u201eRoof Bar Night\u201c kr\u00f6nt Q 6 Q 7 Mannheim \u2013 Das Quartier. am Donnerstag (23.07.2020) die erfolgreiche Partnerschaft mit dem CARstival auf dem Mannheimer Maimarktgel\u00e4nde. Aus der \u201eCorona-Not\u201c hatten die Macher des CARStival eine Tugend gemacht. \u201eDas hat uns von Anfang an imponiert\u201c, schildert Achim Ihrig, Mitglied der Gesch\u00e4ftsleitung der DIRINGER &amp; SCHEIDEL Unternehmensgruppe, die sowohl das Quartier Q 6 Q 7 als auch das Radisson Blu Hotel, Mannheim, betreibt: \u201eDer Krise wurde hier Mut, Kreativit\u00e4t, Professionalit\u00e4t und Herzblut entgegengesetzt. Entsprechend gerne sind wir mit in die Partnerschaft eingestiegen.\u201c Am kommenden Donnerstag feiern 250 G\u00e4ste \u2013 erstmals ganz ohne Autos, das \u201eCARStival ohne Cars\u201c sozusagen \u2013 die \u201eRoof Bar Night\u201c, die sie sonst von der Dachterrasse des Radisson Blu Hotel, Mannheim in Q 6 Q 7 kennen, in einer ganz besonderen CARStival-Edition.<\/p>\n\n\n\n<div class=\"wp-block-image\"><figure class=\"aligncenter\"><img decoding=\"async\" loading=\"lazy\" width=\"800\" height=\"591\" src=\"https:\/\/speyer24news.com\/wp-content\/uploads\/2020\/08\/Radisson-Blu-Mannheim.jpg\" alt=\"\" class=\"wp-image-29601\" srcset=\"https:\/\/speyer24news.com\/wp-content\/uploads\/2020\/08\/Radisson-Blu-Mannheim.jpg 800w, https:\/\/speyer24news.com\/wp-content\/uploads\/2020\/08\/Radisson-Blu-Mannheim-300x222.jpg 300w, https:\/\/speyer24news.com\/wp-content\/uploads\/2020\/08\/Radisson-Blu-Mannheim-768x567.jpg 768w, https:\/\/speyer24news.com\/wp-content\/uploads\/2020\/08\/Radisson-Blu-Mannheim-80x60.jpg 80w\" sizes=\"(max-width: 800px) 100vw, 800px\" \/><\/figure><\/div>\n\n\n\n<p>\u201eWir verbinden an diesem Abend Elemente, die die G\u00e4ste aus dem Radisson Blu Hotel, Mannheim kennen, mit Entertainment, das es so derzeit nur auf dem Maimarkt-Gel\u00e4nde gibt\u201c, schildert Stefan Huber, General Manager des CARStival. Coronabedingt finden derzeit keine \u201eRoof Bar Nights\u201c im Radisson Blu Hotel, Mannheim in Q 6 Q 7 statt. Auch bei der CARStival-Edition legt das bekannte DJ-Team BANKS &amp; RAWDRIGUEZ auf und die Barkeeper aus der der Roof Bar sind selbstverst\u00e4ndlich mit ihren Cocktail-Kreationen mit von der Partie. Geboten werden au\u00dferdem Live-Performances und Tanzeinlagen von K\u00fcnstlern des Radio Regenbogen Harald Wohlfahrt Palazzo.<\/p>\n\n\n\n<div class=\"wp-block-image\"><figure class=\"aligncenter\"><img decoding=\"async\" loading=\"lazy\" width=\"500\" height=\"667\" src=\"https:\/\/speyer24news.com\/wp-content\/uploads\/2020\/07\/Open_Air_Lounges.jpg\" alt=\"\" class=\"wp-image-28847\" srcset=\"https:\/\/speyer24news.com\/wp-content\/uploads\/2020\/07\/Open_Air_Lounges.jpg 500w, https:\/\/speyer24news.com\/wp-content\/uploads\/2020\/07\/Open_Air_Lounges-225x300.jpg 225w\" sizes=\"(max-width: 500px) 100vw, 500px\" \/><\/figure><\/div>\n\n\n\n<p>Die G\u00e4ste feiern in den Open-Air-Lounges des CARStival zu viert, zu acht oder zu zw\u00f6lft, \u201eda kann man mit seinen Freunden nach der langen Corona-Pause endlich mal wieder eine sch\u00f6ne Party gemeinsam erleben\u201c, so Stefan Huber.<\/p>\n\n\n\n<p>Vor der riesigen B\u00fchne wird eine nicht minder beeindruckende, zw\u00f6lf Meter lange Bar aufgebaut. Sieben Kameras bringen die Show vor Ort auch auf die 320-Quadratmeter-LED-Leinwand. Wie beim CARStival \u00fcblich bestellen die G\u00e4ste auch ihre Cocktails per App. Diese werden ihnen dann mit dem E-Roller zur Lounge gebracht.<\/p>\n\n\n\n<div class=\"wp-block-image\"><figure class=\"aligncenter\"><img decoding=\"async\" loading=\"lazy\" width=\"600\" height=\"276\" src=\"https:\/\/speyer24news.com\/wp-content\/uploads\/2020\/08\/logo-radisson-blu-hotel-mannheim-320x147.jpg\" alt=\"\" class=\"wp-image-29602\" srcset=\"https:\/\/speyer24news.com\/wp-content\/uploads\/2020\/08\/logo-radisson-blu-hotel-mannheim-320x147.jpg 600w, https:\/\/speyer24news.com\/wp-content\/uploads\/2020\/08\/logo-radisson-blu-hotel-mannheim-320x147-300x138.jpg 300w\" sizes=\"(max-width: 600px) 100vw, 600px\" \/><\/figure><\/div>\n\n\n\n<p>Q 6 Q 7-Chef Hendrik Hoffmann: \u201eDas am Samstag zu Ende gehende CARStival zeigt, dass sich das Engagement f\u00fcr unsere Stadt und die Metropolregion Rhein-Neckar lohnt, wenn man mit Mut und Kreativit\u00e4t Projekte entwickelt und daf\u00fcr nat\u00fcrlich auch das ,Netzwerk der Macher\u2018 in der Metropolregion Rhein-Neckar aktiviert. Schade, dass sich die Kreativwirtschaft Mannheims in der Corona-Krise nicht ,kreativer\u2018 gezeigt hat. Wir von Q 6 Q 7 freuen uns jetzt jedenfalls, wenn unser M\u00fcnzplatz der sommerliche ,Place to be\u2018 wird und hoffen, dass wir damit ein w\u00fcrdiger Nachfolger f\u00fcr das CARStival sind.\u201c<\/p>\n\n\n\n<p><em>CRM \u2013 Center &amp; Retail Management GmbH<br>02.08.2020<\/em><\/p>\n\n\n\n<h1 class=\"wp-block-heading\" style=\"text-align:center\">Honeycamp Mannheim<\/h1>\n\n\n\n<div class=\"wp-block-image\"><figure class=\"aligncenter\"><img decoding=\"async\" loading=\"lazy\" width=\"800\" height=\"389\" src=\"https:\/\/speyer24news.com\/wp-content\/uploads\/2020\/08\/Honeycamp-Mannheim-Logo.png\" alt=\"\" class=\"wp-image-29603\" srcset=\"https:\/\/speyer24news.com\/wp-content\/uploads\/2020\/08\/Honeycamp-Mannheim-Logo.png 800w, https:\/\/speyer24news.com\/wp-content\/uploads\/2020\/08\/Honeycamp-Mannheim-Logo-300x146.png 300w, https:\/\/speyer24news.com\/wp-content\/uploads\/2020\/08\/Honeycamp-Mannheim-Logo-768x373.png 768w\" sizes=\"(max-width: 800px) 100vw, 800px\" \/><\/figure><\/div>\n\n\n\n<h2 class=\"wp-block-heading\">Vorstellung des Honeycamp Mannheim <\/h2>\n\n\n\n<h3 class=\"wp-block-heading\">Honeycamp: Willkommen in der ersten Cocrafting\u00ae-Community Deutschlands<\/h3>\n\n\n\n<div class=\"wp-block-image\"><figure class=\"aligncenter\"><img decoding=\"async\" loading=\"lazy\" width=\"800\" height=\"533\" src=\"https:\/\/speyer24news.com\/wp-content\/uploads\/2020\/08\/20200729_PK_Honeycamp_WEB.jpg\" alt=\"\" class=\"wp-image-29604\" srcset=\"https:\/\/speyer24news.com\/wp-content\/uploads\/2020\/08\/20200729_PK_Honeycamp_WEB.jpg 800w, https:\/\/speyer24news.com\/wp-content\/uploads\/2020\/08\/20200729_PK_Honeycamp_WEB-300x200.jpg 300w, https:\/\/speyer24news.com\/wp-content\/uploads\/2020\/08\/20200729_PK_Honeycamp_WEB-768x512.jpg 768w\" sizes=\"(max-width: 800px) 100vw, 800px\" \/><figcaption>v.l.: Joachim Walter (Gr\u00fcnder, Honeycamp Holding GmbH), Claus Fischer (Gr\u00fcnder, Honeycamp Holding GmbH), Dr. Wolfgang Miodek (Stv. Leitung des Fachbereiches f\u00fcr Wirtschafts- und Strukturf\u00f6rderung  der Stadt Mannheim) und Frank Zumbruch (Leiter der Creative Commision bei Startup Mannheim, zuk\u00fcnftig Senior Consultant Honeycamp Managment GmbH)<\/figcaption><\/figure><\/div>\n\n\n\n<p><strong>Mannheim &#8211; <\/strong>Mannheim ist erneut Geburtsort einer Innovation: Mit dem Honeycamp im Taylor Green Business Park Mannheim entsteht die erste Cocrafting\u00ae-Community in Deutschland. Dabei schafft Cocrafting\u00ae als Form kollaborativen Arbeitens von Handwerker*innen, Manufakturen, Entwickler*innen und Designer*innen eine neuartige Arbeitswelt und ist Motor einer nachhaltigen Stadtentwicklung. Zum Konzept des Honeycamps und aktuellen Entwicklungen sprachen Gr\u00fcnder und Partner. <\/p>\n\n\n\n<p><strong>Auf dem Podium:<\/strong><\/p>\n\n\n\n<ul><li><strong>Joachim Walter (Gr\u00fcnder, Honeycamp Holding GmbH)<\/strong><\/li><li><strong>Claus Fischer (Gr\u00fcnder, Honeycamp Holding GmbH)<\/strong><\/li><li><strong>Dr. Wolfgang Miodek (Stv. Leitung des Fachbereiches f\u00fcr Wirtschafts- und Strukturf\u00f6rderung der Stadt Mannheim)<\/strong><\/li><li><strong>Frank Zumbruch (Leiter der Creative Commision bei Startup Mannheim, zuk\u00fcnftig Senior Consultant Honeycamp Managment GmbH)<\/strong><\/li><\/ul>\n\n\n\n<p>Durch die Pressekonferenz f\u00fchrte Kai Kemper von der Mannheimer Kreativagentur GO7 AG, die sich f\u00fcr die Kommunikation des neu entstehenden Honeycamps verantwortlich zeichnen. <\/p>\n\n\n\n<h4 class=\"wp-block-heading\">Das Projekt  <\/h4>\n\n\n\n<div class=\"wp-block-image\"><figure class=\"aligncenter\"><img decoding=\"async\" loading=\"lazy\" width=\"600\" height=\"600\" src=\"https:\/\/speyer24news.com\/wp-content\/uploads\/2020\/08\/Honeycamp2.jpg\" alt=\"\" class=\"wp-image-29605\" srcset=\"https:\/\/speyer24news.com\/wp-content\/uploads\/2020\/08\/Honeycamp2.jpg 600w, https:\/\/speyer24news.com\/wp-content\/uploads\/2020\/08\/Honeycamp2-150x150.jpg 150w, https:\/\/speyer24news.com\/wp-content\/uploads\/2020\/08\/Honeycamp2-300x300.jpg 300w\" sizes=\"(max-width: 600px) 100vw, 600px\" \/><\/figure><\/div>\n\n\n\n<p>Das Honeycamp bietet die perfekte Heimat f\u00fcr Crafter, lokale Manufakturen, F+E Teams, Maschinenbauer*innen, kleine Produktionen, Designer*innen, Entwicklungs-Startups, K\u00fcnstler*innen und viele mehr. Allein im ersten Honeycamp werden \u00fcber 50 Unternehmen und mehr als dreihundert Menschen in vielf\u00e4ltigen Unternehmensformen in der Entwicklung und Produktion arbeiten und forschen und so einen wertvollen Beitrag f\u00fcr ein zukunftsorientiertes und nachhaltiges Mannheim schaffen. Dabei gilt im Honeycamp stets Business as Unusual: Hier sind die besten K\u00f6pfe und Ideen gesucht, Bonit\u00e4ten sind dabei nebens\u00e4chlich. Jedes Startup, das entwickelt oder produziert, ist hier willkommen. Die Miete ist \u00e4u\u00dferst g\u00fcnstig und liegt im Schnitt bei 870\u20ac f\u00fcr eine ausgestattete Unit von 120 m\u00b2 Nutzfl\u00e4che <\/p>\n\n\n\n<p>Das Honeycamp stellt dabei nicht nur die n\u00f6tige Infrastruktur in flexibel gestaltbaren, nachhaltigen Arbeitsr\u00e4umen und bei individuell planbaren Laufzeiten, sondern auch ein organisches Netzwerk an kreativen Mit- und Andersdenker*innen, die voneinander lernen, profitieren, gemeinsam Ideen entwickeln und direkt umsetzen k\u00f6nnen. Hier treffen kreative K\u00f6pfe und Wertsch\u00f6pfer*innen aus jedem Business und jeden Ranges aufeinander, finden genau die Umgebung, die sie f\u00fcr die Realisierung ihres Projekts brauchen, und sind Teil einzigartiger Kollaborationen <\/p>\n\n\n\n<p>\u201eMit dem Prinzip des Cocrafting\u00aes erschaffen wir neue Arbeitswelten und erschlie\u00dfen unglaubliche M\u00f6glichkeiten. Arbeiten physisch Kreative bisher oft isoliert in unzeitgem\u00e4\u00dfen Werkst\u00e4tten, so kommen sie hier in eine Arbeitswelt mit perfekter Infrastruktur und anderen Kreativen, Entwickler*innen und Manufakturen. Die Zeiten der Einzelk\u00e4mpfer*innen sind l\u00e4ngst vorbei, wir wollen eine neue Arbeitskultur des Austauschs und der Kooperation erschaffen\u201c, erz\u00e4hlt Joachim Walter, Co-Founder des Honeycamps.<\/p>\n\n\n\n<p>Im Honeycamp selbst stehen neben den individualisierbaren Workspaces auch vielf\u00e4ltige Collaboration-Spaces zur Verf\u00fcgung. Das Magazin mit Bar, einer Stage und Chill-Out-Lounges, die Soulkitchen, das Kaminzimmer, ein Yogaraum oder das Pool Deck laden zum offenen Austausch \u00fcber Projekte, Ideen und Konzepte ein, lassen Raum f\u00fcr Kreativit\u00e4t und machen den Arbeitsalltag lebendig. Cocrafting\u00ae ist dabei die logische Weiterentwicklung des Coworkings. Ist das eine nur auf Schreibtischt\u00e4ter*innen beschr\u00e4nkt, erlaubt das andere allen Arten von Kreativen und Produzent*innen Teil einer gro\u00dfen Community zu werden, die sich schon bald in ganz Deutschland ausbreiten soll. Und im benachbarten Ausland.<\/p>\n\n\n\n<h4 class=\"wp-block-heading\">Die Immobilie<\/h4>\n\n\n\n<div class=\"wp-block-image\"><figure class=\"aligncenter\"><img decoding=\"async\" loading=\"lazy\" width=\"800\" height=\"641\" src=\"https:\/\/speyer24news.com\/wp-content\/uploads\/2020\/08\/Honeycamp1.jpg\" alt=\"\" class=\"wp-image-29606\" srcset=\"https:\/\/speyer24news.com\/wp-content\/uploads\/2020\/08\/Honeycamp1.jpg 800w, https:\/\/speyer24news.com\/wp-content\/uploads\/2020\/08\/Honeycamp1-300x240.jpg 300w, https:\/\/speyer24news.com\/wp-content\/uploads\/2020\/08\/Honeycamp1-768x615.jpg 768w\" sizes=\"(max-width: 800px) 100vw, 800px\" \/><\/figure><\/div>\n\n\n\n<p>Zwei Vollholzgeb\u00e4ude mit Ateliers und Werkst\u00e4tten, die auf zwei Etagen je 120 Quadratmeter Arbeits- und Nutzfl\u00e4che bieten. R\u00e4ume wie das Magazin, The Hive oder das Powerhouse, die Kollaborationen und Teamplay nicht nur erm\u00f6glichen, sondern auch explizit f\u00f6rdern. Fl\u00e4chen, die flexibel gestaltbar und erweiterbar sind und mit den Mietenden wachsen: Das ist das Besondere am Honeycamp.<\/p>\n\n\n\n<p>\u201eWir haben schon l\u00e4nger gemerkt, dass nicht mehr nach reinen B\u00fcrofl\u00e4chen, Werkst\u00e4tten oder Hallen gesucht wird, sondern viel flexiblere Konzepte gefragt sind. Auch ist es heutzutage wichtig, einen Space zu finden, der beim Durchstarten eines Startups oder bei der Umsetzung der n\u00e4chsten Idee nicht wieder hinf\u00e4llig ist. Lange Mietvertr\u00e4ge sind dar\u00fcber hinaus auch eine gro\u00dfe H\u00fcrde. Dem wollen wir mit unserem einzigartigen Konzept und R\u00e4umlichkeiten, die mit ihren Nutzenden wachsen, entgegenwirken\u201c, so Claus Fischer, Co-Founder des Honeycamps.<\/p>\n\n\n\n<p>Das \u00fcber 9.000m\u00b2 gro\u00dfe Vollholzgeb\u00e4ude ist dabei modular und flexibel, die einzelnen Spaces sind individuell gestaltbar, monats- oder sogar tageweise anmietbar. Nachhaltig ist das Honeycamp au\u00dferdem. Das verbaute Holz bindet mehr als 2.500t CO2, eine 500kWp gro\u00dfe Photovoltaik-Anlage macht das Honeycamp au\u00dferdem autark in der \u00f6kologischen Gewinnung und dem Eigenverbrauch. Auch 24 Elektrolades\u00e4ulen und viele Ladepunkte f\u00fcr Fahrr\u00e4der leisten einen Beitrag f\u00fcr einen nachhaltigen Energiewechsel. Ein eigens entwickeltes Saatgut sorgt au\u00dferdem auf dem Dach f\u00fcr die F\u00f6rderung und Ansiedlung von Stadtbienen und Faltern. Das Honeycamp ist somit wichtiger Bestandteil und konsequente Weiterentwicklung der von der Stadt Mannheim vorgegebenen nachhaltigen Stadtentwicklung.<\/p>\n\n\n\n<h4 class=\"wp-block-heading\">Die Honeycamper<\/h4>\n\n\n\n<p>Essenz des Cocrafting\u00aes im Honeycamp sind die Honeycamper selbst. \u201eWichtigstes Kriterium: Das Konzept verstehen! Du musst selber mitgestalten wollen und die Kooperation suchen. Davon lebt das Honeycamp!\u201c, erkl\u00e4rt Joachim Walter. Die Honeycamper werden dabei von den Machern sorgf\u00e4ltig kuratiert, um eine lebendige, wertige und vor allen Dingen vielf\u00e4ltige Community zu kreieren. Anl\u00e4sse zum Netzwerken in Form von Workshops, Vortr\u00e4gen und nat\u00fcrlich auch zum Feiern bei vielf\u00e4ltigen Events werden vor Ort geboten und f\u00fchren die Honeycamper zusammen und beleben die Gemeinschaft.<\/p>\n\n\n\n<p>#showmethehoney: Die aktuell laufende Marketingkampage hat das Honeycamp erstmals in den Fokus der \u00d6ffentlichkeit ger\u00fcckt. In k\u00fcrzester Zeit sind ca. 50% der Honeycamp-Fl\u00e4chen reserviert worden, selbstverst\u00e4ndlich sorgf\u00e4ltig kuratiert und mit Bedacht ausgew\u00e4hlt. <\/p>\n\n\n\n<p>Die Branchen sind jetzt schon vielf\u00e4ltig: Im Honeycamp wird zuk\u00fcnftig Kaffee ger\u00f6stet und Craft Beer produziert; es wird an neuen 3D-Druckverfahren geforscht, alte VW K\u00e4fer werden zu Elektroautos umgebaut, ein Textil Innovation Hub ist in Vorbereitung, ein Tonstudio ist willkommen, eine Ingenieurgesellschaft und ein Hersteller von Anlagen zur Wasseraufbereitung haben reserviert und t\u00e4glich kommen neue Anfragen hinzu. <\/p>\n\n\n\n<p>Von einer Vollbelegung schon in diesem Herbst, eher sogar von einer Warteliste sowohl bei den Units als auch bei den Mitgliedschaften, ist auszugehen.<\/p>\n\n\n\n<h4 class=\"wp-block-heading\">Die Stipendien <\/h4>\n\n\n\n<p>Den Grundstein f\u00fcr das eigene Business legen ist gerade in diesen unvorhersehbaren Zeiten kein Leichtes. Um jungen Professionals den Weg in eine erfolgreiche Zukunft zu ebnen, bietet das Honeycamp exklusive Stipendien. Kreative und Designer*innen, Entwickler*innen und Prototyper*innen oder andere Produzent*innen, Forscher*innen und Wertsch\u00f6pfer*innen k\u00f6nnen sich f\u00fcr diese bewerben. \u201eHinter dem Konzept des Honeycamps steht der Grundgedanke, sich gegenseitig zu unterst\u00fctzen. Wir liefern mit unseren Stipendien die Basis daf\u00fcr und unterst\u00fctzen junge Crafter, die den entscheidenden Schub \u2013 oder eben eine Finanzspritze \u2013 in die richtige Richtung brauchen. \u00dcber sich hinauswachsen k\u00f6nnen sie bei uns, den richtigen N\u00e4hrboden liefern wir daf\u00fcr bereits jetzt\u201c, so Claus Fischer.<\/p>\n\n\n\n<h4 class=\"wp-block-heading\">Mannheim \u2013 wo sonst?<\/h4>\n\n\n\n<p>Dass die Wahl des Standortes auf Mannheim viel, ist nat\u00fcrlich kein Zufall. F\u00fcr Dr. Wolfgang Miodek vom Fachbereich f\u00fcr Wirtschafts- und Strukturf\u00f6rderung bietet das Honeycamp ein einzigartiges Angebot f\u00fcr Gr\u00fcnderinnen und Gr\u00fcnder sowie junge, expandierende Unternehmen in der Metropolregion Rhein-Neckar. \u201eDie Mannheimer Wirtschaftsf\u00f6rderung hat deshalb das Projekt von Anfang an unterst\u00fctzt. Kollaboratives Arbeiten von verschiedenen Gewerken und Unternehmen mit unterschiedlichstem Knowhow wird an einem gemeinsamen Standort m\u00f6glich. Das \u00f6kologische und nachhaltige Konzept des Honeycamp integriert sich hervorragend in den Taylor Green Business Park, dem Gewerbegebiet mit dem h\u00f6chsten Gr\u00fcnfl\u00e4chenanteil in Mannheim\u201c, so Miodek. <\/p>\n\n\n\n<p>Auch Frank Zumbruch, Cultural Economy Officer und Leiter der Creative Commission bei Startup Mannheim, \u00e4u\u00dfert sich euphorisch zum Honeycamp Mannheim: \u201eEin Hub f\u00fcr urbane Produktion an den Schnittstellen von Kreativit\u00e4t, Innovation und Nachhaltigkeit passt ideal zur strategischen Stadtentwicklung Mannheims mit seinem einzigartigen Startup-\u00d6kosystem. Es freut mich besonders, dass das Pilotprojekt f\u00fcr den Aufbau der ersten Cocrafting\u00ae-Community ausgerechnet hier entsteht. Weitere Standorte in der Metropolregion Rhein-Neckar und dar\u00fcber hinaus werden hoffentlich bald folgen. Daf\u00fcr werde ich mich ab Oktober als Teil des Honeycamp Managements einsetzen.\u201c. Zumbruch wird die beiden Gr\u00fcnder Joachim Walter und Claus Fischer ab dem 1. Oktober 2020 bei der Skalierung der ersten Cocrafting\u00ae-Community in Mannheim und der Produktentwicklung des Honeycamps Mannheim als Senior Consultant verst\u00e4rken. <\/p>\n\n\n\n<h4 class=\"wp-block-heading\">Weitere Fakten<\/h4>\n\n\n\n<ul><li>Standort: Taylor Green Business Park Mannheim<\/li><li>Grundst\u00fccksfl\u00e4che: 11.500m\u00b2<\/li><li>Campus: 2 Geb\u00e4ude mit 9.100m\u00b2 Nutzfl\u00e4che<\/li><li>Units: 76 a 120 m\u00b2Nutzfl\u00e4che<\/li><li>Bauweise: Vollholzgeb\u00e4ude mit 4,80m hohen R\u00e4umen<\/li><li>Gebundenes CO2: &gt; 2.500t<\/li><li>Parkpl\u00e4tze: 120, davon mit Elektrolades\u00e4ulen: 24<\/li><li>Eigene Stromerzeugung: Honeypower \u00ae<\/li><li>Photovoltaikanlage: 500 kWp<\/li><li>Dachbegr\u00fcnung: HoneySeeds<\/li><li>Mietpreis: ab 870\u20ac\/Unit<\/li><li>Mitgliedschaft Coworking\/Cocrafting\u00ae: ab 99 \u20ac<\/li><li>Investitionsvolumen: 11,5 Millionen \u20ac<\/li><li>Unternehmen im Honeycamp: &gt; 50<\/li><li>Honeycamper: &gt; 300<\/li><li>Er\u00f6ffnung: Oktober 2020<\/li><\/ul>\n\n\n\n<p>Weitere Infos finden Sie au\u00dferdem unter: <a href=\"http:\/\/www.honeycamp.de\">www.honeycamp.de<\/a>.<\/p>\n\n\n\n<p><em>GO7 AG<br>02.08.2020<\/em><\/p>\n\n\n\n<h1 class=\"wp-block-heading\" style=\"text-align:center\">CARStival<\/h1>\n\n\n\n<div class=\"wp-block-image\"><figure class=\"aligncenter\"><img decoding=\"async\" loading=\"lazy\" width=\"800\" height=\"454\" src=\"https:\/\/speyer24news.com\/wp-content\/uploads\/2020\/07\/CARstival-Logo.png\" alt=\"\" class=\"wp-image-28840\" srcset=\"https:\/\/speyer24news.com\/wp-content\/uploads\/2020\/07\/CARstival-Logo.png 800w, https:\/\/speyer24news.com\/wp-content\/uploads\/2020\/07\/CARstival-Logo-300x170.png 300w, https:\/\/speyer24news.com\/wp-content\/uploads\/2020\/07\/CARstival-Logo-768x436.png 768w\" sizes=\"(max-width: 800px) 100vw, 800px\" \/><\/figure><\/div>\n\n\n\n<h2 class=\"wp-block-heading\">#unitedwebeam <\/h2>\n\n\n\n<h3 class=\"wp-block-heading\">CARStival: Der besondere Festivalsommer neigt sich dem Ende <\/h3>\n\n\n\n<div class=\"wp-block-image\"><figure class=\"aligncenter\"><img decoding=\"async\" loading=\"lazy\" width=\"800\" height=\"556\" src=\"https:\/\/speyer24news.com\/wp-content\/uploads\/2020\/07\/CARStival_Lounges1_Fotocredit_Timo_Mistele.png\" alt=\"\" class=\"wp-image-28845\" srcset=\"https:\/\/speyer24news.com\/wp-content\/uploads\/2020\/07\/CARStival_Lounges1_Fotocredit_Timo_Mistele.png 800w, https:\/\/speyer24news.com\/wp-content\/uploads\/2020\/07\/CARStival_Lounges1_Fotocredit_Timo_Mistele-300x209.png 300w, https:\/\/speyer24news.com\/wp-content\/uploads\/2020\/07\/CARStival_Lounges1_Fotocredit_Timo_Mistele-768x534.png 768w\" sizes=\"(max-width: 800px) 100vw, 800px\" \/><\/figure><\/div>\n\n\n\n<p><strong>Mannheim &#8211; <\/strong>Das CARStival hat im Corona-Sommer in Mannheim m\u00f6glich gemacht, was viele gar nicht mehr erwartet haben: Kino-Erlebnisse, Live-Kinoerlebnisse und ganz viel Kultur. Der etwas andere Festivalsommer wartete mit vielf\u00e4ltigen Acts und jeder Menge CARStival-Romantik auf. Jetzt steht der Endspurt mit einem gewohnt vielf\u00e4ltigen Programm an. Das Autokino endete bereits mit einem spannenden Double-Feature. <\/p>\n\n\n\n<p>Acts wie Sido, Haftbefehl, Alligatoah, Gentleman, Max Giesinger, Tim Bendzko, B\u00fclent Ceylan oder die Pochers haben sich auf der CARStival-B\u00fchne die Klinke in die Hand gegeben, auch Goethes Faust, Hitchcocks Psycho und ausgew\u00e4hlte Filmklassiker haben ihren Platz im Programm gefunden. Nun stehen die letzten Vorstellungen des CARStivals an. Bei der Pressekonferenz auf dem Maimarktgel\u00e4nde mit abschlie\u00dfender Filmvorstellung von Dennis Kailings \u201eBesser Welt als nie\u201c und dem Klassiker \u201eGrease\u201c sprachen Veranstalter und Partner ein letztes Mal zum Festival und bedankten sich bei ihren Unterst\u00fctzern. <\/p>\n\n\n\n<h4 class=\"wp-block-heading\">Auf der B\u00fchne:<\/h4>\n\n\n\n<ul><li><strong>Kai Kemper (GO7 AG, CARStival)<\/strong><\/li><li><strong>Uli Roth (DeMi Promotion, CARStival)<\/strong><\/li><li><strong>Lars Lamad\u00e9 (SAP)<\/strong><\/li><li><strong>Jan Goschmann (Maimarktgesellschaft)<\/strong><\/li><li><strong>Christian Kaltenegger (LUX Kinos Frankenthal) <\/strong><\/li><\/ul>\n\n\n\n<h4 class=\"wp-block-heading\">Eine wahre Teamleistung <\/h4>\n\n\n\n<figure class=\"wp-block-image\"><img decoding=\"async\" loading=\"lazy\" width=\"800\" height=\"541\" src=\"https:\/\/speyer24news.com\/wp-content\/uploads\/2020\/07\/CARStival_Lounges2_Fotocredit_Timo_Mistele.png\" alt=\"\" class=\"wp-image-28846\" srcset=\"https:\/\/speyer24news.com\/wp-content\/uploads\/2020\/07\/CARStival_Lounges2_Fotocredit_Timo_Mistele.png 800w, https:\/\/speyer24news.com\/wp-content\/uploads\/2020\/07\/CARStival_Lounges2_Fotocredit_Timo_Mistele-300x203.png 300w, https:\/\/speyer24news.com\/wp-content\/uploads\/2020\/07\/CARStival_Lounges2_Fotocredit_Timo_Mistele-768x519.png 768w\" sizes=\"(max-width: 800px) 100vw, 800px\" \/><\/figure>\n\n\n\n<p>Das CARStival erforderte nicht nur vor Beginn des Festivals starke Nerven und Flexibilit\u00e4t, sondern auch w\u00e4hrend der Laufzeit eine ganz besondere Dynamik. Durch sich \u00e4ndernde Auflagen und Sicherheitsbestimmungen musste das Konzept immer wieder angepasst werden. <\/p>\n\n\n\n<p>\u201eAnfangs gab es noch die Debatte, ob Fenster oder Cabrio-D\u00e4cher ge\u00f6ffnet werden d\u00fcrfen. Zum Schluss konnten wir dahingegen Open Air Lounges anbieten. Das Ma\u00df an Flexibilit\u00e4t, das wir aufbringen mussten, war immens, doch mit einem solchen Team und derartigen Unterst\u00fctzern war es am Ende eine Herausforderung, der wir uns gerne gestellt haben\u201c, so Kai Kemper, Mitveranstalter des CARStivals. <\/p>\n\n\n\n<p>\u201eDass wir dieses einzigartige Festival so schnell hochziehen konnten und das Maimarktgel\u00e4nde wieder mit Leben und Kultur f\u00fcllen durften, erf\u00fcllt uns mit Stolz und Vorfreude auf kommende Zeiten. Durch Corona mag sich vieles \u00e4ndern, der Hunger nach Kultur und Entertainment bleibt aber und verlangt kreative Konzepte\u201c, erg\u00e4nzt Uli Roth, Mitveranstalter des CARStivals. <\/p>\n\n\n\n<p>Das Ergebnis ist beachtlich. Ca. 45.000 Tickets wurden in der Spanne von etwas mehr als zwei Monaten an 60 Spieltagen verkauft, ca. 15.000 Autos und 50.000 Besucher besuchten das Gel\u00e4nde. 45 Spielfilme, 25 Live-Shows, 4 Firmenevents, 2 Abi-Feiern und 1 Gottesdienst: knapp 20.000 Stunden Arbeit aller Beteiligten flossen in die Umsetzung des Festivals, nur 5 Wochen vergingen von der ersten Idee bis zur Umsetzung des ersten Events\u2013 eine wahre Teamleistung. <\/p>\n\n\n\n<h4 class=\"wp-block-heading\">Dank an die Unterst\u00fctzer <\/h4>\n\n\n\n<figure class=\"wp-block-image\"><img decoding=\"async\" loading=\"lazy\" width=\"800\" height=\"450\" src=\"https:\/\/speyer24news.com\/wp-content\/uploads\/2020\/07\/ROOFBAR_GOES_CARSTIVAL_16zu9_V2.jpg\" alt=\"\" class=\"wp-image-29265\" srcset=\"https:\/\/speyer24news.com\/wp-content\/uploads\/2020\/07\/ROOFBAR_GOES_CARSTIVAL_16zu9_V2.jpg 800w, https:\/\/speyer24news.com\/wp-content\/uploads\/2020\/07\/ROOFBAR_GOES_CARSTIVAL_16zu9_V2-300x169.jpg 300w, https:\/\/speyer24news.com\/wp-content\/uploads\/2020\/07\/ROOFBAR_GOES_CARSTIVAL_16zu9_V2-768x432.jpg 768w, https:\/\/speyer24news.com\/wp-content\/uploads\/2020\/07\/ROOFBAR_GOES_CARSTIVAL_16zu9_V2-678x381.jpg 678w\" sizes=\"(max-width: 800px) 100vw, 800px\" \/><\/figure>\n\n\n\n<p>\u201eUnser Dank geht an unsere Unterst\u00fctzer und Mitstreiter, aber vor allem auch an die fabelhaften K\u00fcnstler und G\u00e4ste, die uns auf dem Gel\u00e4nde besucht haben und diesen Sommer zu etwas ganz Besonderem gemacht haben. Unser Netzwerk hat uns abermals gezeigt, was mit vereinten Kr\u00e4ften alles m\u00f6glich ist\u201c, spricht Kai Kemper. <\/p>\n\n\n\n<p>Uli Roth erg\u00e4nzt: \u201eKein Einzelk\u00e4mpfer h\u00e4tte solch eine Leistung bringen k\u00f6nnen. Ein Festival innerhalb von vier Wochen auf die Beine stellen ist eine Meisterleistung, allen Beteiligten, Helfern, Sponsoren und Wegbegleitern kann ich nur sagen: Weltklasse!\u201c <\/p>\n\n\n\n<div class=\"wp-block-image\"><figure class=\"aligncenter\"><img decoding=\"async\" loading=\"lazy\" width=\"800\" height=\"450\" src=\"https:\/\/speyer24news.com\/wp-content\/uploads\/2020\/07\/Sunshine_Live_90er_Autofestival_2.png\" alt=\"\" class=\"wp-image-28843\" srcset=\"https:\/\/speyer24news.com\/wp-content\/uploads\/2020\/07\/Sunshine_Live_90er_Autofestival_2.png 800w, https:\/\/speyer24news.com\/wp-content\/uploads\/2020\/07\/Sunshine_Live_90er_Autofestival_2-300x169.png 300w, https:\/\/speyer24news.com\/wp-content\/uploads\/2020\/07\/Sunshine_Live_90er_Autofestival_2-768x432.png 768w, https:\/\/speyer24news.com\/wp-content\/uploads\/2020\/07\/Sunshine_Live_90er_Autofestival_2-678x381.png 678w\" sizes=\"(max-width: 800px) 100vw, 800px\" \/><\/figure><\/div>\n\n\n\n<p>Der Dank der Veranstalter geht vor allem an die Sponsoren SAP SE, Gr\u00e4ser Eschbach, Rothaus Brauerer, LIDL, Q6Q7, Sparkasse Rhein Neckar Nord, Autohaus Ivancan, Bauhaus, RNV, engelhorn, Gant, MVV und SV SparkassenVersicherung sowie an die beteiligten Gewerke Pabst Security, M.A.X. Technik, Catering Hermann, Enalo, I-Ticket und Christian Kaltenegger des LUX Kinos in Frankenthal. <\/p>\n\n\n\n<p>\u201eOhne die Beteiligung und der harten Arbeit vieler einzelner h\u00e4tte es das gro\u00dfe Ganze nicht gegeben. Uns hat es die einmalige Chance gegeben, in diesem Sommer doch noch unserer Arbeit und Leidenschaft nachzugehen und m\u00f6glich zu machen, was Anfang des Jahres als unm\u00f6glich galt\u201c, so Christian Kaltenegger. <\/p>\n\n\n\n<p>Es folgten in der letzten Woche der L\u00f6wen-Saisonstart, die CARStival-Edition der ROOF Bar Night, der musikalische Gottesdienst und als gro\u00dfes Finale die Sunshine Live 90er Party. Das CARStival wurde pr\u00e4sentiert von SAP SE.<\/p>\n\n\n\n<p><em>GO7 AG<br>02.08.2020<\/em><\/p>\n","protected":false},"excerpt":{"rendered":"<div class=\"mh-excerpt\"><p>Bundesagentur f\u00fcr Arbeit Bundesprogramm zur Sicherung von Ausbildungspl\u00e4tzen startete am 1. August N\u00fcrnberg \/ Deutschland &#8211; Eine gute Ausbildung ist die Grundlage f\u00fcr die berufliche Zukunft junger Menschen und die Fachkr\u00e4ftesicherung in Deutschland. P\u00fcnktlich zum <a class=\"mh-excerpt-more\" href=\"https:\/\/speyer24news.com\/?p=29593\" title=\"Wirtschaft &#038; Finanzen\">[&#8230;]<\/a><\/p>\n<\/div>","protected":false},"author":3,"featured_media":0,"comment_status":"open","ping_status":"open","sticky":false,"template":"","format":"standard","meta":{"_monsterinsights_skip_tracking":false,"_monsterinsights_sitenote_active":false,"_monsterinsights_sitenote_note":"","_monsterinsights_sitenote_category":0,"footnotes":""},"categories":[29],"tags":[553,2484,8205,551,6766,8215,8206,8211,5957,5009,5008,2802,8212,8214,6613,8210,8207,8068,5708,8213,8208,8204,8209,1442,8216],"aioseo_notices":[],"amp_enabled":true,"_links":{"self":[{"href":"https:\/\/speyer24news.com\/index.php?rest_route=\/wp\/v2\/posts\/29593"}],"collection":[{"href":"https:\/\/speyer24news.com\/index.php?rest_route=\/wp\/v2\/posts"}],"about":[{"href":"https:\/\/speyer24news.com\/index.php?rest_route=\/wp\/v2\/types\/post"}],"author":[{"embeddable":true,"href":"https:\/\/speyer24news.com\/index.php?rest_route=\/wp\/v2\/users\/3"}],"replies":[{"embeddable":true,"href":"https:\/\/speyer24news.com\/index.php?rest_route=%2Fwp%2Fv2%2Fcomments&post=29593"}],"version-history":[{"count":2,"href":"https:\/\/speyer24news.com\/index.php?rest_route=\/wp\/v2\/posts\/29593\/revisions"}],"predecessor-version":[{"id":29610,"href":"https:\/\/speyer24news.com\/index.php?rest_route=\/wp\/v2\/posts\/29593\/revisions\/29610"}],"wp:attachment":[{"href":"https:\/\/speyer24news.com\/index.php?rest_route=%2Fwp%2Fv2%2Fmedia&parent=29593"}],"wp:term":[{"taxonomy":"category","embeddable":true,"href":"https:\/\/speyer24news.com\/index.php?rest_route=%2Fwp%2Fv2%2Fcategories&post=29593"},{"taxonomy":"post_tag","embeddable":true,"href":"https:\/\/speyer24news.com\/index.php?rest_route=%2Fwp%2Fv2%2Ftags&post=29593"}],"curies":[{"name":"wp","href":"https:\/\/api.w.org\/{rel}","templated":true}]}}