{"id":29615,"date":"2020-08-04T13:02:30","date_gmt":"2020-08-04T12:02:30","guid":{"rendered":"https:\/\/speyer24news.com\/?p=29615"},"modified":"2020-08-04T13:12:00","modified_gmt":"2020-08-04T12:12:00","slug":"coronafallzahl-verkehrsnotiz-aus-speyer","status":"publish","type":"post","link":"https:\/\/speyer24news.com\/?p=29615","title":{"rendered":"Coronafallzahl &#038; Verkehrsnotiz aus Speyer"},"content":{"rendered":"<style type=\"text\/css\">\r\n\t.ads_top_disp{}\r\n\t.ads_top_corner_disp{ float:left; margin:0px 10px 10px 0px; }\r\n\t.ads_first_p_disp{}\r\n\t.ads_bottom_disp{}\r\n\t<\/style>\n<h1 class=\"wp-block-heading\" style=\"text-align:center\">Corona &#8211; Fallzahlen<\/h1>\n\n\n\n<div class=\"wp-block-image\"><figure class=\"aligncenter\"><img decoding=\"async\" loading=\"lazy\" width=\"800\" height=\"400\" src=\"https:\/\/speyer24news.com\/wp-content\/uploads\/2020\/02\/virus-1812092_1920.jpg\" alt=\"\" class=\"wp-image-25128\" srcset=\"https:\/\/speyer24news.com\/wp-content\/uploads\/2020\/02\/virus-1812092_1920.jpg 800w, https:\/\/speyer24news.com\/wp-content\/uploads\/2020\/02\/virus-1812092_1920-300x150.jpg 300w, https:\/\/speyer24news.com\/wp-content\/uploads\/2020\/02\/virus-1812092_1920-768x384.jpg 768w\" sizes=\"(max-width: 800px) 100vw, 800px\" \/><\/figure><\/div>\n\n\n\n<p>Anzahl best\u00e4tigter F\u00e4lle von Coronavirus (SARS-CoV-2)-Infektionen in der Stadt Speyer: 115 (+\/- 0)<br>Davon bereits genesen: 110<br>Todesf\u00e4lle: 2<br>Personen in Quarant\u00e4ne: 14<br>Gemeldete F\u00e4lle der letzten sieben Tage pro 100.000 Einwohner*innen: 0<\/p>\n\n\n\n<p><em>Stand: 03.08.2020, 15:30 Uhr<\/em><\/p>\n\n\n\n<p><em>Text: Stadtverwaltung Speyer Foto: pixabay.com<br>04.08.2020<\/em><\/p>\n\n\n\n<h1 class=\"wp-block-heading\" style=\"text-align:center\">Verkehrsnotiz<\/h1>\n\n\n\n<div class=\"wp-block-image\"><figure class=\"aligncenter\"><img decoding=\"async\" loading=\"lazy\" width=\"800\" height=\"565\" src=\"https:\/\/speyer24news.com\/wp-content\/uploads\/2020\/01\/Baustelle-2.jpg\" alt=\"\" class=\"wp-image-23900\" srcset=\"https:\/\/speyer24news.com\/wp-content\/uploads\/2020\/01\/Baustelle-2.jpg 800w, https:\/\/speyer24news.com\/wp-content\/uploads\/2020\/01\/Baustelle-2-300x212.jpg 300w, https:\/\/speyer24news.com\/wp-content\/uploads\/2020\/01\/Baustelle-2-768x542.jpg 768w\" sizes=\"(max-width: 800px) 100vw, 800px\" \/><\/figure><\/div>\n\n\n\n<h2 class=\"wp-block-heading\"><strong>Friedrich-Ebert-Stra\u00dfe gesperrt<\/strong><\/h2>\n\n\n\n<p>Aufgrund von Leitungsarbeiten im Auftrag der Entsorgungsbetriebe und der Stadtwerke Speyer wird die Friedrich-Ebert-Stra\u00dfe zwischen Theodor-Heuss-Stra\u00dfe und Graf-Stauffenberg-Stra\u00dfe <strong>ab 10.08.2020 bis voraussichtlich 31.10.2020<\/strong> f\u00fcr den Durchgangsverkehr gesperrt. Eine Umleitung wird eingerichtet.<\/p>\n\n\n\n<p>F\u00fcr R\u00fcckfragen steht die Stra\u00dfenverkehrsbeh\u00f6rde unter der Rufnummer 14-2938 zur Verf\u00fcgung.<\/p>\n\n\n\n<p><em>Stadtverwaltung Speyer<br>04.08.2020<\/em><\/p>\n\n\n\n<h2 class=\"wp-block-heading\"><strong>Wildentenweg gesperrt<\/strong><\/h2>\n\n\n\n<div class=\"wp-block-image\"><figure class=\"aligncenter\"><img decoding=\"async\" src=\"https:\/\/speyer24news.com\/wp-content\/uploads\/2020\/01\/Vollsperrung.jpg\" alt=\"\" class=\"wp-image-23970\"\/><\/figure><\/div>\n\n\n\n<p>Aufgrund privater Bauarbeiten wird der Wildentenweg auf H\u00f6he der Hausnummer 11 am <strong>15.08.2020 zwischen 8.00 Uhr und voraussichtlich 9.00 Uhr <\/strong>f\u00fcr den Durchgangsverkehr gesperrt. In dieser Zeit wird der Wildentenweg beidseitig als Sackgasse ausgewiesen und die Einbahnstra\u00dfenregelung aufgehoben.<\/p>\n\n\n\n<p>F\u00fcr R\u00fcckfragen steht die Stra\u00dfenverkehrsbeh\u00f6rde unter den Rufnummern 14-2739, 14-2682 oder 14-2492 zur Verf\u00fcgung.<\/p>\n\n\n\n<p><em>Text: Stadtverwaltung Speyer Foto: Speyer 24\/7 News, dak<br>04.08.2020<\/em><\/p>\n","protected":false},"excerpt":{"rendered":"<div class=\"mh-excerpt\"><p>Corona &#8211; Fallzahlen Anzahl best\u00e4tigter F\u00e4lle von Coronavirus (SARS-CoV-2)-Infektionen in der Stadt Speyer: 115 (+\/- 0)Davon bereits genesen: 110Todesf\u00e4lle: 2Personen in Quarant\u00e4ne: 14Gemeldete F\u00e4lle der letzten sieben Tage pro 100.000 Einwohner*innen: 0 Stand: 03.08.2020, 15:30 <a class=\"mh-excerpt-more\" href=\"https:\/\/speyer24news.com\/?p=29615\" title=\"Coronafallzahl &#038; Verkehrsnotiz aus Speyer\">[&#8230;]<\/a><\/p>\n<\/div>","protected":false},"author":3,"featured_media":23902,"comment_status":"open","ping_status":"open","sticky":false,"template":"","format":"standard","meta":{"_monsterinsights_skip_tracking":false,"_monsterinsights_sitenote_active":false,"_monsterinsights_sitenote_note":"","_monsterinsights_sitenote_category":0,"footnotes":""},"categories":[47],"tags":[6940,6358,7003,6342,6,658,1114,8217],"aioseo_notices":[],"amp_enabled":true,"_links":{"self":[{"href":"https:\/\/speyer24news.com\/index.php?rest_route=\/wp\/v2\/posts\/29615"}],"collection":[{"href":"https:\/\/speyer24news.com\/index.php?rest_route=\/wp\/v2\/posts"}],"about":[{"href":"https:\/\/speyer24news.com\/index.php?rest_route=\/wp\/v2\/types\/post"}],"author":[{"embeddable":true,"href":"https:\/\/speyer24news.com\/index.php?rest_route=\/wp\/v2\/users\/3"}],"replies":[{"embeddable":true,"href":"https:\/\/speyer24news.com\/index.php?rest_route=%2Fwp%2Fv2%2Fcomments&post=29615"}],"version-history":[{"count":2,"href":"https:\/\/speyer24news.com\/index.php?rest_route=\/wp\/v2\/posts\/29615\/revisions"}],"predecessor-version":[{"id":29618,"href":"https:\/\/speyer24news.com\/index.php?rest_route=\/wp\/v2\/posts\/29615\/revisions\/29618"}],"wp:featuredmedia":[{"embeddable":true,"href":"https:\/\/speyer24news.com\/index.php?rest_route=\/wp\/v2\/media\/23902"}],"wp:attachment":[{"href":"https:\/\/speyer24news.com\/index.php?rest_route=%2Fwp%2Fv2%2Fmedia&parent=29615"}],"wp:term":[{"taxonomy":"category","embeddable":true,"href":"https:\/\/speyer24news.com\/index.php?rest_route=%2Fwp%2Fv2%2Fcategories&post=29615"},{"taxonomy":"post_tag","embeddable":true,"href":"https:\/\/speyer24news.com\/index.php?rest_route=%2Fwp%2Fv2%2Ftags&post=29615"}],"curies":[{"name":"wp","href":"https:\/\/api.w.org\/{rel}","templated":true}]}}