{"id":29621,"date":"2020-08-05T10:45:36","date_gmt":"2020-08-05T09:45:36","guid":{"rendered":"https:\/\/speyer24news.com\/?p=29621"},"modified":"2020-08-15T06:56:26","modified_gmt":"2020-08-15T05:56:26","slug":"leserbrief-9","status":"publish","type":"post","link":"https:\/\/speyer24news.com\/?p=29621","title":{"rendered":"Leserbrief"},"content":{"rendered":"<style type=\"text\/css\">\r\n\t.ads_top_disp{}\r\n\t.ads_top_corner_disp{ float:left; margin:0px 10px 10px 0px; }\r\n\t.ads_first_p_disp{}\r\n\t.ads_bottom_disp{}\r\n\t<\/style>\n<h1 class=\"wp-block-heading\">1. AUGUST 2020, AM TAG DER FREIHEIT IN BERLIN<\/h1>\n\n\n\n<h3 class=\"wp-block-heading\">Geschrieben von&nbsp;Matthias Schneider&nbsp;am&nbsp;4. August 2020.<\/h3>\n\n\n\n<div class=\"wp-block-image\"><figure class=\"aligncenter\"><img decoding=\"async\" loading=\"lazy\" width=\"500\" height=\"667\" src=\"https:\/\/speyer24news.com\/wp-content\/uploads\/2020\/08\/B5.jpg\" alt=\"\" class=\"wp-image-29622\" srcset=\"https:\/\/speyer24news.com\/wp-content\/uploads\/2020\/08\/B5.jpg 500w, https:\/\/speyer24news.com\/wp-content\/uploads\/2020\/08\/B5-225x300.jpg 225w\" sizes=\"(max-width: 500px) 100vw, 500px\" \/><\/figure><\/div>\n\n\n\n<p><strong>Berlin \/ Speyer &#8211; <\/strong>Als sich morgens um 10 Uhr die verschiedenen Umzugswagen auf der Stra\u00dfe des 17. Juni formierten, war schwer abzusch\u00e4tzen wohin sich diese Gro\u00dfdemonstration entwickeln wird. Die gebotenen Parolen waren ein Sammelsurium von politischen Forderungen und Heile-Welt-Phrasen, die von \u201eFree Tibet\u201c \u00fcber \u201eNo Borders \u2013 No Nations\u201c bis \u201eImpfplicht, nein danke!\u201c reichten und beim n\u00fcchternen Beobachter Zweifel aufkommen lie\u00dfen, ob es sich hier um die von der \u201eQuerdenken\u201c-Initiative angek\u00fcndigte Protestveranstaltung gegen das Corona-Notstandsregime handelt. Soundchecks mit Technomusik und rastalockige Spr\u00fccheklopfer, die \u201eWir wollen Spa\u00df!\u201c ins Mikro br\u00fcllten, gaben der Besorgnis Nahrung, da\u00df sich hier eine Mischung aus Loveparade-\u00dc40 und infantilem Polit-Klamauk anbahnen k\u00f6nnte. <\/p>\n\n\n\n<p>Doch offensichtlich war es die Strategie des Veranstalters unter dem Eindruck des Corona-Notstandsregimes und durch Zusammenfassung unter dem gr\u00f6\u00dften gemeinsamen Nenner \u201eFriede, Freiheit, Menschenrechte\u201c, eine wirksame Protestmasse aus den unterschiedlichsten politischen Lagern auf die Stra\u00dfe zu bringen. Der Erfolg gibt ihm recht, denn was bisher unm\u00f6glich schien, n\u00e4mlich die Spaltung der Bev\u00f6lkerung entlang der mannigfaltigen gesellschaftlichen Konfliktlinien zu \u00fcberwinden, das ist am 1. August 2020 eindrucksvoll gelungen. Einigkeit auf der ganzen Linie!<\/p>\n\n\n\n<div class=\"wp-block-image\"><figure class=\"aligncenter\"><img decoding=\"async\" loading=\"lazy\" width=\"800\" height=\"600\" src=\"https:\/\/speyer24news.com\/wp-content\/uploads\/2020\/08\/B3.jpg\" alt=\"\" class=\"wp-image-29623\" srcset=\"https:\/\/speyer24news.com\/wp-content\/uploads\/2020\/08\/B3.jpg 800w, https:\/\/speyer24news.com\/wp-content\/uploads\/2020\/08\/B3-300x225.jpg 300w, https:\/\/speyer24news.com\/wp-content\/uploads\/2020\/08\/B3-768x576.jpg 768w, https:\/\/speyer24news.com\/wp-content\/uploads\/2020\/08\/B3-678x509.jpg 678w, https:\/\/speyer24news.com\/wp-content\/uploads\/2020\/08\/B3-326x245.jpg 326w, https:\/\/speyer24news.com\/wp-content\/uploads\/2020\/08\/B3-80x60.jpg 80w\" sizes=\"(max-width: 800px) 100vw, 800px\" \/><\/figure><\/div>\n\n\n\n<p>Mehrere hunderttausend Menschen marschierten am 1. August 2020, am sog. \u201eTag der Freiheit\u201c in einem schier endlos erscheinenden Zug entlang einer etwa 12 Kilometer langen Strecke durch das Zentrum der Hauptstadt. Geeint durch den Ruf nach Freiheit verbunden mit der Sorge, da\u00df unter dem Vorwand einer herbei phantasierten Corona-Pandemie dauerhafte Zwangsma\u00dfnahmen und Grundrechtsbeschneidungen eingef\u00fchrt werden und sich unsere Demokratie schrittweise in eine F\u00fcrsorge-Diktatur verwandeln k\u00f6nnte. Daneben wurde die Stimmung dominiert von einer deutlichen Ablehnung der Merkel-Regierung und deren gleichgeschalteten Erf\u00fcllungsgehilfen bei den Mainstream-Medien. \u201eWir haben die Schnauze voll\u201c, \u201eL\u00fcgenpresse\u201c und \u201eWir haben Euch so satt\u201c t\u00f6nte es lauthals aus allen politischen Lagern, die in einer bisher nie dagewesenen Einigkeit vertreten waren. Hier sah man Marschierer mit Schwarz-Wei\u00df-Roten Fahnen neben bekennenden Antifaschisten, dort Pegida-Gegner neben einem Wagen der \u201ePatriotic Opposition Europe\u201c, alle friedlich, gut gelaunt und echte Toleranz lebend, so wie es in einer fortschrittlichen Demokratie m\u00f6glich sein sollte. Man kam aus dem Staunen nicht heraus.<\/p>\n\n\n\n<div class=\"wp-block-image\"><figure class=\"aligncenter\"><img decoding=\"async\" loading=\"lazy\" width=\"500\" height=\"667\" src=\"https:\/\/speyer24news.com\/wp-content\/uploads\/2020\/08\/B12.jpg\" alt=\"\" class=\"wp-image-29624\" srcset=\"https:\/\/speyer24news.com\/wp-content\/uploads\/2020\/08\/B12.jpg 500w, https:\/\/speyer24news.com\/wp-content\/uploads\/2020\/08\/B12-225x300.jpg 225w\" sizes=\"(max-width: 500px) 100vw, 500px\" \/><\/figure><\/div>\n\n\n\n<p>Und noch eine Ausnahmeerscheinung ist bemerkenswert. Die unvermeidbaren Gegendemonstranten, \u00fcblicherweise aus dem linksgr\u00fcnen Milieu der sog. zivilgesellschaftlichen B\u00fcndnisse, im Schulterschlu\u00df mit Antifa und Konsorten, hatten an diesem Tag nichts zu melden. Am Ostende des Tiergartens beklagten ein paar Linksextremisten wirklichkeitsentr\u00fcckt den systemischen Alltagsrassismus in Kreuzberg, entlang der Torstra\u00dfe stand ein Gr\u00fcppchen Gewerkschafter, Gr\u00fcne und SPD\u2019ler im Kampf gegen Nazis und umnachtet von ideologischer Demenz, hatten sich auch ein paar \u201eOmas gegen Rechts\u201c eingefunden. Alles armselige H\u00e4uflein, die bei den Demonstrationsteilnehmern nur Kopfsch\u00fctteln, Mitleid oder Erheiterung ausl\u00f6sten.<br>Diese Demonstration des geballten Volkszorns d\u00fcrfte bei der Obrigkeit gewaltiges Unwohlsein hervorgerufen haben, denn die Reaktionen waren entsprechend. <\/p>\n\n\n\n<div class=\"wp-block-image\"><figure class=\"aligncenter\"><img decoding=\"async\" loading=\"lazy\" width=\"800\" height=\"600\" src=\"https:\/\/speyer24news.com\/wp-content\/uploads\/2020\/08\/B9.jpg\" alt=\"\" class=\"wp-image-29625\" srcset=\"https:\/\/speyer24news.com\/wp-content\/uploads\/2020\/08\/B9.jpg 800w, https:\/\/speyer24news.com\/wp-content\/uploads\/2020\/08\/B9-300x225.jpg 300w, https:\/\/speyer24news.com\/wp-content\/uploads\/2020\/08\/B9-768x576.jpg 768w, https:\/\/speyer24news.com\/wp-content\/uploads\/2020\/08\/B9-678x509.jpg 678w, https:\/\/speyer24news.com\/wp-content\/uploads\/2020\/08\/B9-326x245.jpg 326w, https:\/\/speyer24news.com\/wp-content\/uploads\/2020\/08\/B9-80x60.jpg 80w\" sizes=\"(max-width: 800px) 100vw, 800px\" \/><\/figure><\/div>\n\n\n\n<h4 class=\"wp-block-heading\"><strong>1. Die L\u00fcgenmedien<\/strong><\/h4>\n\n\n\n<div class=\"wp-block-image\"><figure class=\"aligncenter\"><img decoding=\"async\" src=\"https:\/\/speyer24news.com\/wp-content\/uploads\/2020\/08\/Corona-Demo-Fotovergleich.jpg\" alt=\"\" class=\"wp-image-29626\"\/><\/figure><\/div>\n\n\n\n<p>Was diese biblische Plage der Gegenwart angeht, so wurden erwartungsgem\u00e4\u00df wieder Rekordleistungen gezielter Desinformation vollbracht.<br>Etwa um 15 Uhr, als die schier endlos erscheinende Marschkolonne noch unterwegs war, wurde von verschiedenen Internet-Portalen, u.a. auch bei NTV gemeldet, die Demonstration sei von der Polizei gewaltsam aufgel\u00f6st worden. Wahrheitsgehalt \u2013 NULL. Waren hier Hellseher am Werk oder waren von den Beh\u00f6rden geplante Ma\u00dfnahmen von sensationsgeilen Journalisten verfr\u00fcht heraus posaunt worden?<br>Allenthalben wurde von ca. 15000 bis 20000 Teilnehmern berichtet, eine Gr\u00f6\u00dfenordnung, die in der Wirklichkeit so verankert ist wie die bl\u00fchenden Landschaften des Sozialismus. 500000 d\u00fcrfte eine realistische Sch\u00e4tzung sein. <\/p>\n\n\n\n<p>In einem Youtube-Schnipsel von BILDlive wird von mehreren Neo-Nazi-Organisationen und ber\u00fchmten Personen der Neo-Nazi-Szene berichtet und im Live-Ticker ist zu lesen:<br><strong>\u201eCorona-Gegner, Verschw\u00f6rungstheoretiker, Antisemiten: Polizei will Massenkundgebung in Berlin Stoppen\u201c<br><\/strong><a rel=\"noreferrer noopener\" href=\"https:\/\/www.youtube.com\/watch?v=0wYdpkpA1X8\" target=\"_blank\">https:\/\/www.youtube.com\/watch?v=0wYdpkpA1X8<\/a><\/p>\n\n\n\n<p>Skandalmeldungen diesen Inhalts, im Falle des Antisemitismus eine perfide L\u00fcge oder hinsichtlich der \u201eNazi-Beteiligung\u201c schwer nachpr\u00fcfbar, geh\u00f6ren zum Standardrepertoire der medialen Anbr\u00e4uner und dienen einzig dazu die gesamte Veranstaltung pauschal zu diskreditieren. Eine erprobte Methode, die ebenso vorhersagbar wie niedertr\u00e4chtig ist, in diesem Falle aber auf ihre Anwender zur\u00fcckfallen d\u00fcrfte, denn die Masse derer, die in Berlin unterwegs waren und etwas anderes erlebt haben, war aus ganz Deutschland angereist und wird im hintersten Winkel der Republik erz\u00e4hlen wie es wirklich war.<\/p>\n\n\n\n<h4 class=\"wp-block-heading\"><strong>2. Die Polizei<\/strong><\/h4>\n\n\n\n<div class=\"wp-block-image\"><figure class=\"aligncenter\"><img decoding=\"async\" loading=\"lazy\" width=\"800\" height=\"600\" src=\"https:\/\/speyer24news.com\/wp-content\/uploads\/2020\/08\/BrandenburgerTOR_leer.jpg\" alt=\"\" class=\"wp-image-29627\" srcset=\"https:\/\/speyer24news.com\/wp-content\/uploads\/2020\/08\/BrandenburgerTOR_leer.jpg 800w, https:\/\/speyer24news.com\/wp-content\/uploads\/2020\/08\/BrandenburgerTOR_leer-300x225.jpg 300w, https:\/\/speyer24news.com\/wp-content\/uploads\/2020\/08\/BrandenburgerTOR_leer-768x576.jpg 768w, https:\/\/speyer24news.com\/wp-content\/uploads\/2020\/08\/BrandenburgerTOR_leer-678x509.jpg 678w, https:\/\/speyer24news.com\/wp-content\/uploads\/2020\/08\/BrandenburgerTOR_leer-326x245.jpg 326w, https:\/\/speyer24news.com\/wp-content\/uploads\/2020\/08\/BrandenburgerTOR_leer-80x60.jpg 80w\" sizes=\"(max-width: 800px) 100vw, 800px\" \/><figcaption> <em>Das \u201e\u00fcberf\u00fcllte\u201c Veranstaltungsgel\u00e4nde<\/em><\/figcaption><\/figure><\/div>\n\n\n\n<p>Die Handlanger der Berliner Obrigkeit waren w\u00e4hrend des Protestmarsches kaum in Erscheinung getreten. Entlang der Marschroute waren keine Seitenstra\u00dfen abgesperrt und die wenigen Einsatzkr\u00e4fte entlang der Strecke fielen kaum auf. Offensichtlich bestand keine Veranlassung den Demonstrationszug gegen gewaltsame Angriffe seitens der \u00fcblichen Verd\u00e4chtigen aus der linksextremen Szene zu sch\u00fctzen.<br>Angesichts der Tatsache, da\u00df Berlin, wie die meisten deutschen Gro\u00dfst\u00e4dte, zu den Ballungszentren linksextremer, gewaltbereiter Aktivisten geh\u00f6rt, ein durchaus erstaunlicher Umstand, der zum Nachdenken und Hinterfragen Anla\u00df geben sollte. Wer hat sich mit wem abgesprochen und darauf verst\u00e4ndigt die Krawallhunde nicht von der Kette zu lassen?<\/p>\n\n\n\n<p>Gegen Ende der Veranstaltung, als die Marschkolonne sich dem Ort der Abschlu\u00dfkundgebung, der Stra\u00dfe des 17. Juni, n\u00e4herte und sich die breite Stra\u00dfe langsam f\u00fcllte, versuchte die Polizei durch faule Tricks die Teilnehmer zu verunsichern und in die Irre zu leiten, vermutlich um f\u00fcr die geplante Aufl\u00f6sung die Menschenmenge fr\u00fchzeitig zu zerstreuen.<br>5 Mannschaftswagen waren am Ostende der Stra\u00dfe des 17. Juni aufgefahren und hatten den Zugang gesperrt. Auf digitalen Anzeigetafeln wurden die ankommenden Demonstrationsteilnehmer abgewiesen mit der Begr\u00fcndung der Veranstaltungsort sei bereits \u00fcberf\u00fcllt. Wer sich, wie die meisten, nicht ins Bockshorn jagen lie\u00df und einen kleinen Umweg \u00fcber die Fu\u00dfwege im Tiergarten nahm, rieb sich erstaunt die Augen als er feststellte, da\u00df die angeblich \u00fcberf\u00fcllte Stra\u00dfe um 16:00 Uhr noch weitgehend leer war. <\/p>\n\n\n\n<div class=\"wp-block-image\"><figure class=\"aligncenter\"><img decoding=\"async\" loading=\"lazy\" width=\"800\" height=\"600\" src=\"https:\/\/speyer24news.com\/wp-content\/uploads\/2020\/08\/B17.jpg\" alt=\"\" class=\"wp-image-29628\" srcset=\"https:\/\/speyer24news.com\/wp-content\/uploads\/2020\/08\/B17.jpg 800w, https:\/\/speyer24news.com\/wp-content\/uploads\/2020\/08\/B17-300x225.jpg 300w, https:\/\/speyer24news.com\/wp-content\/uploads\/2020\/08\/B17-768x576.jpg 768w, https:\/\/speyer24news.com\/wp-content\/uploads\/2020\/08\/B17-678x509.jpg 678w, https:\/\/speyer24news.com\/wp-content\/uploads\/2020\/08\/B17-326x245.jpg 326w, https:\/\/speyer24news.com\/wp-content\/uploads\/2020\/08\/B17-80x60.jpg 80w\" sizes=\"(max-width: 800px) 100vw, 800px\" \/><figcaption>20.000 oder doch eher Hundertausende ?<\/figcaption><\/figure><\/div>\n\n\n\n<p>Erst gegen 17:30Uhr war die Strecke zwischen Ostende Tiergarten und Siegess\u00e4ule mit Zigtausenden gef\u00fcllt und die Polizei schickte Einsatzgruppen vor, um die Abschlu\u00dfkundgebung zu beenden. Mit Verweis auf die Nichteinhaltung der Abstands- und Maskenpflicht wurden die Versammlungsteilnehmer aufgefordert das Gel\u00e4nde zu r\u00e4umen. Erfolglos, denn keiner dachte daran auf einer Demonstration gegen die Corona-Zwangsma\u00dfnahmen sich solchen Anordnungen zu beugen. Angesichts der zigtausend Protestler w\u00e4re eine Zwangsaufl\u00f6sung nur durch ein Gro\u00dfaufgebot unter Einsatz von Wasserwerfern, Tr\u00e4nengas und Anwendung massiver Polizeigewalt m\u00f6glich gewesen. Somit beschr\u00e4nkte man sich darauf den Strom abzuschalten und sowohl Veranstalter, als auch die Redner von der B\u00fchne zu tragen.<\/p>\n\n\n\n<p>Mehrere Tausend Teilnehmer zogen daraufhin vor den Reichstag und das Kanzleramt, wo spontane Kundgebungen stattfanden.<\/p>\n\n\n\n<div class=\"wp-block-image\"><figure class=\"aligncenter\"><img decoding=\"async\" loading=\"lazy\" width=\"800\" height=\"600\" src=\"https:\/\/speyer24news.com\/wp-content\/uploads\/2020\/08\/B18.jpg\" alt=\"\" class=\"wp-image-29629\" srcset=\"https:\/\/speyer24news.com\/wp-content\/uploads\/2020\/08\/B18.jpg 800w, https:\/\/speyer24news.com\/wp-content\/uploads\/2020\/08\/B18-300x225.jpg 300w, https:\/\/speyer24news.com\/wp-content\/uploads\/2020\/08\/B18-768x576.jpg 768w, https:\/\/speyer24news.com\/wp-content\/uploads\/2020\/08\/B18-678x509.jpg 678w, https:\/\/speyer24news.com\/wp-content\/uploads\/2020\/08\/B18-326x245.jpg 326w, https:\/\/speyer24news.com\/wp-content\/uploads\/2020\/08\/B18-80x60.jpg 80w\" sizes=\"(max-width: 800px) 100vw, 800px\" \/><figcaption>Spontandemo vor dem Reichstag nachdem die Demonstration aufgel\u00f6st wurde.<\/figcaption><\/figure><\/div>\n\n\n\n<h4 class=\"wp-block-heading\"><strong>3. Reaktionen der Politikdarsteller<\/strong><\/h4>\n\n\n\n<p>Den Protagonisten unserer politischen Pseudoelite mu\u00df diese Demonstration desgeballten Volkszorns schwer auf den Magen geschlagen haben.<\/p>\n\n\n\n<p>Kein Wunder, denn die angeblichen Volksvertreter und die Regierenden haben sich von ihrem Volk so weit entfernt wie einst die SED-Kader zu DDR-Zeiten. Sie sind zu Machtinhabern degeneriert, denen es nicht mehr um die Umsetzung ihres Amtseides zum Wohle des deutschen Volkes geht, sondern vornehmlich um die Sicherung von Posten, Pfr\u00fcnden und Einflu\u00df.<br>Die Reaktionen auf den \u201eTag der Freiheit\u201c sind entsprechend, sagen aber viel mehr \u00fcber die Geisteshaltung und das Demokratieverst\u00e4ndnis derjenigen aus, von denen sie abgesondert wurden, als \u00fcber die gescholtenen B\u00fcrger, die am 1.August friedlich ihre verfassungsm\u00e4\u00dfigen Grundrechte ausge\u00fcbt haben.<\/p>\n\n\n\n<p>Saskia Esken, Parteivorsitzende der SPD, schimpfte \u00fcber tausende \u201eCovidioten\u201c, die ohne Maske die Gesundheit gef\u00e4hrden. Damit hatte auch sie die Maske fallen gelassen und ihr wahres Gesicht gezeigt, n\u00e4mlich das einer elenden Heuchlerin, die mit zweierlei Ma\u00df mi\u00dft. Denn die \u201eBlack-Lives-Matter\u201c-Proteste vor wenigen Wochen, bei denen ebenfalls keine Corona-Regeln beachtet wurden, hatte sie ausdr\u00fccklich gelobt. Au\u00dferdem d\u00fcrfte diese Beleidigung ihrer Partei auf dem eingeschlagenen Weg in die Bedeutungslosigkeit weiteren Vorschub leisten, so wie seinerzeit die \u201ePack\u201c- Beschimpfung ihres Vorg\u00e4ngers Siegmar Gabriel gegen\u00fcber Kritikern der unkontrollierten, illegalen Masseneinwanderung. <\/p>\n\n\n\n<div class=\"wp-block-image\"><figure class=\"aligncenter\"><img decoding=\"async\" loading=\"lazy\" width=\"800\" height=\"586\" src=\"https:\/\/speyer24news.com\/wp-content\/uploads\/2020\/08\/B10.jpg\" alt=\"\" class=\"wp-image-29630\" srcset=\"https:\/\/speyer24news.com\/wp-content\/uploads\/2020\/08\/B10.jpg 800w, https:\/\/speyer24news.com\/wp-content\/uploads\/2020\/08\/B10-300x220.jpg 300w, https:\/\/speyer24news.com\/wp-content\/uploads\/2020\/08\/B10-768x563.jpg 768w, https:\/\/speyer24news.com\/wp-content\/uploads\/2020\/08\/B10-80x60.jpg 80w\" sizes=\"(max-width: 800px) 100vw, 800px\" \/><\/figure><\/div>\n\n\n\n<p>Oder Michael M\u00fcller, der B\u00fcrgermeister Berlins, ebenfalls Mitglied der Arbeiter-und Volksverr\u00e4terpartei, \u00e4rgerte sich in einem Interview ma\u00dflos, dass Menschen aus anderen Teilen Deutschlands nach Berlin kommen, um ein Demonstrationsrecht auf Grundlage von Hygieneregeln wahrzunehmen, welche sie dann missachteten und die Gesundheit anderer Menschen riskierten.<br>Auch ihm d\u00fcrfte ein Ehrenplatz in der Hall-of-Fame der linksgr\u00fcnen Heuchler sicher sein, denn katastrophale Mi\u00dfst\u00e4nde in seinem Verantwortungsbereich werden seit vielen Jahren wohlwollend geduldet. Oder hat sich Herr M\u00fcller schon einmal ma\u00dflos dar\u00fcber ge\u00e4rgert, da\u00df Menschen aus allen Teilen der Welt ohne Ausweisdokumente nach Berlin kommen, um mit viel krimineller Energie, im G\u00f6rlitzer Park, am Kottbusser Tor und anderen Brennpunkten mit Drogen zu dealen und so Gesundheit und Zukunft anderer Menschen gef\u00e4hrden? Nullinger!<\/p>\n\n\n\n<div class=\"wp-block-image\"><figure class=\"aligncenter\"><img decoding=\"async\" loading=\"lazy\" width=\"800\" height=\"600\" src=\"https:\/\/speyer24news.com\/wp-content\/uploads\/2020\/08\/B14.jpg\" alt=\"\" class=\"wp-image-29631\" srcset=\"https:\/\/speyer24news.com\/wp-content\/uploads\/2020\/08\/B14.jpg 800w, https:\/\/speyer24news.com\/wp-content\/uploads\/2020\/08\/B14-300x225.jpg 300w, https:\/\/speyer24news.com\/wp-content\/uploads\/2020\/08\/B14-768x576.jpg 768w, https:\/\/speyer24news.com\/wp-content\/uploads\/2020\/08\/B14-678x509.jpg 678w, https:\/\/speyer24news.com\/wp-content\/uploads\/2020\/08\/B14-326x245.jpg 326w, https:\/\/speyer24news.com\/wp-content\/uploads\/2020\/08\/B14-80x60.jpg 80w\" sizes=\"(max-width: 800px) 100vw, 800px\" \/><\/figure><\/div>\n\n\n\n<p><strong>Fazit: <\/strong>Der Demonstrationsmarsch am \u201eTag der Freiheit\u201c hat die morschen Knochen des Merkel-Regimes zum zittern gebracht. Gr\u00f6\u00dfter Dank geb\u00fchrt dem Veranstalter, den alle Gleichgesinnten auch weiterhin aktiv unterst\u00fctzen sollten.<\/p>\n\n\n\n<h4 class=\"wp-block-heading\">Sehen sie hier das Fotoalbum zur Demonstration &#8222;Tag der Freiheit&#8220; in Berlin:<\/h4>\n\n\n\n<ul class=\"wp-block-gallery columns-2 is-cropped wp-block-gallery-1 is-layout-flex wp-block-gallery-is-layout-flex\"><li class=\"blocks-gallery-item\"><figure><img decoding=\"async\" loading=\"lazy\" width=\"800\" height=\"600\" src=\"https:\/\/speyer24news.com\/wp-content\/uploads\/2020\/08\/B1.jpg\" alt=\"\" data-id=\"29632\" data-link=\"https:\/\/speyer24news.com\/?attachment_id=29632\" class=\"wp-image-29632\" srcset=\"https:\/\/speyer24news.com\/wp-content\/uploads\/2020\/08\/B1.jpg 800w, https:\/\/speyer24news.com\/wp-content\/uploads\/2020\/08\/B1-300x225.jpg 300w, https:\/\/speyer24news.com\/wp-content\/uploads\/2020\/08\/B1-768x576.jpg 768w, https:\/\/speyer24news.com\/wp-content\/uploads\/2020\/08\/B1-678x509.jpg 678w, https:\/\/speyer24news.com\/wp-content\/uploads\/2020\/08\/B1-326x245.jpg 326w, https:\/\/speyer24news.com\/wp-content\/uploads\/2020\/08\/B1-80x60.jpg 80w\" sizes=\"(max-width: 800px) 100vw, 800px\" \/><\/figure><\/li><li class=\"blocks-gallery-item\"><figure><img decoding=\"async\" loading=\"lazy\" width=\"800\" height=\"600\" src=\"https:\/\/speyer24news.com\/wp-content\/uploads\/2020\/08\/B2.jpg\" alt=\"\" data-id=\"29633\" data-link=\"https:\/\/speyer24news.com\/?attachment_id=29633\" class=\"wp-image-29633\" srcset=\"https:\/\/speyer24news.com\/wp-content\/uploads\/2020\/08\/B2.jpg 800w, https:\/\/speyer24news.com\/wp-content\/uploads\/2020\/08\/B2-300x225.jpg 300w, https:\/\/speyer24news.com\/wp-content\/uploads\/2020\/08\/B2-768x576.jpg 768w, https:\/\/speyer24news.com\/wp-content\/uploads\/2020\/08\/B2-678x509.jpg 678w, https:\/\/speyer24news.com\/wp-content\/uploads\/2020\/08\/B2-326x245.jpg 326w, https:\/\/speyer24news.com\/wp-content\/uploads\/2020\/08\/B2-80x60.jpg 80w\" sizes=\"(max-width: 800px) 100vw, 800px\" \/><\/figure><\/li><li class=\"blocks-gallery-item\"><figure><img decoding=\"async\" loading=\"lazy\" width=\"800\" height=\"600\" src=\"https:\/\/speyer24news.com\/wp-content\/uploads\/2020\/08\/B3-1.jpg\" alt=\"\" data-id=\"29634\" data-link=\"https:\/\/speyer24news.com\/?attachment_id=29634\" class=\"wp-image-29634\" srcset=\"https:\/\/speyer24news.com\/wp-content\/uploads\/2020\/08\/B3-1.jpg 800w, https:\/\/speyer24news.com\/wp-content\/uploads\/2020\/08\/B3-1-300x225.jpg 300w, https:\/\/speyer24news.com\/wp-content\/uploads\/2020\/08\/B3-1-768x576.jpg 768w, https:\/\/speyer24news.com\/wp-content\/uploads\/2020\/08\/B3-1-678x509.jpg 678w, https:\/\/speyer24news.com\/wp-content\/uploads\/2020\/08\/B3-1-326x245.jpg 326w, https:\/\/speyer24news.com\/wp-content\/uploads\/2020\/08\/B3-1-80x60.jpg 80w\" sizes=\"(max-width: 800px) 100vw, 800px\" \/><\/figure><\/li><li class=\"blocks-gallery-item\"><figure><img decoding=\"async\" loading=\"lazy\" width=\"800\" height=\"600\" src=\"https:\/\/speyer24news.com\/wp-content\/uploads\/2020\/08\/B4.jpg\" alt=\"\" data-id=\"29635\" data-link=\"https:\/\/speyer24news.com\/?attachment_id=29635\" class=\"wp-image-29635\" srcset=\"https:\/\/speyer24news.com\/wp-content\/uploads\/2020\/08\/B4.jpg 800w, https:\/\/speyer24news.com\/wp-content\/uploads\/2020\/08\/B4-300x225.jpg 300w, https:\/\/speyer24news.com\/wp-content\/uploads\/2020\/08\/B4-768x576.jpg 768w, https:\/\/speyer24news.com\/wp-content\/uploads\/2020\/08\/B4-678x509.jpg 678w, https:\/\/speyer24news.com\/wp-content\/uploads\/2020\/08\/B4-326x245.jpg 326w, https:\/\/speyer24news.com\/wp-content\/uploads\/2020\/08\/B4-80x60.jpg 80w\" sizes=\"(max-width: 800px) 100vw, 800px\" \/><\/figure><\/li><li class=\"blocks-gallery-item\"><figure><img decoding=\"async\" loading=\"lazy\" width=\"500\" height=\"667\" src=\"https:\/\/speyer24news.com\/wp-content\/uploads\/2020\/08\/B5-1.jpg\" alt=\"\" data-id=\"29636\" data-link=\"https:\/\/speyer24news.com\/?attachment_id=29636\" class=\"wp-image-29636\" srcset=\"https:\/\/speyer24news.com\/wp-content\/uploads\/2020\/08\/B5-1.jpg 500w, https:\/\/speyer24news.com\/wp-content\/uploads\/2020\/08\/B5-1-225x300.jpg 225w\" sizes=\"(max-width: 500px) 100vw, 500px\" \/><\/figure><\/li><li class=\"blocks-gallery-item\"><figure><img decoding=\"async\" loading=\"lazy\" width=\"800\" height=\"600\" src=\"https:\/\/speyer24news.com\/wp-content\/uploads\/2020\/08\/B6.jpg\" alt=\"\" data-id=\"29637\" data-link=\"https:\/\/speyer24news.com\/?attachment_id=29637\" class=\"wp-image-29637\" srcset=\"https:\/\/speyer24news.com\/wp-content\/uploads\/2020\/08\/B6.jpg 800w, https:\/\/speyer24news.com\/wp-content\/uploads\/2020\/08\/B6-300x225.jpg 300w, https:\/\/speyer24news.com\/wp-content\/uploads\/2020\/08\/B6-768x576.jpg 768w, https:\/\/speyer24news.com\/wp-content\/uploads\/2020\/08\/B6-678x509.jpg 678w, https:\/\/speyer24news.com\/wp-content\/uploads\/2020\/08\/B6-326x245.jpg 326w, https:\/\/speyer24news.com\/wp-content\/uploads\/2020\/08\/B6-80x60.jpg 80w\" sizes=\"(max-width: 800px) 100vw, 800px\" \/><\/figure><\/li><li class=\"blocks-gallery-item\"><figure><img decoding=\"async\" loading=\"lazy\" width=\"500\" height=\"667\" src=\"https:\/\/speyer24news.com\/wp-content\/uploads\/2020\/08\/B7.jpg\" alt=\"\" data-id=\"29638\" data-link=\"https:\/\/speyer24news.com\/?attachment_id=29638\" class=\"wp-image-29638\" srcset=\"https:\/\/speyer24news.com\/wp-content\/uploads\/2020\/08\/B7.jpg 500w, https:\/\/speyer24news.com\/wp-content\/uploads\/2020\/08\/B7-225x300.jpg 225w\" sizes=\"(max-width: 500px) 100vw, 500px\" \/><\/figure><\/li><li class=\"blocks-gallery-item\"><figure><img decoding=\"async\" loading=\"lazy\" width=\"800\" height=\"600\" src=\"https:\/\/speyer24news.com\/wp-content\/uploads\/2020\/08\/B8.jpg\" alt=\"\" data-id=\"29639\" data-link=\"https:\/\/speyer24news.com\/?attachment_id=29639\" class=\"wp-image-29639\" srcset=\"https:\/\/speyer24news.com\/wp-content\/uploads\/2020\/08\/B8.jpg 800w, https:\/\/speyer24news.com\/wp-content\/uploads\/2020\/08\/B8-300x225.jpg 300w, https:\/\/speyer24news.com\/wp-content\/uploads\/2020\/08\/B8-768x576.jpg 768w, https:\/\/speyer24news.com\/wp-content\/uploads\/2020\/08\/B8-678x509.jpg 678w, https:\/\/speyer24news.com\/wp-content\/uploads\/2020\/08\/B8-326x245.jpg 326w, https:\/\/speyer24news.com\/wp-content\/uploads\/2020\/08\/B8-80x60.jpg 80w\" sizes=\"(max-width: 800px) 100vw, 800px\" \/><\/figure><\/li><li class=\"blocks-gallery-item\"><figure><img decoding=\"async\" loading=\"lazy\" width=\"800\" height=\"600\" src=\"https:\/\/speyer24news.com\/wp-content\/uploads\/2020\/08\/B9-1.jpg\" alt=\"\" data-id=\"29640\" data-link=\"https:\/\/speyer24news.com\/?attachment_id=29640\" class=\"wp-image-29640\" srcset=\"https:\/\/speyer24news.com\/wp-content\/uploads\/2020\/08\/B9-1.jpg 800w, https:\/\/speyer24news.com\/wp-content\/uploads\/2020\/08\/B9-1-300x225.jpg 300w, https:\/\/speyer24news.com\/wp-content\/uploads\/2020\/08\/B9-1-768x576.jpg 768w, https:\/\/speyer24news.com\/wp-content\/uploads\/2020\/08\/B9-1-678x509.jpg 678w, https:\/\/speyer24news.com\/wp-content\/uploads\/2020\/08\/B9-1-326x245.jpg 326w, https:\/\/speyer24news.com\/wp-content\/uploads\/2020\/08\/B9-1-80x60.jpg 80w\" sizes=\"(max-width: 800px) 100vw, 800px\" \/><\/figure><\/li><li class=\"blocks-gallery-item\"><figure><img decoding=\"async\" loading=\"lazy\" width=\"800\" height=\"586\" src=\"https:\/\/speyer24news.com\/wp-content\/uploads\/2020\/08\/B10-1.jpg\" alt=\"\" data-id=\"29641\" data-link=\"https:\/\/speyer24news.com\/?attachment_id=29641\" class=\"wp-image-29641\" srcset=\"https:\/\/speyer24news.com\/wp-content\/uploads\/2020\/08\/B10-1.jpg 800w, https:\/\/speyer24news.com\/wp-content\/uploads\/2020\/08\/B10-1-300x220.jpg 300w, https:\/\/speyer24news.com\/wp-content\/uploads\/2020\/08\/B10-1-768x563.jpg 768w, https:\/\/speyer24news.com\/wp-content\/uploads\/2020\/08\/B10-1-80x60.jpg 80w\" sizes=\"(max-width: 800px) 100vw, 800px\" \/><\/figure><\/li><li class=\"blocks-gallery-item\"><figure><img decoding=\"async\" loading=\"lazy\" width=\"800\" height=\"600\" src=\"https:\/\/speyer24news.com\/wp-content\/uploads\/2020\/08\/B11.jpg\" alt=\"\" data-id=\"29642\" data-link=\"https:\/\/speyer24news.com\/?attachment_id=29642\" class=\"wp-image-29642\" srcset=\"https:\/\/speyer24news.com\/wp-content\/uploads\/2020\/08\/B11.jpg 800w, https:\/\/speyer24news.com\/wp-content\/uploads\/2020\/08\/B11-300x225.jpg 300w, https:\/\/speyer24news.com\/wp-content\/uploads\/2020\/08\/B11-768x576.jpg 768w, https:\/\/speyer24news.com\/wp-content\/uploads\/2020\/08\/B11-678x509.jpg 678w, https:\/\/speyer24news.com\/wp-content\/uploads\/2020\/08\/B11-326x245.jpg 326w, https:\/\/speyer24news.com\/wp-content\/uploads\/2020\/08\/B11-80x60.jpg 80w\" sizes=\"(max-width: 800px) 100vw, 800px\" \/><\/figure><\/li><li class=\"blocks-gallery-item\"><figure><img decoding=\"async\" loading=\"lazy\" width=\"500\" height=\"667\" src=\"https:\/\/speyer24news.com\/wp-content\/uploads\/2020\/08\/B12-1.jpg\" alt=\"\" data-id=\"29643\" data-link=\"https:\/\/speyer24news.com\/?attachment_id=29643\" class=\"wp-image-29643\" srcset=\"https:\/\/speyer24news.com\/wp-content\/uploads\/2020\/08\/B12-1.jpg 500w, https:\/\/speyer24news.com\/wp-content\/uploads\/2020\/08\/B12-1-225x300.jpg 225w\" sizes=\"(max-width: 500px) 100vw, 500px\" \/><\/figure><\/li><li class=\"blocks-gallery-item\"><figure><img decoding=\"async\" loading=\"lazy\" width=\"800\" height=\"600\" src=\"https:\/\/speyer24news.com\/wp-content\/uploads\/2020\/08\/B13.jpg\" alt=\"\" data-id=\"29644\" data-link=\"https:\/\/speyer24news.com\/?attachment_id=29644\" class=\"wp-image-29644\" srcset=\"https:\/\/speyer24news.com\/wp-content\/uploads\/2020\/08\/B13.jpg 800w, https:\/\/speyer24news.com\/wp-content\/uploads\/2020\/08\/B13-300x225.jpg 300w, https:\/\/speyer24news.com\/wp-content\/uploads\/2020\/08\/B13-768x576.jpg 768w, https:\/\/speyer24news.com\/wp-content\/uploads\/2020\/08\/B13-678x509.jpg 678w, https:\/\/speyer24news.com\/wp-content\/uploads\/2020\/08\/B13-326x245.jpg 326w, https:\/\/speyer24news.com\/wp-content\/uploads\/2020\/08\/B13-80x60.jpg 80w\" sizes=\"(max-width: 800px) 100vw, 800px\" \/><\/figure><\/li><li class=\"blocks-gallery-item\"><figure><img decoding=\"async\" loading=\"lazy\" width=\"800\" height=\"600\" src=\"https:\/\/speyer24news.com\/wp-content\/uploads\/2020\/08\/B14-1.jpg\" alt=\"\" data-id=\"29645\" data-link=\"https:\/\/speyer24news.com\/?attachment_id=29645\" class=\"wp-image-29645\" srcset=\"https:\/\/speyer24news.com\/wp-content\/uploads\/2020\/08\/B14-1.jpg 800w, https:\/\/speyer24news.com\/wp-content\/uploads\/2020\/08\/B14-1-300x225.jpg 300w, https:\/\/speyer24news.com\/wp-content\/uploads\/2020\/08\/B14-1-768x576.jpg 768w, https:\/\/speyer24news.com\/wp-content\/uploads\/2020\/08\/B14-1-678x509.jpg 678w, https:\/\/speyer24news.com\/wp-content\/uploads\/2020\/08\/B14-1-326x245.jpg 326w, https:\/\/speyer24news.com\/wp-content\/uploads\/2020\/08\/B14-1-80x60.jpg 80w\" sizes=\"(max-width: 800px) 100vw, 800px\" \/><\/figure><\/li><li class=\"blocks-gallery-item\"><figure><img decoding=\"async\" loading=\"lazy\" width=\"800\" height=\"600\" src=\"https:\/\/speyer24news.com\/wp-content\/uploads\/2020\/08\/B15.jpg\" alt=\"\" data-id=\"29646\" data-link=\"https:\/\/speyer24news.com\/?attachment_id=29646\" class=\"wp-image-29646\" srcset=\"https:\/\/speyer24news.com\/wp-content\/uploads\/2020\/08\/B15.jpg 800w, https:\/\/speyer24news.com\/wp-content\/uploads\/2020\/08\/B15-300x225.jpg 300w, https:\/\/speyer24news.com\/wp-content\/uploads\/2020\/08\/B15-768x576.jpg 768w, https:\/\/speyer24news.com\/wp-content\/uploads\/2020\/08\/B15-678x509.jpg 678w, https:\/\/speyer24news.com\/wp-content\/uploads\/2020\/08\/B15-326x245.jpg 326w, https:\/\/speyer24news.com\/wp-content\/uploads\/2020\/08\/B15-80x60.jpg 80w\" sizes=\"(max-width: 800px) 100vw, 800px\" \/><\/figure><\/li><li class=\"blocks-gallery-item\"><figure><img decoding=\"async\" loading=\"lazy\" width=\"800\" height=\"600\" src=\"https:\/\/speyer24news.com\/wp-content\/uploads\/2020\/08\/B16.jpg\" alt=\"\" data-id=\"29647\" data-link=\"https:\/\/speyer24news.com\/?attachment_id=29647\" class=\"wp-image-29647\" srcset=\"https:\/\/speyer24news.com\/wp-content\/uploads\/2020\/08\/B16.jpg 800w, https:\/\/speyer24news.com\/wp-content\/uploads\/2020\/08\/B16-300x225.jpg 300w, https:\/\/speyer24news.com\/wp-content\/uploads\/2020\/08\/B16-768x576.jpg 768w, https:\/\/speyer24news.com\/wp-content\/uploads\/2020\/08\/B16-678x509.jpg 678w, https:\/\/speyer24news.com\/wp-content\/uploads\/2020\/08\/B16-326x245.jpg 326w, https:\/\/speyer24news.com\/wp-content\/uploads\/2020\/08\/B16-80x60.jpg 80w\" sizes=\"(max-width: 800px) 100vw, 800px\" \/><\/figure><\/li><li class=\"blocks-gallery-item\"><figure><img decoding=\"async\" loading=\"lazy\" width=\"800\" height=\"600\" src=\"https:\/\/speyer24news.com\/wp-content\/uploads\/2020\/08\/B17-1.jpg\" alt=\"\" data-id=\"29648\" data-link=\"https:\/\/speyer24news.com\/?attachment_id=29648\" class=\"wp-image-29648\" srcset=\"https:\/\/speyer24news.com\/wp-content\/uploads\/2020\/08\/B17-1.jpg 800w, https:\/\/speyer24news.com\/wp-content\/uploads\/2020\/08\/B17-1-300x225.jpg 300w, https:\/\/speyer24news.com\/wp-content\/uploads\/2020\/08\/B17-1-768x576.jpg 768w, https:\/\/speyer24news.com\/wp-content\/uploads\/2020\/08\/B17-1-678x509.jpg 678w, https:\/\/speyer24news.com\/wp-content\/uploads\/2020\/08\/B17-1-326x245.jpg 326w, https:\/\/speyer24news.com\/wp-content\/uploads\/2020\/08\/B17-1-80x60.jpg 80w\" sizes=\"(max-width: 800px) 100vw, 800px\" \/><\/figure><\/li><li class=\"blocks-gallery-item\"><figure><img decoding=\"async\" loading=\"lazy\" width=\"800\" height=\"600\" src=\"https:\/\/speyer24news.com\/wp-content\/uploads\/2020\/08\/B18-1.jpg\" alt=\"\" data-id=\"29649\" data-link=\"https:\/\/speyer24news.com\/?attachment_id=29649\" class=\"wp-image-29649\" srcset=\"https:\/\/speyer24news.com\/wp-content\/uploads\/2020\/08\/B18-1.jpg 800w, https:\/\/speyer24news.com\/wp-content\/uploads\/2020\/08\/B18-1-300x225.jpg 300w, https:\/\/speyer24news.com\/wp-content\/uploads\/2020\/08\/B18-1-768x576.jpg 768w, https:\/\/speyer24news.com\/wp-content\/uploads\/2020\/08\/B18-1-678x509.jpg 678w, https:\/\/speyer24news.com\/wp-content\/uploads\/2020\/08\/B18-1-326x245.jpg 326w, https:\/\/speyer24news.com\/wp-content\/uploads\/2020\/08\/B18-1-80x60.jpg 80w\" sizes=\"(max-width: 800px) 100vw, 800px\" \/><\/figure><\/li><li class=\"blocks-gallery-item\"><figure><img decoding=\"async\" loading=\"lazy\" width=\"800\" height=\"600\" src=\"https:\/\/speyer24news.com\/wp-content\/uploads\/2020\/08\/Berlin-rotes-Rathaus-43932c97.jpeg\" alt=\"\" data-id=\"29650\" data-link=\"https:\/\/speyer24news.com\/?attachment_id=29650\" class=\"wp-image-29650\" srcset=\"https:\/\/speyer24news.com\/wp-content\/uploads\/2020\/08\/Berlin-rotes-Rathaus-43932c97.jpeg 800w, https:\/\/speyer24news.com\/wp-content\/uploads\/2020\/08\/Berlin-rotes-Rathaus-43932c97-300x225.jpeg 300w, https:\/\/speyer24news.com\/wp-content\/uploads\/2020\/08\/Berlin-rotes-Rathaus-43932c97-768x576.jpeg 768w, https:\/\/speyer24news.com\/wp-content\/uploads\/2020\/08\/Berlin-rotes-Rathaus-43932c97-678x509.jpeg 678w, https:\/\/speyer24news.com\/wp-content\/uploads\/2020\/08\/Berlin-rotes-Rathaus-43932c97-326x245.jpeg 326w, https:\/\/speyer24news.com\/wp-content\/uploads\/2020\/08\/Berlin-rotes-Rathaus-43932c97-80x60.jpeg 80w\" sizes=\"(max-width: 800px) 100vw, 800px\" \/><\/figure><\/li><li class=\"blocks-gallery-item\"><figure><img decoding=\"async\" loading=\"lazy\" width=\"800\" height=\"600\" src=\"https:\/\/speyer24news.com\/wp-content\/uploads\/2020\/08\/BrandenburgerTOR_leer-1.jpg\" alt=\"\" data-id=\"29651\" data-link=\"https:\/\/speyer24news.com\/?attachment_id=29651\" class=\"wp-image-29651\" srcset=\"https:\/\/speyer24news.com\/wp-content\/uploads\/2020\/08\/BrandenburgerTOR_leer-1.jpg 800w, https:\/\/speyer24news.com\/wp-content\/uploads\/2020\/08\/BrandenburgerTOR_leer-1-300x225.jpg 300w, https:\/\/speyer24news.com\/wp-content\/uploads\/2020\/08\/BrandenburgerTOR_leer-1-768x576.jpg 768w, https:\/\/speyer24news.com\/wp-content\/uploads\/2020\/08\/BrandenburgerTOR_leer-1-678x509.jpg 678w, https:\/\/speyer24news.com\/wp-content\/uploads\/2020\/08\/BrandenburgerTOR_leer-1-326x245.jpg 326w, https:\/\/speyer24news.com\/wp-content\/uploads\/2020\/08\/BrandenburgerTOR_leer-1-80x60.jpg 80w\" sizes=\"(max-width: 800px) 100vw, 800px\" \/><\/figure><\/li><li class=\"blocks-gallery-item\"><figure><img decoding=\"async\" loading=\"lazy\" width=\"800\" height=\"763\" src=\"https:\/\/speyer24news.com\/wp-content\/uploads\/2020\/08\/Corona-Demo-Fotovergleich-1.jpg\" alt=\"\" data-id=\"29652\" data-link=\"https:\/\/speyer24news.com\/?attachment_id=29652\" class=\"wp-image-29652\" srcset=\"https:\/\/speyer24news.com\/wp-content\/uploads\/2020\/08\/Corona-Demo-Fotovergleich-1.jpg 800w, https:\/\/speyer24news.com\/wp-content\/uploads\/2020\/08\/Corona-Demo-Fotovergleich-1-300x286.jpg 300w, https:\/\/speyer24news.com\/wp-content\/uploads\/2020\/08\/Corona-Demo-Fotovergleich-1-768x732.jpg 768w\" sizes=\"(max-width: 800px) 100vw, 800px\" \/><\/figure><\/li><\/ul>\n\n\n\n<h4 class=\"wp-block-heading\"><strong>Anmerkung der Redaktion: <\/strong><\/h4>\n\n\n\n<p><em>Leserbriefe spiegeln nicht die Meinung der Redaktion wieder. Sollten auch sie Interesse haben uns einen Leserbrief zu schreiben freuen wir uns diesen unter <a href=\"24newsspeyer@web.de\">24newsspeyer@web.de<\/a> zu erhalten.<\/em><\/p>\n\n\n\n<p><em>05.08.2020<\/em><\/p>\n","protected":false},"excerpt":{"rendered":"<div class=\"mh-excerpt\"><p>1. AUGUST 2020, AM TAG DER FREIHEIT IN BERLIN Geschrieben von&nbsp;Matthias Schneider&nbsp;am&nbsp;4. August 2020. Berlin \/ Speyer &#8211; Als sich morgens um 10 Uhr die verschiedenen Umzugswagen auf der Stra\u00dfe des 17. Juni formierten, war <a class=\"mh-excerpt-more\" href=\"https:\/\/speyer24news.com\/?p=29621\" title=\"Leserbrief\">[&#8230;]<\/a><\/p>\n<\/div>","protected":false},"author":3,"featured_media":0,"comment_status":"open","ping_status":"open","sticky":false,"template":"","format":"standard","meta":{"_monsterinsights_skip_tracking":false,"_monsterinsights_sitenote_active":false,"_monsterinsights_sitenote_note":"","_monsterinsights_sitenote_category":0,"footnotes":""},"categories":[1453],"tags":[6401,8221,8220,3299,875,6,8218,8219,214,307],"aioseo_notices":[],"amp_enabled":true,"_links":{"self":[{"href":"https:\/\/speyer24news.com\/index.php?rest_route=\/wp\/v2\/posts\/29621"}],"collection":[{"href":"https:\/\/speyer24news.com\/index.php?rest_route=\/wp\/v2\/posts"}],"about":[{"href":"https:\/\/speyer24news.com\/index.php?rest_route=\/wp\/v2\/types\/post"}],"author":[{"embeddable":true,"href":"https:\/\/speyer24news.com\/index.php?rest_route=\/wp\/v2\/users\/3"}],"replies":[{"embeddable":true,"href":"https:\/\/speyer24news.com\/index.php?rest_route=%2Fwp%2Fv2%2Fcomments&post=29621"}],"version-history":[{"count":2,"href":"https:\/\/speyer24news.com\/index.php?rest_route=\/wp\/v2\/posts\/29621\/revisions"}],"predecessor-version":[{"id":29790,"href":"https:\/\/speyer24news.com\/index.php?rest_route=\/wp\/v2\/posts\/29621\/revisions\/29790"}],"wp:attachment":[{"href":"https:\/\/speyer24news.com\/index.php?rest_route=%2Fwp%2Fv2%2Fmedia&parent=29621"}],"wp:term":[{"taxonomy":"category","embeddable":true,"href":"https:\/\/speyer24news.com\/index.php?rest_route=%2Fwp%2Fv2%2Fcategories&post=29621"},{"taxonomy":"post_tag","embeddable":true,"href":"https:\/\/speyer24news.com\/index.php?rest_route=%2Fwp%2Fv2%2Ftags&post=29621"}],"curies":[{"name":"wp","href":"https:\/\/api.w.org\/{rel}","templated":true}]}}