{"id":29654,"date":"2020-08-06T07:36:47","date_gmt":"2020-08-06T06:36:47","guid":{"rendered":"https:\/\/speyer24news.com\/?p=29654"},"modified":"2020-08-06T07:36:48","modified_gmt":"2020-08-06T06:36:48","slug":"polizei-324","status":"publish","type":"post","link":"https:\/\/speyer24news.com\/?p=29654","title":{"rendered":"Polizei"},"content":{"rendered":"<style type=\"text\/css\">\r\n\t.ads_top_disp{}\r\n\t.ads_top_corner_disp{ float:left; margin:0px 10px 10px 0px; }\r\n\t.ads_first_p_disp{}\r\n\t.ads_bottom_disp{}\r\n\t<\/style>\n<h2 class=\"wp-block-heading\">Polizeimeldung vom Mittwoch (05.08.2020)<\/h2>\n\n\n\n<div class=\"wp-block-image\"><figure class=\"aligncenter\"><img decoding=\"async\" src=\"https:\/\/speyer24news.com\/wp-content\/uploads\/2020\/01\/Aktuelles-Polizeilogo.jpg\" alt=\"\" class=\"wp-image-23832\"\/><\/figure><\/div>\n\n\n\n<h4 class=\"wp-block-heading\">(Speyer) &#8211; K\u00f6rperverletzung<\/h4>\n\n\n\n<p>Nachdem ein 25-j\u00e4hriger Speyerer am Dienstag bereits zwischen 21.30 &#8211; 22.30 Uhr wiederholt wegen Randalierens und Bel\u00e4stigung seiner Nachbarn zur Ruhe ermahnt werden musste, wurde er letztlich um 23.55 Uhr \u00fcber Nacht in Gewahrsam genommen. Vorausgegangen war der polizeilichen Ma\u00dfnahme eine K\u00f6rperverletzung mittels eines Joghurtbechers, welchen der junge Mann seiner 18-j\u00e4hrigen Kontrahentin ins Gesicht geworfen hatte. Diese trug zwar gl\u00fccklicherweise keine \u00e4u\u00dferen Verletzungen, wohl aber Schmerzen im Gesicht davon. Um weitere Straftaten durch den mit 1,7 Promille alkoholisierten Mann zu verhindern, durfte er die Nacht in der Zelle verbringen.<\/p>\n\n\n\n<h4 class=\"wp-block-heading\">(Waldsee) &#8211; Badeunfall bei Waldsee<\/h4>\n\n\n\n<h4 class=\"wp-block-heading\">Gemeinsame Pressemitteilung von Staatsanwaltschaft Frankenthal und Polizeipr\u00e4sidium Rheinpfalz<\/h4>\n\n\n\n<h4 class=\"wp-block-heading\" style=\"text-align:center\">Nachtrag zu:&nbsp;<a target=\"_blank\" href=\"https:\/\/s.rlp.de\/egs2c\" rel=\"noreferrer noopener\">https:\/\/s.rlp.de\/egs2c<\/a><\/h4>\n\n\n\n<p>Am Samstagnachmittag (01.08.2020) war ein 66-J\u00e4hriger aus dem Rhein-Pfalz-Kreis bei einem Badeunfall in Waldsee verstorben. Eine Obduktion ergab jetzt, dass todesurs\u00e4chlich Ersticken bei Ertrinken in S\u00fc\u00dfwasser war.<\/p>\n\n\n\n<p>Hinweise auf ein Verschulden Dritter liegen weiterhin nicht vor.<\/p>\n\n\n\n<h4 class=\"wp-block-heading\">(Mutterstadt) &#8211; Laserkontrolle der Polizei<\/h4>\n\n\n\n<p>Am Dienstagnachmittag zwischen 14:30 und 15:30 Uhr haben Beamte der Polizeiinspektion Schifferstadt eine Laserkontrolle in der Schifferstadter Stra\u00dfe durchgef\u00fchrt. 28 Fahrzeuge haben gegen die zul\u00e4ssige H\u00f6chstgeschwindigkeit von 30 km\/h \u00fcberschritten. Der Schnellste ist mit 53 km\/h gemessen worden. Das zieht ein Bu\u00dfgeld in H\u00f6he von 80 Euro und einen Punkt nach sich.<\/p>\n\n\n\n<h4 class=\"wp-block-heading\">(Germersheim) &#8211; Drogenfund bei Personenkontrolle<\/h4>\n\n\n\n<p>Ein Ermittlungsverfahren wegen Versto\u00df gegen das Bet\u00e4ubungsmittelgesetz leiteten Beamte der Polizeiinspektion Germersheim am Dienstagnachmittag nach der Kontrolle von mehreren M\u00e4nnern ein. W\u00e4hrend der Kontrolle im Bereich des Arrestgeb\u00e4udes an Fronte Diez konnten bei einem 40-J\u00e4hrigen 8,3 Gramm Marihuana aufgefunden werden. Die Drogen wurden durch die Beamten sichergestellt.<\/p>\n\n\n\n<h4 class=\"wp-block-heading\">(Herxheim) &#8211; Vandalismus an Schule \/ Zeugen gesucht<\/h4>\n\n\n\n<p>\u00dcber das vergangene Wochenende wurde eine Fensterscheibe des Pamina-Schulzentrums im S\u00fcdring in Herxheim eingeworfen. Hinweise auf die Verursacher liegen der Polizei derzeit nicht vor.<\/p>\n\n\n\n<p>Die Polizei bittet Zeugen und Anwohner, welche verd\u00e4chtige Personen wahrgenommen haben oder anderweitige sachdienliche Angaben machen k\u00f6nnen, sich unter 06341\/ 2870 oder per Mail an&nbsp;<a href=\"mailto:pilandau@polizei.rlp.de\">pilandau@polizei.rlp.de<\/a>&nbsp;an die Polizeiinspektion Landau zu wenden.<\/p>\n\n\n\n<h4 class=\"wp-block-heading\">(Maximiliansau) &#8211; Bei Verkehrskontrolle Polizeibeamte beleidigt<\/h4>\n\n\n\n<p>Am 04.08.2020 f\u00fchrten Beamte der Bereitschaftspolizei in der Zeit von 06:00 &#8211; 08:00 Uhr eine Verkehrskontrolle mit dem Schwerpunkt Durchfahrtsverbot zwischen Hagenbach und Maximiliansau durch. Gegen 07:30 Uhr wurde ein 41-j\u00e4hriger PKW Fahrer kontrolliert. Im Rahmen der Kontrolle stellte sich heraus, dass der Fahrer unberechtigt die ehemalige L 555 befuhr und nicht im Besitz einer Fahrerlaubnis war. Da er w\u00e4hrend der Kontrolle die Beamten auch mehrfach beleidigte erwarten ihn jetzt mehrere Strafanzeigen. Da der 41-J\u00e4hrige nach der Kontrolle auch mehrfach versuchte in den Stra\u00dfenverkehr zu laufen, wurde er in Gewahrsam genommen und in ein Krankenhaus \u00fcberstellt.<\/p>\n\n\n\n<h4 class=\"wp-block-heading\">(Berg \/ Pfalz) &#8211; Brand bei Solarenergiefirma<\/h4>\n\n\n\n<h4 class=\"wp-block-heading\">Gemeinsame Presseerkl\u00e4rung der Staatsanwaltschaft Landau und der Kriminalinspektion Landau<\/h4>\n\n\n\n<p>Nach dem Brand am Dienstag, 04.08.2020, bei einer Firma f\u00fcr Solarenergie in Berg (Pfalz) hat das Fachkommissariat der Kriminalinspektion Landau die Ermittlungen aufgenommen. Der Brandort wurde gemeinsam von Beamten der Kriminalpolizei und einem Brandsachverst\u00e4ndigen begangen und untersucht. Die Ermittlungen zur Brandursache dauern an. Es entstand Sachschaden in H\u00f6he von etwa 400.000,- Euro. Verletzt wurde niemand.<\/p>\n\n\n\n<h4 class=\"wp-block-heading\">(Minfeld) &#8211; Polizeihubschrauber hilft bei Personensuche<\/h4>\n\n\n\n<p>Bei der Suche nach einer m\u00f6glicherweise hilflosen Person wurde am 05.08.2020 in der Zeit von 09:00 &#8211; 10:00 Uhr auch ein Polizeihubschrauber eingesetzt. Eine Mitteilerin hatte gegen 06:40 Uhr im n\u00f6rdlichen Feldbereich von Minfeld m\u00f6gliche Hilferufe geh\u00f6rt. Der Bereich wurde mit mehreren Polizeikr\u00e4ften abgesucht. Eine hilflose Person oder eine andere Einsatzlage konnte jedoch nicht festgestellt werden. Die Einsatzma\u00dfnahmen wurden um 10:00 Uhr beendet.<\/p>\n\n\n\n<h4 class=\"wp-block-heading\">(Schweighofen \/ Windhof) &#8211; Unfall mit fast 2 Promille<\/h4>\n\n\n\n<p>Eine 65-j\u00e4hrige Frau befuhr am 04.08.2020, gegen 14:00 Uhr, mit ihrem Renault Kangoo die L546 in Richtung Schweighofen. Am Windhof streifte die Fahrerin infolge des Alkoholeinflusses und zu geringen Seitenabstandes einen rechts geparkten Lkw. Ein durchgef\u00fchrter Alkoholtest ergab 1,9 Promille. Der 65-J\u00e4hrigen wurde eine Blutprobe entnommen und ihr F\u00fchrerschein einbehalten. An den Fahrzeugen entstand ein Sachschaden in H\u00f6he von 3600.- Euro. Der Renault Kangoo musste abgeschleppt werden.<\/p>\n\n\n\n<h4 class=\"wp-block-heading\">(B 10 \/ Annweiler) &#8211; LKW missachten Durchfahrtsverbot<\/h4>\n\n\n\n<p>In der Nacht von Dienstag auf Mittwoch kontrollierten Beamte der Landauer Polizei den Schwerlastverkehr auf der B10. Hauptaugenmerk lag hierbei auf der \u00dcberwachung des bestehenden Nachtfahrverbotes f\u00fcr LKW. Da drei der kontrollierten Fahrer \u00fcber keine Ausnahmegenehmigung verf\u00fcgten, und der Be- und Entladeort nicht im zul\u00e4ssigen Bereich lag, wurden entsprechende Ordnungswidrigkeitenverfahren eingeleitet.<\/p>\n\n\n\n<h4 class=\"wp-block-heading\">(Landau) &#8211; E-Scooter ohne Versicherungsschutz<\/h4>\n\n\n\n<p>Aufgrund eines fehlenden vorgeschrieben Versicherungskennzeichen wurde ein 23-j\u00e4hriger mit seinem E-Roller am Dienstag in der Queichheimer Hauptstra\u00dfe einer Verkehrskontrolle unterzogen. Hierbei best\u00e4tigte sich der Verdacht, dass f\u00fcr den Roller kein Versicherungsschutz bestand. Dem Fahrer wurde die Weiterfahrt untersagt.<\/p>\n\n\n\n<p>Die Polizei weist darauf hin, dass E-Scooter mit einer bauartbedingten H\u00f6chstgeschwindigkeit \u00fcber 6 km\/h bei Nutzung auf \u00f6ffentlichen Stra\u00dfen einer entsprechenden Versicherungspflicht unterliegen. Bei Zuwiderhandlungen droht den Fahrern ein Verfahren aufgrund eines Versto\u00dfes gegen das Pflichtversicherungsgesetz.<\/p>\n\n\n\n<h4 class=\"wp-block-heading\">(Edenkoben \/ A 65) &#8211; Schwerer Verkehrsunfall \/ A65 Vollsperrung<\/h4>\n\n\n\n<h4 class=\"wp-block-heading\" style=\"text-align:center\">Erstmeldung <\/h4>\n\n\n\n<p>Am Mittwoch den 05.08.2020 erh\u00e4lt die zust\u00e4ndige Polizeiinspektion Edenkoben die Mitteilung \u00fcber einen schweren Verkehrsunfall auf der A65 in Fahrtrichtung Ludwigshafen. Die Unfallstelle befindet sich zwischen den Anschlussstellen Neustadt-S\u00fcd und Neustadt-Nord. Es sind Einsatzkr\u00e4fte der Feuerwehr, des Rettungsdienstes und der Polizei im Einsatz. Weiterhin ein Rettungshubschrauber. Aus diesem Grund muss die A65 vorl\u00e4ufig in BEIDE Fahrtrichtungen komplett gesperrt werden. Es wird nachberichtet.<\/p>\n\n\n\n<h4 class=\"wp-block-heading\">(Edenkoben \/ A 65) &#8211; Schwerer Verkehrsunfall \/ A65 Vollsperrung aufgehoben<\/h4>\n\n\n\n<h4 class=\"wp-block-heading\" style=\"text-align:center\">Nachtragsmeldung<\/h4>\n\n\n\n<div class=\"wp-block-image\"><figure class=\"aligncenter\"><img decoding=\"async\" loading=\"lazy\" width=\"800\" height=\"629\" src=\"https:\/\/speyer24news.com\/wp-content\/uploads\/2020\/08\/img_3431.jpg\" alt=\"\" class=\"wp-image-29655\" srcset=\"https:\/\/speyer24news.com\/wp-content\/uploads\/2020\/08\/img_3431.jpg 800w, https:\/\/speyer24news.com\/wp-content\/uploads\/2020\/08\/img_3431-300x236.jpg 300w, https:\/\/speyer24news.com\/wp-content\/uploads\/2020\/08\/img_3431-768x604.jpg 768w\" sizes=\"(max-width: 800px) 100vw, 800px\" \/><\/figure><\/div>\n\n\n\n<p>Am Mittwoch den 05.08.2020 erh\u00e4lt die zust\u00e4ndige Polizeiinspektion Edenkoben gegen 18:10 Uhr die Mitteilung \u00fcber einen schweren Verkehrsunfall auf der A65 in Fahrtrichtung Ludwigshafen. Die Unfallstelle befindet sich zwischen den Anschlussstellen Neustadt-S\u00fcd und Neustadt-Nord.<\/p>\n\n\n\n<p>In der Folge musste die A65 f\u00fcr ca. 1 Stunde bis um ca. 19:15 Uhr voll gesperrt werden. Mittlerweile ist die Vollsperrung aufgehoben. Die rechte Fahrspur in Fahrtrichtung Ludwigshafen bleibt zwischen Neustadt-S\u00fcd und Neustadt-Nord weiterhin f\u00fcr die Dauer der Unfallaufnahme gesperrt.<\/p>\n\n\n\n<p>Nach derzeitigem Stand befuhr ein mit 3 Personen besetzter PKW der Marke Fiat die A65 in Richtung Ludwigshafen auf der rechten Fahrspur. In H\u00f6he der Anschlussstelle Neustadt-S\u00fcd wollte der Fiat-Fahrer einem auffahrenden PKW Platz machen und wechselte hierzu auf die linke Fahrspur. Hierbei \u00fcbersah er einen bereits auf der linken Fahrspur befindlichen VW Golf. Es kam zum Zusammensto\u00df der beiden Fahrzeuge, wodurch der Fiat nach rechts von der Fahrbahn geschleudert wurde und auf dem Fahrzeugdach zum liegen kam. Die drei Fahrzeuginsassen mussten von der Feuerwehr aus dem PKW befreit werden. Nach derzeitigem Stand sind diese leicht verletzt. Sie wurden in ein Krankenhaus verbracht. Der Fahrer des VW Golf wurde durch den Aufprall ebenfalls verletzt in ein Krankenhaus verbracht.<\/p>\n\n\n\n<p>Im Einsatz waren Kr\u00e4fte der Feuerwehren Neustadt und Lachen-Speyerdorf, mehrere Rettungswagen, zwei Rettungshubschrauber, sowie drei Funkstreifenwagen der Polizei.<\/p>\n\n\n\n<h4 class=\"wp-block-heading\">(Neustadt) &#8211; Verkehrsunfall mit verletzter Radfahrerin<\/h4>\n\n\n\n<p>Am 05.08.2020 gegen 15:15 Uhr kam es in Neustadt im Kreuzungsbereich Kohlplatz \/ Ludwigstra\u00dfe zu einem Verkehrsunfall zwischen einem Autofahrer und einer Radfahrerin. Der in der Schweiz wohnende 24- J\u00e4hrige Urlauber befuhr mit seinem Auto die Ludwigstra\u00dfe in Fahrtrichtung Talstra\u00dfe und habe nach links zum Kohlplatz abbiegen wollen. Vermutlich aufgrund Unachtsamkeit \u00fcbersah er die ihm auf der Ludwigstra\u00dfe entgegenkommende F\u00fchrerin eines Pedelecs, sodass es im Kreuzungsbereich zu einem schweren Verkehrsunfall kam. Die 26-j\u00e4hrige Neust\u00e4dterin verletzte sich durch den Zusammensto\u00df erheblich, der Verletzungsgrad ist bislang nicht eindeutig. Die Dame wurde vor Ort durch die verst\u00e4ndigten Rettungskr\u00e4fte und einem Notarzt erstversorgt und im Anschluss in das nahegelegene Krankenhaus Hetzelstift zu weiteren Untersuchungen verbracht. Eine Lebensgefahr konnte ausgeschlossen werden. Dem Unfallverursacher droht neben der Ahndung des Unfallgeschehens ein Strafverfahren wegen fahrl\u00e4ssiger K\u00f6rperverletzung.<\/p>\n\n\n\n<p>Ein besonderer Dank geb\u00fchrt den couragierten Einsatzkr\u00e4ften der Feuerwehr Neustadt, L\u00f6schzug Lachen-Speyerdorf, welche auf der R\u00fcckfahrt eines gesonderten Einsatzes als Ersthelfer die Radfahrerin versorgten und umgehend erforderliche Verkehrsma\u00dfnahmen einleiteten.<\/p>\n\n\n\n<h4 class=\"wp-block-heading\">(Neustadt) &#8211; Bei Beziehungsstreit Messer eingesetzt<\/h4>\n\n\n\n<p>Die Aussprache eines bereits getrennten Paares besch\u00e4ftigte mehrere Streifenbeamte am 04.08.2020 gegen 21:45 Uhr in der Landauer Stra\u00dfe. Eine 21-j\u00e4hrige Frau und ein 47-j\u00e4hriger Mann trafen sich auf dem Gel\u00e4nde einer Tankstelle zur gemeinsamen Aussprache, nachdem die Beziehung offensichtlich gescheitert war. Nach bisherigen Ermittlungen eskalierte das Gespr\u00e4ch und es kam zu Handgreiflichkeiten und K\u00f6rperverletzungen, in deren Verlauf die Frau aus der Handtasche ein K\u00fcchenmesser zog. Inwieweit das Messer eingesetzt wurde, ist noch unklar. Zeugen die auf das streitende Paar aufmerksam wurden, schritten ein und nahmen der Frau das Messer weg. Die Polizei wurde von dem 47-J\u00e4hrigen informiert. Die 21-J\u00e4hrige war alkoholisiert, ein Atemalkoholtest ergab eine Konzentration von 0,83 Promille. Sie musste eine Blutprobe abgeben. Um den tats\u00e4chlichen Ablauf des Streites zu kl\u00e4ren, sind weitere Ermittlungen erforderlich.<\/p>\n\n\n\n<h4 class=\"wp-block-heading\">(Neustadt) &#8211; Verkehrsunfall durch Sekundenschlaf<\/h4>\n\n\n\n<p>Am 04.08.2020 gegen 10:45 Uhr kam es auf der B39 Ortsausgang Neustadt Richtung Lambrecht zu einem Verkehrsunfall, bei dem gl\u00fccklicherweise niemand verletzt wurde. Eine 52-j\u00e4hrige Autofahrerin befuhr mit ihrem Pkw die B39 von Neustadt in Richtung Lambrecht. In der langgezogenen Rechtskurve verlor sie vermutlich aufgrund Sekundenschlaf die Kontrolle \u00fcber ihr Fahrzeug und kam nach links auf die Gegenfahrbahn. Ein entgegenkommender 71-j\u00e4hriger Autofahrer konnte in letzter Sekunde ausweichen, eine Kollision jedoch nicht g\u00e4nzlich verhindern. Er kam mit seinem Fahrzeug nach rechts von der Fahrbahn ab. Das Fahrzeug der Unfallverursacherin war nicht mehr fahrbereit und musste abgeschleppt werden. Der Gesamtsachschaden wird mit ca. 4000 Euro angegeben. Der Unfallverursacherin wird vorgeworfen, \u00fcberm\u00fcdet am Stra\u00dfenverkehr teilgenommen zu haben und sie somit nicht in der Lage war, das Fahrzeug sicher zu f\u00fchren. Eine entsprechende Anzeige wird der Staatsanwaltschaft Frankenthal vorgelegt, der F\u00fchrerschein wurde einbehalten.<\/p>\n\n\n\n<h4 class=\"wp-block-heading\">(Neustadt) &#8211; Geschwindigkeitskontrollen im Dienstbezirk<\/h4>\n\n\n\n<p>Am 04.08.2020 wurden im Dienstbezirk der PI Neustadt mehrere Geschwindigkeitsmessungen durchgef\u00fchrt.<\/p>\n\n\n\n<p>Zwischen 08:10 Uhr und 08:45 Uhr standen die Beamten in der Sauterstra\u00dfe (erlaubte 30 km\/h). Von 42 gemessenen Fahrzeugen waren f\u00fcnf Fahrzeugf\u00fchrer zu schnell unterwegs. Die gemessene Spitzengeschwindigkeit lag bei 50 km\/h.<\/p>\n\n\n\n<p>Die L499 an der Einm\u00fcndung der L514 (erlaubte 70 km\/h) in Frankeneck wurde im Zeitraum von 10:30 Uhr bis 11:20 Uhr \u00fcberpr\u00fcft. Von 54 gemessenen Fahrzeugen war kein Fahrzeugf\u00fchrer zu beanstanden.<\/p>\n\n\n\n<p>Zwischen 12:30 Uhr und 13:20 Uhr wurde eine Kontrollstelle in der Landauer Stra\u00dfe H\u00f6he des Friedhofes eingerichtet (erlaubte 50 km\/h). Von 364 gemessenen Fahrzeugen waren zwei Fahrzeugf\u00fchrer zu schnell, die gemessene Spitzengeschwindigkeit lag bei 68 km\/h. Zudem wurden hier vier Fahrzeugf\u00fchrer beim Telefonieren mit dem Handy festgestellt und ein Fahrzeugf\u00fchrer war nicht angegurtet.<\/p>\n\n\n\n<h4 class=\"wp-block-heading\">(Deidesheim) &#8211; Verkehrsunfall mit Flucht, unfallbeteiligter Fahrradfahrer leichtverletzt<\/h4>\n\n\n\n<p>Am 04.08.2020 kam es gegen 15:10 Uhr in Deidesheim, Weinstra\u00dfe, zu einem Verkehrsunfall, bei dem eine Fahrradfahrerin leicht verletzt wurde. Die 71-j\u00e4hrige Fahrradfahrerin befuhr die Weinstra\u00dfe in Fahrtrichtung Ruppertsberg. In gleicher Richtung befuhr der unbekannte LKW-Fahrer die Weinstra\u00dfe. In H\u00f6he der Fu\u00dfg\u00e4ngerampel am Deidesheimer Hof \u00fcberholte der LKW-Fahrer die Fahrradfahrerin, ohne den dabei erforderlichen Sicherheitsabstand einzuhalten. Er streifte die Fahrradfahrerin, welche st\u00fcrzte und sich eine blutende Wunde am Ellenbogen zuzog. Der LKW-Fahrer setzte seine Fahrt fort. Mithilfe von Zeugen konnten Kennzeichenfragmente eines vermutlich ausl\u00e4ndischen Kennzeichens \u00fcbereinstimmend ermittelt werden. Eine vollst\u00e4ndige Identifizierung steht jedoch noch aus. Es soll sich um einen blauen oder dunkelgrauen LKW gehandelt habben.<\/p>\n\n\n\n<p>Die Polizei bittet um Zeugenhinweise.<\/p>\n\n\n\n<h4 class=\"wp-block-heading\">(Bad D\u00fcrkheim) &#8211; Verkehrsunfall mit verletzter Radfahrerin<\/h4>\n\n\n\n<p>Am Dienstag, 04.08.2020 gegen 19.00 kam es in der Bruchstra\u00dfe zu einem Verkehrsunfall zwischen einer Radfahrerin und einem Auto. Ein 21-j\u00e4hriger Autofahrer fuhr vom Parkplatz eines Einkaufsmarktes in die Bruchstra\u00dfe ein. Hierbei \u00fcbersah er eine 60-j\u00e4hrige Radfahrerin, welche verbotswidrig den Gehweg benutzte und zudem in entgegengesetzter Richtung fuhr. Es kam zu Zusammensto\u00df, wodurch die Radfahrerin zu Boden st\u00fcrzte und sich leichte Verletzungen zuzog.<\/p>\n\n\n\n<h4 class=\"wp-block-heading\">(Frankenthal) &#8211; Entwendeter Roller aufgefunden<\/h4>\n\n\n\n<p>Ein in der Nacht vom 03.08.20 auf den 04.08.20 von einem Grundst\u00fcck in der Anna-Maus-Stra\u00dfe entwendeter Roller der Marke Aprillia konnte gestern Abend gegen 22:30 Uhr auf einem nahegelegenen Feldweg aufgefunden werden. Das Lenkradschloss war gebrochen, aber der Roller ansonsten intakt. Die Polizei sucht Zeugen des Vorfalles.<\/p>\n\n\n\n<h4 class=\"wp-block-heading\">(Bobenheim-Roxheim) &#8211; Gekl\u00e4rte Unfallflucht dank aufmerksamer Zeugin<\/h4>\n\n\n\n<p>Die 71-j\u00e4hrige Fahrerin eines VW Golf parkte ihr Fahrzeug gestern gegen 11:00 Uhr in einer Parkbucht parallel zur Fahrbahn in der Marktstra\u00dfe in Bobenheim-Roxheim. Ein 83-J\u00e4hriger parkte kurze Zeit sp\u00e4ter r\u00fcckw\u00e4rts mit seinem Fahrzeug, einem Mercedes B 200, aus einer Parkbucht aus und besch\u00e4digte dabei das andere Fahrzeug. Anschlie\u00dfend entfernte er sich unerlaubt von der Unfallstelle. Der Unfall wurde gl\u00fccklicherweise von einem unabh\u00e4ngigen Zeugen beobachtet und der Polizei gemeldet. An beiden Fahrzeugen entstanden Lacksch\u00e4den in einer H\u00f6he von jeweils 600 EUR.<\/p>\n\n\n\n<h4 class=\"wp-block-heading\">(Ludwigshafen) &#8211; Autoscheibe eingeschlagen<\/h4>\n\n\n\n<p>Am Dienstagnachmittag in der Zeit von 14:20 &#8211; 15:30 Uhr wurde in der Horstackerstra\u00dfe ein Auto besch\u00e4digt. Bislang unbekannte T\u00e4ter zerst\u00f6rten die Seitenscheibe des geparkten schwarzen Audi Cabriolets.<\/p>\n\n\n\n<p>Wer hat am Dienstagnachmittag etwas Verd\u00e4chtiges beobachtet oder kann Hinweise zu dem oder den T\u00e4tern geben?<\/p>\n\n\n\n<p>Sachdienliche Hinweise bitte an die Polizeiinspektion Ludwigshafen 1, Telefonnummer 0621 963-2122 oder per E-Mail&nbsp;<a href=\"mailto:piludwigshafen1@polizei.rlp.de\">piludwigshafen1@polizei.rlp.de<\/a>&nbsp;.<\/p>\n\n\n\n<h4 class=\"wp-block-heading\">(Ludwigshafen) &#8211; Unfallflucht dank eines Zeugen gekl\u00e4rt<\/h4>\n\n\n\n<p>Am Dienstagmittag gegen 12:30 Uhr kam es in der Rheing\u00f6nheimer Stra\u00dfe zu einem Verkehrsunfall. Ein 58-j\u00e4hriger Mann habe mit seinem Transporter ein Stra\u00dfenschild gestreift und anschlie\u00dfend die Unfall\u00f6rtlichkeit verlassen. Ein aufmerksamer Zeuge meldete den Vorfall der Polizei. Diese konnten den gefl\u00fcchteten Fahrer in der Mundenheimer Stra\u00dfe kontrollieren. An dem Schild entstand ein Schaden in H\u00f6he von 50 Euro. Gegen den 58-J\u00e4hrigen wird nun wegen des Unerlaubten Entfernens vom Unfallort ermittelt.<\/p>\n\n\n\n<h4 class=\"wp-block-heading\">(Ludwigshafen) &#8211; Unfall mit leicht verletztem Motorradfahrer<\/h4>\n\n\n\n<p>Am 04.08.2020, gegen 09:30 Uhr, kam es zu einem Verkehrsunfall auf der L523, N\u00e4he Teichgartenweg. Ein 52-j\u00e4hriger Autofahrer touchierte das Motorrad eines 51-J\u00e4hrigen, worauf dieser st\u00fcrzte. Er wurde durch den Unfall leicht verletzt und vorsorglich in ein Krankenhaus gebracht. An beiden Fahrzeugen entstand ein Gesamtschaden von etwa 5000 Euro.<\/p>\n\n\n\n<h4 class=\"wp-block-heading\">(Mannheim) &#8211; Zwei Br\u00fcder im Alter von 21 und 24 Jahren wegen Verdachts des unerlaubten Handeltreibens mit Bet\u00e4ubungsmitteln in Haft<\/h4>\n\n\n\n<h4 class=\"wp-block-heading\">Gemeinsame Presseerkl\u00e4rung der Staatsanwaltschaft Mannheim und des Polizeipr\u00e4sidiums Mannheim:<\/h4>\n\n\n\n<div class=\"wp-block-image\"><figure class=\"aligncenter\"><img decoding=\"async\" src=\"https:\/\/speyer24news.com\/wp-content\/uploads\/2020\/03\/Zelle.jpg\" alt=\"\" class=\"wp-image-25718\"\/><\/figure><\/div>\n\n\n\n<p>Auf Antrag der Staatsanwaltschaft Mannheim wurden durch das Amtsgericht Mannheim Haftbefehle gegen zwei 21 und 24 Jahre alte Br\u00fcder erlassen. Beide stehen im Verdacht, gemeinschaftlich unerlaubt Handel mit Bet\u00e4ubungsmitteln in nicht geringer Menge getrieben zu haben.<\/p>\n\n\n\n<p>Die Tatverd\u00e4chtigen sollen sp\u00e4testens seit Mai 2020 Marihuana angekauft haben, um dieses anschlie\u00dfend in Kleinmengen gewinnbringend an Abnehmer weiterzuverkaufen.<\/p>\n\n\n\n<p>Bereits am 04.05.2020 konnten in einem Geb\u00fcsch auf einem Spielplatz in den Innenstadt-Quadraten f\u00fcnf Plomben Marihuana sichergestellt werden, die den beiden Tatverd\u00e4chtigen zuzuordnen waren. Der 21-J\u00e4hrige f\u00fchrte rund 900 Euro mutma\u00dfliches Dealgeld mit sich. Bei einer anschlie\u00dfenden Durchsuchung der Wohnung des 24-J\u00e4hrigen wurden weitere rund 3.000 Euro mutma\u00dfliches Dealgeld aufgefunden und sichergestellt.<\/p>\n\n\n\n<p>Im Zuge der folgenden langfristigen und intensiven Nachforschungen der Ermittlungsgruppe Rauschgift konnten durch die Staatsanwaltschaft Mannheim beim Amtsgericht Mannheim Durchsuchungsbeschl\u00fcsse f\u00fcr die Wohnungen der beiden jungen M\u00e4nner erwirkt werden. Bei der Vollstreckung beider Beschl\u00fcsse konnten die Br\u00fcder in ihren Wohnungen festgenommen werden. Eine Durchsuchung der Wohnungen f\u00f6rderte rund 70 verkaufsfertig vorbereitete Clipt\u00fcten mit jeweils 2,4 bis 2,7 Gramm Marihuana zutage.<\/p>\n\n\n\n<p>Durch die Staatsanwaltschaft Mannheim wurden beim Amtsgericht Mannheim Haftbefehle gegen die zwei Tatverd\u00e4chtigen wegen Flucht- und Verdunkelungsgefahr erwirkt. Sie wurden am Mittwoch, 05.08.2020, dem Haft- und Ermittlungsrichter beim Amtsgericht Mannheim vorgef\u00fchrt. Nach der Er\u00f6ffnung der Haftbefehle wurden sie in Justizvollzugsanstalten eingeliefert.<\/p>\n\n\n\n<p>Die Ermittlungen der Staatsanwaltschaft Mannheim und der Ermittlungsgruppe Rauschgift bei der Kriminalpolizeidirektion Heidelberg dauern an.<\/p>\n\n\n\n<h4 class=\"wp-block-heading\">(Mannheim) &#8211; Brand in Hochhaus<\/h4>\n\n\n\n<h4 class=\"wp-block-heading\" style=\"text-align:center\">Pressemitteilung Nr. 1<\/h4>\n\n\n\n<p>Am Mittwoch gegen 19.40 Uhr gerieten abgestellte Gegenst\u00e4nde auf einem Balkon im 4. OG eines Hochhauses in der Murgstra\u00dfe in Brand. Durch die Berufsfeuerwehr konnte das Brandgeschehen, welches zwischenzeitlich auf die dar\u00fcberliegenden Stockwerke \u00fcbergegriffen hatte, schnell gel\u00f6scht werden. Aus dem 12-st\u00f6ckigem Hochhaus wurden vorsorglich 35 Personen evakuiert und vor Ort durch die Einsatzkr\u00e4fte betreut. F\u00fcnf leicht verletzte Personen wurden durch den Rettungsdienst behandelt. Die Ermittlungen zur Brandursache sind eingeleitet.<\/p>\n\n\n\n<h4 class=\"wp-block-heading\">(Mannheim-Neckarstadt-West) &#8211; 22-J\u00e4hriger mit Tritten und Schl\u00e4gen traktiert \/ Polizei sucht Zeugen<\/h4>\n\n\n\n<p>Bereits am Dienstag, 28.07.2020 wurden ein 22-j\u00e4hriger Mann im Stadtteil Neckarstadt-West von einem 29-j\u00e4hrigen Hausmitbewohner mit Tritten und Schl\u00e4gen traktierte. Zwischen den beiden M\u00e4nnern war es gegen 22 Uhr vor einem Anwesen in der Fr\u00f6hlichstra\u00dfe wegen einer besch\u00e4digten Wohnungst\u00fcr zu Streitigkeiten gekommen, in deren Verlauf der 29-J\u00e4hrige sein Opfer gegen den K\u00f6rper, das Gesicht und die Beine schlug und trat. Au\u00dferdem w\u00fcrgte er den 22-J\u00e4hrigen mit beiden H\u00e4nden, bis zwei Zeugen einschritten und den 29-J\u00e4hrigen wegzogen.<\/p>\n\n\n\n<p>Das Opfer hatte Kratz- und Sch\u00fcrfwunden am Hals erlitten, zudem schmerzte seine k\u00fcrzlich operierte Schulter und durch das W\u00fcrgen zog er sich eine Einblutung am Auge zu.<\/p>\n\n\n\n<p>Die Polizei sucht weitere Zeugen, die den Vorfall beobachtet haben. Diese und die beiden Zeugen, die dem 22-J\u00e4hrigen zu Hilfe geeilt waren, werden gebeten, sich beim Polizeirevier Mannheim-Neckarstadt, Tel.: 0621\/3301-0 zu melden.<\/p>\n\n\n\n<h4 class=\"wp-block-heading\">(Heidelberg) &#8211; Verkehrsunfall zwischen Stra\u00dfenbahn und PKW<\/h4>\n\n\n\n<p>Am Dienstag ereignete sich gegen 09:30 Uhr an der Kreuzung Sofienstra\u00dfe\/Neckarstaden ein Verkehrsunfall bei dem eine Stra\u00dfenbahn beteiligt war. Eine 50-j\u00e4hrige Fiat-Fahrerin wollte einem, durch R\u00fcckstau in der Kreuzung stehenden, 85-j\u00e4hrigen Mercedes-Benz Fahrer umfahren und fuhr dabei in den Bereich der Gleise. Dabei \u00fcbersah sie eine von hinten herannahende Stra\u00dfenbahn und kollidierte mit dieser, sowie dem Mercedes-Fahrer. Die Frau wurde dabei leicht verletzt. Der Sachschaden betr\u00e4gt insgesamt ca. 30.000EUR.<\/p>\n\n\n\n<h4 class=\"wp-block-heading\">(Schwetzingen \/ Rhein-Neckar-Kreis) &#8211; Exhibitionist vor Caf\u00e9 bel\u00e4stigt Frau \/ Zeugen gesucht!<\/h4>\n\n\n\n<p>Am Dienstagmittag tauchte gegen 12 Uhr eine m\u00e4nnliche Person auf dem Schlossplatz vor einem Caf\u00e9 auf, hielt sein erigiertes Glied in der Hand und starrte hierbei eine 75-j\u00e4hrige Frau an, die in m\u00e4nnlicher Begleitung in dem Caf\u00e9 sa\u00df. Da sich die Frau bel\u00e4stigt f\u00fchlte, versuchte ihr Begleiter heimlich die Polizei zu verst\u00e4ndigen, was der Mann aber offenbar bemerkte. Er fl\u00fcchtete daraufhin auf einem schwarzen Damenfahrrad in Richtung des Bahnhofs Schwetzingen. Trotz sofort eingeleiteter Fahndungsma\u00dfnahmen konnte der Mann nicht mehr festgestellt werden. Das Kriminalkommissariat Mannheim hat die Ermittlungen in diesem Fall aufgenommen.<\/p>\n\n\n\n<p>Der unbekannte Mann wird wie folgt beschrieben:<\/p>\n\n\n\n<ul><li>ca. 40 Jahre alt<\/li><li>blonde kurze Haare<\/li><li>korpulente Statur mit auff\u00e4llig gro\u00dfem Brustumfang<\/li><li>bekleidet mit einem t\u00fcrkisfarbenen T-Shirt und einer kurzen blauen Hose <\/li><\/ul>\n\n\n\n<p>Zeugen, die sachdienliche Hinweise zu dem Vorfall geben k\u00f6nnen, werden gebeten, diese dem Kriminaldauerdienst unter der Rufnummer 0621\/174-4444 mitzuteilen.<\/p>\n\n\n\n<h4 class=\"wp-block-heading\">(Ketsch \/ Rhein-Neckar-Kreis) &#8211; Beifahrerseite eingeschlagen \/ Handtasche entwendet<\/h4>\n\n\n\n<p>Am Dienstagabend wurde in der Stra\u00dfe &#8222;Am Kraichbach&#8220; zwischen Grillh\u00fctte und Br\u00fccke in der Zeit von 19:00 Uhr und 19:25 Uhr die Beifahrerscheibe eines schwarzen Renault Kadjar eingeschlagen und eine Handtasche samt Handy, Schl\u00fcsseln und pers\u00f6nlichen Papieren entwendet. Der Diebstahlschaden betr\u00e4gt ca. 1.500EUR.<\/p>\n\n\n\n<p>Zeugen, welche verd\u00e4chtige Wahrnehmungen gemacht haben, werden gebeten sich beim Polizeirevier Schwetzingen unter der Telefonnummer 06202-2880 zu melden.<\/p>\n\n\n\n<h4 class=\"wp-block-heading\">(Neckargem\u00fcnd \/ Rhein-Neckar-Kreis) &#8211; Unfallflucht \/ Zeugen gesucht!<\/h4>\n\n\n\n<p>Am Montag kam zwischen es 09:30 Uhr und 10:00 Uhr auf der Bahnhofstra\u00dfe in Richtung Schlierbach zu einem Verkehrsunfall. Eine 46-j\u00e4hrige Frau fuhr mit Ihrem Porsche links neben einem LKW auf gleicher H\u00f6he, als dieser seitlich in die rechte Fahrzeugseite des PKWs stie\u00df. Die Frau stellte den Schaden erst zu Hause fest, da Sie durch den starken Regen nur von einem Wasserschwall ausging. Der LKW war wei\u00df und hatte vermutlich ein Frankfurter Kennzeichen. Am Porsche entstand ein Schaden von ca. 5.000EUR.<\/p>\n\n\n\n<p>Zeugen, die sachdienliche Hinweise geben k\u00f6nnen, werden gebeten, sich beim Polizeirevier Neckargem\u00fcnd unter der Telefonnummer 06223-92540 zu melden.<\/p>\n\n\n\n<h4 class=\"wp-block-heading\">(Sch\u00f6nbrunn \/ Rhein-Neckar-Kreis) &#8211; Motorradfahrer bei Verkehrsunfall schwer verletzt; Rettungshubschrauber im Einsatz<\/h4>\n\n\n\n<p>Schwere Verletzungen erlitt am Mittwochnachmittag ein 51-j\u00e4hriger Motorradfahrer bei einem Verkehrsunfall bei Sch\u00f6nbrunn.<\/p>\n\n\n\n<p>Der Biker war auf der K 4105, zwischen Sch\u00f6nbrunn und Moosbrunn unterwegs, als er gegen 14.30 Uhr, aus bislang unbekannten Gr\u00fcnden, nach einer langgezogenen Rechtskurve von der Fahrbahn abkam und im angrenzenden Feld zum Liegen kam. Nach seiner not\u00e4rztlichen Behandlung wurde er mit einem Rettungshubschrauber in eine Klinik geflogen. \u00dcber den Gesundheitszustand des Mannes liegen noch keine Informationen vor.<\/p>\n\n\n\n<p>Die Kreisstra\u00dfe war zun\u00e4chst bis gegen 15.30 Uhr f\u00fcr rund eine Stunde voll gesperrt. Derzeit findet noch die Unfallaufnahme der Verkehrspolizei Heidelberg und die Bergung des Zweirades statt, sodass die Stra\u00dfe zwischen Sch\u00f6nbrunn und Moosbrunn noch bis zum Ende der polizeilichen Ma\u00dfnahmen einseitig gesperrt bleibt.<\/p>\n\n\n\n<h4 class=\"wp-block-heading\">(Heddesheim \/ Rhein-Neckar-Kreis) &#8211; Verkehrsunfall nach gesundheitlichen Problemen<\/h4>\n\n\n\n<p>Am Dienstag gegen 17:00 Uhr kam es auf der Gro\u00dfsachsener Sra\u00dfe stadtausw\u00e4rts, kurz nach dem Ortsschild auf der L541, vermutlich aufgrund gesundheitlicher Probleme zu einem Verkehrsunfall. Ein 56-j\u00e4hriger Hyundai-Fahrer kam nach links von der Fahrbahn ab und fuhr durch einen Acker, ehe er am Zaun des \u00f6rtlichen Bauhofs zum Stehen kam. Anschlie\u00dfend setzte er zur\u00fcck, fuhr \u00fcber landwirtschaftliche Fl\u00e4chen weiter, bis er vor dem Zaun des Anwesens Eschenweg 14 stehen blieb. Anschlie\u00dfend wurde der Mann mit einem Krankenwagen in eine Klinik gefahren. Der Sachschaden betr\u00e4gt ca. 6.000EUR<\/p>\n\n\n\n<h4 class=\"wp-block-heading\">(Hirschberg-Leutershausen \/ Rhein-Neckar-Kreis) &#8211; Unter Drogeneinfluss mit dem Auto unterwegs<\/h4>\n\n\n\n<p>Unter dem Einfluss von Drogen war am Dienstagabend ein 31-j\u00e4hriger Mann mit seinem Auto im Ortsteil Leutershausen unterwegs. Der Mann fiel einer Polizeistreife kurz nach 21 Uhr auf, als er mit seinem Renault die Beethovenstra\u00dfe befuhr. Er wurde gestoppt und einer Verkehrskontrolle unterzogen. Dabei bemerkten die Beamten deutliche Anzeichen f\u00fcr vorherigen Drogenkonsum. Obwohl der Mann mehrfach beteuerte, noch niemals Drogen konsumiert zu haben, reagierte ein Drogentest positiv auf Amphetamin. Anschlie\u00dfend wurde dem 31-J\u00e4hrige eine Blutprobe entnommen. Die Schl\u00fcssel des Renault wurden sichergestellt, dem Mann wurde untersagt, in den n\u00e4chsten 24 Stunden ein f\u00fchrerscheinpflichtiges Fahrzeug zu steuern.<\/p>\n\n\n\n<p>Gegen den Mann wird nun wegen Verkehrsteilnahme unter Drogeneinfluss und des Verdachts des Drogenbesitzes ermittelt.<\/p>\n\n\n\n<h4 class=\"wp-block-heading\">(Weinheim \/ Rhein-Neckar-Kreis) &#8211; Mit gestohlenem Fahrrad unterwegs<\/h4>\n\n\n\n<p>Ein 53-j\u00e4hriger Mann war am Dienstagabend mit einem gestohlenen Fahrrad in Weinheim unterwegs. Der 53-J\u00e4hrige fiel einer Polizeistreifekurz aufgrund seines offenbar stark alkoholisierte Zustand kurz nach 21 Uhr an der Stra\u00dfenbahnhaltestelle &#8222;Blumenstra\u00dfe&#8220; in der Kurt-Schumacher-Stra\u00dfe auf. Das Mountainbike der Marke Cube habe er Anfang 2020 von einem Unbekannten g\u00fcnstig erworben. Eine n\u00e4here \u00dcberpr\u00fcfung des Fahrrades ergab jedoch, dass dieses im August 2019 aus einem Kellerraum in Weinheim entwendet worden war. Nun zeigte sich, dass das Fahrrad offenbar doch nicht so g\u00fcnstig war, denn es wurde zur R\u00fcckgabe an den urspr\u00fcnglichen Eigent\u00fcmer sichergestellt. Nun ist neben dem Geld auch noch das Fahrrad weg. Zudem wird gegen den 53-J\u00e4hrigen wegen des Verdachts der Hehlerei ermittelt.<\/p>\n","protected":false},"excerpt":{"rendered":"<div class=\"mh-excerpt\"><p>Polizeimeldung vom Mittwoch (05.08.2020) (Speyer) &#8211; K\u00f6rperverletzung Nachdem ein 25-j\u00e4hriger Speyerer am Dienstag bereits zwischen 21.30 &#8211; 22.30 Uhr wiederholt wegen Randalierens und Bel\u00e4stigung seiner Nachbarn zur Ruhe ermahnt werden musste, wurde er letztlich um <a class=\"mh-excerpt-more\" href=\"https:\/\/speyer24news.com\/?p=29654\" title=\"Polizei\">[&#8230;]<\/a><\/p>\n<\/div>","protected":false},"author":3,"featured_media":0,"comment_status":"open","ping_status":"open","sticky":false,"template":"","format":"standard","meta":{"_monsterinsights_skip_tracking":false,"_monsterinsights_sitenote_active":false,"_monsterinsights_sitenote_note":"","_monsterinsights_sitenote_category":0,"footnotes":""},"categories":[12],"tags":[3614,61,2555,6955,6986,6263,63,105,6987,53,4854,4683,1548,102,213,55,5261,103,106,2803,2423,427,2625,380,104,979,1565],"aioseo_notices":[],"amp_enabled":true,"_links":{"self":[{"href":"https:\/\/speyer24news.com\/index.php?rest_route=\/wp\/v2\/posts\/29654"}],"collection":[{"href":"https:\/\/speyer24news.com\/index.php?rest_route=\/wp\/v2\/posts"}],"about":[{"href":"https:\/\/speyer24news.com\/index.php?rest_route=\/wp\/v2\/types\/post"}],"author":[{"embeddable":true,"href":"https:\/\/speyer24news.com\/index.php?rest_route=\/wp\/v2\/users\/3"}],"replies":[{"embeddable":true,"href":"https:\/\/speyer24news.com\/index.php?rest_route=%2Fwp%2Fv2%2Fcomments&post=29654"}],"version-history":[{"count":1,"href":"https:\/\/speyer24news.com\/index.php?rest_route=\/wp\/v2\/posts\/29654\/revisions"}],"predecessor-version":[{"id":29656,"href":"https:\/\/speyer24news.com\/index.php?rest_route=\/wp\/v2\/posts\/29654\/revisions\/29656"}],"wp:attachment":[{"href":"https:\/\/speyer24news.com\/index.php?rest_route=%2Fwp%2Fv2%2Fmedia&parent=29654"}],"wp:term":[{"taxonomy":"category","embeddable":true,"href":"https:\/\/speyer24news.com\/index.php?rest_route=%2Fwp%2Fv2%2Fcategories&post=29654"},{"taxonomy":"post_tag","embeddable":true,"href":"https:\/\/speyer24news.com\/index.php?rest_route=%2Fwp%2Fv2%2Ftags&post=29654"}],"curies":[{"name":"wp","href":"https:\/\/api.w.org\/{rel}","templated":true}]}}