{"id":29657,"date":"2020-08-06T08:19:57","date_gmt":"2020-08-06T07:19:57","guid":{"rendered":"https:\/\/speyer24news.com\/?p=29657"},"modified":"2020-08-06T08:19:58","modified_gmt":"2020-08-06T07:19:58","slug":"geschwindigkeitsmessung-blitzer-38","status":"publish","type":"post","link":"https:\/\/speyer24news.com\/?p=29657","title":{"rendered":"Geschwindigkeitsmessung \/ Blitzer"},"content":{"rendered":"<style type=\"text\/css\">\r\n\t.ads_top_disp{}\r\n\t.ads_top_corner_disp{ float:left; margin:0px 10px 10px 0px; }\r\n\t.ads_first_p_disp{}\r\n\t.ads_bottom_disp{}\r\n\t<\/style>\n<h2 class=\"wp-block-heading\">Geschwindigkeitskontrollen f\u00fcr die Woche vom 10. bis 14. August<\/h2>\n\n\n\n<figure class=\"wp-block-image\"><img decoding=\"async\" loading=\"lazy\" width=\"640\" height=\"497\" src=\"https:\/\/speyer24news.com\/wp-content\/uploads\/2020\/01\/Kontrolle-BaW\u00fc.jpg\" alt=\"\" class=\"wp-image-23874\" srcset=\"https:\/\/speyer24news.com\/wp-content\/uploads\/2020\/01\/Kontrolle-BaW\u00fc.jpg 640w, https:\/\/speyer24news.com\/wp-content\/uploads\/2020\/01\/Kontrolle-BaW\u00fc-300x233.jpg 300w\" sizes=\"(max-width: 640px) 100vw, 640px\" \/><\/figure>\n\n\n\n<p><strong>(Mannheim) &#8211; <\/strong>Die Stadt Mannheim f\u00fchrt vom 10. bis 14. August in folgenden Stra\u00dfen Radarkontrollen durch:<\/p>\n\n\n\n<ul><li><strong> Auf dem Sand<\/strong><\/li><li><strong> B\u00e4ckerweg<\/strong><\/li><li><strong> Badener Stra\u00dfe<\/strong><\/li><li><strong> Badenweilerstra\u00dfe (Spielstra\u00dfe)<\/strong><\/li><li><strong> Baumstra\u00dfe<\/strong><\/li><li><strong> Boveristra\u00dfe<\/strong><\/li><li><strong> Brandenburger Stra\u00dfe<\/strong><\/li><li><strong> Eberswalder Weg<\/strong><\/li><li><strong> Edisonstra\u00dfe<\/strong><\/li><li><strong> Kloppenheimer Stra\u00dfe<\/strong><\/li><li><strong> Kolmarer Stra\u00dfe<\/strong><\/li><li><strong> Kornblumenstra\u00dfe<\/strong><\/li><li><strong> Mannheimer Stra\u00dfe<\/strong><\/li><li><strong> Saarburger Ring<\/strong><\/li><li><strong> Sachsenstra\u00dfe<\/strong><\/li><li><strong> Stra\u00dfburger Ring<\/strong><\/li><li><strong> Vogesenstra\u00dfe<\/strong><\/li><li><strong> Wallonenstra\u00dfe<\/strong><\/li><li><strong> Z\u00e4hringer Stra\u00dfe<\/strong><\/li><\/ul>\n\n\n\n<p>Kurzfristige \u00c4nderungen oder zus\u00e4tzliche Messstellen sind aus aktuellem Anlass m\u00f6glich.<\/p>\n\n\n\n<p><em>Stadt Mannheim<br>06.08.2020<\/em><\/p>\n\n\n\n<h2 class=\"wp-block-heading\"><strong>Radarkontrollen f\u00fcr die Woche vom 10. August bis 16. August 2020<\/strong><\/h2>\n\n\n\n<div class=\"wp-block-image\"><figure class=\"aligncenter\"><img decoding=\"async\" src=\"https:\/\/speyer24news.com\/wp-content\/uploads\/2020\/01\/Radarkontrolle_1.jpg\" alt=\"\" class=\"wp-image-23873\"\/><\/figure><\/div>\n\n\n\n<p><strong>(Ludwigshafen) &#8211; <\/strong>Die Stadt Ludwigshafen nimmt in folgenden Stadtteilen Radarkontrollen vor.<\/p>\n\n\n\n<ul><li><strong>Montag, 10. August: Friesenheim, Edigheim und Pfingstweide<\/strong><\/li><li><strong>Dienstag, 11. August: Ruchheim, Gartenstadt und Maudach<\/strong><\/li><li><strong>Mittwoch, 12. August: Oggersheim, Ruchheim und West<\/strong><\/li><li><strong>Donnerstag, 13. August: Rheing\u00f6nheim, Oppau und Friesenheim<\/strong><\/li><li><strong>Freitag, 14. August: Nord, S\u00fcd und Mitte<\/strong><\/li><li><strong>Samstag, 15. August: Friesenheim und Oggersheim<\/strong><\/li><\/ul>\n\n\n\n<p>Kurzfristige \u00c4nderungen beh\u00e4lt sich der Bereich Stra\u00dfenverkehr vor. Kontrollen k\u00f6nnen auch kurzfristig an anderen Stellen stattfinden.<\/p>\n\n\n\n<p><em>Stadt Ludwigshafen am Rhein<br>06.08.2020<\/em><\/p>\n","protected":false},"excerpt":{"rendered":"<div class=\"mh-excerpt\"><p>Geschwindigkeitskontrollen f\u00fcr die Woche vom 10. bis 14. August (Mannheim) &#8211; Die Stadt Mannheim f\u00fchrt vom 10. bis 14. August in folgenden Stra\u00dfen Radarkontrollen durch: Auf dem Sand B\u00e4ckerweg Badener Stra\u00dfe Badenweilerstra\u00dfe (Spielstra\u00dfe) Baumstra\u00dfe Boveristra\u00dfe <a class=\"mh-excerpt-more\" href=\"https:\/\/speyer24news.com\/?p=29657\" title=\"Geschwindigkeitsmessung \/ Blitzer\">[&#8230;]<\/a><\/p>\n<\/div>","protected":false},"author":3,"featured_media":0,"comment_status":"open","ping_status":"open","sticky":false,"template":"","format":"standard","meta":{"_monsterinsights_skip_tracking":false,"_monsterinsights_sitenote_active":false,"_monsterinsights_sitenote_note":"","_monsterinsights_sitenote_category":0,"footnotes":""},"categories":[64],"tags":[18,4819,4814,19,4822,4817,4228,28,779,4821,4816,227,17,7068,7004,949,4818,4813,1310,948],"aioseo_notices":[],"amp_enabled":true,"_links":{"self":[{"href":"https:\/\/speyer24news.com\/index.php?rest_route=\/wp\/v2\/posts\/29657"}],"collection":[{"href":"https:\/\/speyer24news.com\/index.php?rest_route=\/wp\/v2\/posts"}],"about":[{"href":"https:\/\/speyer24news.com\/index.php?rest_route=\/wp\/v2\/types\/post"}],"author":[{"embeddable":true,"href":"https:\/\/speyer24news.com\/index.php?rest_route=\/wp\/v2\/users\/3"}],"replies":[{"embeddable":true,"href":"https:\/\/speyer24news.com\/index.php?rest_route=%2Fwp%2Fv2%2Fcomments&post=29657"}],"version-history":[{"count":1,"href":"https:\/\/speyer24news.com\/index.php?rest_route=\/wp\/v2\/posts\/29657\/revisions"}],"predecessor-version":[{"id":29658,"href":"https:\/\/speyer24news.com\/index.php?rest_route=\/wp\/v2\/posts\/29657\/revisions\/29658"}],"wp:attachment":[{"href":"https:\/\/speyer24news.com\/index.php?rest_route=%2Fwp%2Fv2%2Fmedia&parent=29657"}],"wp:term":[{"taxonomy":"category","embeddable":true,"href":"https:\/\/speyer24news.com\/index.php?rest_route=%2Fwp%2Fv2%2Fcategories&post=29657"},{"taxonomy":"post_tag","embeddable":true,"href":"https:\/\/speyer24news.com\/index.php?rest_route=%2Fwp%2Fv2%2Ftags&post=29657"}],"curies":[{"name":"wp","href":"https:\/\/api.w.org\/{rel}","templated":true}]}}