{"id":29694,"date":"2020-08-11T12:44:06","date_gmt":"2020-08-11T11:44:06","guid":{"rendered":"https:\/\/speyer24news.com\/?p=29694"},"modified":"2020-08-11T13:16:59","modified_gmt":"2020-08-11T12:16:59","slug":"sport-tsv-speyer-3","status":"publish","type":"post","link":"https:\/\/speyer24news.com\/?p=29694","title":{"rendered":"Sport"},"content":{"rendered":"<style type=\"text\/css\">\r\n\t.ads_top_disp{}\r\n\t.ads_top_corner_disp{ float:left; margin:0px 10px 10px 0px; }\r\n\t.ads_first_p_disp{}\r\n\t.ads_bottom_disp{}\r\n\t<\/style>\n<h1 class=\"wp-block-heading\" style=\"text-align:center\">TSV Speyer<\/h1>\n\n\n\n<figure class=\"wp-block-image\"><img decoding=\"async\" loading=\"lazy\" width=\"640\" height=\"271\" src=\"https:\/\/speyer24news.com\/wp-content\/uploads\/2020\/01\/TSV-Speyer.jpg\" alt=\"\" class=\"wp-image-23981\" srcset=\"https:\/\/speyer24news.com\/wp-content\/uploads\/2020\/01\/TSV-Speyer.jpg 640w, https:\/\/speyer24news.com\/wp-content\/uploads\/2020\/01\/TSV-Speyer-300x127.jpg 300w\" sizes=\"(max-width: 640px) 100vw, 640px\" \/><\/figure>\n\n\n\n<h2 class=\"wp-block-heading\"><strong>Leichtathletik-Training im TSV Speyer<\/strong><\/h2>\n\n\n\n<p><strong>Speyer &#8211; <\/strong>Die Leichtathletikabteilung des TSV Speyer bietet seit dem 10. August 2020 im Speyerer Helmut-Bantz-Stadion wieder allgemeine \u00dcbungsstunden f\u00fcr alle Altersklassen an.<\/p>\n\n\n\n<p>Nachdem in den letzten Wochen in der Abteilung nur Leichtathletik f\u00fcr Wettkampfsportler in kleinen Gruppen angeboten wurde, k\u00f6nnen jetzt wieder alle, die Spa\u00df an der Leichtathletik haben, zum Training kommen.<br>Unter Ber\u00fccksichtigung der neuen Anpassungen der Corona-Bek\u00e4mpfungsverordnung (Erh\u00f6hung der Gruppengr\u00f6\u00dfe auf bis zu 30 Personen) wird der allgemeine Sportbetrieb wieder aufgenommen, unter Einhaltung der vorgegebenen Schutzma\u00dfnahmen.<\/p>\n\n\n\n<h4 class=\"wp-block-heading\">Fahrplan:<\/h4>\n\n\n\n<ul><li>In der Woche ab dem 10. August (Montag, Dienstag, Donnerstag) nehmen die Altersklassen U14 (12\/13-J\u00e4hrige), U16 (14\/15-J\u00e4hrige) sowie U18 und Aktive das Training wieder auf.<\/li><li>Ab Mittwoch, dem 19. August, starten dann auch die J\u00fcngsten U12 (11\/10-J\u00e4hrige), U10 (9\/8-J\u00e4hrige) und die \u201eBambinis\u201c U8 (7\/6-J\u00e4hrige) mit ihrem Trainingsbetrieb zu den gewohnten Zeiten.<\/li><\/ul>\n\n\n\n<p>Die genauen Trainingszeiten und Einteilung der Altersgruppen sind auf der TSV-Homepage unter <a href=\"http:\/\/www.tsvspeyer.de\">www.tsvspeyer.de<\/a> (Abteilung Leichtathletik\/Rubrik &#8222;Training&#8220; nachzulesen.<\/p>\n\n\n\n<p><em>TSV Speyer<br>11.08.2020<\/em><\/p>\n\n\n\n<h1 class=\"wp-block-heading\" style=\"text-align:center\">Rudergesellschaft Speyer (RGS)<\/h1>\n\n\n\n<div class=\"wp-block-image\"><figure class=\"aligncenter\"><img decoding=\"async\" src=\"https:\/\/speyer24news.com\/wp-content\/uploads\/2020\/01\/Rudergesellschaft-Speyer-e.V..png\" alt=\"\" class=\"wp-image-24517\"\/><\/figure><\/div>\n\n\n\n<h2 class=\"wp-block-heading\"><strong>Alicia Bohn bei Kleinboot\u00fcberpr\u00fcfung des Ruderverbandes erfolgreich<\/strong><\/h2>\n\n\n\n<h4 class=\"wp-block-heading\"><em>Von Angelika Schwager<\/em><\/h4>\n\n\n\n<div class=\"wp-block-image\"><figure class=\"aligncenter\"><img decoding=\"async\" loading=\"lazy\" width=\"800\" height=\"533\" src=\"https:\/\/speyer24news.com\/wp-content\/uploads\/2020\/08\/SF_1x_B_Alicia_Bohn.jpg\" alt=\"\" class=\"wp-image-29706\" srcset=\"https:\/\/speyer24news.com\/wp-content\/uploads\/2020\/08\/SF_1x_B_Alicia_Bohn.jpg 800w, https:\/\/speyer24news.com\/wp-content\/uploads\/2020\/08\/SF_1x_B_Alicia_Bohn-300x200.jpg 300w, https:\/\/speyer24news.com\/wp-content\/uploads\/2020\/08\/SF_1x_B_Alicia_Bohn-768x512.jpg 768w\" sizes=\"(max-width: 800px) 100vw, 800px\" \/><figcaption> Alicia Bohn im Einer<\/figcaption><\/figure><\/div>\n\n\n\n<p><strong>Hamburg \/ Speyer &#8211; <\/strong>Nachdem Covid-19-bedingt Olympia verschoben und die Weltmeisterschaften f\u00fcr dieses Jahr abgesagt werden mussten, wird der sportliche H\u00f6hepunkt der Rudernationalmannschaften dieses Jahr hoffentlich die Teilnahme an den nach wie vor geplanten Europameisterschaften sein.<\/p>\n\n\n\n<p>Stand\nheute soll die U23-Europameisterschaft in Duisburg am ersten\nSeptember-Wochenende stattfinden. Alicia Bohn von der Rudergesellschaft Speyer\nhatte sich bestens vorbereitet und hofft auf eine Nominierung. Der Deutsche Ruderverband\nhatte zur Nominierung 19 Athletinnen im Frauen-Skull-Bereich zum Ausfahren der\nRangliste nach Hamburg-Allerm\u00f6he eingeladen. Es war das erste Zusammentreffen\nder Ruderinnen seit dem Trainingslager in Mequinenza Ende Februar\/Anfang M\u00e4rz.<\/p>\n\n\n\n<p>Da\ncoronabedingt alle DRV-Regatten bisher ausfallen mussten, hat der DRV zur\nSetzung der Vorl\u00e4ufe lediglich die im Vorfeld zentral abgelieferten\nErgometerwerte als Grundlage genommen. Alicia Bohn konnte mit ihrem\nErgometerwert von 7:06 Minuten\/2000 m die vom DRV f\u00fcrs Mannschaftsboot\ngeforderte Zeit von 7:10 Minuten klar erf\u00fcllen.<\/p>\n\n\n\n<p>Neben den bereits bekannten Ruderinnen aus der Skullnationalmannschaft wurden aufgrund der erschwerten Bedingungen beim Training in Mannschaftsbooten (Corona-Auflagen) in diesem Jahr auch Ruderinnen der Riemennationalmannschaft eingeladen. <\/p>\n\n\n\n<div class=\"wp-block-image\"><figure class=\"aligncenter\"><img decoding=\"async\" loading=\"lazy\" width=\"800\" height=\"533\" src=\"https:\/\/speyer24news.com\/wp-content\/uploads\/2020\/08\/SF_1x_B_Alicia_Bohn-2.jpg\" alt=\"\" class=\"wp-image-29707\" srcset=\"https:\/\/speyer24news.com\/wp-content\/uploads\/2020\/08\/SF_1x_B_Alicia_Bohn-2.jpg 800w, https:\/\/speyer24news.com\/wp-content\/uploads\/2020\/08\/SF_1x_B_Alicia_Bohn-2-300x200.jpg 300w, https:\/\/speyer24news.com\/wp-content\/uploads\/2020\/08\/SF_1x_B_Alicia_Bohn-2-768x512.jpg 768w\" sizes=\"(max-width: 800px) 100vw, 800px\" \/><\/figure><\/div>\n\n\n\n<p>Alicia\nBohn begann mit einem starken Rennen, siegte im Vorlauf und erreichte das\nA-Finale mit der Siegzeit von 5:59.38 Minuten sicher. Dabei lie\u00df sie sowohl die\nvom DRV aufgrund ihrer hervorragenden Ergometer-Leistung an Nr.1 gesetzte Tabea\nKuhnert, SC Magdeburg, die auf Rang drei ins Ziel kam als auch Lena Osterkamp\naus dem Frauendeutschlandachter, Deutscher RC Hannover, die in 6:03.06 Minuten Zweite\nwurde, hinter sich.<\/p>\n\n\n\n<p>Erwartungsgem\u00e4\u00df\nging es im Finale ganz eng zu. Es siegte Alexandra F\u00f6ster, RC Meschede vor\nMaren V\u00f6lz, RC Potsdam. Die Vorlaufsiegerinnen Sophie Leupold, Pirnaer RV und\nAlicia Bohn mussten sich mit Rang vier und f\u00fcnf zufriedengeben. Lena Osterkamp\nim Vorlauf noch hinter Alicia Bohn hatte sich ganz knapp auf Rang drei\nvorbeigeschmuggelt. Marie-Sophie Zeidler, Donau-RC Ingolstadt erreichte Platz sechs.<\/p>\n\n\n\n<p>Als erste Probe f\u00fcr den Doppelzweier wurde von Bundestrainerin Brigitte Bielig konsequent nach der Rangliste gesetzt. Das bedeutete f\u00fcr Alicia Bohn den Start mit Marie-Sophie Zeidler, die sie schon seit den fr\u00fchen Juniorenjahren kennt, an den Start zu gehen. <\/p>\n\n\n\n<div class=\"wp-block-image\"><figure class=\"aligncenter\"><img decoding=\"async\" loading=\"lazy\" width=\"800\" height=\"533\" src=\"https:\/\/speyer24news.com\/wp-content\/uploads\/2020\/08\/IMG_9942b.jpg\" alt=\"\" class=\"wp-image-29708\" srcset=\"https:\/\/speyer24news.com\/wp-content\/uploads\/2020\/08\/IMG_9942b.jpg 800w, https:\/\/speyer24news.com\/wp-content\/uploads\/2020\/08\/IMG_9942b-300x200.jpg 300w, https:\/\/speyer24news.com\/wp-content\/uploads\/2020\/08\/IMG_9942b-768x512.jpg 768w\" sizes=\"(max-width: 800px) 100vw, 800px\" \/><figcaption> Alicia Bohn mit ihrer Doppelzweier-Partnerin Marie-Sophie Zeidler <\/figcaption><\/figure><\/div>\n\n\n\n<p>Nachdem\ndas Duo Bohn\/Zeidler, sicher positiv \u00fcberraschend, \u00fcber die ersten 1500 Meter\ndie F\u00fchrung inne hatten, mussten Sie nach einem harten Bord-an-Bord Kampf den\nSieg noch abgeben und erreichten einen gro\u00dfartigen 2. Platz hinter der\nRenngemeinschaft RC Meschede\/RC Potsdam Alexandra F\u00f6ster und Maren V\u00f6lz <\/p>\n\n\n\n<p>Mit\ndem Ergebnis der DRV-Kleinboot\u00fcberpr\u00fcfung ist Alicia Bohn mehr als zufrieden.\nZusammen mit sieben weiteren Athletinnen wurde sie zur weiteren Mannschaftsbildung\nnach Leipzig eingeladen, bevor es dann hoffentlich zur hoffentlich stattfindenden\nEuropameisterschaft gehen kann.<\/p>\n\n\n\n<p>Ein besonderer Dank von Alicia Bohn geht an Marie Gerhard und Moritz Moos, die sie anstelle ihres k\u00fcrzlich tragisch verstorbenen und sehr gesch\u00e4tzten Trainers Marc Kr\u00f6mer, begleiteten und tatkr\u00e4ftig unterst\u00fctzten.<\/p>\n\n\n\n<p><em>11.08.2020 <\/em><\/p>\n","protected":false},"excerpt":{"rendered":"<div class=\"mh-excerpt\"><p>TSV Speyer Leichtathletik-Training im TSV Speyer Speyer &#8211; Die Leichtathletikabteilung des TSV Speyer bietet seit dem 10. August 2020 im Speyerer Helmut-Bantz-Stadion wieder allgemeine \u00dcbungsstunden f\u00fcr alle Altersklassen an. Nachdem in den letzten Wochen in <a class=\"mh-excerpt-more\" href=\"https:\/\/speyer24news.com\/?p=29694\" title=\"Sport\">[&#8230;]<\/a><\/p>\n<\/div>","protected":false},"author":3,"featured_media":0,"comment_status":"open","ping_status":"open","sticky":false,"template":"","format":"standard","meta":{"_monsterinsights_skip_tracking":false,"_monsterinsights_sitenote_active":false,"_monsterinsights_sitenote_note":"","_monsterinsights_sitenote_category":0,"footnotes":""},"categories":[339],"tags":[2534,8229,8230,8231,8232,347,6,193,659,247],"aioseo_notices":[],"amp_enabled":true,"_links":{"self":[{"href":"https:\/\/speyer24news.com\/index.php?rest_route=\/wp\/v2\/posts\/29694"}],"collection":[{"href":"https:\/\/speyer24news.com\/index.php?rest_route=\/wp\/v2\/posts"}],"about":[{"href":"https:\/\/speyer24news.com\/index.php?rest_route=\/wp\/v2\/types\/post"}],"author":[{"embeddable":true,"href":"https:\/\/speyer24news.com\/index.php?rest_route=\/wp\/v2\/users\/3"}],"replies":[{"embeddable":true,"href":"https:\/\/speyer24news.com\/index.php?rest_route=%2Fwp%2Fv2%2Fcomments&post=29694"}],"version-history":[{"count":3,"href":"https:\/\/speyer24news.com\/index.php?rest_route=\/wp\/v2\/posts\/29694\/revisions"}],"predecessor-version":[{"id":29709,"href":"https:\/\/speyer24news.com\/index.php?rest_route=\/wp\/v2\/posts\/29694\/revisions\/29709"}],"wp:attachment":[{"href":"https:\/\/speyer24news.com\/index.php?rest_route=%2Fwp%2Fv2%2Fmedia&parent=29694"}],"wp:term":[{"taxonomy":"category","embeddable":true,"href":"https:\/\/speyer24news.com\/index.php?rest_route=%2Fwp%2Fv2%2Fcategories&post=29694"},{"taxonomy":"post_tag","embeddable":true,"href":"https:\/\/speyer24news.com\/index.php?rest_route=%2Fwp%2Fv2%2Ftags&post=29694"}],"curies":[{"name":"wp","href":"https:\/\/api.w.org\/{rel}","templated":true}]}}