{"id":29798,"date":"2020-08-15T10:09:37","date_gmt":"2020-08-15T09:09:37","guid":{"rendered":"https:\/\/speyer24news.com\/?p=29798"},"modified":"2020-08-15T10:09:41","modified_gmt":"2020-08-15T09:09:41","slug":"polizei-330","status":"publish","type":"post","link":"https:\/\/speyer24news.com\/?p=29798","title":{"rendered":"Polizei"},"content":{"rendered":"<style type=\"text\/css\">\r\n\t.ads_top_disp{}\r\n\t.ads_top_corner_disp{ float:left; margin:0px 10px 10px 0px; }\r\n\t.ads_first_p_disp{}\r\n\t.ads_bottom_disp{}\r\n\t<\/style>\n<h2 class=\"wp-block-heading\">Polizeimeldungen vom Freitag (14.08.2020)<\/h2>\n\n\n\n<div class=\"wp-block-image\"><figure class=\"aligncenter\"><img decoding=\"async\" src=\"https:\/\/speyer24news.com\/wp-content\/uploads\/2020\/01\/Aktuelles-Polizeilogo.jpg\" alt=\"\" class=\"wp-image-23832\"\/><\/figure><\/div>\n\n\n\n<h4 class=\"wp-block-heading\">(Schifferstadt) &#8211; Unfall unter Alkoholeinfluss<\/h4>\n\n\n\n<p>Am Donnerstagabend gegen 23:50 Uhr geschah in der Salierstra\u00dfe ein Unfall, bei dem der 49-j\u00e4hrige Autofahrer vermutlich aufgrund seiner Alkoholisierung in einen Sekundenschlaf fiel und dann zuerst ein geparktes Fahrzeug streifte und anschlie\u00dfend gegen einen anderen geparkten Pkw stie\u00df. Der Atemalkoholtest ergab einen Wert von 1,78 Promille. Der Mann musste die Beamten zur Dienststelle begleiten, wo ihn durch einen Arzt eine Blutprobe entnommen wurde. An allen drei Fahrzeugen entstand Totalschaden und sie mussten abgeschleppt werden. Betriebsstoffe sind ebenfalls ausgelaufen. Den Mann erwartet nun ein Strafverfahren wegen Gef\u00e4hrdung des Stra\u00dfenverkehrs. Sein F\u00fchrerschein wurde sichergestellt. Die F\u00fchrerscheinstelle ist \u00fcber den Vorfall informiert worden.<\/p>\n\n\n\n<h4 class=\"wp-block-heading\">(Mutterstadt) &#8211; Kontrolle der Polizei<\/h4>\n\n\n\n<p>Am sp\u00e4ten Donnerstagabend zwischen 23:10 und 00:40 Uhr haben Beamte der Polizeiinspektion Schifferstadt eine Kontrollstelle in der Ludwigshafener Stra\u00dfe durchgef\u00fchrt und allgemeine Verkehrskontrollen durchgef\u00fchrt. Bei einem 26-j\u00e4hrigen Autofahrer bemerkten die Beamten Anzeichen f\u00fcr den Konsum von Bet\u00e4ubungsmitteln. Ein freiwillig durchgef\u00fchrter Urintest verlief positiv auf Kokain. Der 26-j\u00e4hrige musste mit zur Dienststelle kommen, wo ein Arzt ihm eine Blutprobe entnommen hat. Ihn erwartet nun ein Verfahren wegen Trunkenheit im Verkehr. Sein F\u00fchrerschein wurde sichergestellt. Die F\u00fchrerscheinstelle ist \u00fcber den Vorfall informiert worden.<\/p>\n\n\n\n<h4 class=\"wp-block-heading\">(Deidesheim) &#8211; Betrunkenener Radfahrer<\/h4>\n\n\n\n<p>Am Donnerstag, 13.08., um 23.00 Uhr fuhr ein 37-j\u00e4hriger Radfahrer aus dem Landkreis Bad D\u00fcrkheim die Appengasse in Deidesheim aus Richtung Freiwillige Feuerwehr kommend in Richtung Bahnhof. Dabei fuhr er auf der falschen Stra\u00dfenseite, also in Fahrtrichtung links. Au\u00dferdem hatte er kein Licht angeschaltet. Als er schlie\u00dflich doch auf die richtige Stra\u00dfenseite wechseln wollte, tat er dies ohne Beachtung eines entgegenkommenden Pkw. Bei dem Pkw handelte es sich um einen Funkstreifenwagen der Polizeiinspektion Ha\u00dfloch. Die Beamten konnten einen Zusammensto\u00df vermeiden. Bei der anschlie\u00dfenden Kontrolle des Radfahrers wurden Anzeichen auf Alkoholkonsum erkannt. Ein durchgef\u00fchrter Atemalkoholtest ergab einen Wert von 2,36 Promille. Der Radfahrer wurde zwecks Entnahme einer Blutprobe durch einen Arzt zur Dienststelle verbracht. Dabei wurde er so aggressiv, dass er vor\u00fcbergehend gefesselt werden musste. Er muss mit einer Bestrafung wegen Trunkenheit im Verkehr rechnen. W\u00e4hrend der polizeilichen Ma\u00dfnahmen gab er an, dass er Alkohol nur zum Schutz vor einer Corona-Infektion konsumiert habe.<\/p>\n\n\n\n<h4 class=\"wp-block-heading\">(Bad D\u00fcrkheim) &#8211; Dreisten Unternehmer erwartet hohes Bu\u00dfgeld<\/h4>\n\n\n\n<div class=\"wp-block-image\"><figure class=\"aligncenter\"><img decoding=\"async\" loading=\"lazy\" width=\"800\" height=\"450\" src=\"https:\/\/speyer24news.com\/wp-content\/uploads\/2020\/08\/D\u00dcW.jpeg\" alt=\"\" class=\"wp-image-29799\" srcset=\"https:\/\/speyer24news.com\/wp-content\/uploads\/2020\/08\/D\u00dcW.jpeg 800w, https:\/\/speyer24news.com\/wp-content\/uploads\/2020\/08\/D\u00dcW-300x169.jpeg 300w, https:\/\/speyer24news.com\/wp-content\/uploads\/2020\/08\/D\u00dcW-768x432.jpeg 768w, https:\/\/speyer24news.com\/wp-content\/uploads\/2020\/08\/D\u00dcW-678x381.jpeg 678w\" sizes=\"(max-width: 800px) 100vw, 800px\" \/><\/figure><\/div>\n\n\n\n<p>Beamte der ZVD Rheinpfalz f\u00fchrten in Zusammenarbeit mit Kollegen der Polizeiinspektion Bad D\u00fcrkheim am 13.08.2020 Kontrollen des gewerblichen Personenverkehrs in Bad D\u00fcrkheim durch. Hierbei stellten sie das Fahrzeug eines Personenbef\u00f6rderungsunternehmens bei einer gewerblichen Fahrt fest, das bereits im Herbst 2019 die Konzession verloren hatte. Dennoch, so zeigten erste Ermittlungen, f\u00fchrte der Unternehmer seinen Betrieb ungehindert fort. Zudem stellten die Ermittler fest, dass das zur Bef\u00f6rderung verwendete Fahrzeug weder zur Personenbef\u00f6rderung zugelassen, noch zu diesem Zweck versichert ist. Dennoch wurden sogar Krankentransporte damit regelm\u00e4\u00dfig durchgef\u00fchrt. Zur Ahndung dieses besonders dreisten Verhaltens kann die zust\u00e4ndige Verfolgungsbeh\u00f6rde Bu\u00dfgelder bis zu 20.000 Euro verh\u00e4ngen. Die Ermittlungen dauern an.<\/p>\n\n\n\n<h4 class=\"wp-block-heading\">(Gr\u00fcnstadt) &#8211; Gef\u00e4hrlicher Eingriff in den Stra\u00dfenverkehr durch verlorene Baggerschaufel<\/h4>\n\n\n\n<p>Ein 63-J\u00e4hriger aus Gr\u00fcnstadt befuhr am Freitag den 14.08.2020 gegen 08:41 Uhr mit seinem Lkw samt Anh\u00e4nger die L395 zwischen Ebertsheim und Eisenberg. W\u00e4hrend der Fahrt verlor er eine Baggerschaufel mit einem Gesamtgewicht von 309 Kilogramm von seinem Anh\u00e4nger. Die Schaufel blieb letztlich auf dem Fahrstreifen in Fahrtrichtung Eisenberg liegen. Der Mann aus Gr\u00fcnstadt bemerkte den Verlust zun\u00e4chst nicht und fuhr weiter. Verkehrsteilnehmer meldeten das Verkehrshindernis \u00fcber Notruf. W\u00e4hrend der Sachverhaltsaufnahme kam der Verantwortliche zur\u00fcck zum Unfallort, da er das Fehlen der Schaufel an seinem Ankunftsort bemerkt hatte. Es stellte sich heraus, dass die angebrachten Spanngurte gerissen waren. Durch den Aufprall wurde die Fahrbahndecke besch\u00e4digt. Gegen den Verantwortlichen wurde ein Strafverfahren hinsichtlich der Gef\u00e4hrdung des Stra\u00dfenverkehrs und der Verkehrsunfallflucht eingeleitet. Zeugen des Vorfalles werden gebeten, sich bei der Polizeiinspektion Gr\u00fcnstadt zu melden.<\/p>\n\n\n\n<h4 class=\"wp-block-heading\">(Mertesheim \/ L 395) &#8211; Sperrung der Eistalstra\u00dfe aufgrund \u00dcberflutung durch Starkregen<\/h4>\n\n\n\n<p>Wegen des Starkregens am Freitag, 14.08.2020 gegen 16:30 Uhr l\u00f6ste sich an mehreren Stellen neben der L 395 das Erdreich und rutschte auf die Fahrbahn. Aufgrund der erheblichen Schlamm- und Wassermassen war der Fahrstreifen in Richtung Ebertsheim nicht mehr befahrbar und die L395 musste ab Asselheim einseitig f\u00fcr ca. 1 Stunde gesperrt werden. Die Feuerwehren Obrigheim und Mertesheim (4 Fahrzeuge und 20 Mann) sowie die Stra\u00dfenmeisterei (4 Fahrzeuge) unterbanden weitere \u00dcberflutungen und reinigten die Fahrbahn. Die L 395 wurde um 17:55 Uhr wieder komplett freigegeben.<\/p>\n\n\n\n<h4 class=\"wp-block-heading\">(Frankenthal) &#8211; Sachbesch\u00e4digung an Pkw<\/h4>\n\n\n\n<p>Die Gesch\u00e4digten stellen ihre Pkw, einen Opel Agila und einen Opel Insignia, in der Zeit von 09.08.2020, 20.30 Uhr, bis 10.08.2020, 07.30 Uhr, in der Gutenbergstra\u00dfe, H\u00f6he Hausnummer 20, ab. Als sie wieder zu ihren Pkw kommen, m\u00fcssen sie feststellen, dass durch bislang unbekannte T\u00e4ter am Opel Agila der linke Seitenspiegel abgetreten wurde und der Opel Insignia auf der linken Fahrzeugseite zerkratzt wurde. Der Gesamtschaden wird auf etwa 1000 Euro gesch\u00e4tzt.<\/p>\n\n\n\n<p>Zeugen werden gebeten sich an die Polizeiinspektion Frankenthal unter der Tel.-Nr.: 06233\/313-0 oder an die Polizeiwache Maxdorf unter der Tel.-Nr.: 06237\/934-100 zu wenden. Gerne nehmen wir Ihre Hinweise auch per E-Mail unter\u00a0<a href=\"mailto:pifrankenthal@polizei.rlp.de\">pifrankenthal@polizei.rlp.de<\/a>\u00a0entgegen.<\/p>\n\n\n\n<h4 class=\"wp-block-heading\">(Ludwigshafen) &#8211; Fahrsicherheitstag f\u00fcr Pedelec \/ E-Bike \/ S-Pedelec<\/h4>\n\n\n\n<div class=\"wp-block-image\"><figure class=\"aligncenter\"><img decoding=\"async\" loading=\"lazy\" width=\"800\" height=\"345\" src=\"https:\/\/speyer24news.com\/wp-content\/uploads\/2020\/08\/Pedelec-Training-LU.png\" alt=\"\" class=\"wp-image-29800\" srcset=\"https:\/\/speyer24news.com\/wp-content\/uploads\/2020\/08\/Pedelec-Training-LU.png 800w, https:\/\/speyer24news.com\/wp-content\/uploads\/2020\/08\/Pedelec-Training-LU-300x129.png 300w, https:\/\/speyer24news.com\/wp-content\/uploads\/2020\/08\/Pedelec-Training-LU-768x331.png 768w\" sizes=\"(max-width: 800px) 100vw, 800px\" \/><\/figure><\/div>\n\n\n\n<p>Am 05.09.2020, zwischen 08:45 Uhr und 13 Uhr, veranstalten unsere Experten der Zentralen Pr\u00e4vention des Polizeipr\u00e4sidiums Rheinpfalz in Kooperation mit der Kreisverkehrswacht Ludwigshafen e.V. und dem Seniorenbeirat der Verbandsgemeinde Maxdorf eine &#8222;Fit mit der Fahrrad&#8220;-Veranstaltung. Diese richtet sich an Pedelec-, E-Bike- und S-Pedelec-Fahrer*innen.<\/p>\n\n\n\n<p>Interessierte werden nicht nur Hintergrundinformationen bekommen, sondern k\u00f6nnen auch an einer Rundfahrt teilnehmen. Hierbei werden \u00d6rtlichkeiten an denen es Unf\u00e4lle gab oder die Unfallpotenzial haben, angefahren und die Teilnehmer*innen auf die m\u00f6glichen Gefahren hingewiesen.<\/p>\n\n\n\n<p>Eine Teilnahme ist kostenlos aber nur mit einem eigenen Pedelec und mit Fahrradhelm m\u00f6glich.<\/p>\n\n\n\n<div class=\"wp-block-image\"><figure class=\"aligncenter\"><img decoding=\"async\" loading=\"lazy\" width=\"637\" height=\"673\" src=\"https:\/\/speyer24news.com\/wp-content\/uploads\/2020\/08\/Unbenannt.png\" alt=\"\" class=\"wp-image-29801\" srcset=\"https:\/\/speyer24news.com\/wp-content\/uploads\/2020\/08\/Unbenannt.png 637w, https:\/\/speyer24news.com\/wp-content\/uploads\/2020\/08\/Unbenannt-284x300.png 284w\" sizes=\"(max-width: 637px) 100vw, 637px\" \/><\/figure><\/div>\n\n\n\n<p>Interessierte k\u00f6nnen sich unter Angabe von Vorname, Name, Telefonnummer und Email-Adresse an folgenden Stellen <strong>bis zum 22.08.2020 anmelden<\/strong>:<\/p>\n\n\n\n<ul><li>Kreisverkehrswacht Ludwigshafen per Mail an <a href=\"mailto:kreisverkehrswacht-ludwigshafen@web.de\">kreisverkehrswacht-ludwigshafen@web.de<\/a> oder per Telefon unter: 06237\/929830 <\/li><\/ul>\n\n\n\n<p>oder<\/p>\n\n\n\n<ul><li>Carola Kassel unter Tel.: 06237 8711 <\/li><\/ul>\n\n\n\n<p>oder<\/p>\n\n\n\n<ul><li>Helmut Roth unter Tel.: 06237 2287 <\/li><\/ul>\n\n\n\n<h4 class=\"wp-block-heading\">(Ludwigshafen) &#8211; Verkehrsunfall mit Stra\u00dfenbahn<\/h4>\n\n\n\n<p>In der Rheing\u00f6nheimer Stra\u00dfe kam es am 13.08.2020 gegen 09:30 Uhr zu einem Unfall zwischen einem Auto und einer Stra\u00dfenbahn. Eine 32-j\u00e4hrige Autofahrerin wurde hierbei leicht verletzt und vorsorglich in ein Krankenhaus verbracht. Die junge Frau hatte auf H\u00f6he der Diemersteinstra\u00dfe eine neben ihr fahrende Stra\u00dfenbahn \u00fcbersehen, als sie verbotswidrig nach links \u00fcber die Schienen abbiegen wollte. Es kam zum Zusammensto\u00df beider Fahrzeuge. Am Auto entstand ein Sachschaden von etwa 3.000 Euro. Die Stra\u00dfenbahn wurde ersten Einsch\u00e4tzungen zufolge nur leicht besch\u00e4digt, eine genaue Schadenssumme wird derzeit ermittelt.<\/p>\n\n\n\n<p>Durch den Unfall wurden keine weiteren Personen verletzt. Es entstand keine Verkehrsbehinderung.<\/p>\n\n\n\n<h4 class=\"wp-block-heading\">(Ludwigshafen) &#8211; Versuchter Lkw-Aufbruch \/ Zeugen gesucht<\/h4>\n\n\n\n<p>In der Zeit vom 12.08., 14:00 Uhr bis zum 13.08.2020, 08:00 Uhr wurde versucht das F\u00fchrerhaus einer roten Sattelzugmaschine in der Mundenheimer Stra\u00dfe aufzubrechen. Durch den Aufbruchsversuch entstand ein Schaden in H\u00f6he von ca. 400 Euro.<\/p>\n\n\n\n<p>Wer hat verd\u00e4chtige Personen oder Fahrzeuge in der Mundenheimer Stra\u00dfe gesehen?<\/p>\n\n\n\n<p>Sachdienliche Hinweise bitte an die Polizeiinspektion Ludwigshafen 2, Telefonnummer 0621 963-2222 oder per E-Mail\u00a0<a href=\"mailto:piludwigshafen2@polizei.rlp.de\">piludwigshafen2@polizei.rlp.de<\/a>\u00a0.<\/p>\n\n\n\n<h4 class=\"wp-block-heading\">(Ludwigshafen) &#8211; Mehrere Fahrten mit E-Scootern unter Drogeneinfluss<\/h4>\n\n\n\n<figure class=\"wp-block-image\"><img decoding=\"async\" loading=\"lazy\" width=\"800\" height=\"600\" src=\"https:\/\/speyer24news.com\/wp-content\/uploads\/2020\/08\/E-Roller-2.jpg\" alt=\"\" class=\"wp-image-29802\" srcset=\"https:\/\/speyer24news.com\/wp-content\/uploads\/2020\/08\/E-Roller-2.jpg 800w, https:\/\/speyer24news.com\/wp-content\/uploads\/2020\/08\/E-Roller-2-300x225.jpg 300w, https:\/\/speyer24news.com\/wp-content\/uploads\/2020\/08\/E-Roller-2-768x576.jpg 768w, https:\/\/speyer24news.com\/wp-content\/uploads\/2020\/08\/E-Roller-2-678x509.jpg 678w, https:\/\/speyer24news.com\/wp-content\/uploads\/2020\/08\/E-Roller-2-326x245.jpg 326w, https:\/\/speyer24news.com\/wp-content\/uploads\/2020\/08\/E-Roller-2-80x60.jpg 80w\" sizes=\"(max-width: 800px) 100vw, 800px\" \/><\/figure>\n\n\n\n<p>In der letzten Woche hat die Polizeiinspektion Ludwigshafen 2 insgesamt vier E-Scooter-Fahrer aus dem Verkehr gezogen, weil diese im Verdacht standen unter Drogeneinfluss gefahren zu sein. Am 08.08.2020, gegen 12 Uhr wurde ein 30-J\u00e4hriger in der Uhlandstra\u00dfe, am 11.08.2020, gegen 19:30 Uhr wurde in der B\u00fcrgermeister-Gr\u00fcnzweig-Stra\u00dfe ein 44-J\u00e4hriger und am 13.08.2020, gegen 2 Uhr wurden zwei 21-J\u00e4hrige kontrolliert. Bei allen E-Scooter-Fahrern konnten die Beamten Hinweise auf eine aktuelle Drogenbeeinflussung feststellen. Dies best\u00e4tigte, in allen F\u00e4llen, ein Drogenvortest. Alle Tests zeigten ein positives Ergebnis auf THC. Den Fahrern wurde nach den Kontrollen auf der Polizeidienststelle eine Blutprobe entnommen, um die genaue Drogenbeeinflussung festzustellen.<\/p>\n\n\n\n<p>Bei E-Scootern handelt es sich um Kraftfahrzeuge. Eine E-Sccoter-Fahrt unter Drogen- oder Alkoholeinfluss ist genauso strafbar, wie mit einem Auto.<\/p>\n\n\n\n<p>Die kontrollierten E-Scooter-Fahrer m\u00fcssen nun wegen der Fahrt unter Drogeneinfluss mit einer Geldstrafe von bis zu 3000 Euro und einem Fahrverbot rechnen.<\/p>\n\n\n\n<h4 class=\"wp-block-heading\">(Ludwigshafen) &#8211; Geldbeutel gestohlen<\/h4>\n\n\n\n<p>Im Rathauscenter wurde am 12.08.2020, gegen 12:45 Uhr, einer 40-J\u00e4hrigen der Geldbeutel aus dem Rucksack gestohlen. Sie hatte sich in einem Sonderangebotegesch\u00e4ft befunden, als der bislang unbekannte T\u00e4ter zugriff. Im Geldbeutel befand sich unter anderem eine zweistellige Bargeldsumme.<\/p>\n\n\n\n<p>Sachdienliche Hinweise nimmt die Kriminalpolizei Ludwigshafen unter der Telefonnummer 0621\/963-2773 oder per E-Mail\u00a0<a href=\"mailto:kiludwigshafen.k1.kdd@polizei.rlp.de\">kiludwigshafen.k1.kdd@polizei.rlp.de<\/a>\u00a0entgegen.<\/p>\n\n\n\n<h4 class=\"wp-block-heading\">(Mannheim-Jungbusch) &#8211; Von unbekanntem Mann in den Bauch getreten \/ Polizei sucht Zeugen<\/h4>\n\n\n\n<div class=\"wp-block-image\"><figure class=\"aligncenter\"><img decoding=\"async\" loading=\"lazy\" width=\"801\" height=\"600\" src=\"https:\/\/speyer24news.com\/wp-content\/uploads\/2020\/05\/Zeugen-gesucht-Neutral.jpg\" alt=\"\" class=\"wp-image-26598\" srcset=\"https:\/\/speyer24news.com\/wp-content\/uploads\/2020\/05\/Zeugen-gesucht-Neutral.jpg 801w, https:\/\/speyer24news.com\/wp-content\/uploads\/2020\/05\/Zeugen-gesucht-Neutral-300x225.jpg 300w, https:\/\/speyer24news.com\/wp-content\/uploads\/2020\/05\/Zeugen-gesucht-Neutral-768x575.jpg 768w, https:\/\/speyer24news.com\/wp-content\/uploads\/2020\/05\/Zeugen-gesucht-Neutral-678x509.jpg 678w, https:\/\/speyer24news.com\/wp-content\/uploads\/2020\/05\/Zeugen-gesucht-Neutral-326x245.jpg 326w, https:\/\/speyer24news.com\/wp-content\/uploads\/2020\/05\/Zeugen-gesucht-Neutral-80x60.jpg 80w\" sizes=\"(max-width: 801px) 100vw, 801px\" \/><\/figure><\/div>\n\n\n\n<p>Am Donnerstagabend wurde eine 38-j\u00e4hrige Frau im Stadtteil Jungbusch mehrmals von einem unbekannten Mann in den Bauch getreten. Der Unbekannte trat der Frau kurz nach 19 Uhr an der Stra\u00dfenbahnhaltestelle &#8222;Dalbergstra\u00dfe&#8220; offenbar grundlos mit dem Fu\u00df mehrfach in den Bauch. Anschlie\u00dfend fl\u00fcchtete der aus der Unterf\u00fchrung, in der sich die Haltestelle befindet. Die Frau erlitt durch die Tritte Prellungen im Bauchbereich. Sie wurde nach not\u00e4rztlicher Erstversorgung zur Untersuchung in ein Krankenhaus eingeliefert werden. Hier wurden keine schwerwiegenden inneren Verletzungen diagnostiziert werden, so dass Lebensgefahr ausgeschlossen werden konnte. Sie wurde zun\u00e4chst zur Beobachtung station\u00e4r aufgenommen.<\/p>\n\n\n\n<p><strong>Der unbekannte Mann wird wie folgt beschrieben:<\/strong><\/p>\n\n\n\n<ul><li>Ca. 40 Jahre alt<\/li><li>Schlanke Statur<\/li><li>Kurze graue Haare<\/li><li>Trug graue Arbeitskleidung, evtl. mit Farbantragungen <\/li><\/ul>\n\n\n\n<p>Zeugen, die auf die Tat aufmerksam geworden sind und sachdienliche Hinweise zum T\u00e4ter geben k\u00f6nnen, werden gebeten, sich beim Polizeirevier Mannheim-Innenstadt, Tel.: 0621\/1258-0 zu melden.<\/p>\n\n\n\n<h4 class=\"wp-block-heading\">(Mannheim-Herzogenried) &#8211; Unfallflucht \/ Polizei sucht Zeugen<\/h4>\n\n\n\n<p>Am Donnerstag kam es zwischen 05:45 Uhr und 12:25 Uhr auf der Hafenbahnstra\u00dfe zur Besch\u00e4digung eines Autos. Ein auf H\u00f6he der Nummer 15 abgestellter Hyundai i40 wurde durch mehrere Schuhtritte gegen die Karosserie am Radkasten und an der Hintert\u00fcr der Beifahrerseite besch\u00e4digt. Der Sachschaden betr\u00e4gt rund 6.000EUR.<\/p>\n\n\n\n<p>Zeugen, die verd\u00e4chtige Wahrnehmungen gemacht haben, werden gebeten sich beim Polizeirevier Mannheim-Neckarstadt, unter der Telefonnummer 0621-33010, zu melden.<\/p>\n\n\n\n<h4 class=\"wp-block-heading\">(Mannheim-Lindenhof) &#8211; Einbruch in Gastst\u00e4tte \/ Wer hat verd\u00e4chtiges beobachtet?<\/h4>\n\n\n\n<p>Unbekannte T\u00e4ter brachen in der Nacht von Donnerstag auf Freitag in ein Restaurant im Stadtteil Lindenhof ein. Die Einbrecher drangen zwischen 23.30 Uhr und 3.00 Uhr durch ein K\u00fcchenfenster in die R\u00e4umlichkeiten des Lokals ein und begaben sich in die Gastr\u00e4ume. Hier entnahmen sie aus zwei M\u00e4ppchen einen noch unbekannten Bargeldbetrag. Anschlie\u00dfend verlie\u00dfen sie die R\u00e4ume durch die Terrassent\u00fcr und fl\u00fcchteten in unbekannte Richtung. Die H\u00f6he des entstandenen Schadens l\u00e4sst sich derzeit noch nicht sch\u00e4tzen.<\/p>\n\n\n\n<p>Zeugen, die verd\u00e4chtiges beobachtet haben und sachdienliche Hinweise geben k\u00f6nnen, werden gebeten, sich beim Polizeirevier Mannheim-Neckarau, Tel.: 0621\/83397-0 zu melden.<\/p>\n\n\n\n<h4 class=\"wp-block-heading\">(Mannheim-Lindenhof) &#8211; 48-j\u00e4hriger Mann an der Stra\u00dfenbahnhaltestelle \u00fcberfallen \/ Polizei sucht Zeugen<\/h4>\n\n\n\n<figure class=\"wp-block-image\"><img decoding=\"async\" loading=\"lazy\" width=\"801\" height=\"600\" src=\"https:\/\/speyer24news.com\/wp-content\/uploads\/2020\/05\/Zeugen-gesucht-Neutral.jpg\" alt=\"\" class=\"wp-image-26598\" srcset=\"https:\/\/speyer24news.com\/wp-content\/uploads\/2020\/05\/Zeugen-gesucht-Neutral.jpg 801w, https:\/\/speyer24news.com\/wp-content\/uploads\/2020\/05\/Zeugen-gesucht-Neutral-300x225.jpg 300w, https:\/\/speyer24news.com\/wp-content\/uploads\/2020\/05\/Zeugen-gesucht-Neutral-768x575.jpg 768w, https:\/\/speyer24news.com\/wp-content\/uploads\/2020\/05\/Zeugen-gesucht-Neutral-678x509.jpg 678w, https:\/\/speyer24news.com\/wp-content\/uploads\/2020\/05\/Zeugen-gesucht-Neutral-326x245.jpg 326w, https:\/\/speyer24news.com\/wp-content\/uploads\/2020\/05\/Zeugen-gesucht-Neutral-80x60.jpg 80w\" sizes=\"(max-width: 801px) 100vw, 801px\" \/><\/figure>\n\n\n\n<p>Bereits am fr\u00fchen Dienstagnachmittag wurde im Stadtteil Lindenhof ein 48-j\u00e4hriger Mann von einem unbekannten T\u00e4ter \u00fcberfallen. Der Unbekannte entriss dem Gesch\u00e4digten gegen 13.30 Uhr gewaltsam eine T\u00fcte mit Medikamenten, die der Gesch\u00e4digte fest in der linken Hand hielt. Anschlie\u00dfend fl\u00fcchtete der T\u00e4ter in unbekannte Richtung. Der Gesch\u00e4digte verletzte sich bei dem \u00dcberfall leicht an der linken Schulter.<\/p>\n\n\n\n<p><strong>Der unbekannte m\u00e4nnliche T\u00e4ter wird wie folgt beschrieben:<\/strong><\/p>\n\n\n\n<ul><li>ca. 1,75 cm gro\u00df<\/li><li>schlank<\/li><li>zwischen 20 und 30 Jahre alt<\/li><li>Bekleidet mit einer dunklen kurzen Hose<\/li><li>blau\/wei\u00df kariertes Polohemd<\/li><li>roter Mund-Nasenschutz<\/li><li>graue Kapuze<\/li><li>brauner Rucksack <\/li><\/ul>\n\n\n\n<p>Zeugen, die auf den Vorfall aufmerksam geworden sind und sachdienliche Hinweise zum fl\u00fcchtigen T\u00e4ter geben k\u00f6nnen, werden gebeten, sich beim Kriminaldauerdienst der Kriminalpolizeidirektion Heidelberg, Tel.: 0621\/174-4444 zu melden.<\/p>\n\n\n\n<h4 class=\"wp-block-heading\">(Mannheim-Sandhofen) &#8211; Die Polizei bittet um Mithilfe bei der Suche nach der 75-j\u00e4hrigen Ursula F. aus Sandhofen<\/h4>\n\n\n\n<p>Seit Donnerstagabend 23 Uhr wird die 75-j\u00e4hrige Ursula F. aus einem Altenheim in der Spinnereistra\u00dfe im Mannheimer Stadtteil Sandhofen vermisst.<\/p>\n\n\n\n<p>Die 75-J\u00e4hrige gilt durchaus als mobil, ist jedoch hochgradig dement und befindet sich aus diesem Grund m\u00f6glicherweise in einer hilflosen Lage.<\/p>\n\n\n\n<p>Die Vermisste wird wie folgt beschrieben:<\/p>\n\n\n\n<ul><li>ca. 165 cm gro\u00df<\/li><li>ca. 51kg schwer<\/li><li>schlanke Statur<\/li><li>kurze dunkle Haare<\/li><li>Brillentr\u00e4gerin<\/li><li>bekleidet mit einem hellen Oberteil und einer hellen langen Hose<\/li><li>sie f\u00fchrt eine beige Handtasche bei sich<\/li><li>um den Hals tr\u00e4gt sie ein orangenes Gummiband mit der Aufschrift &#8222;Avendi&#8220; <\/li><\/ul>\n\n\n\n<p>Das Kriminalkommissariat Mannheim hat die Fahndung nach der Vermissten \u00fcbernommen. Eine \u00dcberpr\u00fcfung aller bislang bekannten Hinwendungsorte der Vermissten sowie Fahndungsma\u00dfnahmen verliefen bisher ohne Erfolg. Ein Polizeihubschrauber wird bei der Suche am Freitagmittag ebenfalls eingesetzt.<\/p>\n\n\n\n<p>Hinweise zum Aufenthaltsort der Ursula F. werden bei der Kriminalpolizei Heidelberg unter der Rufnummer 0621\/174-4444, \u00fcber den Polizeinotruf 110, oder jede andere Polizeidienststelle entgegengenommen.<\/p>\n\n\n\n<h4 class=\"wp-block-heading\">(Mannheim-Sandhofen) &#8211; Vermisste 75-J\u00e4hrige aus Sandhofen wieder aufgetaucht \/ \u00d6ffentlichkeitsfahndung wird zur\u00fcckgenommen<\/h4>\n\n\n\n<h4 class=\"wp-block-heading\" style=\"text-align:center\">Pressemitteilung 2<\/h4>\n\n\n\n<p>Die vermisste 75-J\u00e4hrige, die seit Donnerstagabend aus einem Altenheim verschwunden war, wurde dank der \u00d6ffentlichkeitsfahndung von einem Zeugen erkannt und konnte dann von einer Polizeistreife wieder wohlbehalten zur\u00fcckgebracht werden. Die \u00d6ffentlichkeitsfahndung wurde zur\u00fcckgenommen.<\/p>\n\n\n\n<h4 class=\"wp-block-heading\">(Mannheim-Sandhofen) &#8211; Verkehrsunfall mit Unfallflucht \/ Zeugen gesucht<\/h4>\n\n\n\n<p>Am Donnerstag ereignete sich gegen 18:15 Uhr auf dem Parkplatz eines Supermarktes in der Amselstra\u00dfe ein Verkehrsunfall, bei der der Verursacher anschlie\u00dfend das Weite suchte. Ein bislang unbekannter Autofahrer besch\u00e4digte einen ordnungsgem\u00e4\u00df geparkten VW Golf und besch\u00e4digt diesen am hinteren linken Kotfl\u00fcgel. Anschlie\u00dfend entfernte er sich unerlaubt vom Unfallort. Der Sachschaden betr\u00e4gt rund 3.000EUR.<\/p>\n\n\n\n<p>Zeugen, die sachdienliche Hinweise geben k\u00f6nnen, werden gebeten sich beim Polizeirevier Sandhofen, unter der Telefonnummer 0621-777690, zu melden.<\/p>\n\n\n\n<h4 class=\"wp-block-heading\">(Heidelberg \/ Rhein-Neckar-Kreis) &#8211; Pferdesch\u00e4ndungen auf Reiterh\u00f6fen \/ Erneuter Zeugenaufruf!<\/h4>\n\n\n\n<div class=\"wp-block-image\"><figure class=\"aligncenter\"><img decoding=\"async\" src=\"https:\/\/speyer24news.com\/wp-content\/uploads\/2020\/08\/Achtung.png\" alt=\"\" class=\"wp-image-29803\"\/><\/figure><\/div>\n\n\n\n<p>Ein schwerer Fall von Tierqu\u00e4lerei schockiert derzeit nicht nur die Pferdeliebhaberinnen und Pferdeliebhaber im Heddesheimer Ortsteil Muckensturm.<\/p>\n\n\n\n<p>Bereits seit Anfang Juni h\u00e4uften sich im Zust\u00e4ndigkeitsbereich des Polizeipr\u00e4sidiums Mannheim Straftaten, bei denen Pferde vors\u00e4tzlich verletzt wurden. Hierbei wurden den Tieren zumeist durch Schneidwerkzeuge Wunden im Schulter- und Genitalbereich zugef\u00fcgt. Konkrete Hinweise auf den oder die T\u00e4ter konnten bislang noch nicht erlangt werden.<\/p>\n\n\n\n<p>Die Taten ereigneten sich auf H\u00f6fen und Stallungen in den Ortschaften Heidelberg-Pfaffengrund, Plankstadt und Dilsberg sowie zuletzt im Heddesheimer Ortsteil Muckensturm.<\/p>\n\n\n\n<p>Durch die Vorf\u00e4lle f\u00fchlen sich die Pferde- und Gutshofbesitzer schockiert und in hohem Ma\u00dfe in ihrem Sicherheitsempfinden beeintr\u00e4chtigt. Verd\u00e4chtige Wahrnehmungen in Bezug auf unbekleidete Personen, die &#8211; teils mit Messern bewaffnet &#8211; in den an die Pferdekoppeln angrenzenden Feldgebieten festgestellt wurden, verst\u00e4rken diese Unsicherheit zunehmend.<\/p>\n\n\n\n<p>Das Polizeipr\u00e4sidium Mannheim hat nach Bekanntwerden der Taten umfangreiche Ermittlungen aufgenommen und zwischenzeitlich die Ermittlungsgruppe &#8222;Koppel&#8220; eingerichtet. Unter der Federf\u00fchrung des Arbeitsbereichs Gewerbe &amp; Umwelt wurden in Zusammenarbeit mit der Kriminalpolizeidirektion Heidelberg und des Polizeireviers Ladenburg bereits umfangreiche Ma\u00dfnahmen getroffen, die nun noch deutlich forciert und erweitert wurden. Durch t\u00e4terorientierte Ermittlungsarbeit sollen mit Hilfe der Kriminaltechnik die bislang unbekannten T\u00e4ter identifiziert und \u00fcberf\u00fchrt werden. Die Tatumst\u00e4nde werden akribisch aufgearbeitet und ein Schwerpunkt der Ermittlungsarbeit liegt im Bereich der umfassenden Suche und Sicherung von materiellen Tatspuren, deren forensische Auswertung objektive Hinweise auf den oder die T\u00e4ter liefern kann.<\/p>\n\n\n\n<p>Die Ermittler des Polizeipr\u00e4sidiums Mannheim stehen dazu in engem Kontakt und Austausch mit den Pferdebesitzern und auch den Reiterh\u00f6fen und beraten \u00fcber m\u00f6gliche Sicherheitsvorkehrungen zum Schutz der Pferde, insbesondere zur Nachtzeit. Zudem werden Verhaltenshinweise gegeben zum Umgang mit verd\u00e4chtigen Wahrnehmungen und dem Feststellen verd\u00e4chtiger Personen und Fahrzeugen.<\/p>\n\n\n\n<p>Das Referat Pr\u00e4vention des Polizeipr\u00e4sidiums Mannheim hat einen speziellen Flyer in Form einer Checkliste entworfen, der Sicherheitshinweise f\u00fcr Pferde-\/ und Stallbesitzer enth\u00e4lt. Diese Checkliste wird an die H\u00f6fe, Stallungen und auch Pferdebesitzer verteilt.<\/p>\n\n\n\n<p>Ebenso wurde ein Podcast aufgenommen, der u. a. Verhaltenshinweise f\u00fcr Pferde-\/ und Stallbesitzer enth\u00e4lt. Dieser Podcast ist unter nachfolgendem Link abrufbar:<\/p>\n\n\n\n<figure class=\"wp-block-embed-wordpress wp-block-embed is-type-wp-embed is-provider-polizeiprasidium-mannheim\"><div class=\"wp-block-embed__wrapper\">\n<blockquote class=\"wp-embedded-content\" data-secret=\"FJIDtokTtG\"><a href=\"https:\/\/ppmannheim.polizei-bw.de\/pferdeschaendungen-in-der-region-tipps-und-checkliste-fuer-pferdebesitzer-und-reiterhofbetreiber\/\">Pferdesch\u00e4ndungen in der Region: Tipps und Checkliste f\u00fcr Pferdebesitzer und Reiterhofbetreiber<\/a><\/blockquote><iframe class=\"wp-embedded-content\" sandbox=\"allow-scripts\" security=\"restricted\" style=\"position: absolute; clip: rect(1px, 1px, 1px, 1px);\" title=\"&#8222;Pferdesch\u00e4ndungen in der Region: Tipps und Checkliste f\u00fcr Pferdebesitzer und Reiterhofbetreiber&#8220; &#8212; Polizeipr\u00e4sidium Mannheim\" src=\"https:\/\/ppmannheim.polizei-bw.de\/pferdeschaendungen-in-der-region-tipps-und-checkliste-fuer-pferdebesitzer-und-reiterhofbetreiber\/embed\/#?secret=FJIDtokTtG\" data-secret=\"FJIDtokTtG\" width=\"500\" height=\"282\" frameborder=\"0\" marginwidth=\"0\" marginheight=\"0\" scrolling=\"no\"><\/iframe>\n<\/div><\/figure>\n\n\n\n<p>Erneut bittet die Polizei darum, die Augen offenzuhalten, wachsam zu sein und verd\u00e4chtige Wahrnehmungen und Beobachtungen an oder im Umfeld von Reiterh\u00f6fen und Stallungen umgehend der Polizei zu melden. Auch scheinbar harmlos erscheinende Ereignisse und Feststellungen k\u00f6nnten dazu beitragen, den Fall aufzukl\u00e4ren und einen Tatverd\u00e4chtigen zu \u00fcberf\u00fchren. Hinweise erbittet die Polizei unter der Notrufnummer 110 oder an das Polizeirevier Ladenburg, Tel.: 06203\/9305-0.<\/p>\n\n\n\n<h4 class=\"wp-block-heading\">(Heidelberg-Bahnstadt) &#8211; Verkehrsunfall zwischen Stra\u00dfenbahn und PKW<\/h4>\n\n\n\n<p>Am Donnerstag kam es gegen 18:45 Uhr auf der Stra\u00dfe &#8222;Gr\u00fcne Meile&#8220;\/Jensenstra\u00dfe zu einem Unfall zwischen einer Stra\u00dfenbahn und einem PKW. Ein 34-j\u00e4hriger wollte mit seinem BMW links in die Jensenstra\u00dfe abbiegen, \u00fcbersah dabei eine herannahende Stra\u00dfenbahn und kollidierte mit dieser. Sowohl die beiden Fahrer, als auch alle Fahrg\u00e4ste blieben unverletzt. Der Sachschaden betr\u00e4gt rund 6.000EUR. Beide Fahrzeuge konnten ihr Fahrt fortsetzen.<\/p>\n\n\n\n<h4 class=\"wp-block-heading\">(Hockenheim \/ Rhein-Neckar-Kreis) &#8211; Einbruch in Freizeitbad \/ Polizei sucht Zeugen<\/h4>\n\n\n\n<p>Am fr\u00fchen Dienstagmorgen wurde in ein Freizeitbad in der Beethovenstra\u00dfe eingebrochen. Die bislang unbekannten T\u00e4ter drangen durch eine Notfallt\u00fcr in den Au\u00dfenbereich ein und durchsuchten anschlie\u00dfend auch das Innere der R\u00e4umlichkeiten. Nachdem gegen 05:10 Uhr der Einbruchalarm ausgel\u00f6st wurde, machten sich sofort mehrere Streifen auf den Weg zum Freizeitbad, die anschlie\u00dfende Fahndung nach den T\u00e4tern verlief ohne Ergebnis. Nach derzeitigem Stand der Ermittlungen wurde nichts entwendet, es entstand allerdings ein Sachschaden von ca. 5.000EUR.<\/p>\n\n\n\n<p>Zeugen, die verd\u00e4chtige Wahrnehmungen gemacht haben, werden gebeten sich beim Polizeirevier Hockenheim, unter der Telefonnummer 06205-28600, zu melden.<\/p>\n\n\n\n<h4 class=\"wp-block-heading\">(Altlu\u00dfheim \/ Rhein-Neckar-Kreis) &#8211; Einbruch in Firmengeb\u00e4ude \/ Zeugen gesucht<\/h4>\n\n\n\n<p>In der Nacht von Mittwoch auf Donnerstag brachen unbekannte T\u00e4ter in ein Firmengeb\u00e4ude in Altlu\u00dfheim ein. Die Einbrecher hebelten ein Fenster neben der Haupteingangst\u00fcr des Geb\u00e4udes in der Dritten Industriestra\u00dfe auf und drangen so in die Firmenr\u00e4ume ein. Hier durchsuchten sie s\u00e4mtliche R\u00e4ume und brachen zahlreiche T\u00fcren, Schreibtische und Schr\u00e4nke auf. Sie \u00f6ffneten zudem gewaltsam zwei Tresore in einem B\u00fcro. Was die T\u00e4ter erbeuteten ist derzeit noch nicht bekannt, auch der entstandene Schaden kann noch nicht beziffert werden. Bevor die T\u00e4ter das Geb\u00e4ude wieder verlie\u00dfen, versuchten sie noch, Spuren zu beseitigen.<\/p>\n\n\n\n<p>Zeugen, die verd\u00e4chtige Wahrnehmungen gemacht haben und sachdienliche Hinweise geben k\u00f6nnen, werden gebeten, sich beim Polizeirevier Hockenheim, Tel.: 06205\/2860-0 zu melden.<\/p>\n\n\n\n<h4 class=\"wp-block-heading\">(Nu\u00dfloch \/ Rhein-Neckar-Kreis) &#8211; Vermi\u00dftenfahndung \/ Hubschrauber im Einsatz<\/h4>\n\n\n\n<p>Aktuell fahndet die Polizei im Bereich zwischen Nu\u00dfloch, Wiesloch und Walldorf nach einer 74-j\u00e4hrigen Frau. In die Suche ist neben mehreren Fahrzeugen auch ein Polizeihubschrauber eingebunden. Eine hilflose Lage kann derzeit nicht ausgeschlossen werden.<\/p>\n\n\n\n<h4 class=\"wp-block-heading\">(Nu\u00dfloch \/ Rhein-Neckar-Kreis) &#8211; Suchma\u00dfnahmen eingestellt \/ Vermisste Person leicht verletzt augefunden<\/h4>\n\n\n\n<p>Die Suche nach einer 74-j\u00e4hrigen dementen Frau aus einem Seniorenzentrum in Nu\u00dfloch, bei der in der vergangenen Donnerstagnacht auch ein Polizeihubschrauber im Bereich Nu\u00dfloch, Wiesloch und Walldorf eingesetzt war, ist beendet. Die Frau wurde am Morgen gegen 8 Uhr mit einer leichten Verletzung, durch eine Streifenwagenbesatzung in Heidelberg Kirchheim angetroffen.<\/p>\n\n\n\n<h4 class=\"wp-block-heading\">(Meckesheim \/ Rhein-Neckar-Kreis) &#8211; 84-j\u00e4hrige Frau wird Opfer einer trickreichen Diebin \/ Polizei sucht Zeugen<\/h4>\n\n\n\n<p>Wie erst jetzt zur Anzeige gebracht wurde, war bereits am Montagmittag in Meckesheim eine 84-j\u00e4hrige Frau Opfer einer trickreichen Diebin geworden. Die Seniorin war mit ihrem Auto gerade in den Hof ihres Anwesens gefahren, als sie von einer unbekannten Frau angesprochen und um eine Spende f\u00fcr Geh\u00f6rlose gebeten wurden. Die 84-J\u00e4hrige \u00fcbergab der Frau daraufhin 5 Euro als Spende. Als die Unbekannte anschlie\u00dfend anfing, herum zu gestikulieren, forderte die Gesch\u00e4digte die Frau auf, zu gehen. Sp\u00e4ter stellte sie schlie\u00dflich fest, dass aus ihrer Handtasche das gesamte Bargeld herausgenommen worden war.<\/p>\n\n\n\n<p><strong>Die Unbekannte wird wie folgt beschrieben:<\/strong><\/p>\n\n\n\n<ul><li>Ca. 30 Jahre alt<\/li><li>Ca. 170 cm gro\u00df<\/li><li>Schlanke, schmale Gestalt<\/li><li>Kurze dunkelblonde Haare<\/li><li>Sprach gebrochen Deutsch ohne erkennbaren ausl\u00e4ndischen Akzent<\/li><li>Trug ein helles, \u00e4rmelloses Kleid<\/li><\/ul>\n\n\n\n<p>Zeugen, die verd\u00e4chtige Wahrnehmungen gemacht haben, werden gebeten, sich beim Polizeirevier Neckargem\u00fcnd, Tel.: 06223\/9254-0 zu melden.<\/p>\n\n\n\n<h4 class=\"wp-block-heading\">(Sinsheim \/ A 6 \/ Rhein-Neckar-Kreis) &#8211; Pkw kollidiert in Baustelle mit Seitenwand \/ leicht verletzte Fahrerin muss geborgen werden<\/h4>\n\n\n\n<p>Am Freitag kam es gegen 00:40 Uhr auf der BAB 6 in der Baustelle zwischen den Anschlussstellen Sinsheim und Wiesloch\/Rauenberg in Fahrtrichtung Mannheim zu einem Verkehrsunfall.<\/p>\n\n\n\n<p>Eine 36-j\u00e4hrige Frau verlor aus unbekannter Ursache die Kontrolle \u00fcber ihr Fahrzeug, \u00fcberfuhr zun\u00e4chst mehrere Warnbarken, die am rechten Fahrbahnrand aufgestellt waren und kollidierte einige Kilometer weiter mit einer linksseitig befindlichen Betongleitwand. An dieser Betonwand kam das Fahrzeug schlie\u00dflich zum Stehen, sodass die Frau von der Feuerwehr aus ihrem Auto geborgen werden musste. Sie kam mit leichten Verletzungen in ein Krankenhaus. Der Pkw wurde abgeschleppt. Die BAB 6 wurde f\u00fcr die Bergungsma\u00dfnahmen kurzzeitig in beide Richtungen voll gesperrt.<\/p>\n\n\n\n<h4 class=\"wp-block-heading\">(Sinsheim \/ Rhein-Neckar-Kreis) &#8211; Verkehrsunfall zwischen Motorrad und PKW<\/h4>\n\n\n\n<p>Am Donnerstag kam es gegen 16:00 Uhr an der Kreuzung der Stra\u00dfen &#8222;In der Au&#8220;\/Alte R\u00f6merstra\u00dfe zu einem Verkehrsunfall zwischen einem 52-j\u00e4hrigen Motorradfahrer und einem 59-j\u00e4hrigen Seat-Fahrer. Der Fahrer des Motorrads \u00fcberholte auf der Stra\u00dfe &#8222;In der Au&#8220;, trotz unklarer Verkehrslage, zwei PKWs welche vor ihm fuhren. Er erkannte zu sp\u00e4t, dass der vordere der beiden PKWs nach links in die Alte R\u00f6merstra\u00dfe abbiegen m\u00f6chte. Als der Seat-Fahrer abbog kam es zur Kollision zwischen den beiden Fahrzeugen. Verletzt wurde gl\u00fccklicherweise niemand, der Sachschaden betr\u00e4gt rund 2.000EUR.<\/p>\n\n\n\n<h4 class=\"wp-block-heading\">(Eberbach \/ Rhein-Neckar-Kreis) &#8211; Rabiater Autofahrer setzt Scheibenwaschanlage gegen Radfahrer ein \/ Zeugen gesucht<\/h4>\n\n\n\n<p>Am Donnerstag kam es gegen 15:00 Uhr auf der Rockenauer Stra\u00dfe in Richtung Neckarbr\u00fccke zu einem kuriosen Vorfall zwischen einem unbekannten Autofahrer und einem 60-j\u00e4hrigen Fahrradfahrer. Der Autofahrer fuhr in eine Firmeneinfahrt ein, um zu wenden. Als er beim Wiedereingliedern in den flie\u00dfenden Verkehr den Fahrradfahrer \u00fcbersah, musste dieser stark abbremsen. Als dieser \u00fcber das Verhalten des PKW-Fahrers den Kopf sch\u00fcttelt bet\u00e4tigte dieser beim Wegfahren mehrmals die Scheibenwaschanlage und spritze den 60-j\u00e4hrigen nass. Hierbei erlitt der Radfahrer eine Augenreizung.<\/p>\n\n\n\n<p><strong>Der PKW wird wie folgt beschrieben: <\/strong><\/p>\n\n\n\n<ul><li>wei\u00dfer SUV mit Heidelberger Kennzeichen<\/li><li>Marke Suzuki oder Toyota<\/li><li>der Fahrer war ein dunkelhaariger Mann<\/li><\/ul>\n\n\n\n<p>Zeugen, die sachdienliche Hinweise zu diesem Vorfall geben k\u00f6nnen, werden gebeten sich beim Polizeirevier Eberbach, unter der Telefonnummer 06271-92100, zu melden.<\/p>\n\n\n\n<h4 class=\"wp-block-heading\">(Heiligkreuzsteinach \/ Rhein-Neckar-Kreis) &#8211; Auffahrunfall auf der K 4122<\/h4>\n\n\n\n<p>Bei einem Auffahrunfall am Donnerstagabend auf der K 4122 bei Vorderheubach entstand Sachschaden von rund 5.000 Euro. Ein 36-j\u00e4hriger Mann war gegen 18.30 Uhr mit seinem Hyundai auf der K 4122 von Schriesheim in Vorderheubach unterwegs. Als er nach links in einen Waldweg abbog, fuhr ihm ein nachfolgender 51-j\u00e4hriger Smart-Fahrer hinten auf. W\u00e4hrend beide Fahrzeuge stark besch\u00e4digt wurden, kamen die Fahrer mit dem Schrecken davon und blieben unverletzt.<\/p>\n\n\n\n<h4 class=\"wp-block-heading\">(Ladenburg \/ Rhein-Neckar-Kreis) &#8211; Wohnungseinbruch \/ Zeugen gesucht<\/h4>\n\n\n\n<p>Eingebrochen wurde am Donnerstag zwischen 07:20 Uhr und 08:20 Uhr in eine Wohnung in der Wichernstra\u00dfe. Der\/die unbekannten T\u00e4ter drangen auf bisher ungekl\u00e4rte Weise in die Wohnung ein und entwendeten zwei Spielekonsolen inklusive Zubeh\u00f6r. Der Diebstahlschaden betr\u00e4gt rund 1.000EUR.<\/p>\n\n\n\n<p>Zeugen, die verd\u00e4chtige Wahrnehmungen gemacht haben oder sachdienliche Hinweise geben k\u00f6nnen, werden gebeten sich ans Polizeirevier Ladenburg, unter der Telefonnummer 06203-93050, zu wenden.<\/p>\n","protected":false},"excerpt":{"rendered":"<div class=\"mh-excerpt\"><p>Polizeimeldungen vom Freitag (14.08.2020) (Schifferstadt) &#8211; Unfall unter Alkoholeinfluss Am Donnerstagabend gegen 23:50 Uhr geschah in der Salierstra\u00dfe ein Unfall, bei dem der 49-j\u00e4hrige Autofahrer vermutlich aufgrund seiner Alkoholisierung in einen Sekundenschlaf fiel und dann <a class=\"mh-excerpt-more\" href=\"https:\/\/speyer24news.com\/?p=29798\" title=\"Polizei\">[&#8230;]<\/a><\/p>\n<\/div>","protected":false},"author":3,"featured_media":0,"comment_status":"open","ping_status":"open","sticky":false,"template":"","format":"standard","meta":{"_monsterinsights_skip_tracking":false,"_monsterinsights_sitenote_active":false,"_monsterinsights_sitenote_note":"","_monsterinsights_sitenote_category":0,"footnotes":""},"categories":[12],"tags":[3614,61,2555,6955,6986,6263,63,105,6987,53,4854,4683,1548,102,213,55,5261,103,106,2803,2423,427,2625,380,104,979,1565],"aioseo_notices":[],"amp_enabled":true,"_links":{"self":[{"href":"https:\/\/speyer24news.com\/index.php?rest_route=\/wp\/v2\/posts\/29798"}],"collection":[{"href":"https:\/\/speyer24news.com\/index.php?rest_route=\/wp\/v2\/posts"}],"about":[{"href":"https:\/\/speyer24news.com\/index.php?rest_route=\/wp\/v2\/types\/post"}],"author":[{"embeddable":true,"href":"https:\/\/speyer24news.com\/index.php?rest_route=\/wp\/v2\/users\/3"}],"replies":[{"embeddable":true,"href":"https:\/\/speyer24news.com\/index.php?rest_route=%2Fwp%2Fv2%2Fcomments&post=29798"}],"version-history":[{"count":1,"href":"https:\/\/speyer24news.com\/index.php?rest_route=\/wp\/v2\/posts\/29798\/revisions"}],"predecessor-version":[{"id":29804,"href":"https:\/\/speyer24news.com\/index.php?rest_route=\/wp\/v2\/posts\/29798\/revisions\/29804"}],"wp:attachment":[{"href":"https:\/\/speyer24news.com\/index.php?rest_route=%2Fwp%2Fv2%2Fmedia&parent=29798"}],"wp:term":[{"taxonomy":"category","embeddable":true,"href":"https:\/\/speyer24news.com\/index.php?rest_route=%2Fwp%2Fv2%2Fcategories&post=29798"},{"taxonomy":"post_tag","embeddable":true,"href":"https:\/\/speyer24news.com\/index.php?rest_route=%2Fwp%2Fv2%2Ftags&post=29798"}],"curies":[{"name":"wp","href":"https:\/\/api.w.org\/{rel}","templated":true}]}}