{"id":29828,"date":"2020-08-17T14:03:19","date_gmt":"2020-08-17T13:03:19","guid":{"rendered":"https:\/\/speyer24news.com\/?p=29828"},"modified":"2020-08-17T14:03:20","modified_gmt":"2020-08-17T13:03:20","slug":"geschwindigkeitsmessung-blitzer-39","status":"publish","type":"post","link":"https:\/\/speyer24news.com\/?p=29828","title":{"rendered":"Geschwindigkeitsmessung \/ Blitzer"},"content":{"rendered":"<style type=\"text\/css\">\r\n\t.ads_top_disp{}\r\n\t.ads_top_corner_disp{ float:left; margin:0px 10px 10px 0px; }\r\n\t.ads_first_p_disp{}\r\n\t.ads_bottom_disp{}\r\n\t<\/style>\n<h2 class=\"wp-block-heading\">Geschwindigkeitskontrollen f\u00fcr die Woche vom 17. bis 21. August<\/h2>\n\n\n\n<div class=\"wp-block-image\"><figure class=\"aligncenter\"><img decoding=\"async\" loading=\"lazy\" width=\"640\" height=\"497\" src=\"https:\/\/speyer24news.com\/wp-content\/uploads\/2020\/01\/Kontrolle-BaW\u00fc.jpg\" alt=\"\" class=\"wp-image-23874\" srcset=\"https:\/\/speyer24news.com\/wp-content\/uploads\/2020\/01\/Kontrolle-BaW\u00fc.jpg 640w, https:\/\/speyer24news.com\/wp-content\/uploads\/2020\/01\/Kontrolle-BaW\u00fc-300x233.jpg 300w\" sizes=\"(max-width: 640px) 100vw, 640px\" \/><\/figure><\/div>\n\n\n\n<p><strong>(Mannheim) &#8211; <\/strong>Die Stadt Mannheim f\u00fchrt vom 17. bis 21. August in folgenden Stra\u00dfen Radarkontrollen durch:<\/p>\n\n\n\n<ul><li> <strong>Auf der Blumenau<\/strong><\/li><li><strong> Braunschweiger Allee<\/strong><\/li><li><strong> C-Quadrate<\/strong><\/li><li><strong> D-Quadrate<\/strong><\/li><li><strong> G-Quadrate<\/strong><\/li><li><strong> E-Quadrate<\/strong><\/li><li><strong> Memeler Stra\u00dfe<\/strong><\/li><li><strong> Neckarvorlandstra\u00dfe<\/strong><\/li><li><strong> Oppauer Kreuzweg<\/strong><\/li><li><strong> Rottfeldstra\u00dfe<\/strong><\/li><li><strong> Sandhofer Stra\u00dfe<\/strong><\/li><li><strong> Sch\u00f6nauer Stra\u00dfe<\/strong><\/li><li><strong> Speyerer Stra\u00dfe<\/strong><\/li><li><strong> Spinnereistra\u00dfe<\/strong><\/li><li><strong> U-Quadrate<\/strong><\/li><li><strong> Viernheimer Weg<\/strong><\/li><\/ul>\n\n\n\n<p>Kurzfristige \u00c4nderungen oder zus\u00e4tzliche Messstellen sind aus aktuellem Anlass m\u00f6glich.<\/p>\n\n\n\n<p><em>Stadt Mannheim<br>17.08.2020<\/em><\/p>\n\n\n\n<h2 class=\"wp-block-heading\">Radarkontrollen f\u00fcr die Woche vom 17. August bis 23. August 2020<\/h2>\n\n\n\n<figure class=\"wp-block-image\"><img decoding=\"async\" src=\"https:\/\/speyer24news.com\/wp-content\/uploads\/2020\/01\/Radarkontrolle_1.jpg\" alt=\"\" class=\"wp-image-23873\"\/><\/figure>\n\n\n\n<p><strong>(Ludwigshafen) &#8211; <\/strong>Die Stadt Ludwigshafen nimmt in folgenden Stadtteilen Radarkontrollen vor.<\/p>\n\n\n\n<ul><li><strong>Montag, 17. August: Mitte, S\u00fcd und Oggersheim<\/strong><\/li><li><strong>Dienstag, 18. August: Friesenheim, Mundenheim und Oppau<\/strong><\/li><li><strong>Mittwoch, 19. August: Gartenstadt, Maudach und Nord<\/strong><\/li><li><strong>Donnerstag, 20. August: Pfingstweide, Edigheim und West<\/strong><\/li><li><strong>Freitag, 21. August: Ruchheim, Gartenstadt und Oggersheim<\/strong><\/li><li><strong>Samstag, 22. August: Mundenheim und Friesenheim<\/strong><\/li><\/ul>\n\n\n\n<p>Kurzfristige \u00c4nderungen beh\u00e4lt sich der Bereich Stra\u00dfenverkehr vor. Kontrollen k\u00f6nnen auch kurzfristig an anderen Stellen stattfinden. <\/p>\n\n\n\n<p><em>Stadt Ludwigshafen am Rhein<br>17.08.2020<\/em><\/p>\n","protected":false},"excerpt":{"rendered":"<div class=\"mh-excerpt\"><p>Geschwindigkeitskontrollen f\u00fcr die Woche vom 17. bis 21. August (Mannheim) &#8211; Die Stadt Mannheim f\u00fchrt vom 17. bis 21. August in folgenden Stra\u00dfen Radarkontrollen durch: Auf der Blumenau Braunschweiger Allee C-Quadrate D-Quadrate G-Quadrate E-Quadrate Memeler <a class=\"mh-excerpt-more\" href=\"https:\/\/speyer24news.com\/?p=29828\" title=\"Geschwindigkeitsmessung \/ Blitzer\">[&#8230;]<\/a><\/p>\n<\/div>","protected":false},"author":3,"featured_media":0,"comment_status":"open","ping_status":"open","sticky":false,"template":"","format":"standard","meta":{"_monsterinsights_skip_tracking":false,"_monsterinsights_sitenote_active":false,"_monsterinsights_sitenote_note":"","_monsterinsights_sitenote_category":0,"footnotes":""},"categories":[64],"tags":[18,4819,4814,19,4822,4817,4228,947,4820,4815,779,4821,4816,227,17,7068,7004,949,4818,4813,1310,948],"aioseo_notices":[],"amp_enabled":true,"_links":{"self":[{"href":"https:\/\/speyer24news.com\/index.php?rest_route=\/wp\/v2\/posts\/29828"}],"collection":[{"href":"https:\/\/speyer24news.com\/index.php?rest_route=\/wp\/v2\/posts"}],"about":[{"href":"https:\/\/speyer24news.com\/index.php?rest_route=\/wp\/v2\/types\/post"}],"author":[{"embeddable":true,"href":"https:\/\/speyer24news.com\/index.php?rest_route=\/wp\/v2\/users\/3"}],"replies":[{"embeddable":true,"href":"https:\/\/speyer24news.com\/index.php?rest_route=%2Fwp%2Fv2%2Fcomments&post=29828"}],"version-history":[{"count":2,"href":"https:\/\/speyer24news.com\/index.php?rest_route=\/wp\/v2\/posts\/29828\/revisions"}],"predecessor-version":[{"id":29850,"href":"https:\/\/speyer24news.com\/index.php?rest_route=\/wp\/v2\/posts\/29828\/revisions\/29850"}],"wp:attachment":[{"href":"https:\/\/speyer24news.com\/index.php?rest_route=%2Fwp%2Fv2%2Fmedia&parent=29828"}],"wp:term":[{"taxonomy":"category","embeddable":true,"href":"https:\/\/speyer24news.com\/index.php?rest_route=%2Fwp%2Fv2%2Fcategories&post=29828"},{"taxonomy":"post_tag","embeddable":true,"href":"https:\/\/speyer24news.com\/index.php?rest_route=%2Fwp%2Fv2%2Ftags&post=29828"}],"curies":[{"name":"wp","href":"https:\/\/api.w.org\/{rel}","templated":true}]}}