{"id":29855,"date":"2020-08-18T06:51:16","date_gmt":"2020-08-18T05:51:16","guid":{"rendered":"https:\/\/speyer24news.com\/?p=29855"},"modified":"2020-08-18T06:52:22","modified_gmt":"2020-08-18T05:52:22","slug":"polizei-333","status":"publish","type":"post","link":"https:\/\/speyer24news.com\/?p=29855","title":{"rendered":"Polizei"},"content":{"rendered":"<style type=\"text\/css\">\r\n\t.ads_top_disp{}\r\n\t.ads_top_corner_disp{ float:left; margin:0px 10px 10px 0px; }\r\n\t.ads_first_p_disp{}\r\n\t.ads_bottom_disp{}\r\n\t<\/style>\n<h2 class=\"wp-block-heading\">Polizeimeldungen vom Montag (17.08.2020)<\/h2>\n\n\n\n<div class=\"wp-block-image\"><figure class=\"aligncenter\"><img decoding=\"async\" src=\"https:\/\/speyer24news.com\/wp-content\/uploads\/2020\/01\/Aktuelles-Polizeilogo.jpg\" alt=\"\" class=\"wp-image-23832\"\/><\/figure><\/div>\n\n\n\n<h4 class=\"wp-block-heading\">(Otterstadt) &#8211; Verkehrsunfallflucht auf Parkplatz Binsfeldsee<\/h4>\n\n\n\n<p>Am Sonntagabend kurz vor 22 Uhr kam es zu einer Verkehrsunfallflucht zum Nachteil einer 23j\u00e4hrigen Otterst\u00e4dters. Dieser parkte mit seinem BMW auf dem Parkplatz Binsfeldsee und wurde in seinem Fahrzeug sitzend Zeuge davon, wie eine Peugeot-Fahrerin mit Mannheimer Kennzeichen beim Verlassen des Parkplatzes mit dem Heck seines Fahrzeugs kollidierte. Hierdurch entstand ein Schaden von ca. 500EUR an dem BMW. Den Hinweis auf den Kontakt der Fahrzeuge konterte die Unfallverursacherin frech mit den Worten &#8222;Pech gehabt&#8220; und verlie\u00df die Unfall\u00f6rtlichkeit in ihrem Fahrzeug. Der Gesch\u00e4digte konnte ihr noch bis Mannheim nachfahren, dort verlor er sie jedoch aus den Augen und erstattete Anzeige bei der Polizei. Die Unfallverursacherin konnte an ihrer Wohnanschrift in Mannheim von der Polizei nicht angetroffen werden. Die polizeilichen Ermittlungen dauern derzeit an.<\/p>\n\n\n\n<h4 class=\"wp-block-heading\">(Waldsee) &#8211; Badeunfall bei Waldsee<\/h4>\n\n\n\n<h4 class=\"wp-block-heading\">Gemeinsame Pressemitteilung von Staatsanwaltschaft Frankenthal und Polizeipr\u00e4sidium Rheinpfalz<\/h4>\n\n\n\n<div class=\"wp-block-image\"><figure class=\"aligncenter\"><img decoding=\"async\" loading=\"lazy\" width=\"800\" height=\"533\" src=\"https:\/\/speyer24news.com\/wp-content\/uploads\/2020\/03\/candle-2905395_1920.jpg\" alt=\"\" class=\"wp-image-25905\" srcset=\"https:\/\/speyer24news.com\/wp-content\/uploads\/2020\/03\/candle-2905395_1920.jpg 800w, https:\/\/speyer24news.com\/wp-content\/uploads\/2020\/03\/candle-2905395_1920-300x200.jpg 300w, https:\/\/speyer24news.com\/wp-content\/uploads\/2020\/03\/candle-2905395_1920-768x512.jpg 768w\" sizes=\"(max-width: 800px) 100vw, 800px\" \/><\/figure><\/div>\n\n\n\n<p>Aus bislang ungekl\u00e4rten Gr\u00fcnden kam es am Samstagnachmittag, gegen 14:00 Uhr, zu einem Badeunfall. Ein 17-j\u00e4hriger Ludwigshafener war im Marxweiher bei Waldsee, aus derzeit nicht gekl\u00e4rten Umst\u00e4nden, beim Baden untergegangen. Der 17-J\u00e4hrige konnte durch einen anderen Badegast geborgen werden. Reanimationsversuche des Rettungsdienstes blieben jedoch erfolglos. Die Ermittlungen zu den genauen Umst\u00e4nden des Ungl\u00fccksfalls wurden aufgenommen. Insbesondere wird eine Obduktion des 17-J\u00e4hrigen stattfinden. Hinweise auf ein Verschulden Dritter liegen derzeit nicht vor.<\/p>\n\n\n\n<h4 class=\"wp-block-heading\">(Harthausen) &#8211; Verkehrsunfallflucht<\/h4>\n\n\n\n<p>Zwischen Samstag und Sonntag kam es in der Speyerer Stra\u00dfe in Harthausen zu einer Verkehrsunfallflucht zum Nachteil eines dort am Fahrbahnrand parkenden Mercedes E230. Der dort zwischen den Einm\u00fcndungen Johannesstra\u00dfe und Zwerchgasse abgestellten Pkw wurde vermutlich durch einen vorbeifahrenden Verkehrsteilnehmer an dem zur Fahrbahn zeigenden Heck der Fahrerseite besch\u00e4digt. Der hierdurch entstandene Sachschaden bel\u00e4uft sich auf ca. 3000EUR. Die Polizei sucht Anwohner \/ Zeugen, die Hinweise zu dem derzeit unbekannten Unfallverursacher machen k\u00f6nnen. Hinweise nimmt die Polizei Speyer unter 06232-1370 oder&nbsp;<a href=\"mailto:pispeyer@polizei.rlp.de\">pispeyer@polizei.rlp.de<\/a>&nbsp;entgegen.<\/p>\n\n\n\n<h4 class=\"wp-block-heading\">(R\u00fclzheim) &#8211; Zigaretten gestohlen<\/h4>\n\n\n\n<p>Bislang unbekannte Tatverd\u00e4chtige haben bei einem Einbruch in einen Einkaufmarkt im Bereich der Germersheimer Stra\u00dfe Zigaretten in noch unbekannter H\u00f6he gestohlen. Am Sonntagmorgen gegen 5 Uhr hatten die T\u00e4ter die Eingangst\u00fcr aufgehebelt und waren hierdurch in die R\u00e4umlichkeiten gelangt. Im Anschluss entfernten sich die unbekannten T\u00e4ter mit einem dunklen Fahrzeug, n\u00e4heres nicht bekannt, von der \u00d6rtlichkeit. Eine Absuche mit mehreren Streifenw\u00e4gen in der n\u00e4heren Umgebung verlief erfolglos. Hinweise zur Tat nimmt die Polizeiinspektion Germersheim telefonisch unter 07274\/9580 oder per Mail an&nbsp;<a href=\"mailto:pigermersheim@polizei.rlp.de\">pigermersheim@polizei.rlp.de<\/a>&nbsp;entgegen.<\/p>\n\n\n\n<h4 class=\"wp-block-heading\">(Lauterschwan \/ Vorderweidenthal) &#8211; Kletterunfall am Rappenfelsen<\/h4>\n\n\n\n<p>Am 17.8.20, gegen 17 Uhr, kam es zu einem Kletterunfall am Rappenfelsen bei Lauterschwan\/Vorderweidenthal. Ein 64-j\u00e4hriger Mann aus Rheinland-Pfalz, kletterte dort mit Bekannten am Felsen. Beim Klettern rutschte er vermutlich ab und st\u00fcrzte 15m in die Tiefe. Durch die H\u00f6henrettung und die Feuerwehr konnte er geborgen werden. Es besteht Lebensgefahr. Er wurde mit dem Hubschrauber in ein Krankenhaus nach Kaiserslautern geflogen.<\/p>\n\n\n\n<h4 class=\"wp-block-heading\">(Landau) &#8211; Bei Verkehrskontrolle Bet\u00e4ubungsmittel aufgefunden<\/h4>\n\n\n\n<p>In der Nacht auf Montag kontrollierten Polizeibeamte das Fahrzeug eines 24-j\u00e4hrigen. Da sich aufgrund des Verhaltens des Fahrers der Verdacht ergab, dass dieser unter dem Einfluss von berauschenden Mitteln stand, wurde ein Test durchgef\u00fchrt. Dieser ergab ein positives Ergebnis hinsichtlich eines Konsums von Cannabis. Zudem wurden bei der Durchsuchung des Fahrzeugs noch entsprechende Bet\u00e4ubungsmittel aufgefunden und sichergestellt. Dem Mann wurde eine Blutprobe entnommen. Ihn erwarten nun Verfahren aufgrund der Trunkenheit im Verkehr und des Besitzes von Bet\u00e4ubungsmitteln.<\/p>\n\n\n\n<h4 class=\"wp-block-heading\">(Landau) &#8211; Betr\u00fcgerisches Betteln \/ Zeugen gesucht<\/h4>\n\n\n\n<p>Am vergangenen Wochenende l\u00e4uteten zwei unbekannte Personen an der T\u00fcr einer 83-j\u00e4hrigen in der Gei\u00dfelgasse in Landau. Die Personen gaben sich hierbei als Ehepaar aus und t\u00e4uschten vor, f\u00fcr das derzeit auf dem Rathausplatz in Landau aufgebaute Riesenrad Spenden zu sammeln. Entsprechende polizeiliche \u00dcberpr\u00fcfungen ergaben, dass solche Spenden zu keiner Zeit von den Betreibern initiiert worden waren.<\/p>\n\n\n\n<p>Die Polizei ist derzeit auf weitere Hinweise aus der Bev\u00f6lkerung angewiesen. Zeugen, welche zu den genannten Personen Hinweise geben k\u00f6nnen, oder selbst Gesch\u00e4digte eines derartigen Betrugs wurden, werden gebeten sich telefonisch unter 06341\/ 2870 oder per Mail an&nbsp;<a href=\"mailto:pilandau@polizei.rlp.de\">pilandau@polizei.rlp.de<\/a>&nbsp;an die Polizeiinspektion Landau zu wenden.<\/p>\n\n\n\n<h4 class=\"wp-block-heading\">(Weyher) &#8211; Gest\u00fcrzte Moutainbikerin<\/h4>\n\n\n\n<p>Bereits am Samstagnachmittag (15.08.2020, 16.30 Uhr) ereignete sich auf einem Waldweg im Bereich des Schweizer Hauses ein Radfahrunfall, bei dem sich eine 54-j\u00e4hrige Mountainbikerin Schulterverletzungen zugezogen hatte. Vermutlich kam sie bei der Abfahrt mit dem Vorderrad auf einen Stein und ist dabei weggerutscht. F\u00fcr die Bergung der Frau musste die Feuerwehr hinzugezogen werden, da der Fahrweg mit dem Rettungswagen nicht erreicht werden konnte. Sie kam in ein Krankenhaus.<\/p>\n\n\n\n<h4 class=\"wp-block-heading\">(Edesheim) &#8211; Abfahrtskontrollen<\/h4>\n\n\n\n<p>Sonntagabend (16.08.2020, 20.45 Uhr bis 22.00 Uhr) wurde kurz vor Beendigung des Sonntagsfahrverbots auf der Rastst\u00e4tte Pf\u00e4lzer Weinstra\u00dfe eine Abfahrtskontrolle durchgef\u00fchrt. Insgesamt wurden 17 Brummifahrer hinsichtlich ihrer Fahreignung \u00fcberpr\u00fcft. Zwei Trucker durften nicht wegfahren, weil bei ihnen ein Atemalkoholtest 1,31 bzw. 1.07 Promille ergab. Sie mussten den Fahrzeugschl\u00fcssel sowie die Ladepapiere bis zur vollst\u00e4ndigen N\u00fcchternheit abgeben.<\/p>\n\n\n\n<h4 class=\"wp-block-heading\">(Edenkoben) &#8211; Jede Menge Krach in den lauen Sommern\u00e4chten<\/h4>\n\n\n\n<p>Aufgrund der anhaltend sommerlichen Temperaturen und angenehmen 20 Grad und mehr bis weit in die Nacht gab es am vergangenen Wochenende viel Arbeit f\u00fcr die Beamten der Polizeiinspektion Edenkoben. 11 Eins\u00e4tze wegen Ruhest\u00f6rungen mussten abgearbeitet werden, weil sich die Bev\u00f6lkerung nicht an die L\u00e4rmschutzVO hielt. Eine Lokalit\u00e4t in Maikammer musste gleich zweimal aufgesucht werden, weil man \u00fcberlaute Musik abspielte. In allen F\u00e4llen wurden die f\u00fcr Ruhest\u00f6rungen zust\u00e4ndigen Ordnungs\u00e4mter in Kenntnis gesetzt. Die Polizei appelliert in diesem Zusammenhang an die Vernunft und gegenseitige R\u00fccksichtnahme aller B\u00fcrger.<\/p>\n\n\n\n<h4 class=\"wp-block-heading\">(Neustadt) &#8211; Bei zwei Verkehrsunf\u00e4llen Radfahrer verletzt<\/h4>\n\n\n\n<p>Bereits am 14.08.2020 gegen 11:45 Uhr ereignete sich in der Winzinger Stra\u00dfe ein Verkehrsunfall, bei dem ein 65-j\u00e4hriger Radfahrer leicht verletzt wurde. Ein 21-j\u00e4hriger Autofahrer \u00fcbersah beim Linksabbiegen den vor ihm fahrenden Radfahrer und touchierte ihn. Der 65-J\u00e4hrige st\u00fcrzte und zog sich Sch\u00fcrfwunden an Hand, Knie, Schulter und Kopf zu. Er wurde \u00e4rztlich betreut. Hier trug der Radfahrer keinen Schutzhelm.<\/p>\n\n\n\n<p>Am 15.08.2020 gegen 19:30 Uhr kam es in der Adolf-Kolping-Stra\u00dfe zu einem Verkehrsunfall zwischen einer Autofahrerin und einer Radfahrerin. Die 79-j\u00e4hrige Autofahrerin wollte aus einem Grundst\u00fccksgel\u00e4nde auf die Stra\u00dfe auffahren und \u00fcbersah die von rechts kommende 42-j\u00e4hrige Radfahrerin, die ordnungsgem\u00e4\u00df den vorhandenen Radweg benutzte. Bei dem Zusammensto\u00df bzw. dem folgenden Sturz sprang der 42- J\u00e4hrigen eine Kniescheibe heraus. Ein zuf\u00e4llig vor Ort anwesender Arzt renkte die Kniescheibe wieder ein. Der Rettungsdienst brachte die Radlerin ins Krankenhaus. Die 42-J\u00e4hrige trug einen Schutzhelm.<\/p>\n\n\n\n<h4 class=\"wp-block-heading\">(Bad D\u00fcrkheim) &#8211; Sicherer Schulweg f\u00fcr Schulanf\u00e4nger<\/h4>\n\n\n\n<p>Nach 6 Wochen Sommerferien hat das neue Schuljahr begonnen. Daher hei\u00dft es auch dieses Jahr wieder &#8222;ACHTUNG SCHULANFANG&#8220;. In den Grundschulen der Stadt Bad D\u00fcrkheim und den Verbandsgemeinden Wachenheim und Freinsheim beginnt f\u00fcr viele Kinder ein neuer Lebensabschnitt. Allein in Bad D\u00fcrkheim werden in vier Grundschulen etwa 150 Kinder eingeschult.<\/p>\n\n\n\n<p>F\u00fcr die ABC-Sch\u00fctzlinge ist am Anfang noch alles neu. Hierzu z\u00e4hlt ganz besonders der t\u00e4gliche Weg zur Schule. Egal ob zu Fu\u00df, mit dem Auto, Bus oder dem Fahrrad. Der t\u00e4gliche Weg von und zur Schule birgt erhebliche Gefahren f\u00fcr unsere Schulanf\u00e4nger. Aus diesem Grund bitten wir Sie als Autofahrer auf unsere Kleinsten besondere R\u00fccksicht zu nehmen.<\/p>\n\n\n\n<p>Die Eltern k\u00f6nnen ihre Kinder auf die neue Situation vorbereiten:<\/p>\n\n\n\n<p>Um Stress zu vermeiden, k\u00f6nnen Sie bereits jetzt den Schulweg planen. Lassen Sie ihr Kind, wenn m\u00f6glich zu Fu\u00df zur Schule gehen. Gehen Sie mit ihrem Kind den Schulweg ab, erkunden Sie diesen und zeigen Sie ihm die riskanten Stellen, an denen erh\u00f6hte Aufmerksamkeit erforderlich ist. So lernt ihr Kind auch f\u00fcr die Zu-kunft aktiv am Stra\u00dfenverkehr teilzunehmen. Gut sichtbare und reflektierende Bekleidung oder Schulranzen sollten hierbei eine Selbstverst\u00e4ndlichkeit sein.<\/p>\n\n\n\n<p>Beachten Sie bitte bei einem Transport der Kinder mit dem Auto, dass diese bis zum zw\u00f6lften Lebensjahr, bzw. wenn sie kleiner als 1, 50 Meter sind, in geeigneten Kindersitzen transportiert werden m\u00fcssen.<\/p>\n\n\n\n<p>Bei der Fahrt zur Schule mit dem Fahrrad, sollten Sie darauf achten, dass ihr Kind mit einem geeigneten Schutzhelm ausgestattet ist. Dieser bietet erheblichen Schutz vor schweren Kopfverletzungen. Auch sollte durch die vorschriftsm\u00e4\u00dfige Ausstattung des Fahrrades und die Kleidung gew\u00e4hrleistet sein, dass andere Verkehrsteilnehmer einen Radfahrer schneller erkennen.<\/p>\n\n\n\n<p>Der Schulbus gilt als sicheres Verkehrsmittel. Zeigen Sie ihrem Kind den sicheren Weg zur Haltestelle und erkl\u00e4ren Sie ihrem Kind, dass die Haltestelle kein Spielplatz ist. Zeigen Sie ihrem Kind das sichere Ein- und Aussteigen.<\/p>\n\n\n\n<p>Auch in diesem Jahr wird die Polizei Bad D\u00fcrkheim zu Beginn des neuen Schuljahres schwerpunktm\u00e4\u00dfig die Schulwege \u00fcberwachen. Hier wird insbesondere die Verkehrssituation vor den Schulen im Fokus stehen. Neben der gefahrenen Geschwindigkeit wird auch die ordnungsgem\u00e4\u00dfe Sicherung der Kinder in den Fahrzeugen \u00fcberwacht. Allerdings werden die Ordnungsbeh\u00f6rden auch die Parksituation beobachten. Durch zugeparkte Gehwege m\u00fcssen die Kinder die Fahrbahn betreten und begeben sich unn\u00f6tig in Gefahr.<\/p>\n\n\n\n<p>Die Polizei Bad D\u00fcrkheim m\u00f6chte darauf hinweisen, dass Kinder schnell lernen m\u00f6chten, den Schulweg zu meistern. Dazu orientieren sie sich an Vorbildern, die daf\u00fcr sorgen sollten, dass sie sicher zur Schule kommen. Aus diesem Grund lassen Sie uns gemeinsam Vorbild sein!<\/p>\n\n\n\n<p>Wir wollen, dass Sie sicher leben &#8211; Ihre Polizei Bad D\u00fcrkheim.<\/p>\n\n\n\n<h4 class=\"wp-block-heading\">(Hettenleidelheim) &#8211; Fahren ohne Fahrerlaubnis und unter Drogeneinwirkung<\/h4>\n\n\n\n<p>Bei der \u00dcberpr\u00fcfung des F\u00fchrers eines Kleinkraftrades am Sonntagvormittag stellten die Beamten fest, dass dieser keine Fahrzeuge mit Verbrennungsmotor mehr fahren durfte. Auch wurden drogentypische Auff\u00e4lligkeiten festgestellt. Auf Vorhalt gab der 69-J\u00e4hrige zu einen Joint und Kokain konsumiert zu haben. Ihm wurde eine Blutprobe genommen.<\/p>\n\n\n\n<h4 class=\"wp-block-heading\">(Gr\u00fcnstadt) &#8211; Schl\u00e4gerei im &#8222;Bistro&#8220;<\/h4>\n\n\n\n<p>Am Sonntag gegen 03:30 Uhr wurde eine Schl\u00e4gerei im Bistro am &#8222;Polizeikreisel&#8220; gemeldet. Nach vorausgegangenen Streitigkeit soll ein bislang unbekannter T\u00e4ter einem 25-J\u00e4hrigen aus Gr\u00fcnstadt ein Glas ins Gesicht geschlagen haben. In der Folge soll ein weiteres Glas auch in Richtung des Unbekannten geflogen sein, ohne diesen zu treffen. Der unbekannte Aggressor konnte das Lokal vor Eintreffen weiterer Polizeikr\u00e4fte unerkannt verlassen. Der Gesch\u00e4digte erlitt erhebliche Verletzungen im Gesicht (u.a. Schnittverletzungen) &#8211; er musste ins Krankenhaus verbracht werden.<\/p>\n\n\n\n<h4 class=\"wp-block-heading\">(Obrigheim \/ Colgenstein) &#8211; Bagger streift Linienbus \/ 2 verletzte Fahrg\u00e4ste<\/h4>\n\n\n\n<p>Beim Passieren einer Baustelle in der Schloss-Stra\u00dfe in Colgenstein schwenkte ein 44-j\u00e4hriger Baggerfahrer (Kleinbagger) unaufmerksam die Baggerschaufel Richtung Fahrbahn und traf dabei den vorbeifahrenden Bus an der Fahrzeugseite. Durch zwei gesprungene Seitenscheiben erlitt eine 68-J\u00e4hrige Schnittverletzungen. Eine 31-J\u00e4hrige kam durch die Vollbremsung des Busfahrers zu Fall und wurde ebenfalls leicht verletzt.<\/p>\n\n\n\n<h4 class=\"wp-block-heading\">(Kindenheim) &#8211; Gewalt in engen sozialen Beziehungen \/ Mit Essigessenz begossen<\/h4>\n\n\n\n<p>Ein 68-J\u00e4hrige und eine 61-J\u00e4hrige befinden sich im sog. Trennungsjahr, leben aber noch &#8222;unter einem Dach&#8220;. Am sp\u00e4ten Sonntagvormittag soll es zu einem Vorfall gekommen sein, bei dem der Mann im Streit Essigessenz auf seine Frau gesch\u00fcttet haben soll. Die Frau neutralisierte die Fl\u00fcssigkeit sofort mit Wasser aus einem Gartenschlauch. Die Ermittlungen wurden aufgenommen.<\/p>\n\n\n\n<h4 class=\"wp-block-heading\">(Lambsheim) &#8211; Bedrohung mit Schreckschusswaffe-Gesch\u00e4digte gesucht<\/h4>\n\n\n\n<p>Am 16.08.2020, gegen 19.35 Uhr, kommt es am Lambsheimer Nachtweideweiher zu einer Situation, wonach die beiden bislang unbekannten Gesch\u00e4digten von einem 44-j\u00e4hrigen Mann aus Bad D\u00fcrkheim mit einer Schreckschusswaffe bedroht wurden. Der Beschuldigte konnte noch vor Ort angetroffen werden, auch die Schreckschusswaffe konnte bei ihm festgestellt und durch die Polizeibeamten sichergestellt werden. Die beiden Gesch\u00e4digten meldeten dies dem Sicherheitspersonal, entfernten sich jedoch vor Eintreffen der Polizeibeamten. Die beiden Gesch\u00e4digten werden gebeten, sich bei der Polizei in Frankenthal oder Polizeiwache Maxdorf zu melden.<\/p>\n\n\n\n<p>Zeugen werden gebeten sich an die Polizeiinspektion Frankenthal unter der Tel.-Nr.: 06233\/313-0 oder an die Polizeiwache Maxdorf unter der Tel.-Nr.: 06237\/934-100 zu wenden. Gerne nehmen wir Ihre Hinweise auch per E-Mail unter&nbsp;<a href=\"mailto:pifrankenthal@polizei.rlp.de\">pifrankenthal@polizei.rlp.de<\/a>&nbsp;entgegen.<\/p>\n\n\n\n<h4 class=\"wp-block-heading\">(Ludwigshafen) &#8211; Altkleidercontainer in Brand gesetzt<\/h4>\n\n\n\n<p>Ein brennender Altkleidercontainer wurde am 17.08.2020, gegen 01:20 Uhr, in der Pr\u00e4lat-Caire-Stra\u00dfe gemeldet. Ersten Erkenntnissen zu Folge wurde brennendes Material in den Einwurfschacht geworfen und hierdurch der Brand ausgel\u00f6st. Am Container entstand ein Totalschaden.<\/p>\n\n\n\n<p>Sachdienliche Hinweise bitte an die Polizeiinspektion Ludwigshafen 2, Telefonnummer 0621 963-2222 oder per E-Mail&nbsp;<a href=\"mailto:piludwigshafen2@polizei.rlp.de\">piludwigshafen2@polizei.rlp.de<\/a>.<\/p>\n\n\n\n<h4 class=\"wp-block-heading\">(Ludwigshafen) &#8211; Roller besch\u00e4digt und abgehauen<\/h4>\n\n\n\n<p>Eine bislang unbekannte Person besch\u00e4digte am 16.08.2020 im Muldenweg mit ihrem Auto den Roller eines 28-J\u00e4hrigen. Ersten Erkenntnissen zu Folge touchierte sie beim Rangieren das motorisierte Zweirad, sodass dieses umfiel. Es entstanden diverse Sch\u00e4den, u.a. brach die Gep\u00e4ckbox des Rollers ab.<\/p>\n\n\n\n<p>Wer den Unfall beobachtet hat oder Hinweise auf den oder die Autofahrer*in geben kann, wird gebeten sich an die an die Polizeiinspektion Ludwigshafen 2, Telefonnummer 0621 963-2222 oder per E-Mail&nbsp;<a href=\"mailto:piludwigshafen2@polizei.rlp.de\">piludwigshafen2@polizei.rlp.de<\/a>&nbsp;zu wenden.<\/p>\n\n\n\n<h4 class=\"wp-block-heading\">(Ludwigshafen) &#8211; Armbanduhr gestohlen<\/h4>\n\n\n\n<p>Einer 89-J\u00e4hrigen aus Ludwigshafen-S\u00fcd wurde am 16.08.2020, gegen 10:30 Uhr, in der Lisztstra\u00dfe ihre Armbanduhr gestohlen. Eine unbekannte Frau war auf sie zugekommen, sprach sie an und umarmte sie unvermittelt. Danach verschwand die Unbekannte sofort wieder. Erst kurz nach diesem Vorfall musste die 89-J\u00e4hrige das Fehlen ihrer Uhr feststellen.<\/p>\n\n\n\n<p>Die T\u00e4terin konnte wie folgt beschrieben werden: <\/p>\n\n\n\n<ul><li>Etwa 30 Jahre alt<\/li><li>braune Haare<\/li><li>Zum Zeitpunkt der Tat trug sie ein helles Oberteil und <\/li><li>hatte ihre Haare zu einem Dutt geschlossen<\/li><\/ul>\n\n\n\n<p>Sachdienliche Hinweise nimmt die Kriminalpolizei Ludwigshafen unter der Telefonnummer 0621\/963-2773 oder per E-Mail&nbsp;<a href=\"mailto:kiludwigshafen.k1.kdd@polizei.rlp.de\">kiludwigshafen.k1.kdd@polizei.rlp.de<\/a>&nbsp;entgegen.<\/p>\n\n\n\n<h4 class=\"wp-block-heading\">(Ludwigshafen) &#8211; Einbruchsversuch in Gudrunstra\u00dfe<\/h4>\n\n\n\n<p>Zwischen dem 10.08.2020, 18 Uhr, und dem 16.08.2020, 14 Uhr, versuchten Unbekannte in eine Wohnung eines Mehrparteienhauses in der Gudrunstra\u00dfe einzudringen. Die Eingangst\u00fcr wurde durch den Einbruchsversuch besch\u00e4digt, konnte jedoch nicht ge\u00f6ffnet werden.<\/p>\n\n\n\n<p>Sachdienliche Hinweise bitte an die Polizeiinspektion Ludwigshafen 2, Telefonnummer 0621 963-2222 oder per E-Mail&nbsp;<a href=\"mailto:piludwigshafen2@polizei.rlp.de\">piludwigshafen2@polizei.rlp.de<\/a>.<\/p>\n\n\n\n<h4 class=\"wp-block-heading\">(Ludwigshafen) &#8211; 32-J\u00e4hrige leistet Widerstand<\/h4>\n\n\n\n<figure class=\"wp-block-image\"><img decoding=\"async\" src=\"https:\/\/speyer24news.com\/wp-content\/uploads\/2020\/03\/Taser-PI-LU.jpg\" alt=\"\" class=\"wp-image-25924\"\/><\/figure>\n\n\n\n<p>Am Samstagabend gegen 20:30 Uhr wurde die Polizei Ludwigshafen zu einer K\u00f6rperverletzung in der Valentin-Bauer-Stra\u00dfe gerufen. Bei der Sachverhaltsaufnahme griff eine 32-j\u00e4hrige Ludwigshafenerin eine Polizeibeamtin an. Die 32-J\u00e4hrige sollte aus diesem Grund gefesselt werden. Hiergegen wehrte sie sich erheblich. Auch nach Androhung des Distanz-Elektroimpulsger\u00e4tes (DEIG), wehrte die Frau sich derart, dass sie nicht gefesselt werden konnte. Erst nachdem das Distanz-Elektroimpulsger\u00e4t eingesetzt wurde, konnte die 32-J\u00e4hrige gefesselt werden. Die Frau war stark alkoholisiert. Ein Atemalkoholtest ergab einen Wert von 2,87 Promille. Zur Feststellung der Schuldf\u00e4higkeit wurde ihr eine Blutprobe entnommen. Durch die Widerstandshandlung wurde niemand verletzt.<\/p>\n\n\n\n<h4 class=\"wp-block-heading\">(Mannheim) &#8211; Verkehrsunfall mit drei Fahrzeugen; B 44 stadtausw\u00e4rts voll gesperrt<\/h4>\n\n\n\n<h4 class=\"wp-block-heading\" style=\"text-align:center\">Pressemitteilung Nr. 1<\/h4>\n\n\n\n<p>Wegen eines Verkehrsunfalls, der sich am Montagnachmittag, gegen 16.30 Uhr, auf der B 44 (Frankenthaler Stra\u00dfe), direkt unterhalb der A 6, ereignete, ist die Stra\u00dfe stadtausw\u00e4rts derzeit voll gesperrt.<\/p>\n\n\n\n<p>Nach ersten Informationen sind drei Fahrzeuge beteiligt. \u00dcber den Unfallhergang, das Schadensausma\u00df sowie \u00fcber die Anzahl eventueller Verletzter liegen noch keine Erkenntnisse vor.<\/p>\n\n\n\n<h4 class=\"wp-block-heading\">(Mannheim) &#8211; Verkehrsunfall auf dem Waldhof; zwei Verletzte; Speckweg gesperrt, Verkehr wird \u00f6rtlich umgeleitet<\/h4>\n\n\n\n<h4 class=\"wp-block-heading\" style=\"text-align:center\">Pressemitteilung Nr. 1<\/h4>\n\n\n\n<p>Wegen eines Verkehrsunfalls mit zwei Fahrzeugen ist der Speckweg derzeit zwischen den Einm\u00fcndungen &#8222;Kleiner Anfang2 und &#8222;Frohe Arbeit&#8220; derzeit gesperrt. Der Verkehr wird \u00f6rtlich umgeleitet. \u00dcber den Hergang des Unfalls, der sich am fr\u00fchen Montagnachmittag, kurz vor 13 Uhr ereignete, ist noch nichts bekannt. Zwei Personen wurden verletzt und werden medizinisch betreut.<\/p>\n\n\n\n<h4 class=\"wp-block-heading\">(Mannheim) &#8211; Verkehrsunfall auf dem Waldhof; ein Verletzter<\/h4>\n\n\n\n<h4 class=\"wp-block-heading\" style=\"text-align:center\">Pressemitteilung Nr. 2<\/h4>\n\n\n\n<p>Wie mittlerweile die Ermittlungen ergaben, war der 47-j\u00e4hrige Fahrer eines Taxis am Montagnachmittag, gegen 13 Uhr, von der Stra\u00dfe &#8222;Guter Fortschritt&#8220; auf den Speckweg gefahren und hatte die Vorfahrt eines 34-j\u00e4hrigen Nissan-Fahrers missachtet, der in Richtung Waldhof unterwegs war. Durch die Kollision wurde der Nissan noch gegen einen geparkten Lkw geschleudert.<\/p>\n\n\n\n<p>Der Taxifahrer verletzte sich bei dem Zusammensto\u00df und wurde zur Beobachtung in einer Klinik station\u00e4r aufgenommen. Der 34-J\u00e4hrige wurde nicht verletzt.<\/p>\n\n\n\n<p>Beide Autos mussten abgeschleppt werden. Der Gesamtschaden bel\u00e4uft sich nach ersten Sch\u00e4tzungen auf \u00fcber 30.000.- Euro.<\/p>\n\n\n\n<p>Der Speckweg war zwischen den Stra\u00dfen &#8222;Kleiner Anfang&#8220; und &#8222;Frohe Arbeit&#8220; bis gegen 15.30 Uhr gesperrt. Der Verkehr wurde \u00f6rtlich umgeleitet. Auch der \u00d6PNV und die RNV waren von der Sperrung betroffen.<\/p>\n\n\n\n<h4 class=\"wp-block-heading\">(Mannheim-Jungbusch) &#8211; Wohnungseinbruch \/ Zeugen gesucht<\/h4>\n\n\n\n<p>Eingebrochen wurde am Freitag zwischen 08:25 Uhr und 19:00 Uhr in eine Wohnung in der Werftstra\u00dfe. Bislang unbekannte T\u00e4ter brachen die Wohnungst\u00fcr auf und drangen so in die Wohnung ein. Anschlie\u00dfend wurde die R\u00e4umlichkeit durchsucht und Bargeld entwendet. Der genaue Sachschaden l\u00e4sst sich noch nicht beziffern.<\/p>\n\n\n\n<p>Zeugen, die verd\u00e4chtige Wahrnehmungen gemacht haben, werden gebeten sich beim Polizeirevier Mannheim-Innenstadt, unter der Telefonnummer 0621-12580, zu melden.<\/p>\n\n\n\n<h4 class=\"wp-block-heading\">(Mannheim-Neckarstadt) &#8211; Unfallflucht \/ Zeugen gesucht<\/h4>\n\n\n\n<p>Einen Verkehrsunfall verursachte in der Zeit zwischen Freitagnachmittag und Samstagabend ein unbekannter Autofahrer im Stadtteil Neckarstadt und fl\u00fcchtete anschlie\u00dfend von der Unfallstelle. Der Unbekannte befuhr nach derzeitigem Kenntnisstand die Riedfeldstra\u00dfe in Richtung Lortzingstra\u00dfe. Dabei streifte er, vermutlich beim Vorbeifahren, einen am Fahrbahnrand geparkten Citro\u00ebn. Dabei entstanden Kratzer und Dellen am Kotfl\u00fcgel und der Au\u00dfenspiegel wurde aus der Halterung gerissen. Die H\u00f6he des Sachschadens l\u00e4sst sich derzeit noch nicht absch\u00e4tzen.<\/p>\n\n\n\n<p>Zeugen, die den Unfall beobachtet haben und sachdienliche Hinweise zum Verursacher geben k\u00f6nnen, werden gebeten, sich beim Polizeirevier Mannheim-Neckarstadt, Tel.: 0621\/3301-0 zu melden.<\/p>\n\n\n\n<h4 class=\"wp-block-heading\">(Mannheim-Schwetzingerstadt) &#8211; Unfall zwischen Pkw und Stra\u00dfenbahn \/ Polizei sucht Zeugen<\/h4>\n\n\n\n<h4 class=\"wp-block-heading\" style=\"text-align:center\">Pressemeldung Nr. 2<\/h4>\n\n\n\n<p>Wie bereits am Sonntagnachmittag berichtet, kam es am fr\u00fchen Sonntagnachmittag an der Einm\u00fcndung Fahrlachstra\u00dfe\/Gottlieb-Daimler-Stra\u00dfe zu einem Zusammensto\u00df zwischen einem Autofahrer und einer Stra\u00dfenbahn der Linie 6. Ein 36-j\u00e4hriger Mann war mit seinem Mercedes AMG auf der Fahrlachstra\u00dfe in Richtung Wilhelm-Varnholt-Allee unterwegs. An der Einm\u00fcndung zur Gottlieb-Daimler-Stra\u00dfe stie\u00df er mit der aus Richtung Neuhermsheim kommenden Stra\u00dfenbahn zusammen. Durch die Wucht des Aufpralls wurde die Stra\u00dfenbahn nach rechts aus den Gleisen gehoben und \u00fcberfuhr einen Ampelmasten.<\/p>\n\n\n\n<p>Der Fahrer des Mercedes erlitt bei dem Zusammensto\u00df leichte Verletzungen und wurde vorsorglich zur Untersuchung in ein Krankenhaus eingeliefert, das er nach ambulanter Behandlung wieder verlassen konnte.<\/p>\n\n\n\n<p>Die Stra\u00dfenbahn musste mit einem Kranfahrzeug wieder in die Gleise gehoben werden. Der Mercedes wurde abgeschleppt. Es entstand Sachschaden in H\u00f6he von rund 200.000 Euro.<\/p>\n\n\n\n<p>W\u00e4hrend der Unfallaufnahme und Bergungsarbeiten war die Fahrlachstra\u00dfe bis kurz nach 17 Uhr gesperrt, der Stra\u00dfenbahnverkehr war bis ca. 17.15 Uhr unterbrochen.<\/p>\n\n\n\n<p>Da der Unfallhergang und auch die Unfallursache bislang nicht abschlie\u00dfend gekl\u00e4rt werden konnten, sucht die Polizei Zeugen, die den Unfall beobachtet haben und sachdienliche Angaben machen k\u00f6nnen. Diese werden gebeten, sich bei der Verkehrspolizei Heidelberg, Tel.: 0621\/174-4111 zu melden.<\/p>\n\n\n\n<h4 class=\"wp-block-heading\">(Mannheim-Neckarau) &#8211; Unbekannter Fahrradfahrer bel\u00e4stigt Frauen in sexueller Weise \/ Zeugen gesucht!<\/h4>\n\n\n\n<div class=\"wp-block-image\"><figure class=\"aligncenter\"><img decoding=\"async\" loading=\"lazy\" width=\"801\" height=\"600\" src=\"https:\/\/speyer24news.com\/wp-content\/uploads\/2020\/05\/Zeugen-gesucht-Neutral.jpg\" alt=\"\" class=\"wp-image-26598\" srcset=\"https:\/\/speyer24news.com\/wp-content\/uploads\/2020\/05\/Zeugen-gesucht-Neutral.jpg 801w, https:\/\/speyer24news.com\/wp-content\/uploads\/2020\/05\/Zeugen-gesucht-Neutral-300x225.jpg 300w, https:\/\/speyer24news.com\/wp-content\/uploads\/2020\/05\/Zeugen-gesucht-Neutral-768x575.jpg 768w, https:\/\/speyer24news.com\/wp-content\/uploads\/2020\/05\/Zeugen-gesucht-Neutral-678x509.jpg 678w, https:\/\/speyer24news.com\/wp-content\/uploads\/2020\/05\/Zeugen-gesucht-Neutral-326x245.jpg 326w, https:\/\/speyer24news.com\/wp-content\/uploads\/2020\/05\/Zeugen-gesucht-Neutral-80x60.jpg 80w\" sizes=\"(max-width: 801px) 100vw, 801px\" \/><\/figure><\/div>\n\n\n\n<p>Zwei F\u00e4lle von sexueller Bel\u00e4stigung ereigneten sich am Samstag gegen 11 Uhr im Bereich des Waldparks, bei denen ein unbekannter m\u00e4nnlicher Fahrradfahrer zwei Frauen unsittlich am Ges\u00e4\u00df ber\u00fchrte.<\/p>\n\n\n\n<p>Die erste Tat ereignete sich gegen 11 Uhr im Bereich einer Parkbank des Promenadenwegs, bei der eine 27-j\u00e4hrige Frau betroffen war. Die zweite Tat ereignete sich nur 10 Minuten sp\u00e4ter im Bereich des Saupferchwegs, wo eine Joggerin von dem Radfahrer \u00fcberholt und hierbei am Ges\u00e4\u00df ber\u00fchrt wurde. Beide Frauen gaben \u00e4hnliche Personenbeschreibungen des Mannes ab, sodass das Kriminalkommissariat Mannheim derzeit davon ausgeht wird, dass es sich in beiden F\u00e4llen um ein und denselben Mann gehandelt hat.<\/p>\n\n\n\n<p><strong>Er wird wie folgt beschrieben:<\/strong><\/p>\n\n\n\n<ul><li>175-180 cm gro\u00df<\/li><li>20-30 Jahre alt<\/li><li>kurze blonde Haare<\/li><li>schm\u00e4chtige Statur<\/li><li>bunte T\u00e4towierung im Hals-\/ Nackenbereich<\/li><li>trug zur Tatzeit eine Brille<\/li><li>war bekleidet mit einem dunklen Kapuzenpullover und einer hellen Sporthose<\/li><li>war mit einem dunklen Fahrrad unterwegs <\/li><\/ul>\n\n\n\n<p>Sachdienliche Hinweise zu der Tat werden unter der Rufnummer 0621\/174-4444 entgegengenommen.<\/p>\n\n\n\n<h4 class=\"wp-block-heading\">(Mannheim-Rheinau) &#8211; Unfallflucht \/ Zeugen gesucht<\/h4>\n\n\n\n<p>Einen Unfall verursachte am Sonntagabend ein 22-j\u00e4hriger Mann auf der B 36 zwischen den Anschlussstellen Rheinau-Mitte und Br\u00fchl\/Ketsch. Der 22-J\u00e4hrige erschien am Montagvormittag auf dem Polizeiposten Mannheim-Rheinau und zeigte den Unfall selbst an. Er sei am Sonntagabend, gegen 21.30 Uhr an der Anschlussstelle Rheinau-S\u00fcd, von der Relais-Stra\u00dfe kommend, auf die B 36 in Richtung Schwetzingen aufgefahren. In der weiteren Folge habe er unachtsam die Fahrspur nach links gewechselt. Dabei sei ihm ein unbekannter Lastwagenfahrer hinten aufgefahren. Er habe kurz an der Mittelleitplanke angehalten, um den Schaden zu begutachten, sei dann aber weiter nach Hause gefahren. Auch der Lastwagen sei weitergefahren. Der Schaden am Volvo des 22-J\u00e4hrigen wird auf rund 4.000 Euro gesch\u00e4tzt.<\/p>\n\n\n\n<p>Zeugen, die den Unfall beobachtet haben und sachdienliche Hinweise zum beteiligten Lastwagen geben k\u00f6nnen, werden gebeten, sich beim Polizeirevier Mannheim-Neckarau, Tel.: 0621\/83397-0 zu melden.<\/p>\n\n\n\n<h4 class=\"wp-block-heading\">(Mannheim-Rheinau) &#8211; Farbschmierereien auf W\u00e4nde gespr\u00fcht \/ Zeugen gesucht<\/h4>\n\n\n\n<p>Ein Zeuge meldete am Samstagnachmittag der Polizei, dass drei unbekannte Personen eine Hausfassade mit Farbschmierereien bespr\u00fchen w\u00fcrden. Die Unbekannten bespr\u00fchten gegen 14 Uhr die Fassade eines Hauses in der Rhenaniastra\u00dfe kurz vor der Einm\u00fcndung zum Edinger Riedweg. Auf der Anfahrt zur Tat\u00f6rtlichkeit bemerkten die Beamten an der Bushaltestelle &#8222;Rhennaniastra\u00dfe&#8220; drei M\u00e4nner im Alter zwischen 19 und 37 Jahren, die schwarze T-Shirts trugen. Sie hatten eine T\u00fcte bei sich, in der sich vier Spr\u00fchdosen mit schwarzer und blauer Farbe befanden. Einer der drei hatte schwarze und blaue Farbe an den H\u00e4nden. Nach Personalienfeststellung wurden die drei M\u00e4nner wieder auf freien Fu\u00df entlassen.<\/p>\n\n\n\n<p>Bei der Aufnahme des Sachverhalts stellten die Beamten fest, dass die Schmierfinken neben der Hausfassade auch das Warteh\u00e4uschen der Bushaltestlle &#8222;Rheinau Bahnhof&#8220;, einen M\u00fclleimer sowie einen Stromkasten mit Farbe beschmiert hatten. Auch die Unterf\u00fchrung von der Rhenaniastra\u00dfe zum Bahnhof Rheinau wurde mit blauer und schwarzer Farbe bespr\u00fcht.<\/p>\n\n\n\n<p>Inwiefern die drei M\u00e4nner als Verursacher f\u00fcr die Schmierereien in Betracht kommen, ist Gegenstand weiterer Ermittlungen des Polizeireviers Mannheim-Neckarau.<\/p>\n\n\n\n<p>Zeugen, die verd\u00e4chtige Beobachtungen gemacht haben oder die Taten beobachtet haben, werden gebeten, sich beim Polizeirevier Mannheim-Neckarau, Tel. 0621\/83397-0 zu melden.<\/p>\n\n\n\n<h4 class=\"wp-block-heading\">(Mannheim-Vogelstang) &#8211; Einbruch bei Wohnmobilh\u00e4ndler \/ Polizei sucht Zeugen<\/h4>\n\n\n\n<p>Unbekannte T\u00e4ter brachen in der Nacht von Freitag auf Samstag in das Gel\u00e4nde eines Wohnmobilh\u00e4ndlers im Stadtteil Vogelstang ein. Die Einbrecher drangen auf bislang unbekannte Weise auf das Firmengel\u00e4nde und Ausstellungsgel\u00e4nde f\u00fcr Reisemobile in der Stra\u00dfe &#8222;Hinter dem Wolfsberg&#8220; ein. Anschlie\u00dfend \u00f6ffneten sie die Motorhauben an rund 20 neuen und gebrauchten Fahrzeugen und entwendeten aus diesen jeweils die Dieselsteuerungsmodule. Danach fl\u00fcchteten Sie in unbekannte Richtung. Die H\u00f6he des entstandenen Diebstahlsschadens l\u00e4sst sich derzeit noch nicht absch\u00e4tzen.<\/p>\n\n\n\n<p>Die Ermittlungen dauern an, derzeit werden die Aufnahmen der Video\u00fcberwachungsanlage ausgewertet.<\/p>\n\n\n\n<p>Zeugen, die verd\u00e4chtige Wahrnehmungen gemacht haben, werden gebeten, sich beim Polizeirevier Mannheim-K\u00e4fertal, Tel.: 0621\/71849-0 zu melden.<\/p>\n\n\n\n<h4 class=\"wp-block-heading\">(Schwetzingen \/ Rhein-Neckar-Kreis) &#8211; Streitigkeiten zwischen Bewohner einer Asylunterkunft und dem Sicherheitspersonal; 15 Streifen im Einsatz<\/h4>\n\n\n\n<figure class=\"wp-block-image\"><img decoding=\"async\" src=\"https:\/\/speyer24news.com\/wp-content\/uploads\/2020\/05\/Polizei.jpg\" alt=\"\" class=\"wp-image-26963\"\/><\/figure>\n\n\n\n<p>Am Sonntagabend, gegen 22 Uhr, kam es zu einer zun\u00e4chst verbalen, sp\u00e4ter auch handgreiflichen Auseinandersetzung zwischen dem Sicherheitspersonal einer Asylunterkunft in der Friedrichsfelder Landstra\u00dfe und einem 27-j\u00e4hrigen Bewohner. In der Folge solidarisierten sich immer mehr Bewohner mit dem 27-J\u00e4hrigen, sodass die Situation zu eskalieren drohte. Insgesamt 15 Streifenwagenbesatzungen wurden zur Einrichtung beordert, um die Situation zu deeskalieren. Gespr\u00e4che mit dem Wortf\u00fchrer der Bewohner zeigten Erfolg und die Lage beruhigte sich bis gegen Mitternacht zusehends. Die Hintergr\u00fcnde der Auseinandersetzung sind bislang noch nicht bekannt und Gegenstand der Ermittlungen des Polizeireviers Schwetzingen.<\/p>\n\n\n\n<h4 class=\"wp-block-heading\">(Schwetzingen \/ Rhein-Neckar-Kreis) &#8211;  21-j\u00e4hriger Mann wegen des Verdachts des versuchten Totschlags auf Antrag der Staatsanwaltschaft Mannheim in Untersuchungshaft<\/h4>\n\n\n\n<h4 class=\"wp-block-heading\" style=\"text-align:center\">Pressemitteilung Nr. 2<\/h4>\n\n\n\n<h4 class=\"wp-block-heading\">Gemeinsame Pressemitteilung der Staatsanwaltschaft Mannheim und des Polizeipr\u00e4sidiums Mannheim<\/h4>\n\n\n\n<div class=\"wp-block-image\"><figure class=\"aligncenter\"><img decoding=\"async\" src=\"https:\/\/speyer24news.com\/wp-content\/uploads\/2020\/05\/Zelle-1.jpg\" alt=\"\" class=\"wp-image-27457\"\/><\/figure><\/div>\n\n\n\n<p>Auf Antrag der Staatsanwaltschaft Mannheim wurde Haftbefehl gegen ei-nen 21-j\u00e4hrigen Mann erlassen.<\/p>\n\n\n\n<p>Der Iraker steht im dringenden Verdacht, am sp\u00e4ten Sonntagnachmittag, kurz vor 18 Uhr, bei einer Auseinandersretzung in der Schwetzinger Nordstadt einen 32-j\u00e4hrigen Mann Landsmann vor dessen Wohnung mit einem Messer lebensgef\u00e4hrliche Verletzungen zugef\u00fcgt zu haben.<\/p>\n\n\n\n<p>Der Verd\u00e4chtige wurde noch am Tatort widerstandlos festgenommen. Die Tatwaffe -ein Klappmesser- wurde sichergestellt.<\/p>\n\n\n\n<p>Der 21-J\u00e4hrige wurde am Montagnachmittag dem Ermittlungsrichter vor-gef\u00fchrt, der Haftbefehl erlie\u00df. Anschlie\u00dfend wurde er in eine Justizvollzugsanstalt eingliefert.<\/p>\n\n\n\n<p>Die Hintergr\u00fcnde der Tat sind bislang noch nicht bekannt und Gegenstand der weiteren Ermittlungen der Staatsanwaltschaft Mannheim und des Kriminalkommissariats Mannheim.<\/p>\n\n\n\n<h4 class=\"wp-block-heading\">(Schwetzingen \/ Plankstadt \/ Br\u00fchl \/ Rhein-Neckar-Kreis) &#8211; Unbekannter verschafft sich mit gef\u00e4lschten Rezepten Medikamente \/ Zeugen gesucht!<\/h4>\n\n\n\n<p>Am Samstag verschaffte sich ein unbekannter Mann in mehreren Apotheken in Schwetzingen, Plankstadt und Br\u00fchl mittels gef\u00e4lschter Rezepte starke Schmerzmittel. Der Mann suchte am Samstagmittag, gegen 12 Uhr unter anderem eine Apotheke in Br\u00fchl auf und reichte ein Rezept f\u00fcr eine Gro\u00dfpackung des Schmerzmittels ein. Erst nachdem das Medikament schon ausgeh\u00e4ndigt worden war, fiel auf, dass mit dem Rezept etwas nicht stimmte. Daraufhin verst\u00e4ndigten Mitarbeiter die Polizei. Der Unbekannte trat am selben Tag bei zwei Apotheken in Plankstadt und Schwetzingen auf, die zu einem Apothekenverbund mit der Apotheke in Br\u00fchl geh\u00f6ren.<\/p>\n\n\n\n<p>Die Vorgehensweise war in allen F\u00e4llen gleich. Der Mann bestellte telefonisch das Medikament, holte dieses sp\u00e4ter ab und bezahlte die Rezeptgeb\u00fchr jeweils bar. Alle Rezepte wiesen die gleichen Merkmale auf und waren auf eine nicht existente Person ausgestellt. Inwiefern diese Rezepte von einem Arzt bereits blanko unterschrieben oder diese komplett gef\u00e4lscht worden waren, ist Gegenstand weiterer Ermittlungen.<\/p>\n\n\n\n<p>Zeugen, die sachdienliche Hinweise zu dem unbekannten Mann geben k\u00f6nnen oder gesch\u00e4digte Apotheken, bei denen solche Rezepte eingel\u00f6st wurden, werden gebeten, sich beim Polizeirevier Schwetzingen, Tel.: 06201\/288-0 zu melden.<\/p>\n\n\n\n<h4 class=\"wp-block-heading\">(Schwetzingen \/ Rhein-Neckar-Kreis) &#8211; Au\u00dfenspiegel an Pkw besch\u00e4digt \/ Zeugen gesucht!<\/h4>\n\n\n\n<p>Das Polizeirevier Schwetzingen sucht Zeugen einer Sachbesch\u00e4digung, die sich in der Nacht von Freitag auf Samstag in der Sternallee ereignet hat. An einem hier abgestellten grauen VW Passat wurde der Au\u00dfenspiegel der Beifahrerseite besch\u00e4digt. T\u00e4terhinweise liegen bislang nicht vor.<\/p>\n\n\n\n<p>Sachdienliche Hinweise nimmt das Polizeirevier Schwetzingen unter der Rufnummer 06202\/288-0 entgegen.<\/p>\n\n\n\n<h4 class=\"wp-block-heading\">(Hockenheim \/ Rhein-Neckar-Kreis) &#8211; Nach Einbruch drei Motorr\u00e4der entwendet \/ Zeugen gesucht!<\/h4>\n\n\n\n<p>Am Samstagmorgen brachen Unbekannte gegen 03:40 Uhr bei einem Motorradh\u00e4ndler in der Speyerer Stra\u00dfe ein, indem sie die Eingangst\u00fcr aufhebelten. Bei der sp\u00e4teren Durchsuchung des Geb\u00e4udes, bei der auch ein Polizeihund zum Einsatz kam, stellte sich heraus, dass der oder die T\u00e4ter insgesamt drei Motorr\u00e4der des Typs &#8222;Ninja&#8220; entwendet hatten. Der Diebstahlsschaden bel\u00e4uft sich auf fast 40.000 Euro.<\/p>\n\n\n\n<p>Die Kriminalinspektion 2 der Kriminalpolizeidirektion hat die Ermittlungen in diesem Fall aufgenommen und sucht nun Zeugen, die in der besagten Nacht etwas Verd\u00e4chtiges beobachtet haben, oder sachdienliche Hinweise zu der Tat geben k\u00f6nnen. Hinweise werden unter der Rufnummer 0621\/174-4444 entgegengenommen.<\/p>\n\n\n\n<h4 class=\"wp-block-heading\">(Altlu\u00dfheim \/ Rhein-Neckar-Kreis) &#8211; Sachbesch\u00e4digung an Baustelle \/ Zeugen gesucht!<\/h4>\n\n\n\n<p>Zwischen Samstag, 23:00 Uhr, und Sonntag, 07:00 Uhr ist es auf der B39\/Salierbr\u00fccke zu mehreren Sachbesch\u00e4digungen gekommen. Die bislang unbekannten T\u00e4ter warfen den Bauzaun um, setzen ein Rohr in Brand, schmissen Baulampen von der Br\u00fccke, besch\u00e4digten Verkehrsschilder sowie die Schranke auf der Br\u00fccke. Der Sachschaden betr\u00e4gt rund 10.000EUR.<\/p>\n\n\n\n<p>Zeugen, die verd\u00e4chtige Wahrnehmungen gemacht haben, werden gebeten sich beim Polizeirevier Hockenheim, unter der Telefonnummer 06205-28600, zu melden.<\/p>\n\n\n\n<h4 class=\"wp-block-heading\">(Sandhausen \/ Rhein-Neckar-Kreis) &#8211; Unbekannter besch\u00e4digen geparkte Autos \/ Wer hat Verd\u00e4chtiges beobachtet?<\/h4>\n\n\n\n<p>Ein unbekannter T\u00e4ter besch\u00e4digte in der Nacht von Freitag auf Samstag in Sandhausen mehre geparkte Fahrzeuge. Ein Zeuge verst\u00e4ndigte am Samstagmorgen gegen 7 Uhr die Polizei, da er auf dem Parkplatz eines Kindergartens in der Heiden\u00e4ckerstra\u00dfe einen Opel Corsa festgestellt hatte, dessen Front- und Heckscheibe eingeschlagen waren. Zudem waren die Au\u00dfenspiegel abgetreten sowie die Frontscheinwerfer zerst\u00f6rt. Bereits um drei Uhr morgens habe er laute Ger\u00e4usche von der Stra\u00dfe wahrgenommen und habe kurz darauf einen unbekannten Mann aus Richtung Kindergarten kommend schnellen Schrittes die Stra\u00dfe &#8222;Im Heckgarten&#8220; davonlaufen gesehen.<\/p>\n\n\n\n<p>Bei der Sachverhaltsaufnahme kam der Zeuge zur Tat\u00f6rtlichkeit und gab an, dass in der Stra\u00dfe &#8222;Im Heckgarten&#8220; weitere besch\u00e4digte Fahrzeuge stehen w\u00fcrden. Die Beamten konnten daraufhin zwei am Fahrbahnrand geparkte Fahrzeuge, einen Fiat und einen Mercedes feststellen, an denen jeweils die linken Au\u00dfenspiegel abgetreten waren.<\/p>\n\n\n\n<p><strong>Der unbekannte Mann wurde von dem Zeugen wie folgt beschrieben:<\/strong><\/p>\n\n\n\n<ul><li>Wei\u00dfe Basecap<\/li><li>Hell, in wei\u00df und grau, gekleidet<\/li><\/ul>\n\n\n\n<p>Weitere Zeugen, die auf Vorfall aufmerksam geworden waren, werden gebeten, sich beim Polizeirevier Wiesloch, Tel.: 06222\/5709-0 zu melden.<\/p>\n\n\n\n<h4 class=\"wp-block-heading\">(Walldorf \/ Rhein-Neckar-Kreis) &#8211; Verkehrsunfallflucht<br>Zeugen gesucht!<\/h4>\n\n\n\n<p>Am Sonntag, in der Zeit von 14 Uhr bis 16:20 Uhr kam es zu einer Verkehrsunfallflucht in der Schwetzinger Stra\u00dfe auf dem Parkplatz des Schulzentrums. Ein hier geparkter Dacia wurde an der hinteren Sto\u00dfstange besch\u00e4digt. Offensichtlich wurde die Sto\u00dfstange beim einem Ein-\/ oder Ausparkvorgang mit einer Anh\u00e4ngerkupplung eingedr\u00fcckt. Hinweise auf den Unfallverursacher liegen nicht vor.<\/p>\n\n\n\n<p>Zeugenhinweise nimmt das Polizeirevier Wiesloch unter der Rufnummer 06222\/57090 entgegen.<\/p>\n\n\n\n<h4 class=\"wp-block-heading\">(Walldorf \/ Rhein-Neckar-Kreis) &#8211; Einbruch in Einfamilienhaus \/ Polizei sucht Zeugen<\/h4>\n\n\n\n<p>Eingebrochen wurde zwischen Samstag, 17:00 Uhr, und Sonntag, 16:30 Uhr, in ein Einfamilienhaus in der Stra\u00dfe &#8222;Am Neuen Schulhaus&#8220;. Der\/die unbekannten T\u00e4ter schlugen die Scheibe der Haust\u00fcr ein und drangen so in das Innere des Hauses ein. Es wurden mehrere R\u00e4ume durchsucht und Silberbesteck, Schmuck und Bargeld entwendet. Der Gesamtschaden betr\u00e4gt rund 4.000EUR.<\/p>\n\n\n\n<p>Zeugen, die verd\u00e4chtige Wahrnehmungen gemacht haben, werden gebeten sich beim Polizeirevier Wiesloch, unter der Telefonnummer 06222-57090, zu melden.<\/p>\n\n\n\n<h4 class=\"wp-block-heading\">(A 6 \/ Wiesloch \/ Rhein-Neckar-Kreis) &#8211; Verkehrsunfall nach r\u00fccksichtslosem Verhalten eines LKW-Fahrers \/ Polizei sucht Zeugen<\/h4>\n\n\n\n<p>In der Nacht von Freitag auf Samstag kam es gegen 02:45 Uhr auf der BAB 6 kurz nach der Ausfahrt Wiesloch\/Rauenberg zu einem Verkehrsunfall an dem ein PKW und ein LKW beteiligt waren. Der 23-j\u00e4hrige Fahrer eines VW fuhr in Fahrtrichtung Mannheim im Baustellenbereich auf der linken Spur, als er an zwei LKWs, welche auf dem rechten Fahrstreifen fuhren, vorbeifahren wollte. Ohne auf das Auto zu achten, schert einer der LKW-Fahrer nach links aus, wobei der junge Mann ausweichen musste und mit mehreren Warnbarken kollidierte. Das Fahrzeug war anschlie\u00dfend nicht mehr fahrbereit und musste abgeschleppt werden. Der Sachschaden betr\u00e4gt rund 15.000 Euro. Verletzt wurde niemand.<\/p>\n\n\n\n<p>Zeugen, die sachdienliche Hinweise geben k\u00f6nnen, werden gebeten sich beim Verkehrsdienst Walldorf, unter der Telefonnummer 06227-358260, zu melden.<\/p>\n\n\n\n<h4 class=\"wp-block-heading\">(Rauenberg \/ Rhein-Neckar-Kreis) &#8211; Auffahrunfall nach Unachtsamkeit<\/h4>\n\n\n\n<p>Am Sonntag kam es gegen 16:30 Uhr zu einem Verkehrsunfall auf der Wieslocher Stra\u00dfe\/Kreuzung Fr\u00fchmesserstra\u00dfe. Eine 58-j\u00e4hrige Smart-Fahrerin bemerkte zu sp\u00e4t zwei Fahrzeuge vor ihr, welche verkehrsbedingt bremsen mussten, und fuhr auf einen VW auf, der wiederrum auf einen Mercedes geschoben wurde. Bei der Kollision wurden drei Personen verletzt und in eine Klinik gebracht. Der Smart und der VW waren nicht mehr fahrbereit und mussten abgeschleppt werden. Der Sachschaden betr\u00e4gt \u00fcber 10.000EUR.<\/p>\n\n\n\n<h4 class=\"wp-block-heading\">(Gauangelloch \/ Rhein-Neckar-Kreis) &#8211; Unbekannte brechen in Garagen ein \/ Zeuge gesucht!<\/h4>\n\n\n\n<p>Am vergangenen Wochenende brachen bislang unbekannte T\u00e4ter gleich in zwei Garagen ein und entwendeten daraus Wertgegenst\u00e4nde im Wert von mehreren tausend Euro. Zun\u00e4chst verschafften sich die Einbrecher im Zeitraum von Freitag auf Samstag Zutritt in eine Garage in der Sch\u00f6nen Aussicht. Daraus wurden zwei neuwertige E-Bikes entwendet. In der darauffolgenden Nacht brachen wom\u00f6glich dieselben Unbekannten in eine Garage im Bammentaler Weg ein und entwendet hieraus hochwertige Werkzeuge.<\/p>\n\n\n\n<p>Zeugen, die verd\u00e4chtige Wahrnehmungen gemacht oder ebenfalls Diebst\u00e4hle aus ihrer Garage festgestellt haben, werden gebeten, sich unter 06222 57090 an das Polizeirevier Wiesloch zu wenden.<\/p>\n\n\n\n<p>Sch\u00fctzen Sie ihr Eigentum &#8211; schlie\u00dfen Sie ab! Kontrollieren Sie stetig die Verschlussverh\u00e4ltnisse Ihres Wohnhauses, Garage, Gartenh\u00fctte, usw. Sichern Sie Wertsachen wie bspw. Fahrr\u00e4der nochmals mit einem Schloss oder Werkzeuge in besonderen Beh\u00e4ltnissen. Sie haben Fragen zu diesem Thema? Hinweise dazu finden Sie jederzeit online unter:&nbsp;<a rel=\"noreferrer noopener\" target=\"_blank\" href=\"http:\/\/www.polizei-beratung.de\/\">www.polizei-beratung.de<\/a><\/p>\n\n\n\n<h4 class=\"wp-block-heading\">(Hoffenheim \/ Zuzenhau\u00dfen \/ Horrenberg \/ Rhein-Neckar-Kreis) &#8211; Junger Motorradfahrer schwer verletzt<\/h4>\n\n\n\n<p>Am Sonntagabend kam ein 18-J\u00e4hriger mit seinem Motorrad von der Landstra\u00dfe 612 ab und verletzte sich dabei schwer. Der junge Fahrer fuhr von Zuzenhau\u00dfen kommend in Richtung Horrenberg wobei er in einer un\u00fcbersichtlichen Rechtskurve von der Fahrbahn abkam und in ein angrenzendes Wiesengel\u00e4nde fuhr. Dabei wurde der 18-J\u00e4hrige vom Zweirad abgeworfen und st\u00fcrzte zu Boden. Der allein beteiligte Fahrer erlitt eine schwere R\u00fcckenverletzung und kam zur Behandlung in ein Krankenhaus. Am Motorrad entstand ein Sachschaden von mindestens 3.000 Euro. Ob \u00fcberh\u00f6hte Geschwindigkeit und der Versto\u00df gegen das Rechtsfahrgebot unfallurs\u00e4chlich waren, ermitteln nun die Beamten des Verkehrsdienstes Heidelberg.<\/p>\n\n\n\n<h4 class=\"wp-block-heading\">(A 6 \/ Sinsheim \/ Rhein-Neckar-Kreis) &#8211; Verkehrsunfall nach Unachtsamkeit<\/h4>\n\n\n\n<p>Am Montag kam es gegen 01:00 Uhr im Baustellenbereich zwischen den Ausfahrten Sinsheim und Wiesloch\/Rauenberg zu einem Verkehrsunfall. Der 61-j\u00e4hrige Fahrer eines Kleinbusses wollte einen auf dem rechten Fahrstreifen ordnungsgem\u00e4\u00df fahrenden Klein-Laster \u00fcberholen und streifte diesen beim \u00dcberholvorgang. Der Sachschaden betr\u00e4gt rund 8.000EUR. Verletzt wurde niemand. Aufgrund der Uhrzeit kam es nur zu geringen Verkehrsbehinderungen.<\/p>\n\n\n\n<h4 class=\"wp-block-heading\">(Edingen-Neckarhausen \/ Rhein-Neckar-Kreis) &#8211; Einbruch in Supermarkt \/ Hoher Diebstahlschaden &#8211; Polizei sucht Zeugen<\/h4>\n\n\n\n<p>Zwischen Samstag, 22:30 Uhr, und Sonntag, 22:15 Uhr, schlugen bislang unbekannte T\u00e4ter, bei einem Supermarkt in der Rosenstra\u00dfe, die Scheiben einer Eingangst\u00fcr ein und drangen so in das Geb\u00e4ude ein. Nachdem gegen 22:15 Uhr ein Alarm ausgel\u00f6st wurde machten sich mehrere Streifenwagen auf den Weg zur \u00d6rtlichkeit. Ob diese Uhrzeit auch die Tatzeit ist, ist Gegenstand der Ermittlungen. Es konnten keine T\u00e4ter im Supermarkt und den umliegenden Gesch\u00e4ften mehr festgestellt werden. Aus einem Tabakgesch\u00e4ft wurden Zigaretten im Wert von \u00fcber 50.000EUR entwendet.<\/p>\n\n\n\n<p>Zeugen, die verd\u00e4chtige Wahrnehmungen gemacht haben, werden gebeten sich beim Polizeiposten Edingen-Neckarhausen, unter der Telefonnummer 06203-892020, oder beim Polizeirevier Ladenburg, unter der Telefonnummer 06203-93050, zu melden.<\/p>\n\n\n\n<h4 class=\"wp-block-heading\">(Edingen-Neckarhausen \/ Rhein-Neckar-Kreis) &#8211; Frau in Supermarkt bestohlen \/ Zeugen gesucht<\/h4>\n\n\n\n<p>Am Samstag kam es gegen 12:30 Uhr in einem Supermarkt in der Rosenstra\u00dfe zu einem Diebstahl. Die 78-j\u00e4hrige Gesch\u00e4digte wurde im Supermarkt von einer Frau unter einem Vorwand angesprochen und mehrfach umarmt. Dabei entwendete die unbekannte T\u00e4terin die Halskette der Frau. Das Fehlen der Kette wurde erst bemerkt, nachdem die Unbekannte sich schon entfernt hatte. Der Sachschaden wird auf mehrere hundert Euro beziffert.<\/p>\n\n\n\n<p><strong>Die T\u00e4terin wird wie folgt beschrieben: <\/strong><\/p>\n\n\n\n<ul><li>ca. 35 Jahre alt<\/li><li>ca. 1,70m gro\u00df<\/li><li>schwarze, zusammengebundene Haare<\/li><\/ul>\n\n\n\n<p>Zeugen, die sachdienliche Hinweise geben k\u00f6nnen, werden gebeten sich beim Polizeirevier Ladenburg, unter der Telefonnummer 06203-93050, zu melden.<\/p>\n\n\n\n<h4 class=\"wp-block-heading\">(Neckargem\u00fcnd \/ Rhein-Neckar-Kreis) &#8211; Kassenautomat in Parkhaus aufgebrochen<\/h4>\n\n\n\n<p>In der Nacht von Samstag auf Sonntag brach ein Unbekannter einen Kassenautomaten im Zugangsbereich eines Parkhauses in der Pfluggasse auf und entwendet daraus Bargeld. Dabei wurde der Kassenautomat besch\u00e4digt. \u00dcber die H\u00f6he des entwendeten Diebesguts kann bislang noch keine Aussage getroffen werden. Zeugen des Vorfalls oder Personen die verd\u00e4chtigen Wahrnehmungen gemacht haben, werden gebeten, sich unter 06223 92540 an die Beamten des Polizeireviers Neckargem\u00fcnd zu wenden.<\/p>\n\n\n\n<h4 class=\"wp-block-heading\">(Ladenburg \/ Rhein-Neckar-Kreis) &#8211; Trickreiche Diebin entwendet Halskette \/ Polizei sucht Zeugen<\/h4>\n\n\n\n<p>Am Samstagmittag entwendete in Ladenburg eine Trickdiebin die Halskette einer 70-j\u00e4hrigen Frau. Die Unbekannte verwickelte die Gesch\u00e4digte in einem Lebensmittelmarkt in der Wallstadter Stra\u00dfe in ein Gespr\u00e4ch, in dessen Verlauf die unbekannte Frau ihr Opfer umarmte. Erst sp\u00e4ter bemerkte die 70-J\u00e4hrige, dass ihre goldene Halskette mit Maria-Anh\u00e4nger verschwunden war. Offenbar hatte die Unbekannte sie bei der Umarmung der Gesch\u00e4digten entwendet.<\/p>\n\n\n\n<p><strong>Die Diebin wird wie folgt beschrieben:<\/strong><\/p>\n\n\n\n<ul><li>Ca. 30 bis 40 Jahre alt<\/li><li>Ca. 160 cm gro\u00df<\/li><li>Pummelige Figur<\/li><li>Gr\u00fcn-braune Augen<\/li><li>Sehr helle blonde Haare, schulterlang und glatt, wurden offen getragen<\/li><li>Bekleidet mit wei\u00dfem T-Shirt mit Motiv auf dem Bauch, langer blauer Hose (vermutlich Jeans)<\/li><li>Hatte eine kleine rosa Handtasche bei sich<\/li><li>Trug einen wei\u00dfen Einmal-Mundschutz<\/li><li>Sprach akzentfreies Deutsch <\/li><\/ul>\n\n\n\n<p>Fast zeitgleich ereignete sich in einem Einkaufszentrum in Neu-Edingen eine \u00e4hnliche Tat mit gleicher Vorgehensweise. Hier wurde einer 78-j\u00e4hrigen Frau von einer Unbekannten ebenfalls die Halskette gestohlen. Hier wurde die T\u00e4terin als ca. 35-j\u00e4hrige Frau mit schwarzen zusammengebundenen Haaren beschrieben. Sie soll ca. 170 cm gro\u00df gewesen sein.<\/p>\n\n\n\n<p>Ob ein Zusammenhang zwischen den beiden Taten besteht, bedarf weiterer Ermittlungen.<\/p>\n\n\n\n<p>Zeugen, die sachdienliche Hinweise zu den T\u00e4terinnen geben k\u00f6nnen, werden gebeten, sich beim Polizeirevier Ladenburg, Tel.: 06203\/9305-0 zu melden.<\/p>\n\n\n\n<h4 class=\"wp-block-heading\">(Weinheim \/ Rhein-Neckar-Kreis) &#8211; Betr\u00fcgerische Sch\u00e4dlingsbek\u00e4mpfer \/ Wucherrechnung<\/h4>\n\n\n\n<p>Eine 81-j\u00e4hrige Frau wurde am Mittwoch Opfer von betr\u00fcgerischen Handwerkern. Die Frau hatte im Internet nach einer Firma zur Bek\u00e4mpfung eines Wespenproblems auf der Terrasse gesucht. Als zwei M\u00e4nner bei ihr zuhause erschienen, forderten diese eine vorab-Bezahlung von 850 Euro. Nachdem die 81-J\u00e4hrige den Betrag in bar bezahlt hatte, machten sich die beiden &#8222;Handwerker&#8220; an die Arbeit, wiesen die Frau aber an, die Terrasse die n\u00e4chsten zwei Tage zu meiden. Zudem erkl\u00e4rten sie ihr glaubhaft, dass sie nicht bei den Arbeiten anwesend sein d\u00fcrfte. Als die Dame zwei Tage sp\u00e4ter ihre Terrasse betrat, stellte sie fest, dass die beiden M\u00e4nner offenbar gar keine, oder nur sehr st\u00fcmperhafte Arbeiten vorgenommen hatten. Nachdem sie sich an das Polizeirevier Weinheim gewandt hatte, erfuhr sie von der Betrugsmasche.<\/p>\n\n\n\n<p>Die Polizei r\u00e4t in solchen F\u00e4llen:<\/p>\n\n\n\n<ul><li>Schauen sie sich am besten nach einem regional ans\u00e4ssigen Betrieb um<\/li><li>Informieren Sie sich \u00fcber die herausgesuchte Firma &#8211; auch \u00fcber      Berufsverb\u00e4nde, oder die Verbraucherzentrale<\/li><li>Fragen Sie konkret nach dem Firmensitz und m\u00f6glichen Anfahrtskosten<\/li><li>Verlangen sie eine Rechnung f\u00fcr die Arbeiten und begleichen sie keine Forderungen in bar<\/li><li>Vereinbaren Sie einen Fixpreis f\u00fcr die von Ihnen geschilderte Leistung und seien sie misstrauisch bei horrend hohen Betr\u00e4gen<\/li><li>Unterschreiben Sie einen Auftrag nur, wenn Sie alles verstanden haben<\/li><li>Lassen Sie sich nicht unter Druck setzen durch Drohungen mit der      Polizei, oder mit Inkassounternehmen<\/li><li>Rufen sie die Polizei unter 110 wenn sie bedroht werden<\/li><\/ul>\n\n\n\n<h4 class=\"wp-block-heading\">(A 5 \/ Hemsbach \/ Rhein-Neckar-Kreis) &#8211; Schwerer Verkehrsunfall im Parkplatzbereich, 4 Verletzte<\/h4>\n\n\n\n<h4 class=\"wp-block-heading\" style=\"text-align:center\">Pressemeldung Nr. 2<\/h4>\n\n\n\n<p>Wie bereits berichtet, ereignete sich am Sonntagabend auf der A 5 in Fahrtrichtung Karlsruhe ein Verkehrsunfall, bei dem vier Personen schwer verletzt wurden. Ein 47-j\u00e4hriger Autofahrer fuhr kurz vor 23 Uhr mit seinem Audi A5 Sportsback in den Parkplatz &#8222;Weschnitz&#8220; ein und fuhr dort aus bislang unklaren Gr\u00fcnden einem stehenden Mercedes hinten auf. Der Fahrer des Audi erlitt schwere Verletzungen in Form von Knochenbr\u00fcchen und Schnitt- und Sch\u00fcrfwunden. Fahrer und Beifahrer im Mercedes erlitten Prellungen, Gehirnersch\u00fctterungen und Schleudertraume. Eine weibliche Person auf dem R\u00fccksitz im Mercedes wurde mit Arm- und Beckenbr\u00fcchen sowie inneren Verletzungen in eine Klinik eingeliefert.<\/p>\n\n\n\n<p>Den beiden Fahrern wurden Blutproben entnommen. Bei dem Fahrer des Mercedes konnten keine Anzeichen f\u00fcr Alkohol- oder Drogenkonsum erlangt werden. Das Ergebnis des Audi-Fahrers steht noch aus.<\/p>\n\n\n\n<p>Beide Fahrzeuge waren so stark besch\u00e4digt, dass sie abgeschleppt werden mussten. Der Sachschaden wird auf rund 50.000 Euro gesch\u00e4tzt.<\/p>\n\n\n\n<p>W\u00e4hrend der Unfallaufnahme war der Parkplatz bis ca. 2.45 Uhr gesperrt.<\/p>\n\n\n\n<p>Die Ermittlungen der Autobahnbahnpolizei Mannheim dauern an.<\/p>\n","protected":false},"excerpt":{"rendered":"<div class=\"mh-excerpt\"><p>Polizeimeldungen vom Montag (17.08.2020) (Otterstadt) &#8211; Verkehrsunfallflucht auf Parkplatz Binsfeldsee Am Sonntagabend kurz vor 22 Uhr kam es zu einer Verkehrsunfallflucht zum Nachteil einer 23j\u00e4hrigen Otterst\u00e4dters. Dieser parkte mit seinem BMW auf dem Parkplatz Binsfeldsee <a class=\"mh-excerpt-more\" href=\"https:\/\/speyer24news.com\/?p=29855\" title=\"Polizei\">[&#8230;]<\/a><\/p>\n<\/div>","protected":false},"author":3,"featured_media":0,"comment_status":"open","ping_status":"open","sticky":false,"template":"","format":"standard","meta":{"_monsterinsights_skip_tracking":false,"_monsterinsights_sitenote_active":false,"_monsterinsights_sitenote_note":"","_monsterinsights_sitenote_category":0,"footnotes":""},"categories":[12],"tags":[],"aioseo_notices":[],"amp_enabled":true,"_links":{"self":[{"href":"https:\/\/speyer24news.com\/index.php?rest_route=\/wp\/v2\/posts\/29855"}],"collection":[{"href":"https:\/\/speyer24news.com\/index.php?rest_route=\/wp\/v2\/posts"}],"about":[{"href":"https:\/\/speyer24news.com\/index.php?rest_route=\/wp\/v2\/types\/post"}],"author":[{"embeddable":true,"href":"https:\/\/speyer24news.com\/index.php?rest_route=\/wp\/v2\/users\/3"}],"replies":[{"embeddable":true,"href":"https:\/\/speyer24news.com\/index.php?rest_route=%2Fwp%2Fv2%2Fcomments&post=29855"}],"version-history":[{"count":2,"href":"https:\/\/speyer24news.com\/index.php?rest_route=\/wp\/v2\/posts\/29855\/revisions"}],"predecessor-version":[{"id":29857,"href":"https:\/\/speyer24news.com\/index.php?rest_route=\/wp\/v2\/posts\/29855\/revisions\/29857"}],"wp:attachment":[{"href":"https:\/\/speyer24news.com\/index.php?rest_route=%2Fwp%2Fv2%2Fmedia&parent=29855"}],"wp:term":[{"taxonomy":"category","embeddable":true,"href":"https:\/\/speyer24news.com\/index.php?rest_route=%2Fwp%2Fv2%2Fcategories&post=29855"},{"taxonomy":"post_tag","embeddable":true,"href":"https:\/\/speyer24news.com\/index.php?rest_route=%2Fwp%2Fv2%2Ftags&post=29855"}],"curies":[{"name":"wp","href":"https:\/\/api.w.org\/{rel}","templated":true}]}}