{"id":29866,"date":"2020-08-19T06:47:01","date_gmt":"2020-08-19T05:47:01","guid":{"rendered":"https:\/\/speyer24news.com\/?p=29866"},"modified":"2020-08-19T06:47:01","modified_gmt":"2020-08-19T05:47:01","slug":"coronafallzahlen-stadtnotizen-und-verkehrsnotizen-aus-speyer","status":"publish","type":"post","link":"https:\/\/speyer24news.com\/?p=29866","title":{"rendered":"Coronafallzahlen, Stadtnotizen und Verkehrsnotizen aus Speyer"},"content":{"rendered":"<style type=\"text\/css\">\r\n\t.ads_top_disp{}\r\n\t.ads_top_corner_disp{ float:left; margin:0px 10px 10px 0px; }\r\n\t.ads_first_p_disp{}\r\n\t.ads_bottom_disp{}\r\n\t<\/style>\n<h1 class=\"wp-block-heading\" style=\"text-align:center\">Corona-Fallzahlen<\/h1>\n\n\n\n<div class=\"wp-block-image\"><figure class=\"aligncenter\"><img decoding=\"async\" loading=\"lazy\" width=\"800\" height=\"400\" src=\"https:\/\/speyer24news.com\/wp-content\/uploads\/2020\/02\/virus-1812092_1920.jpg\" alt=\"\" class=\"wp-image-25128\" srcset=\"https:\/\/speyer24news.com\/wp-content\/uploads\/2020\/02\/virus-1812092_1920.jpg 800w, https:\/\/speyer24news.com\/wp-content\/uploads\/2020\/02\/virus-1812092_1920-300x150.jpg 300w, https:\/\/speyer24news.com\/wp-content\/uploads\/2020\/02\/virus-1812092_1920-768x384.jpg 768w\" sizes=\"(max-width: 800px) 100vw, 800px\" \/><\/figure><\/div>\n\n\n\n<p>Anzahl best\u00e4tigter F\u00e4lle von Coronavirus (SARS-CoV-2)-Infektionen in der Stadt Speyer: 134 (+ 3)<br>Davon bereits genesen: 114<br>Todesf\u00e4lle: 2<br>Personen in Quarant\u00e4ne: 42<br>Gemeldete F\u00e4lle der letzten sieben Tage pro 100.000 Einwohner*innen: 8<\/p>\n\n\n\n<p><em>Stand: 18.08.2020, 15:30 Uhr<\/em><\/p>\n\n\n\n<p><em>Stadtverwaltung Speyer<br>19.08.2020<\/em><\/p>\n\n\n\n<h1 class=\"wp-block-heading\" style=\"text-align:center\">Stadtnotiz<\/h1>\n\n\n\n<div class=\"wp-block-image\"><figure class=\"aligncenter\"><img decoding=\"async\" loading=\"lazy\" width=\"800\" height=\"600\" src=\"https:\/\/speyer24news.com\/wp-content\/uploads\/2020\/01\/Speyer-Stadtnachrichten-2.jpg\" alt=\"\" class=\"wp-image-23901\" srcset=\"https:\/\/speyer24news.com\/wp-content\/uploads\/2020\/01\/Speyer-Stadtnachrichten-2.jpg 800w, https:\/\/speyer24news.com\/wp-content\/uploads\/2020\/01\/Speyer-Stadtnachrichten-2-300x225.jpg 300w, https:\/\/speyer24news.com\/wp-content\/uploads\/2020\/01\/Speyer-Stadtnachrichten-2-768x576.jpg 768w, https:\/\/speyer24news.com\/wp-content\/uploads\/2020\/01\/Speyer-Stadtnachrichten-2-678x509.jpg 678w, https:\/\/speyer24news.com\/wp-content\/uploads\/2020\/01\/Speyer-Stadtnachrichten-2-326x245.jpg 326w, https:\/\/speyer24news.com\/wp-content\/uploads\/2020\/01\/Speyer-Stadtnachrichten-2-80x60.jpg 80w\" sizes=\"(max-width: 800px) 100vw, 800px\" \/><\/figure><\/div>\n\n\n\n<h2 class=\"wp-block-heading\"><strong>Tag der Feuerwehr abgesagt<\/strong><\/h2>\n\n\n\n<div class=\"wp-block-image\"><figure class=\"aligncenter\"><img decoding=\"async\" loading=\"lazy\" width=\"800\" height=\"600\" src=\"https:\/\/speyer24news.com\/wp-content\/uploads\/2020\/08\/IMG_20190901_125755.jpg\" alt=\"\" class=\"wp-image-29867\" srcset=\"https:\/\/speyer24news.com\/wp-content\/uploads\/2020\/08\/IMG_20190901_125755.jpg 800w, https:\/\/speyer24news.com\/wp-content\/uploads\/2020\/08\/IMG_20190901_125755-300x225.jpg 300w, https:\/\/speyer24news.com\/wp-content\/uploads\/2020\/08\/IMG_20190901_125755-768x576.jpg 768w, https:\/\/speyer24news.com\/wp-content\/uploads\/2020\/08\/IMG_20190901_125755-678x509.jpg 678w, https:\/\/speyer24news.com\/wp-content\/uploads\/2020\/08\/IMG_20190901_125755-326x245.jpg 326w, https:\/\/speyer24news.com\/wp-content\/uploads\/2020\/08\/IMG_20190901_125755-80x60.jpg 80w\" sizes=\"(max-width: 800px) 100vw, 800px\" \/><\/figure><\/div>\n\n\n\n<p>Die Stadtverwaltung und die Feuerwehr Speyer informieren, dass der am&nbsp;Sonntag, 6. September 2020&nbsp;geplante Tag der Feuerwehr in diesem Jahr aufgrund der weiterhin bestehenden Einschr\u00e4nkungen in Zusammenhang mit der Corona-Pandemie nicht stattfinden kann.<\/p>\n\n\n\n<p>\u201eWir bedauern es sehr, die Speyererinnen und Speyerer in diesem Jahr nicht zum traditionellen Tag der offenen T\u00fcr einladen zu k\u00f6nnen\u201c, betont Oberb\u00fcrgermeisterin Stefanie Seiler. Auch Stadtfeuerwehrinspekteur Peter Eymann bedauert die Absage, erinnert aber gleichzeitig daran, wie wichtig es ist, die Situation richtig einzusch\u00e4tzen: \u201eWir d\u00fcrfen nicht vergessen, dass die Corona-Pandemie noch nicht ausgestanden und das Virus nach wie vor gef\u00e4hrlich ist. Wir Feuerwehrleute standen in der Pandemiebek\u00e4mpfung von Beginn an an vorderster Front und sind uns unserer Verantwortung daher sehr bewusst. Wir m\u00f6chten mit gutem Beispiel vorangehen und werden\u00a0deshalb, auch wenn es schmerzt, in diesem Jahr auf unser Fest verzichten\u201c.<\/p>\n\n\n\n<p><em>Text: Stadtverwaltung Speyer Foto: Speyer 24\/7 News<br>19.08.2020<\/em><\/p>\n\n\n\n<h1 class=\"wp-block-heading\" style=\"text-align:center\">Verkehrsnotizen<\/h1>\n\n\n\n<figure class=\"wp-block-image\"><img decoding=\"async\" loading=\"lazy\" width=\"800\" height=\"565\" src=\"https:\/\/speyer24news.com\/wp-content\/uploads\/2020\/01\/Baustelle-2.jpg\" alt=\"\" class=\"wp-image-23900\" srcset=\"https:\/\/speyer24news.com\/wp-content\/uploads\/2020\/01\/Baustelle-2.jpg 800w, https:\/\/speyer24news.com\/wp-content\/uploads\/2020\/01\/Baustelle-2-300x212.jpg 300w, https:\/\/speyer24news.com\/wp-content\/uploads\/2020\/01\/Baustelle-2-768x542.jpg 768w\" sizes=\"(max-width: 800px) 100vw, 800px\" \/><\/figure>\n\n\n\n<h2 class=\"wp-block-heading\"><strong>Salzgasse gesperrt<\/strong><\/h2>\n\n\n\n<p>Wegen eines Umzugs muss die Salzgasse auf H\u00f6he der Hausnummer 1 am <strong>Donnerstag, den 20.08.2020<\/strong>, in der Zeit von 7.30 bis etwa 12 Uhr f\u00fcr den Durchgangsverkehr komplett gesperrt werden.<\/p>\n\n\n\n<p><em>Stadtverwaltung Speyer<br>19.08.2020<\/em><\/p>\n\n\n\n<h2 class=\"wp-block-heading\"><strong>Von-Denis-Stra\u00dfe gesperrt<\/strong><\/h2>\n\n\n\n<div class=\"wp-block-image\"><figure class=\"aligncenter\"><img decoding=\"async\" src=\"https:\/\/speyer24news.com\/wp-content\/uploads\/2020\/01\/Vollsperrung.jpg\" alt=\"\" class=\"wp-image-23970\"\/><\/figure><\/div>\n\n\n\n<p>Aufgrund von Kranarbeiten wird die Von-Denis-Stra\u00dfe auf H\u00f6he der Hausnummer 7 <strong>vom 07. September bis voraussichtlich 06. Oktober 2020<\/strong> f\u00fcr den Durchgangsverkehr gesperrt. F\u00fcr die Dauer der Ma\u00dfnahme wird die Stra\u00dfe einseitig als Sackgasse ausgewiesen.<\/p>\n\n\n\n<p>F\u00fcr R\u00fcckfragen steht die Stra\u00dfenverkehrsbeh\u00f6rde unter der Rufnummer 14-2938 zur Verf\u00fcgung.<\/p>\n\n\n\n<p><em>Text: Stadtverwaltung Speyer Foto: Speyer 24\/7 News<br>19.08.2020<\/em><\/p>\n","protected":false},"excerpt":{"rendered":"<div class=\"mh-excerpt\"><p>Corona-Fallzahlen Anzahl best\u00e4tigter F\u00e4lle von Coronavirus (SARS-CoV-2)-Infektionen in der Stadt Speyer: 134 (+ 3)Davon bereits genesen: 114Todesf\u00e4lle: 2Personen in Quarant\u00e4ne: 42Gemeldete F\u00e4lle der letzten sieben Tage pro 100.000 Einwohner*innen: 8 Stand: 18.08.2020, 15:30 Uhr Stadtverwaltung <a class=\"mh-excerpt-more\" href=\"https:\/\/speyer24news.com\/?p=29866\" title=\"Coronafallzahlen, Stadtnotizen und Verkehrsnotizen aus Speyer\">[&#8230;]<\/a><\/p>\n<\/div>","protected":false},"author":3,"featured_media":23902,"comment_status":"open","ping_status":"open","sticky":false,"template":"","format":"standard","meta":{"_monsterinsights_skip_tracking":false,"_monsterinsights_sitenote_active":false,"_monsterinsights_sitenote_note":"","_monsterinsights_sitenote_category":0,"footnotes":""},"categories":[47],"tags":[6940,6358,7003,6342,507,8322,6,1296,3123,8321,1114,5324],"aioseo_notices":[],"amp_enabled":true,"_links":{"self":[{"href":"https:\/\/speyer24news.com\/index.php?rest_route=\/wp\/v2\/posts\/29866"}],"collection":[{"href":"https:\/\/speyer24news.com\/index.php?rest_route=\/wp\/v2\/posts"}],"about":[{"href":"https:\/\/speyer24news.com\/index.php?rest_route=\/wp\/v2\/types\/post"}],"author":[{"embeddable":true,"href":"https:\/\/speyer24news.com\/index.php?rest_route=\/wp\/v2\/users\/3"}],"replies":[{"embeddable":true,"href":"https:\/\/speyer24news.com\/index.php?rest_route=%2Fwp%2Fv2%2Fcomments&post=29866"}],"version-history":[{"count":1,"href":"https:\/\/speyer24news.com\/index.php?rest_route=\/wp\/v2\/posts\/29866\/revisions"}],"predecessor-version":[{"id":29868,"href":"https:\/\/speyer24news.com\/index.php?rest_route=\/wp\/v2\/posts\/29866\/revisions\/29868"}],"wp:featuredmedia":[{"embeddable":true,"href":"https:\/\/speyer24news.com\/index.php?rest_route=\/wp\/v2\/media\/23902"}],"wp:attachment":[{"href":"https:\/\/speyer24news.com\/index.php?rest_route=%2Fwp%2Fv2%2Fmedia&parent=29866"}],"wp:term":[{"taxonomy":"category","embeddable":true,"href":"https:\/\/speyer24news.com\/index.php?rest_route=%2Fwp%2Fv2%2Fcategories&post=29866"},{"taxonomy":"post_tag","embeddable":true,"href":"https:\/\/speyer24news.com\/index.php?rest_route=%2Fwp%2Fv2%2Ftags&post=29866"}],"curies":[{"name":"wp","href":"https:\/\/api.w.org\/{rel}","templated":true}]}}