{"id":29873,"date":"2020-08-21T06:56:41","date_gmt":"2020-08-21T05:56:41","guid":{"rendered":"https:\/\/speyer24news.com\/?p=29873"},"modified":"2020-08-21T06:56:43","modified_gmt":"2020-08-21T05:56:43","slug":"coronafallzahlen-stadt-und-verkehrsnotizen-aus-speyer","status":"publish","type":"post","link":"https:\/\/speyer24news.com\/?p=29873","title":{"rendered":"Coronafallzahlen, Stadt- und Verkehrsnotizen aus Speyer"},"content":{"rendered":"<style type=\"text\/css\">\r\n\t.ads_top_disp{}\r\n\t.ads_top_corner_disp{ float:left; margin:0px 10px 10px 0px; }\r\n\t.ads_first_p_disp{}\r\n\t.ads_bottom_disp{}\r\n\t<\/style>\n<h1 class=\"wp-block-heading\" style=\"text-align:center\">Corona-Fallzahlen<\/h1>\n\n\n\n<div class=\"wp-block-image\"><figure class=\"aligncenter\"><img decoding=\"async\" loading=\"lazy\" width=\"800\" height=\"400\" src=\"https:\/\/speyer24news.com\/wp-content\/uploads\/2020\/02\/virus-1812092_1920.jpg\" alt=\"\" class=\"wp-image-25128\" srcset=\"https:\/\/speyer24news.com\/wp-content\/uploads\/2020\/02\/virus-1812092_1920.jpg 800w, https:\/\/speyer24news.com\/wp-content\/uploads\/2020\/02\/virus-1812092_1920-300x150.jpg 300w, https:\/\/speyer24news.com\/wp-content\/uploads\/2020\/02\/virus-1812092_1920-768x384.jpg 768w\" sizes=\"(max-width: 800px) 100vw, 800px\" \/><\/figure><\/div>\n\n\n\n<p>Anzahl best\u00e4tigter F\u00e4lle von Coronavirus (SARS-CoV-2)-Infektionen in der Stadt Speyer: 135 (+ 1)<br>Davon bereits genesen: 114<br>Todesf\u00e4lle: 2<br>Personen in Quarant\u00e4ne: 38<br>Gemeldete F\u00e4lle der letzten sieben Tage pro 100.000 Einwohner*innen: 18<\/p>\n\n\n\n<p><em>Stand: 20.08.2020, 15:30 Uhr<\/em><\/p>\n\n\n\n<p><em>Text: Stadtverwaltung Speyer Foto: pixabay.com<br>21.08.2020<\/em><\/p>\n\n\n\n<h1 class=\"wp-block-heading\" style=\"text-align:center\">Stadtnotizen<\/h1>\n\n\n\n<div class=\"wp-block-image\"><figure class=\"aligncenter\"><img decoding=\"async\" loading=\"lazy\" width=\"800\" height=\"600\" src=\"https:\/\/speyer24news.com\/wp-content\/uploads\/2020\/01\/Speyer-Stadtnachrichten-2.jpg\" alt=\"\" class=\"wp-image-23901\" srcset=\"https:\/\/speyer24news.com\/wp-content\/uploads\/2020\/01\/Speyer-Stadtnachrichten-2.jpg 800w, https:\/\/speyer24news.com\/wp-content\/uploads\/2020\/01\/Speyer-Stadtnachrichten-2-300x225.jpg 300w, https:\/\/speyer24news.com\/wp-content\/uploads\/2020\/01\/Speyer-Stadtnachrichten-2-768x576.jpg 768w, https:\/\/speyer24news.com\/wp-content\/uploads\/2020\/01\/Speyer-Stadtnachrichten-2-678x509.jpg 678w, https:\/\/speyer24news.com\/wp-content\/uploads\/2020\/01\/Speyer-Stadtnachrichten-2-326x245.jpg 326w, https:\/\/speyer24news.com\/wp-content\/uploads\/2020\/01\/Speyer-Stadtnachrichten-2-80x60.jpg 80w\" sizes=\"(max-width: 800px) 100vw, 800px\" \/><\/figure><\/div>\n\n\n\n<h2 class=\"wp-block-heading\"><strong>Angebot der Jugendf\u00f6rderung: Herbstferienprogramm f\u00fcr Jugendliche \u2013 Anmeldungen ab 1. September<\/strong><\/h2>\n\n\n\n<div class=\"wp-block-image\"><figure class=\"aligncenter\"><img decoding=\"async\" src=\"https:\/\/speyer24news.com\/wp-content\/uploads\/2020\/01\/JuF\u00f6-Speyer.png\" alt=\"\" class=\"wp-image-24520\"\/><\/figure><\/div>\n\n\n\n<p>Die Jugendf\u00f6rderung Speyer bietet f\u00fcr Jugendliche ab 11 Jahren ein Programm f\u00fcr die Herbstferien an. Die Programmpunkte finden zwischen dem 12. Oktober und dem 23. Oktober 2020 statt.<\/p>\n\n\n\n<p>B\u00fcrgermeisterin Monika Kabs zeigt sich erfreut dar\u00fcber, \u201edass trotz der pandemiebedingten Ausnahmesituation nicht nur f\u00fcr Grundschulkinder, sondern auch f\u00fcr Jugendliche ein vielf\u00e4ltiges Programm in den Herbstferien dargeboten wird. Damit l\u00e4sst sich an den Erfolg des Sommerferienprogramms ankn\u00fcpfen, das die Jugendf\u00f6rderung mit viel Einsatz und positiver Energie auf die Beine gestellt hat\u201c.&nbsp;&nbsp;&nbsp;&nbsp;&nbsp;&nbsp;&nbsp;&nbsp;&nbsp;&nbsp;&nbsp;&nbsp;&nbsp;<br>Diese Energie soll nun mit in den Herbst getragen werden: Verschiedene Aktionen und Ausfl\u00fcge stehen zur Auswahl, vom Upcycling alter Kleidung oder Schallplatten \u00fcber eine actionreiche Mountainbike-Tour durch den Pf\u00e4lzerwald bis hin zum Bau eines Insektenhotels.<\/p>\n\n\n\n<p>F\u00fcr die einzelnen Programmpunkte kann sich ab dem 1. September 2020 ab 12 Uhr unter\u00a0<a rel=\"noreferrer noopener\" href=\"https:\/\/deref-web.de\/mail\/client\/vZSJdCjxjbM\/dereferrer\/?redirectUrl=https%3A%2F%2Fwww.juf%C3%B6.de%2Fprogramm%2Fjugendliche%2Fferien.html\" target=\"_blank\">https:\/\/www.juf\u00f6.de\/programm\/jugendliche\/ferien.html<\/a>\u00a0angemeldet werden.<br>Ansprechpartner f\u00fcr R\u00fcckfragen oder Abmeldungen ist Christophe Herbin, der telefonisch unter 0178 1498644 oder \u00fcber den Messenger Signal erreichbar ist.<\/p>\n\n\n\n<p><em>Stadtverwaltung Speyer<br>21.08.2020<\/em><\/p>\n\n\n\n<h1 class=\"wp-block-heading\" style=\"text-align:center\">Verkehrsnotizen<\/h1>\n\n\n\n<figure class=\"wp-block-image\"><img decoding=\"async\" loading=\"lazy\" width=\"800\" height=\"565\" src=\"https:\/\/speyer24news.com\/wp-content\/uploads\/2020\/01\/Baustelle-2.jpg\" alt=\"\" class=\"wp-image-23900\" srcset=\"https:\/\/speyer24news.com\/wp-content\/uploads\/2020\/01\/Baustelle-2.jpg 800w, https:\/\/speyer24news.com\/wp-content\/uploads\/2020\/01\/Baustelle-2-300x212.jpg 300w, https:\/\/speyer24news.com\/wp-content\/uploads\/2020\/01\/Baustelle-2-768x542.jpg 768w\" sizes=\"(max-width: 800px) 100vw, 800px\" \/><\/figure>\n\n\n\n<h2 class=\"wp-block-heading\"><strong>Johannesstra\u00dfe und Gro\u00dfe Greifengasse gesperrt<\/strong><\/h2>\n\n\n\n<div class=\"wp-block-image\"><figure class=\"aligncenter\"><img decoding=\"async\" src=\"https:\/\/speyer24news.com\/wp-content\/uploads\/2020\/01\/Vollsperrung.jpg\" alt=\"\" class=\"wp-image-23970\"\/><\/figure><\/div>\n\n\n\n<p>Aufgrund von Kranarbeiten am Geb\u00e4ude des Finanzamtes muss die Johannesstra\u00dfe am 07. und 08. September 2020 sowie die Gro\u00dfe Greifengasse am 10. und 11. September 2020 jeweils auf H\u00f6he des Finanzamtes f\u00fcr den Verkehr komplett gesperrt werden. Umleitungen werden eingerichtet.<\/p>\n\n\n\n<p>F\u00fcr R\u00fcckfragen steht die Stra\u00dfenverkehrsbeh\u00f6rde unter der Rufnummer 142938 zur Verf\u00fcgung.<\/p>\n\n\n\n<p><em>Text: Stadtverwaltung Speyer Foto: Speyer 24\/7 News<br>21.08.2020<\/em><\/p>\n","protected":false},"excerpt":{"rendered":"<div class=\"mh-excerpt\"><p>Corona-Fallzahlen Anzahl best\u00e4tigter F\u00e4lle von Coronavirus (SARS-CoV-2)-Infektionen in der Stadt Speyer: 135 (+ 1)Davon bereits genesen: 114Todesf\u00e4lle: 2Personen in Quarant\u00e4ne: 38Gemeldete F\u00e4lle der letzten sieben Tage pro 100.000 Einwohner*innen: 18 Stand: 20.08.2020, 15:30 Uhr Text: <a class=\"mh-excerpt-more\" href=\"https:\/\/speyer24news.com\/?p=29873\" title=\"Coronafallzahlen, Stadt- und Verkehrsnotizen aus Speyer\">[&#8230;]<\/a><\/p>\n<\/div>","protected":false},"author":3,"featured_media":23902,"comment_status":"open","ping_status":"open","sticky":false,"template":"","format":"standard","meta":{"_monsterinsights_skip_tracking":false,"_monsterinsights_sitenote_active":false,"_monsterinsights_sitenote_note":"","_monsterinsights_sitenote_category":0,"footnotes":""},"categories":[47],"tags":[6940,6358,7003,6342,8325,3185,8323,8324,7491,42,6,657,1296,658,1114],"aioseo_notices":[],"amp_enabled":true,"_links":{"self":[{"href":"https:\/\/speyer24news.com\/index.php?rest_route=\/wp\/v2\/posts\/29873"}],"collection":[{"href":"https:\/\/speyer24news.com\/index.php?rest_route=\/wp\/v2\/posts"}],"about":[{"href":"https:\/\/speyer24news.com\/index.php?rest_route=\/wp\/v2\/types\/post"}],"author":[{"embeddable":true,"href":"https:\/\/speyer24news.com\/index.php?rest_route=\/wp\/v2\/users\/3"}],"replies":[{"embeddable":true,"href":"https:\/\/speyer24news.com\/index.php?rest_route=%2Fwp%2Fv2%2Fcomments&post=29873"}],"version-history":[{"count":1,"href":"https:\/\/speyer24news.com\/index.php?rest_route=\/wp\/v2\/posts\/29873\/revisions"}],"predecessor-version":[{"id":29874,"href":"https:\/\/speyer24news.com\/index.php?rest_route=\/wp\/v2\/posts\/29873\/revisions\/29874"}],"wp:featuredmedia":[{"embeddable":true,"href":"https:\/\/speyer24news.com\/index.php?rest_route=\/wp\/v2\/media\/23902"}],"wp:attachment":[{"href":"https:\/\/speyer24news.com\/index.php?rest_route=%2Fwp%2Fv2%2Fmedia&parent=29873"}],"wp:term":[{"taxonomy":"category","embeddable":true,"href":"https:\/\/speyer24news.com\/index.php?rest_route=%2Fwp%2Fv2%2Fcategories&post=29873"},{"taxonomy":"post_tag","embeddable":true,"href":"https:\/\/speyer24news.com\/index.php?rest_route=%2Fwp%2Fv2%2Ftags&post=29873"}],"curies":[{"name":"wp","href":"https:\/\/api.w.org\/{rel}","templated":true}]}}