{"id":29885,"date":"2020-08-22T06:35:51","date_gmt":"2020-08-22T05:35:51","guid":{"rendered":"https:\/\/speyer24news.com\/?p=29885"},"modified":"2020-08-22T06:35:52","modified_gmt":"2020-08-22T05:35:52","slug":"mannheim-polizei","status":"publish","type":"post","link":"https:\/\/speyer24news.com\/?p=29885","title":{"rendered":"Mannheim \/ Polizei"},"content":{"rendered":"<style type=\"text\/css\">\r\n\t.ads_top_disp{}\r\n\t.ads_top_corner_disp{ float:left; margin:0px 10px 10px 0px; }\r\n\t.ads_first_p_disp{}\r\n\t.ads_bottom_disp{}\r\n\t<\/style>\n<h2 class=\"wp-block-heading\">rnv, Stadt und Polizei setzen auf Schwerpunktkontrollen zur Einhaltung der Maskenpflicht im \u00d6PNV<\/h2>\n\n\n\n<div class=\"wp-block-image\"><figure class=\"aligncenter\"><img decoding=\"async\" loading=\"lazy\" width=\"800\" height=\"485\" src=\"https:\/\/speyer24news.com\/wp-content\/uploads\/2020\/08\/200821-Pressetermin-Kontrolle-Maskenpflicht-\u00d6PNV.jpg\" alt=\"\" class=\"wp-image-29886\" srcset=\"https:\/\/speyer24news.com\/wp-content\/uploads\/2020\/08\/200821-Pressetermin-Kontrolle-Maskenpflicht-\u00d6PNV.jpg 800w, https:\/\/speyer24news.com\/wp-content\/uploads\/2020\/08\/200821-Pressetermin-Kontrolle-Maskenpflicht-\u00d6PNV-300x182.jpg 300w, https:\/\/speyer24news.com\/wp-content\/uploads\/2020\/08\/200821-Pressetermin-Kontrolle-Maskenpflicht-\u00d6PNV-768x466.jpg 768w\" sizes=\"(max-width: 800px) 100vw, 800px\" \/><\/figure><\/div>\n\n\n\n<p>Bei einem gemeinsamen Pressetermin (Freitag, 21.08.2020) der Rhein-Neckar-Verkehr GmbH (rnv), der Stadt Mannheim sowie die Polizei Mannheim wurden f\u00fcr die kommenden Tage Schwerpunktkontrollen bez\u00fcglich der Maskenpflicht im \u00d6ffentlichen Personennahverkehr (\u00d6PNV) angek\u00fcndigt. Dabei erkl\u00e4rten Christian Specht, Erster B\u00fcrgermeister und Sicherheitsdezernent der Stadt Mannheim sowie Aufsichtsratsvorsitzender der rnv, Christian Volz, Kaufm\u00e4nnischer Gesch\u00e4ftsf\u00fchrer der rnv, und Polizeipr\u00e4sident Andreas Stenger das gemeinsame Vorgehen, das zum Schutz der maskentragenden Mehrheit der Fahrg\u00e4ste durchgef\u00fchrt wird.<\/p>\n\n\n\n<p>Die Kontrollen sollen dabei haupts\u00e4chlich pr\u00e4ventiver und aufkl\u00e4render Natur sein: Fahrg\u00e4ste, die sich erkennbar weigern, eine Maske zu tragen, m\u00fcssen mit einem Bu\u00dfgeld von mindestens 100 Euro rechnen. \u201eUm das Infektionsgeschehen einzud\u00e4mmen und um einer zweiten Welle vorzubeugen, hat sich die Maskenpflicht als wirksames Mittel bew\u00e4hrt. Auch wenn sich der Gro\u00dfteil daran h\u00e4lt, ist allgemein ein R\u00fcckgang der Akzeptanz festzustellen. Mit den Schwerpunktkontrollen sollen diejenigen gesch\u00fctzt werden, die den \u00d6PNV nutzen und sich dabei an die Maskenpflicht halten\u201c, sagte Specht.<\/p>\n\n\n\n<p>rnv-Gesch\u00e4ftsf\u00fchrer Volz betonte, dass das Tragen einer Mund- und Nasenbedeckung in den Bussen und Bahnen sowie im Bereich der Haltestellen Pflicht ist. \u201eWir haben von Beginn an einen gro\u00dfen Aufwand betrieben, um auf die Maskenpflicht hinzuweisen und unsere Fahrg\u00e4ste aufzukl\u00e4ren. Leider untergraben einzelne renitente Verweigerer diese Ma\u00dfnahme zum allgemeinen Gesundheitsschutz. Mit den Schwerpunktkontrollen wollen wir denjenigen, die sich an die Spielregeln halten, die Best\u00e4tigung f\u00fcr ihre gegenseitige R\u00fccksichtnahme geben. Wer keine Maske dabei hat oder diese nicht korrekt tr\u00e4gt, muss damit rechnen, aus dem Fahrzeug verwiesen zu werden. Daf\u00fcr haben wir auch unser Service- und Sicherheitspersonal um 20 weitere Personen aufgestockt\u201c, k\u00fcndigt Volz an.<\/p>\n\n\n\n<p>Das Tragen einer sogenannten Alltagsmaske sei eine einfach umsetzbare M\u00f6glichkeit, die Ansteckungsgefahr zu minimieren und sei besonders wichtig in Bussen und Bahnen, wo oft der Mindestabstand nicht eingehalten werden kann. Die Pflicht zur Bedeckung von Mund und Nase im \u00d6PNV gilt bundesweit seit 27. April. Die rnv bittet ihre Fahrg\u00e4ste seither mit einer gro\u00df angelegten Informationskampagne an Haltestellen, in den Fahrzeugen sowie im Internet zur Einhaltung der geltenden Maskenpflicht sowie der Abstandsregeln im \u00d6PNV. Unter anderem laufen daf\u00fcr regelm\u00e4\u00dfige Banddurchsagen in den Bussen und Bahnen ab, die vom Fahrpersonal bei Bedarf in einer weiteren Variante zus\u00e4tzlich abgespielt werden k\u00f6nnen. Weiterhin werden s\u00e4mtliche Fahrzeuge regelm\u00e4\u00dfigen Desinfektionsreinigungen unterzogen, zudem wurden die Omnibusse der rnv mit gl\u00e4sernen Trennscheiben ausgestattet, die einen Gesundheitsschutz f\u00fcr Fahrpersonal und Fahrg\u00e4ste darstellen.<\/p>\n\n\n\n<p>Neben den Kontrollen auf verschiedenen Linien wird der st\u00e4dtische Ordnungsdienst die Maskenpflicht an ausgew\u00e4hlten und stark frequentierten Haltestellen \u00fcberwachen. Auch die Polizei unterst\u00fctzt die Aktion. \u201eAuch wir als Polizei werden bei unserer Streifent\u00e4tigkeit jetzt verst\u00e4rkt ein Auge darauf werfen, dass im \u00d6PNV der Mund-Nasen-Schutz vorschriftsm\u00e4\u00dfig getragen wird. Die gute Sicherheitsallianz von rnv, Stadt und Polizei nutzen wir, um mit Kontrollen die Einhaltung der Regeln und die Verpflichtung zum Tragen einer Alltagsschutzmaske im \u00d6PNV wieder verst\u00e4rkt in das Bewusstsein der Fahrg\u00e4ste zu r\u00fccken. Dazu werden wir auch mit gezielten und personalintensiven Schwerpunktkontrollen in den kommenden Monaten sehr aktiv sein und im \u00d6PNV den Kontrolldruck deutlich intensivieren. Im Kampf gegen die Ausbreitung des Corona-Virus ist es jetzt wichtiger denn je, dass sich alle konsequent an die Regeln halten\u201c, erkl\u00e4rte Polizeipr\u00e4sident Stenger abschlie\u00dfend.<\/p>\n\n\n\n<p><em>Stadt Mannheim<br>22.08.2020<\/em><\/p>\n","protected":false},"excerpt":{"rendered":"<div class=\"mh-excerpt\"><p>rnv, Stadt und Polizei setzen auf Schwerpunktkontrollen zur Einhaltung der Maskenpflicht im \u00d6PNV Bei einem gemeinsamen Pressetermin (Freitag, 21.08.2020) der Rhein-Neckar-Verkehr GmbH (rnv), der Stadt Mannheim sowie die Polizei Mannheim wurden f\u00fcr die kommenden Tage <a class=\"mh-excerpt-more\" href=\"https:\/\/speyer24news.com\/?p=29885\" title=\"Mannheim \/ Polizei\">[&#8230;]<\/a><\/p>\n<\/div>","protected":false},"author":3,"featured_media":0,"comment_status":"open","ping_status":"open","sticky":false,"template":"","format":"standard","meta":{"_monsterinsights_skip_tracking":false,"_monsterinsights_sitenote_active":false,"_monsterinsights_sitenote_note":"","_monsterinsights_sitenote_category":0,"footnotes":""},"categories":[6753],"tags":[56,6551,8328,8327,2593,8326,8329,8330],"aioseo_notices":[],"amp_enabled":true,"_links":{"self":[{"href":"https:\/\/speyer24news.com\/index.php?rest_route=\/wp\/v2\/posts\/29885"}],"collection":[{"href":"https:\/\/speyer24news.com\/index.php?rest_route=\/wp\/v2\/posts"}],"about":[{"href":"https:\/\/speyer24news.com\/index.php?rest_route=\/wp\/v2\/types\/post"}],"author":[{"embeddable":true,"href":"https:\/\/speyer24news.com\/index.php?rest_route=\/wp\/v2\/users\/3"}],"replies":[{"embeddable":true,"href":"https:\/\/speyer24news.com\/index.php?rest_route=%2Fwp%2Fv2%2Fcomments&post=29885"}],"version-history":[{"count":1,"href":"https:\/\/speyer24news.com\/index.php?rest_route=\/wp\/v2\/posts\/29885\/revisions"}],"predecessor-version":[{"id":29887,"href":"https:\/\/speyer24news.com\/index.php?rest_route=\/wp\/v2\/posts\/29885\/revisions\/29887"}],"wp:attachment":[{"href":"https:\/\/speyer24news.com\/index.php?rest_route=%2Fwp%2Fv2%2Fmedia&parent=29885"}],"wp:term":[{"taxonomy":"category","embeddable":true,"href":"https:\/\/speyer24news.com\/index.php?rest_route=%2Fwp%2Fv2%2Fcategories&post=29885"},{"taxonomy":"post_tag","embeddable":true,"href":"https:\/\/speyer24news.com\/index.php?rest_route=%2Fwp%2Fv2%2Ftags&post=29885"}],"curies":[{"name":"wp","href":"https:\/\/api.w.org\/{rel}","templated":true}]}}