{"id":29888,"date":"2020-08-22T06:51:38","date_gmt":"2020-08-22T05:51:38","guid":{"rendered":"https:\/\/speyer24news.com\/?p=29888"},"modified":"2020-08-22T06:51:38","modified_gmt":"2020-08-22T05:51:38","slug":"coronafallzahlen-stadtnotizen-und-verkehrsnotizen-aus-speyer-2","status":"publish","type":"post","link":"https:\/\/speyer24news.com\/?p=29888","title":{"rendered":"Coronafallzahlen, Stadtnotizen und Verkehrsnotizen aus Speyer"},"content":{"rendered":"<style type=\"text\/css\">\r\n\t.ads_top_disp{}\r\n\t.ads_top_corner_disp{ float:left; margin:0px 10px 10px 0px; }\r\n\t.ads_first_p_disp{}\r\n\t.ads_bottom_disp{}\r\n\t<\/style>\n<h1 class=\"wp-block-heading\" style=\"text-align:center\">Corona-Fallzahlen<\/h1>\n\n\n\n<div class=\"wp-block-image\"><figure class=\"aligncenter\"><img decoding=\"async\" loading=\"lazy\" width=\"800\" height=\"400\" src=\"https:\/\/speyer24news.com\/wp-content\/uploads\/2020\/02\/virus-1812092_1920.jpg\" alt=\"\" class=\"wp-image-25128\" srcset=\"https:\/\/speyer24news.com\/wp-content\/uploads\/2020\/02\/virus-1812092_1920.jpg 800w, https:\/\/speyer24news.com\/wp-content\/uploads\/2020\/02\/virus-1812092_1920-300x150.jpg 300w, https:\/\/speyer24news.com\/wp-content\/uploads\/2020\/02\/virus-1812092_1920-768x384.jpg 768w\" sizes=\"(max-width: 800px) 100vw, 800px\" \/><\/figure><\/div>\n\n\n\n<p>Anzahl best\u00e4tigter F\u00e4lle von Coronavirus (SARS-CoV-2)-Infektionen in der Stadt Speyer: 135 (+\/- 0)<br>Davon bereits genesen: 114<br>Todesf\u00e4lle: 2<br>Personen in Quarant\u00e4ne: 44<br>Gemeldete F\u00e4lle der letzten sieben Tage pro 100.000 Einwohner*innen: 16<\/p>\n\n\n\n<p><em>Stand: 21.08.2020, 12:30 Uhr<\/em><\/p>\n\n\n\n<p><em>Stadtverwaltung Speyer<br>22.08.2020<\/em><\/p>\n\n\n\n<h1 class=\"wp-block-heading\" style=\"text-align:center\">Stadtnotizen<\/h1>\n\n\n\n<div class=\"wp-block-image\"><figure class=\"aligncenter\"><img decoding=\"async\" loading=\"lazy\" width=\"800\" height=\"600\" src=\"https:\/\/speyer24news.com\/wp-content\/uploads\/2020\/01\/Speyer-Stadtnachrichten-2.jpg\" alt=\"\" class=\"wp-image-23901\" srcset=\"https:\/\/speyer24news.com\/wp-content\/uploads\/2020\/01\/Speyer-Stadtnachrichten-2.jpg 800w, https:\/\/speyer24news.com\/wp-content\/uploads\/2020\/01\/Speyer-Stadtnachrichten-2-300x225.jpg 300w, https:\/\/speyer24news.com\/wp-content\/uploads\/2020\/01\/Speyer-Stadtnachrichten-2-768x576.jpg 768w, https:\/\/speyer24news.com\/wp-content\/uploads\/2020\/01\/Speyer-Stadtnachrichten-2-678x509.jpg 678w, https:\/\/speyer24news.com\/wp-content\/uploads\/2020\/01\/Speyer-Stadtnachrichten-2-326x245.jpg 326w, https:\/\/speyer24news.com\/wp-content\/uploads\/2020\/01\/Speyer-Stadtnachrichten-2-80x60.jpg 80w\" sizes=\"(max-width: 800px) 100vw, 800px\" \/><\/figure><\/div>\n\n\n\n<h2 class=\"wp-block-heading\"><strong>Abschluss \u201eLESESOMMER Rheinland-Pfalz\u201c &#8211; Onlinepreisziehung live aus der Stadtbibliothek Speyer<\/strong><\/h2>\n\n\n\n<div class=\"wp-block-image\"><figure class=\"aligncenter\"><img decoding=\"async\" loading=\"lazy\" width=\"800\" height=\"600\" src=\"https:\/\/speyer24news.com\/wp-content\/uploads\/2020\/03\/Villa-Ecarius.jpg\" alt=\"\" class=\"wp-image-26108\" srcset=\"https:\/\/speyer24news.com\/wp-content\/uploads\/2020\/03\/Villa-Ecarius.jpg 800w, https:\/\/speyer24news.com\/wp-content\/uploads\/2020\/03\/Villa-Ecarius-300x225.jpg 300w, https:\/\/speyer24news.com\/wp-content\/uploads\/2020\/03\/Villa-Ecarius-768x576.jpg 768w, https:\/\/speyer24news.com\/wp-content\/uploads\/2020\/03\/Villa-Ecarius-678x509.jpg 678w, https:\/\/speyer24news.com\/wp-content\/uploads\/2020\/03\/Villa-Ecarius-326x245.jpg 326w, https:\/\/speyer24news.com\/wp-content\/uploads\/2020\/03\/Villa-Ecarius-80x60.jpg 80w\" sizes=\"(max-width: 800px) 100vw, 800px\" \/><\/figure><\/div>\n\n\n\n<p>Beim diesj\u00e4hrigen LESESOMMER\u00a0Rheinland-Pfalz f\u00fcr Kinder und Jugendliche von sechs bis 16 Jahren haben sich in der Stadtbibliothek Speyer 60 Kinder und Jugendliche angemeldet. Im Zeitraum vom 22. Juni bis 22. August wurde flei\u00dfig geschm\u00f6kert und B\u00fccher bewertet. Im Durchschnitt haben die Teilnehmenden 3,6 B\u00fccher gelesen.<\/p>\n\n\n\n<p>Alternativ zur coronabedingt ausfallenden\u00a0Abschlussfeier des LESESOMMERS\u00a0werden in diesem Jahr die sch\u00f6nsten eingereichten Bilder und Buchbewertungen pr\u00e4miert. Das Tolle daran: Welche Bilder und Bewertungen gewonnen haben, kann am <strong>Freitag, 28. August 2020 um 16.30 Uhr<\/strong> auf der <a href=\"https:\/\/www.facebook.com\/stadtbibliothek.speyer\">Facebook-Seite der Bibliothek<\/a> live mitverfolgt werden. Die Ermittlung der Sieger*innen erfolgt\u00a0 durch B\u00fcrgermeisterin Monika Kabs, die erste Vorsitzende des F\u00f6rdervereins \u201eFreunde der Stadtbibliothek e.V.\u201c Bettina Gersch sowie Leitungsmitglied der Stadtbibliothek Kerstin B\u00fcrger. Pr\u00e4miert wird in drei Kategorien: Online-Buchtipp, Buchcheck und Bilder. In den Kategorien selbst wird es jeweils drei Gewinner*innen geben.<\/p>\n\n\n\n<div class=\"wp-block-image\"><figure class=\"aligncenter\"><img decoding=\"async\" loading=\"lazy\" width=\"600\" height=\"283\" src=\"https:\/\/speyer24news.com\/wp-content\/uploads\/2020\/06\/Lesesommer-Logo.png\" alt=\"\" class=\"wp-image-27957\" srcset=\"https:\/\/speyer24news.com\/wp-content\/uploads\/2020\/06\/Lesesommer-Logo.png 600w, https:\/\/speyer24news.com\/wp-content\/uploads\/2020\/06\/Lesesommer-Logo-300x142.png 300w\" sizes=\"(max-width: 600px) 100vw, 600px\" \/><\/figure><\/div>\n\n\n\n<p>Die pr\u00e4mierten Beitr\u00e4ge werden anschlie\u00dfend anonymisiert auf der Facebook- und Instagram-Seite der Stadtbibliothek Speyer geteilt. Die Gewinner*innen werden entsprechend informiert und k\u00f6nnen ihren Gewinn w\u00e4hrend der \u00d6ffnungszeiten abholen.<\/p>\n\n\n\n<p>Wie im letzten Jahr gibt es bei erfolgreicher LESESOMMER-Teilnahme (mindestens drei gelesene B\u00fccher) eine Urkunde. Zudem nehmen\u00a0alle Kinder und Jugendliche, die sich am\u00a0LESESOMMER beteiligt haben, automatisch\u00a0am\u00a0landesweiten Gewinnspiel teil. Der Hauptgewinn ist ein Gutschein f\u00fcr einen zweit\u00e4gigen Aufenthalt f\u00fcr vier Personen im Europapark Rust.<\/p>\n\n\n\n<p><em>Stadtverwaltung Speyer \/ Stadtbibliothek Speyer<br>22.08.2020<\/em><\/p>\n\n\n\n<h1 class=\"wp-block-heading\" style=\"text-align:center\">Verkehrsnotizen<\/h1>\n\n\n\n<figure class=\"wp-block-image\"><img decoding=\"async\" loading=\"lazy\" width=\"800\" height=\"565\" src=\"https:\/\/speyer24news.com\/wp-content\/uploads\/2020\/01\/Baustelle-2.jpg\" alt=\"\" class=\"wp-image-23900\" srcset=\"https:\/\/speyer24news.com\/wp-content\/uploads\/2020\/01\/Baustelle-2.jpg 800w, https:\/\/speyer24news.com\/wp-content\/uploads\/2020\/01\/Baustelle-2-300x212.jpg 300w, https:\/\/speyer24news.com\/wp-content\/uploads\/2020\/01\/Baustelle-2-768x542.jpg 768w\" sizes=\"(max-width: 800px) 100vw, 800px\" \/><\/figure>\n\n\n\n<h2 class=\"wp-block-heading\"><strong>Rheinh\u00e4user Weide gesperrt<\/strong><\/h2>\n\n\n\n<div class=\"wp-block-image\"><figure class=\"aligncenter\"><img decoding=\"async\" src=\"https:\/\/speyer24news.com\/wp-content\/uploads\/2020\/01\/Vollsperrung.jpg\" alt=\"\" class=\"wp-image-23970\"\/><\/figure><\/div>\n\n\n\n<p>Aufgrund von Kranarbeiten im Bereich der Heinkelstra\u00dfe 2 wird die Rheinh\u00e4user Weide aus Richtung Heinkelstra\u00dfe<strong> am Donnerstag, 27. August 2020, in der Zeit von 13 bis 18 Uhr<\/strong> f\u00fcr den Verkehr voll gesperrt.<\/p>\n\n\n\n<p>F\u00fcr R\u00fcckfragen steht die Stra\u00dfenverkehrsbeh\u00f6rde unter der Telefonnummer 14-2938 zur Verf\u00fcgung.<\/p>\n\n\n\n<p><em>Stadtverwaltung Speyer<br>22.08.2020<\/em><\/p>\n","protected":false},"excerpt":{"rendered":"<div class=\"mh-excerpt\"><p>Corona-Fallzahlen Anzahl best\u00e4tigter F\u00e4lle von Coronavirus (SARS-CoV-2)-Infektionen in der Stadt Speyer: 135 (+\/- 0)Davon bereits genesen: 114Todesf\u00e4lle: 2Personen in Quarant\u00e4ne: 44Gemeldete F\u00e4lle der letzten sieben Tage pro 100.000 Einwohner*innen: 16 Stand: 21.08.2020, 12:30 Uhr Stadtverwaltung <a class=\"mh-excerpt-more\" href=\"https:\/\/speyer24news.com\/?p=29888\" title=\"Coronafallzahlen, Stadtnotizen und Verkehrsnotizen aus Speyer\">[&#8230;]<\/a><\/p>\n<\/div>","protected":false},"author":3,"featured_media":23902,"comment_status":"open","ping_status":"open","sticky":false,"template":"","format":"standard","meta":{"_monsterinsights_skip_tracking":false,"_monsterinsights_sitenote_active":false,"_monsterinsights_sitenote_note":"","_monsterinsights_sitenote_category":0,"footnotes":""},"categories":[47],"tags":[6940,6358,7003,6342,1340,1341,8331,8332,6,1434,657,1296,658,1114],"aioseo_notices":[],"amp_enabled":true,"_links":{"self":[{"href":"https:\/\/speyer24news.com\/index.php?rest_route=\/wp\/v2\/posts\/29888"}],"collection":[{"href":"https:\/\/speyer24news.com\/index.php?rest_route=\/wp\/v2\/posts"}],"about":[{"href":"https:\/\/speyer24news.com\/index.php?rest_route=\/wp\/v2\/types\/post"}],"author":[{"embeddable":true,"href":"https:\/\/speyer24news.com\/index.php?rest_route=\/wp\/v2\/users\/3"}],"replies":[{"embeddable":true,"href":"https:\/\/speyer24news.com\/index.php?rest_route=%2Fwp%2Fv2%2Fcomments&post=29888"}],"version-history":[{"count":1,"href":"https:\/\/speyer24news.com\/index.php?rest_route=\/wp\/v2\/posts\/29888\/revisions"}],"predecessor-version":[{"id":29889,"href":"https:\/\/speyer24news.com\/index.php?rest_route=\/wp\/v2\/posts\/29888\/revisions\/29889"}],"wp:featuredmedia":[{"embeddable":true,"href":"https:\/\/speyer24news.com\/index.php?rest_route=\/wp\/v2\/media\/23902"}],"wp:attachment":[{"href":"https:\/\/speyer24news.com\/index.php?rest_route=%2Fwp%2Fv2%2Fmedia&parent=29888"}],"wp:term":[{"taxonomy":"category","embeddable":true,"href":"https:\/\/speyer24news.com\/index.php?rest_route=%2Fwp%2Fv2%2Fcategories&post=29888"},{"taxonomy":"post_tag","embeddable":true,"href":"https:\/\/speyer24news.com\/index.php?rest_route=%2Fwp%2Fv2%2Ftags&post=29888"}],"curies":[{"name":"wp","href":"https:\/\/api.w.org\/{rel}","templated":true}]}}