{"id":29970,"date":"2020-08-24T12:20:55","date_gmt":"2020-08-24T11:20:55","guid":{"rendered":"https:\/\/speyer24news.com\/?p=29970"},"modified":"2020-08-24T12:20:57","modified_gmt":"2020-08-24T11:20:57","slug":"kultur-28","status":"publish","type":"post","link":"https:\/\/speyer24news.com\/?p=29970","title":{"rendered":"Kultur"},"content":{"rendered":"<style type=\"text\/css\">\r\n\t.ads_top_disp{}\r\n\t.ads_top_corner_disp{ float:left; margin:0px 10px 10px 0px; }\r\n\t.ads_first_p_disp{}\r\n\t.ads_bottom_disp{}\r\n\t<\/style>\n<div class=\"wp-block-image\"><figure class=\"aligncenter\"><img decoding=\"async\" loading=\"lazy\" width=\"450\" height=\"410\" src=\"https:\/\/speyer24news.com\/wp-content\/uploads\/2020\/01\/SchUM-Logo.png\" alt=\"\" class=\"wp-image-24183\" srcset=\"https:\/\/speyer24news.com\/wp-content\/uploads\/2020\/01\/SchUM-Logo.png 450w, https:\/\/speyer24news.com\/wp-content\/uploads\/2020\/01\/SchUM-Logo-300x273.png 300w\" sizes=\"(max-width: 450px) 100vw, 450px\" \/><\/figure><\/div>\n\n\n\n<h2 class=\"wp-block-heading\">Sonderausstellung INNOVATION MADE IN SchUM im Museum SchPIRA in Speyer er\u00f6ffnet<\/h2>\n\n\n\n<div class=\"wp-block-image\"><figure class=\"aligncenter\"><img decoding=\"async\" loading=\"lazy\" width=\"800\" height=\"600\" src=\"https:\/\/speyer24news.com\/wp-content\/uploads\/2020\/08\/img_3135.jpg\" alt=\"\" class=\"wp-image-29971\" srcset=\"https:\/\/speyer24news.com\/wp-content\/uploads\/2020\/08\/img_3135.jpg 800w, https:\/\/speyer24news.com\/wp-content\/uploads\/2020\/08\/img_3135-300x225.jpg 300w, https:\/\/speyer24news.com\/wp-content\/uploads\/2020\/08\/img_3135-768x576.jpg 768w, https:\/\/speyer24news.com\/wp-content\/uploads\/2020\/08\/img_3135-678x509.jpg 678w, https:\/\/speyer24news.com\/wp-content\/uploads\/2020\/08\/img_3135-326x245.jpg 326w, https:\/\/speyer24news.com\/wp-content\/uploads\/2020\/08\/img_3135-80x60.jpg 80w\" sizes=\"(max-width: 800px) 100vw, 800px\" \/><figcaption>v.l.: Staatssekret\u00e4r Denis Alt, Oberb\u00fcrgermeisterin Stefanie Seiler, B\u00fcrgermeisterin Monika Kabs und der Vorsitzende des Verkehrsvereins Uwe W\u00f6hlert vor der mittelalterlichen Synagoge von Speyer<br><em>Foto: Stadt Speyer<\/em><\/figcaption><\/figure><\/div>\n\n\n\n<p><strong>Speyer &#8211; <\/strong>Im Museum SchPIRA in Speyer wurde am 23. August 2020, die Sonderausstellung INNOVATION MADE IN SchUM er\u00f6ffnet, die bis Ende n\u00e4chsten Jahres zu den regul\u00e4ren \u00d6ffnungszeiten des Museums besichtigt werden kann.<\/p>\n\n\n\n<p>INNOVATION MADE IN SchUM ist eine Ausstellung des Landes Rheinland-Pfalz mit der Generaldirektion Kulturelles Erbe Rheinland-Pfalz (GDKE) in Kooperation mit der Stadt Speyer unter Beteiligung des Instituts f\u00fcr Europ\u00e4ische Kunstgeschichte der Universit\u00e4t Heidelberg (IEK).<\/p>\n\n\n\n<p>Im Mittelpunkt der Ausstellung steht der Judenhof Speyer \u2013 das fr\u00fcheste erhaltene j\u00fcdische Gemeindezentrum in Mitteleuropa. \u201eDie Ausstellung ist eine einzigartige M\u00f6glichkeit, auf die sch\u00f6pferische Leistungskraft der SchUM-Gemeinden Speyer, Worms und Mainz zu verweisen. Obendrein gew\u00e4hrt sie Einblicke in den aktuell laufenden Prozess der UNESCO-Welterbebewerbung, deren Ergebnis die Speyerer*innen gespannt entgegenblicken\u201c, so Oberb\u00fcrgermeisterin Stefanie Seiler in Ihrem Beitrag zur Er\u00f6ffnung der Ausstellung.<\/p>\n\n\n\n<div class=\"wp-block-image\"><figure class=\"aligncenter\"><img decoding=\"async\" loading=\"lazy\" width=\"800\" height=\"600\" src=\"https:\/\/speyer24news.com\/wp-content\/uploads\/2020\/08\/DSC06641.jpg\" alt=\"\" class=\"wp-image-29972\" srcset=\"https:\/\/speyer24news.com\/wp-content\/uploads\/2020\/08\/DSC06641.jpg 800w, https:\/\/speyer24news.com\/wp-content\/uploads\/2020\/08\/DSC06641-300x225.jpg 300w, https:\/\/speyer24news.com\/wp-content\/uploads\/2020\/08\/DSC06641-768x576.jpg 768w, https:\/\/speyer24news.com\/wp-content\/uploads\/2020\/08\/DSC06641-678x509.jpg 678w, https:\/\/speyer24news.com\/wp-content\/uploads\/2020\/08\/DSC06641-326x245.jpg 326w, https:\/\/speyer24news.com\/wp-content\/uploads\/2020\/08\/DSC06641-80x60.jpg 80w\" sizes=\"(max-width: 800px) 100vw, 800px\" \/><\/figure><\/div>\n\n\n\n<p>\u201eDie Pr\u00e4sentation, die wir heute er\u00f6ffnen, erg\u00e4nzt das bereits bestehende aussagekr\u00e4ftige Angebot des Museums Schpira tempor\u00e4r um zwei Aspekte, die der UNESCO wichtig sind: Sie richtet zum einem den Blick auf SchUM als serielle Nominierung. Zum anderen vermittelt sie die wesentlichen Ideen der Welterbe-Konvention, dass es weltweit St\u00e4tten gibt, die \u201aeine kulturelle Bedeutung haben, die so au\u00dfergew\u00f6hnlich ist, dass sie nationale Grenzen durchdringt und sowohl f\u00fcr gegenw\u00e4rtige als auch f\u00fcr k\u00fcnftige Generationen der Menschheit von Bedeutung ist\u2018. Ich danke allen Beteiligten f\u00fcr die Konzipierung dieser au\u00dfergew\u00f6hnlichen Ausstellung und auch ganz besonders f\u00fcr die intensive Unterst\u00fctzung bei der Erarbeitung des Welterbe-Antrags\u201c, sagte Dr. Denis Alt, Staatssekret\u00e4r im Kulturministerium und Regierungsbeauftragter f\u00fcr das UNESCO-Welterbe Rheinland-Pfalz.<\/p>\n\n\n\n<div class=\"wp-block-image\"><figure class=\"aligncenter\"><img decoding=\"async\" loading=\"lazy\" width=\"500\" height=\"667\" src=\"https:\/\/speyer24news.com\/wp-content\/uploads\/2020\/08\/DSC06627.jpg\" alt=\"\" class=\"wp-image-29973\" srcset=\"https:\/\/speyer24news.com\/wp-content\/uploads\/2020\/08\/DSC06627.jpg 500w, https:\/\/speyer24news.com\/wp-content\/uploads\/2020\/08\/DSC06627-225x300.jpg 225w\" sizes=\"(max-width: 500px) 100vw, 500px\" \/><\/figure><\/div>\n\n\n\n<p>Die j\u00fcdischen Gemeinden der drei St\u00e4dte besiegelten Ende des 12. Jahrhunderts ihren vielf\u00e4ltig gelebten Austausch mit gemeinsamen Beschl\u00fcssen. Der einzigartige Verbund SchUM, deren Name sich aus den Anfangsbuchstaben der mittelalterlichen hebr\u00e4ischen Namen der drei St\u00e4dte zusammensetzt, tr\u00e4gt die wesentlichen Elemente der j\u00fcdischen Tradition bis in die Gegenwart.<\/p>\n\n\n\n<p><em>Stadt Speyer \/ Kultur, Tourismus, Bildung &amp; Sport<br>24.08.2020<\/em><\/p>\n","protected":false},"excerpt":{"rendered":"<div class=\"mh-excerpt\"><p>Sonderausstellung INNOVATION MADE IN SchUM im Museum SchPIRA in Speyer er\u00f6ffnet Speyer &#8211; Im Museum SchPIRA in Speyer wurde am 23. August 2020, die Sonderausstellung INNOVATION MADE IN SchUM er\u00f6ffnet, die bis Ende n\u00e4chsten Jahres <a class=\"mh-excerpt-more\" href=\"https:\/\/speyer24news.com\/?p=29970\" title=\"Kultur\">[&#8230;]<\/a><\/p>\n<\/div>","protected":false},"author":3,"featured_media":0,"comment_status":"open","ping_status":"open","sticky":false,"template":"","format":"standard","meta":{"_monsterinsights_skip_tracking":false,"_monsterinsights_sitenote_active":false,"_monsterinsights_sitenote_note":"","_monsterinsights_sitenote_category":0,"footnotes":""},"categories":[14],"tags":[3365,3370,8359,3361,3015,5550,6,5533],"aioseo_notices":[],"amp_enabled":true,"_links":{"self":[{"href":"https:\/\/speyer24news.com\/index.php?rest_route=\/wp\/v2\/posts\/29970"}],"collection":[{"href":"https:\/\/speyer24news.com\/index.php?rest_route=\/wp\/v2\/posts"}],"about":[{"href":"https:\/\/speyer24news.com\/index.php?rest_route=\/wp\/v2\/types\/post"}],"author":[{"embeddable":true,"href":"https:\/\/speyer24news.com\/index.php?rest_route=\/wp\/v2\/users\/3"}],"replies":[{"embeddable":true,"href":"https:\/\/speyer24news.com\/index.php?rest_route=%2Fwp%2Fv2%2Fcomments&post=29970"}],"version-history":[{"count":1,"href":"https:\/\/speyer24news.com\/index.php?rest_route=\/wp\/v2\/posts\/29970\/revisions"}],"predecessor-version":[{"id":29974,"href":"https:\/\/speyer24news.com\/index.php?rest_route=\/wp\/v2\/posts\/29970\/revisions\/29974"}],"wp:attachment":[{"href":"https:\/\/speyer24news.com\/index.php?rest_route=%2Fwp%2Fv2%2Fmedia&parent=29970"}],"wp:term":[{"taxonomy":"category","embeddable":true,"href":"https:\/\/speyer24news.com\/index.php?rest_route=%2Fwp%2Fv2%2Fcategories&post=29970"},{"taxonomy":"post_tag","embeddable":true,"href":"https:\/\/speyer24news.com\/index.php?rest_route=%2Fwp%2Fv2%2Ftags&post=29970"}],"curies":[{"name":"wp","href":"https:\/\/api.w.org\/{rel}","templated":true}]}}