{"id":29975,"date":"2020-08-24T12:44:05","date_gmt":"2020-08-24T11:44:05","guid":{"rendered":"https:\/\/speyer24news.com\/?p=29975"},"modified":"2020-08-24T12:44:06","modified_gmt":"2020-08-24T11:44:06","slug":"speyer-aktuell-30","status":"publish","type":"post","link":"https:\/\/speyer24news.com\/?p=29975","title":{"rendered":"Speyer \/ Aktuell"},"content":{"rendered":"<style type=\"text\/css\">\r\n\t.ads_top_disp{}\r\n\t.ads_top_corner_disp{ float:left; margin:0px 10px 10px 0px; }\r\n\t.ads_first_p_disp{}\r\n\t.ads_bottom_disp{}\r\n\t<\/style>\n<div class=\"wp-block-image\"><figure class=\"aligncenter\"><img decoding=\"async\" loading=\"lazy\" width=\"800\" height=\"570\" src=\"https:\/\/speyer24news.com\/wp-content\/uploads\/2020\/08\/inSPEYERed.png\" alt=\"\" class=\"wp-image-29976\" srcset=\"https:\/\/speyer24news.com\/wp-content\/uploads\/2020\/08\/inSPEYERed.png 800w, https:\/\/speyer24news.com\/wp-content\/uploads\/2020\/08\/inSPEYERed-300x214.png 300w, https:\/\/speyer24news.com\/wp-content\/uploads\/2020\/08\/inSPEYERed-768x547.png 768w\" sizes=\"(max-width: 800px) 100vw, 800px\" \/><\/figure><\/div>\n\n\n\n<h2 class=\"wp-block-heading\">Kostenloser Lastenrad-Verleih von inSPEYERed e.V. gestartet<\/h2>\n\n\n\n<h3 class=\"wp-block-heading\">Das erste Lastenrad verf\u00fcgt \u00fcber einen Elektromotor, der beim Transport von sperrigen oder schweren Gegenst\u00e4nden wertvolle Hilfe leistet.<\/h3>\n\n\n\n<div class=\"wp-block-image\"><figure class=\"aligncenter\"><img decoding=\"async\" loading=\"lazy\" width=\"800\" height=\"597\" src=\"https:\/\/speyer24news.com\/wp-content\/uploads\/2020\/08\/LASTENRAD_2.jpg\" alt=\"\" class=\"wp-image-29977\" srcset=\"https:\/\/speyer24news.com\/wp-content\/uploads\/2020\/08\/LASTENRAD_2.jpg 800w, https:\/\/speyer24news.com\/wp-content\/uploads\/2020\/08\/LASTENRAD_2-300x224.jpg 300w, https:\/\/speyer24news.com\/wp-content\/uploads\/2020\/08\/LASTENRAD_2-768x573.jpg 768w, https:\/\/speyer24news.com\/wp-content\/uploads\/2020\/08\/LASTENRAD_2-80x60.jpg 80w\" sizes=\"(max-width: 800px) 100vw, 800px\" \/><\/figure><\/div>\n\n\n\n<p><strong>Speyer.<\/strong>\u00a0Ab sofort verleiht der Verein inSPEYERed kostenlos ein E-Lastenrad. Den Start erm\u00f6glichte der Gewinn eines Projektwettbewerbs der Stadtwerke Speyer Stiftung. Das Konzept nach dem Motto \u201eTeilen statt Besitzen\u201c setzt der gemeinn\u00fctzige Verein inSPEYERed e.V. f\u00fcr Demokratie und Nachhaltigkeit jetzt in die Wirklichkeit um. Das erste Lastenrad verf\u00fcgt \u00fcber einen Elektromotor, der beim Transport von sperrigen oder schweren Gegenst\u00e4nden wertvolle Hilfe leistet.<\/p>\n\n\n\n<div class=\"wp-block-image\"><figure class=\"aligncenter\"><img decoding=\"async\" loading=\"lazy\" width=\"800\" height=\"583\" src=\"https:\/\/speyer24news.com\/wp-content\/uploads\/2020\/08\/Lastenrad_1.jpg\" alt=\"\" class=\"wp-image-29978\" srcset=\"https:\/\/speyer24news.com\/wp-content\/uploads\/2020\/08\/Lastenrad_1.jpg 800w, https:\/\/speyer24news.com\/wp-content\/uploads\/2020\/08\/Lastenrad_1-300x219.jpg 300w, https:\/\/speyer24news.com\/wp-content\/uploads\/2020\/08\/Lastenrad_1-768x560.jpg 768w\" sizes=\"(max-width: 800px) 100vw, 800px\" \/><\/figure><\/div>\n\n\n\n<p>So wird selbst der Einkauf von Getr\u00e4nkekisten ein Kinderspiel und das Auto kann stehen bleiben. Mindestens ein weiteres Lastenrad wird demn\u00e4chst hinzukommen. Als erste Ausleihstation steht der Unverpacktladen \u201eKaufladen\u201c in der Gro\u00dfen Greifengasse 1 fest. Buchungen f\u00fcr das Lastenrad k\u00f6nnen ganz einfach \u00fcber die eigens daf\u00fcr eingerichtete Internetseite\u00a0<a rel=\"noreferrer noopener\" href=\"http:\/\/www.inspeyered.de\/lastenrad\" target=\"_blank\">www.inspeyered.de\/lastenrad<\/a>\u00a0get\u00e4tigt werden. inSPEYERed freut sich \u00fcber Spenden von zufriedenen Radelnden.<\/p>\n\n\n\n<div class=\"wp-block-image\"><figure class=\"aligncenter\"><img decoding=\"async\" loading=\"lazy\" width=\"800\" height=\"568\" src=\"https:\/\/speyer24news.com\/wp-content\/uploads\/2020\/08\/Lastenrad_3.jpg\" alt=\"\" class=\"wp-image-29979\" srcset=\"https:\/\/speyer24news.com\/wp-content\/uploads\/2020\/08\/Lastenrad_3.jpg 800w, https:\/\/speyer24news.com\/wp-content\/uploads\/2020\/08\/Lastenrad_3-300x213.jpg 300w, https:\/\/speyer24news.com\/wp-content\/uploads\/2020\/08\/Lastenrad_3-768x545.jpg 768w\" sizes=\"(max-width: 800px) 100vw, 800px\" \/><\/figure><\/div>\n\n\n\n<p>Das Gesamtkonzept von der Beschaffung \u00fcber den Betrieb und die Wartung bis hin zur Buchungsplattform stellt inSPEYERed e.V. f\u00fcr weitere Lastenr\u00e4der und Ausleihstationen bei Interesse zur Verf\u00fcgung. So k\u00f6nnen Betriebe im Einzelhandel als Ausleihstation fungieren und ihrer Kundschaft ein Lastenrad zum Transport anbieten. Kontakt:&nbsp;<a href=\"javascript:linkTo_UnCryptMailto('ocknvq,kphqBkpurgagtgf0fg');\">info(at)inspeyered.de<\/a><\/p>\n\n\n\n<p><em>inSPEYERed e.V.<br>24.08.2020<\/em><\/p>\n","protected":false},"excerpt":{"rendered":"<div class=\"mh-excerpt\"><p>Kostenloser Lastenrad-Verleih von inSPEYERed e.V. gestartet Das erste Lastenrad verf\u00fcgt \u00fcber einen Elektromotor, der beim Transport von sperrigen oder schweren Gegenst\u00e4nden wertvolle Hilfe leistet. Speyer.\u00a0Ab sofort verleiht der Verein inSPEYERed kostenlos ein E-Lastenrad. Den Start <a class=\"mh-excerpt-more\" href=\"https:\/\/speyer24news.com\/?p=29975\" title=\"Speyer \/ Aktuell\">[&#8230;]<\/a><\/p>\n<\/div>","protected":false},"author":3,"featured_media":23902,"comment_status":"open","ping_status":"open","sticky":false,"template":"","format":"standard","meta":{"_monsterinsights_skip_tracking":false,"_monsterinsights_sitenote_active":false,"_monsterinsights_sitenote_note":"","_monsterinsights_sitenote_category":0,"footnotes":""},"categories":[9],"tags":[633,8361,8360,6],"aioseo_notices":[],"amp_enabled":true,"_links":{"self":[{"href":"https:\/\/speyer24news.com\/index.php?rest_route=\/wp\/v2\/posts\/29975"}],"collection":[{"href":"https:\/\/speyer24news.com\/index.php?rest_route=\/wp\/v2\/posts"}],"about":[{"href":"https:\/\/speyer24news.com\/index.php?rest_route=\/wp\/v2\/types\/post"}],"author":[{"embeddable":true,"href":"https:\/\/speyer24news.com\/index.php?rest_route=\/wp\/v2\/users\/3"}],"replies":[{"embeddable":true,"href":"https:\/\/speyer24news.com\/index.php?rest_route=%2Fwp%2Fv2%2Fcomments&post=29975"}],"version-history":[{"count":1,"href":"https:\/\/speyer24news.com\/index.php?rest_route=\/wp\/v2\/posts\/29975\/revisions"}],"predecessor-version":[{"id":29980,"href":"https:\/\/speyer24news.com\/index.php?rest_route=\/wp\/v2\/posts\/29975\/revisions\/29980"}],"wp:featuredmedia":[{"embeddable":true,"href":"https:\/\/speyer24news.com\/index.php?rest_route=\/wp\/v2\/media\/23902"}],"wp:attachment":[{"href":"https:\/\/speyer24news.com\/index.php?rest_route=%2Fwp%2Fv2%2Fmedia&parent=29975"}],"wp:term":[{"taxonomy":"category","embeddable":true,"href":"https:\/\/speyer24news.com\/index.php?rest_route=%2Fwp%2Fv2%2Fcategories&post=29975"},{"taxonomy":"post_tag","embeddable":true,"href":"https:\/\/speyer24news.com\/index.php?rest_route=%2Fwp%2Fv2%2Ftags&post=29975"}],"curies":[{"name":"wp","href":"https:\/\/api.w.org\/{rel}","templated":true}]}}