{"id":30004,"date":"2020-08-26T06:10:25","date_gmt":"2020-08-26T05:10:25","guid":{"rendered":"https:\/\/speyer24news.com\/?p=30004"},"modified":"2020-08-26T06:10:27","modified_gmt":"2020-08-26T05:10:27","slug":"coronafallzahlen-stadtnotizen-und-verkehrsnotizen-aus-speyer-4","status":"publish","type":"post","link":"https:\/\/speyer24news.com\/?p=30004","title":{"rendered":"Coronafallzahlen, Stadtnotizen und Verkehrsnotizen aus Speyer"},"content":{"rendered":"<style type=\"text\/css\">\r\n\t.ads_top_disp{}\r\n\t.ads_top_corner_disp{ float:left; margin:0px 10px 10px 0px; }\r\n\t.ads_first_p_disp{}\r\n\t.ads_bottom_disp{}\r\n\t<\/style>\n<h1 class=\"wp-block-heading\" style=\"text-align:center\">Corona-Fallzahlen<\/h1>\n\n\n\n<div class=\"wp-block-image\"><figure class=\"aligncenter\"><img decoding=\"async\" loading=\"lazy\" width=\"800\" height=\"400\" src=\"https:\/\/speyer24news.com\/wp-content\/uploads\/2020\/02\/virus-1812092_1920.jpg\" alt=\"\" class=\"wp-image-25128\" srcset=\"https:\/\/speyer24news.com\/wp-content\/uploads\/2020\/02\/virus-1812092_1920.jpg 800w, https:\/\/speyer24news.com\/wp-content\/uploads\/2020\/02\/virus-1812092_1920-300x150.jpg 300w, https:\/\/speyer24news.com\/wp-content\/uploads\/2020\/02\/virus-1812092_1920-768x384.jpg 768w\" sizes=\"(max-width: 800px) 100vw, 800px\" \/><\/figure><\/div>\n\n\n\n<p>Anzahl best\u00e4tigter F\u00e4lle von Coronavirus (SARS-CoV-2)-Infektionen in der Stadt Speyer: 140 (+\/- 0)<br>Davon bereits genesen: 116<br>Todesf\u00e4lle: 2<br>Personen in Quarant\u00e4ne: 39<br>Gemeldete F\u00e4lle der letzten sieben Tage pro 100.000 Einwohner*innen: 12<br><\/p>\n\n\n\n<p><em>Stand: 25.08.2020, 15:30 Uhr<\/em><\/p>\n\n\n\n<p><em>Stadtverwaltung Speyer<br>26.08.2020<\/em><\/p>\n\n\n\n<h1 class=\"wp-block-heading\" style=\"text-align:center\">Stadtnotizen<\/h1>\n\n\n\n<figure class=\"wp-block-image\"><img decoding=\"async\" loading=\"lazy\" width=\"800\" height=\"600\" src=\"https:\/\/speyer24news.com\/wp-content\/uploads\/2020\/01\/Speyer-Stadtnachrichten-2.jpg\" alt=\"\" class=\"wp-image-23901\" srcset=\"https:\/\/speyer24news.com\/wp-content\/uploads\/2020\/01\/Speyer-Stadtnachrichten-2.jpg 800w, https:\/\/speyer24news.com\/wp-content\/uploads\/2020\/01\/Speyer-Stadtnachrichten-2-300x225.jpg 300w, https:\/\/speyer24news.com\/wp-content\/uploads\/2020\/01\/Speyer-Stadtnachrichten-2-768x576.jpg 768w, https:\/\/speyer24news.com\/wp-content\/uploads\/2020\/01\/Speyer-Stadtnachrichten-2-678x509.jpg 678w, https:\/\/speyer24news.com\/wp-content\/uploads\/2020\/01\/Speyer-Stadtnachrichten-2-326x245.jpg 326w, https:\/\/speyer24news.com\/wp-content\/uploads\/2020\/01\/Speyer-Stadtnachrichten-2-80x60.jpg 80w\" sizes=\"(max-width: 800px) 100vw, 800px\" \/><\/figure>\n\n\n\n<h2 class=\"wp-block-heading\"><strong>Vortragsreihe \u201eMittwochabend im Stadtarchiv\u201c: Vortrag \u201eVon M\u00fcttern, Schwestern und Pflegern \u2013 Beginen des 16. Jahrhunderts am Beispiel des Tertiarinnenkonvents zum Roten Schild in Speyer\u201c am 2. September 2020<\/strong><\/h2>\n\n\n\n<p>Mit dem Vortrag \u201eVon M\u00fcttern, Schwestern und Pflegern \u2013 Beginen des 16. Jahrhunderts am Beispiel des Tertiarinnenkonvents zum Roten Schild in Speyer\u201c startet am Mittwoch, 2. September 2020, um 18.30 Uhr, im Stadtratssitzungsaal (Maximilianstr. 12)die Vortragsreihe des Kulturellen Erbes \u2013 Stadtarchiv Speyer ins Winterhalbjahr, in dem das Thema Religionen den Schwerpunkt bildet. Referentin Teresa Keller-Janka, M.A. (Heidelberg) wird das Beginenhaus zum Roten Schild vorstellen.<\/p>\n\n\n\n<p>Die Freie Reichsstadt Speyer beheimatete um 1500 eine Vielzahl religi\u00f6ser Gemeinschaften beiderlei Geschlechts. Eine dieser religi\u00f6sen Gruppen waren die Beginen. Der Tertiarinnenkonvent zum Roten Schild war eine der letzten Institutionen ihrer Art. Ab 1520 \u00fcbernahmen st\u00e4dtische Pfleger die wirtschaftliche und rechtliche Aufsicht des Hauses. Sp\u00e4testens ab diesem Zeitpunkt wandelte sich das Haus zum Roten Schild von einer geistlichen Einrichtung zu einer karitativen st\u00e4dtischen F\u00fcrsorgeeinrichtung f\u00fcr Frauen.<\/p>\n\n\n\n<p>Eine Anmeldung vorab ist zwingend erforderlich und sollte mit der Angabe der Kontaktdaten und der Teilnehmerzahl unter der E-Mail-Adresse&nbsp;<a href=\"mailto:stadtarchiv@stadt-speyer.de\" target=\"_blank\" rel=\"noreferrer noopener\">stadtarchiv@stadt-speyer.de<\/a>&nbsp;erfolgen.<\/p>\n\n\n\n<p>W\u00e4hrend des Vortrags gelten f\u00fcr die Zuh\u00f6rer*innen Maskenpflicht sowie die coronabedingten Hygiene- und Abstandsregeln. &nbsp;<\/p>\n\n\n\n<p><em>Stadtverwaltung Speyer<br>26.08.2020<\/em><\/p>\n\n\n\n<h1 class=\"wp-block-heading\" style=\"text-align:center\">Verkehrsnotizen<\/h1>\n\n\n\n<figure class=\"wp-block-image\"><img decoding=\"async\" loading=\"lazy\" width=\"800\" height=\"565\" src=\"https:\/\/speyer24news.com\/wp-content\/uploads\/2020\/01\/Baustelle-2.jpg\" alt=\"\" class=\"wp-image-23900\" srcset=\"https:\/\/speyer24news.com\/wp-content\/uploads\/2020\/01\/Baustelle-2.jpg 800w, https:\/\/speyer24news.com\/wp-content\/uploads\/2020\/01\/Baustelle-2-300x212.jpg 300w, https:\/\/speyer24news.com\/wp-content\/uploads\/2020\/01\/Baustelle-2-768x542.jpg 768w\" sizes=\"(max-width: 800px) 100vw, 800px\" \/><\/figure>\n\n\n\n<h2 class=\"wp-block-heading\"><strong>Math\u00e4us-Hotz-Stra\u00dfe gesperrt<\/strong><\/h2>\n\n\n\n<p>Aufgrund von Kranarbeiten am Geb\u00e4ude der Postgalerie wird die Math\u00e4us-Hotz-Stra\u00dfe<strong> vom 02. September bis 03. September 2020<\/strong> f\u00fcr den Individualverkehr komplett gesperrt. Eine Umleitung wird eingerichtet. Die Zufahrt zur Tiefgarage am Klipfelstor bleibt frei.<\/p>\n\n\n\n<p>F\u00fcr R\u00fcckfragen steht die Stra\u00dfenverkehrsbeh\u00f6rde unter der Telefonnummer 14-2938 zur Verf\u00fcgung.<\/p>\n\n\n\n<p><em>Stadtverwaltung Speyer<br>26.08.2020<\/em><\/p>\n\n\n\n<h2 class=\"wp-block-heading\"><strong>Bahnhofstra\u00dfe gesperrt<\/strong><\/h2>\n\n\n\n<figure class=\"wp-block-image\"><img decoding=\"async\" src=\"https:\/\/speyer24news.com\/wp-content\/uploads\/2020\/01\/Vollsperrung.jpg\" alt=\"\" class=\"wp-image-23970\"\/><\/figure>\n\n\n\n<p>Aufgrund von Kranarbeiten am Geb\u00e4ude der Postgalerie wird die Bahnhofstra\u00dfe am Dienstag, 01. September 2020 in der Zeit von 7 bis 17 Uhr zwischen Postplatz und Untere Langgasse f\u00fcr den Individualverkehr komplett gesperrt. Eine Umleitung wird eingerichtet.<\/p>\n\n\n\n<p>F\u00fcr R\u00fcckfragen steht die Stra\u00dfenverkehrsbeh\u00f6rde unter der Telefonnummer 14-2938 zur Verf\u00fcgung.<\/p>\n\n\n\n<p><em>Stadtverwaltung Speyer<br>26.08.2020<\/em><\/p>\n","protected":false},"excerpt":{"rendered":"<div class=\"mh-excerpt\"><p>Corona-Fallzahlen Anzahl best\u00e4tigter F\u00e4lle von Coronavirus (SARS-CoV-2)-Infektionen in der Stadt Speyer: 140 (+\/- 0)Davon bereits genesen: 116Todesf\u00e4lle: 2Personen in Quarant\u00e4ne: 39Gemeldete F\u00e4lle der letzten sieben Tage pro 100.000 Einwohner*innen: 12 Stand: 25.08.2020, 15:30 Uhr Stadtverwaltung <a class=\"mh-excerpt-more\" href=\"https:\/\/speyer24news.com\/?p=30004\" title=\"Coronafallzahlen, Stadtnotizen und Verkehrsnotizen aus Speyer\">[&#8230;]<\/a><\/p>\n<\/div>","protected":false},"author":3,"featured_media":23902,"comment_status":"open","ping_status":"open","sticky":false,"template":"","format":"standard","meta":{"_monsterinsights_skip_tracking":false,"_monsterinsights_sitenote_active":false,"_monsterinsights_sitenote_note":"","_monsterinsights_sitenote_category":0,"footnotes":""},"categories":[47],"tags":[8378,6940,6358,7003,6342,7695,8377,6,2674,657,1296,658,1114],"aioseo_notices":[],"amp_enabled":true,"_links":{"self":[{"href":"https:\/\/speyer24news.com\/index.php?rest_route=\/wp\/v2\/posts\/30004"}],"collection":[{"href":"https:\/\/speyer24news.com\/index.php?rest_route=\/wp\/v2\/posts"}],"about":[{"href":"https:\/\/speyer24news.com\/index.php?rest_route=\/wp\/v2\/types\/post"}],"author":[{"embeddable":true,"href":"https:\/\/speyer24news.com\/index.php?rest_route=\/wp\/v2\/users\/3"}],"replies":[{"embeddable":true,"href":"https:\/\/speyer24news.com\/index.php?rest_route=%2Fwp%2Fv2%2Fcomments&post=30004"}],"version-history":[{"count":1,"href":"https:\/\/speyer24news.com\/index.php?rest_route=\/wp\/v2\/posts\/30004\/revisions"}],"predecessor-version":[{"id":30005,"href":"https:\/\/speyer24news.com\/index.php?rest_route=\/wp\/v2\/posts\/30004\/revisions\/30005"}],"wp:featuredmedia":[{"embeddable":true,"href":"https:\/\/speyer24news.com\/index.php?rest_route=\/wp\/v2\/media\/23902"}],"wp:attachment":[{"href":"https:\/\/speyer24news.com\/index.php?rest_route=%2Fwp%2Fv2%2Fmedia&parent=30004"}],"wp:term":[{"taxonomy":"category","embeddable":true,"href":"https:\/\/speyer24news.com\/index.php?rest_route=%2Fwp%2Fv2%2Fcategories&post=30004"},{"taxonomy":"post_tag","embeddable":true,"href":"https:\/\/speyer24news.com\/index.php?rest_route=%2Fwp%2Fv2%2Ftags&post=30004"}],"curies":[{"name":"wp","href":"https:\/\/api.w.org\/{rel}","templated":true}]}}