{"id":30011,"date":"2020-08-26T07:43:02","date_gmt":"2020-08-26T06:43:02","guid":{"rendered":"https:\/\/speyer24news.com\/?p=30011"},"modified":"2020-08-26T18:29:11","modified_gmt":"2020-08-26T17:29:11","slug":"kommunalpolitk-speyer","status":"publish","type":"post","link":"https:\/\/speyer24news.com\/?p=30011","title":{"rendered":"Kommunalpolitik Speyer"},"content":{"rendered":"<style type=\"text\/css\">\r\n\t.ads_top_disp{}\r\n\t.ads_top_corner_disp{ float:left; margin:0px 10px 10px 0px; }\r\n\t.ads_first_p_disp{}\r\n\t.ads_bottom_disp{}\r\n\t<\/style>\n<h2 class=\"wp-block-heading\"><strong>AfD Fraktion im Stadtrat Speyer wird kleiner<\/strong><\/h2>\n\n\n\n<h3 class=\"wp-block-heading\">Uwe K\u00fcbitz verl\u00e4sst AfD Fraktion<\/h3>\n\n\n\n<div class=\"wp-block-image\"><figure class=\"aligncenter\"><img decoding=\"async\" loading=\"lazy\" width=\"500\" height=\"499\" src=\"https:\/\/speyer24news.com\/wp-content\/uploads\/2020\/08\/Uwe-K\u00fcbitz.jpg\" alt=\"\" class=\"wp-image-30012\" srcset=\"https:\/\/speyer24news.com\/wp-content\/uploads\/2020\/08\/Uwe-K\u00fcbitz.jpg 500w, https:\/\/speyer24news.com\/wp-content\/uploads\/2020\/08\/Uwe-K\u00fcbitz-150x150.jpg 150w, https:\/\/speyer24news.com\/wp-content\/uploads\/2020\/08\/Uwe-K\u00fcbitz-300x300.jpg 300w\" sizes=\"(max-width: 500px) 100vw, 500px\" \/><figcaption>Sitzt k\u00fcnftig als Fraktionsloser im Stadtrat Speyer, Uwe K\u00fcbitz<\/figcaption><\/figure><\/div>\n\n\n\n<p><strong>Speyer &#8211; <\/strong>Nachdem es die AfD Speyer schaffte, bei der letzten\nKommunalwahl mit 4 Personen erstmals in den Stadtrat Speyer einzuziehen, war\ndort bereits einiges los. <\/p>\n\n\n\n<p>Erst legte Frank Hasenoehrl seinen Stadtratsposten nieder\nund Robert Sch\u00f6n \u00fcbernahm diesen. Angeblich waren gesundheitliche Gr\u00fcnde Hasenoehrl`s\nseine Beweggr\u00fcnde\u2026 Ger\u00fcchtehalber soll es aber an Differenzen mit dem\nFraktionsvorsitzenden Benjamin Haupt gelegen haben.<\/p>\n\n\n\n<div class=\"wp-block-image\"><figure class=\"aligncenter\"><img decoding=\"async\" loading=\"lazy\" width=\"500\" height=\"650\" src=\"https:\/\/speyer24news.com\/wp-content\/uploads\/2020\/08\/AfD-Screenshot-Hasenoehrl.png\" alt=\"\" class=\"wp-image-30013\" srcset=\"https:\/\/speyer24news.com\/wp-content\/uploads\/2020\/08\/AfD-Screenshot-Hasenoehrl.png 500w, https:\/\/speyer24news.com\/wp-content\/uploads\/2020\/08\/AfD-Screenshot-Hasenoehrl-231x300.png 231w\" sizes=\"(max-width: 500px) 100vw, 500px\" \/><figcaption>v.l.: Benjamin Haupt, Fraktionsvorsitzender und Pressesprecher der AfD Speyer, Ratsmitglied Frank Hasen\u00f6hrl &#8230; gemeinsam auf dem Stadtratswagen beim Brezelfest 2019 in Speyer.<br><em>Quelle: Screenshot AfD &#8211; Kreisverband Speyer (Facebook)<\/em><\/figcaption><\/figure><\/div>\n\n\n\n<p>Nun verl\u00e4sst Uwe K\u00fcbitz, stellvertretender\nFraktionsvorsitzender, die AfD Fraktion Speyer aus oben genannten Gr\u00fcnden. Wie\nwir im Gespr\u00e4ch mit ihm erfahren haben, haderte er schon lange mit dem\nEntschluss, da eine Zusammenarbeit mit Herrn Haupt nahezu unm\u00f6glich sei. Nach\neinem Aussprachetermin am gestrigen Tag und der damit verbundenen Abwahl als\nstellvertretender Fraktionsvorsitzender entschloss sich Uwe K\u00fcbitz nun\nendg\u00fcltig, die AfD-Fraktion Speyer zu verlassen.<\/p>\n\n\n\n<div class=\"wp-block-image\"><figure class=\"aligncenter\"><img decoding=\"async\" loading=\"lazy\" width=\"600\" height=\"253\" src=\"https:\/\/speyer24news.com\/wp-content\/uploads\/2020\/08\/AfD-KV-Speyer.png\" alt=\"\" class=\"wp-image-30014\" srcset=\"https:\/\/speyer24news.com\/wp-content\/uploads\/2020\/08\/AfD-KV-Speyer.png 600w, https:\/\/speyer24news.com\/wp-content\/uploads\/2020\/08\/AfD-KV-Speyer-300x127.png 300w\" sizes=\"(max-width: 600px) 100vw, 600px\" \/><\/figure><\/div>\n\n\n\n<p>Da er sich allerdings seine W\u00e4hlern und W\u00e4hlerinnen\nverpflichtet sieht, bleibt er weiterhin in der AfD Speyer und bekleidet in\ndieser u.a. das Amt des Kassenpr\u00fcfers. Im Stadtrat wird er k\u00fcnftig, also\nbereits bei der morgigen Stadtratssitzung, als fraktionsloser Stadtrat sitzen.\n\u00c4hnlich wie es zuletzt mit Alois R\u00f6bosch als ehemaligem Republikaner der Fall\ngewesen ist.<\/p>\n\n\n\n<h4 class=\"wp-block-heading\"><strong>Lesen sie hier das Schreiben von Uwe K\u00fcbitz an den\nStadtrat Speyer:<\/strong><\/h4>\n\n\n\n<p>Guten Tag <\/p>\n\n\n\n<p>Sehr geehrter Herr\nM\u00fcller, hiermit teile ich Ihnen mit, dass ich ab heute den 26.08.2020 die\nFraktion der AfD Speyer verlasse. Mein Mandat als Stadtrat bleibt davon\nunber\u00fchrt. Ich verbleibe als &#8222;fraktionsloser&#8220; im Stadtrat. <\/p>\n\n\n\n<p>Die Auswirkungen f\u00fcr\ndie Aussch\u00fcsse und Aufsichtsr\u00e4te werden Sie neu bemessen m\u00fcssen.<\/p>\n\n\n\n<p>Bitte best\u00e4tigen Sie\nmir formlos diese Nachricht<\/p>\n\n\n\n<p>Mit freundlichen\nGr\u00fc\u00dfen<\/p>\n\n\n\n<p>Uwe K\u00fcbitz<\/p>\n\n\n\n<p><em>Text: Speyer 24\/7 News Foto: (1) Uwe K\u00fcbitz; (2) Screenshot der AfD &#8211; Kreisverband Speyer aus Facebook<br>26.08.2020<\/em><\/p>\n","protected":false},"excerpt":{"rendered":"<div class=\"mh-excerpt\"><p>AfD Fraktion im Stadtrat Speyer wird kleiner Uwe K\u00fcbitz verl\u00e4sst AfD Fraktion Speyer &#8211; Nachdem es die AfD Speyer schaffte, bei der letzten Kommunalwahl mit 4 Personen erstmals in den Stadtrat Speyer einzuziehen, war dort <a class=\"mh-excerpt-more\" href=\"https:\/\/speyer24news.com\/?p=30011\" title=\"Kommunalpolitik Speyer\">[&#8230;]<\/a><\/p>\n<\/div>","protected":false},"author":3,"featured_media":29818,"comment_status":"open","ping_status":"open","sticky":false,"template":"","format":"standard","meta":{"_monsterinsights_skip_tracking":false,"_monsterinsights_sitenote_active":false,"_monsterinsights_sitenote_note":"","_monsterinsights_sitenote_category":0,"footnotes":""},"categories":[1530],"tags":[7718,5112,8382,846,987,6,8383],"aioseo_notices":[],"amp_enabled":true,"_links":{"self":[{"href":"https:\/\/speyer24news.com\/index.php?rest_route=\/wp\/v2\/posts\/30011"}],"collection":[{"href":"https:\/\/speyer24news.com\/index.php?rest_route=\/wp\/v2\/posts"}],"about":[{"href":"https:\/\/speyer24news.com\/index.php?rest_route=\/wp\/v2\/types\/post"}],"author":[{"embeddable":true,"href":"https:\/\/speyer24news.com\/index.php?rest_route=\/wp\/v2\/users\/3"}],"replies":[{"embeddable":true,"href":"https:\/\/speyer24news.com\/index.php?rest_route=%2Fwp%2Fv2%2Fcomments&post=30011"}],"version-history":[{"count":3,"href":"https:\/\/speyer24news.com\/index.php?rest_route=\/wp\/v2\/posts\/30011\/revisions"}],"predecessor-version":[{"id":30017,"href":"https:\/\/speyer24news.com\/index.php?rest_route=\/wp\/v2\/posts\/30011\/revisions\/30017"}],"wp:featuredmedia":[{"embeddable":true,"href":"https:\/\/speyer24news.com\/index.php?rest_route=\/wp\/v2\/media\/29818"}],"wp:attachment":[{"href":"https:\/\/speyer24news.com\/index.php?rest_route=%2Fwp%2Fv2%2Fmedia&parent=30011"}],"wp:term":[{"taxonomy":"category","embeddable":true,"href":"https:\/\/speyer24news.com\/index.php?rest_route=%2Fwp%2Fv2%2Fcategories&post=30011"},{"taxonomy":"post_tag","embeddable":true,"href":"https:\/\/speyer24news.com\/index.php?rest_route=%2Fwp%2Fv2%2Ftags&post=30011"}],"curies":[{"name":"wp","href":"https:\/\/api.w.org\/{rel}","templated":true}]}}