{"id":30022,"date":"2020-08-27T07:01:23","date_gmt":"2020-08-27T06:01:23","guid":{"rendered":"https:\/\/speyer24news.com\/?p=30022"},"modified":"2020-08-27T07:01:25","modified_gmt":"2020-08-27T06:01:25","slug":"speyer-40","status":"publish","type":"post","link":"https:\/\/speyer24news.com\/?p=30022","title":{"rendered":"Speyer"},"content":{"rendered":"<style type=\"text\/css\">\r\n\t.ads_top_disp{}\r\n\t.ads_top_corner_disp{ float:left; margin:0px 10px 10px 0px; }\r\n\t.ads_first_p_disp{}\r\n\t.ads_bottom_disp{}\r\n\t<\/style>\n<h2 class=\"wp-block-heading\"><strong>Israelische Generalkonsulin zu Besuch in Speyer<\/strong><\/h2>\n\n\n\n<h3 class=\"wp-block-heading\"><strong>Judentum als Teil der Speyerer Geschichte<\/strong><\/h3>\n\n\n\n<div class=\"wp-block-image\"><figure class=\"aligncenter\"><img decoding=\"async\" loading=\"lazy\" width=\"800\" height=\"522\" src=\"https:\/\/speyer24news.com\/wp-content\/uploads\/2020\/08\/Gruppe.jpg\" alt=\"\" class=\"wp-image-30023\" srcset=\"https:\/\/speyer24news.com\/wp-content\/uploads\/2020\/08\/Gruppe.jpg 800w, https:\/\/speyer24news.com\/wp-content\/uploads\/2020\/08\/Gruppe-300x196.jpg 300w, https:\/\/speyer24news.com\/wp-content\/uploads\/2020\/08\/Gruppe-768x501.jpg 768w\" sizes=\"(max-width: 800px) 100vw, 800px\" \/><figcaption>v.l.:  Oberb\u00fcrgermeisterin Stefanie Seiler, Generalkonsulin Sandra Simovich, B\u00fcrgermeisterin Monika Kabs, Liran Sahar (Berater f\u00fcr bilaterale Beziehungen im Generalkonsulat) <br><em>Foto: Stadt Speyer<\/em><\/figcaption><\/figure><\/div>\n\n\n\n<p>Zu einem Kennenlerngespr\u00e4ch empfingen Oberb\u00fcrgermeisterin Stefanie Seiler und B\u00fcrgermeisterin Monika Kabs am gestrigen Dienstag, 25. August 2020, Sandra Simovich, Generalkonsulin des Staates Israel f\u00fcr S\u00fcddeutschland in Speyer. Simovich ist in ihrer Rolle zust\u00e4ndig f\u00fcr die Bundesl\u00e4nder Bayern, Baden-W\u00fcrttemberg, Rheinland-Pfalz, Hessen und das Saarland.<\/p>\n\n\n\n<p>Im Mittelpunkt des Treffens standen der Austausch \u00fcber die gemeinsame UNESCO-Weltkulturerbebewerbung der SchUM-St\u00e4dte Speyer, Worms und Mainz sowie die gemeinsame Besichtigung des Judenhofs und der Mikwe. Oberb\u00fcrgermeisterin Seiler unterstrich bei dieser Gelegenheit die emotionale Bedeutung des Welterbeantrags: \u201eEs geht nicht nur darum, die baulichen Monumente zu erhalten, sondern auch darum, ein Zeichen daf\u00fcr zu setzen, wie wichtig die j\u00fcdische Geschichte der SchUM-St\u00e4dte war und ist und wie untrennbar das Judentum mit den drei St\u00e4dten, die als Wurzel des europ\u00e4ischen Judentums z\u00e4hlen, verbunden ist.\u201c<\/p>\n\n\n\n<p>Auch Generalkonsulin Simovich, f\u00fcr die die SchUM-St\u00e4dte eine ganze besondere Bedeutung haben, hofft darauf, dass die Bewerbung Erfolg haben wird. \u201eEs ist wichtig, dass das j\u00fcdische Erbe der SchUM-St\u00e4dte, \u00fcber das in Israel schon fr\u00fch im Geschichtsunterricht an den Schulen gelehrt wird, auch au\u00dferhalb des Landes die verdiente Anerkennung erf\u00e4hrt\u201c, betont sie.<\/p>\n\n\n\n<p>Mit B\u00fcrgermeisterin Monika Kabs, die sich als Dezernentin f\u00fcr die St\u00e4dtepartnerschaften der Stadt Speyer verantwortlich zeichnet, tauschte sich Simovich \u00fcber die Partnerschaft zwischen Speyer und Yavne aus und erl\u00e4uterte m\u00f6gliche Austauschm\u00f6glichkeiten sowie Projektkooperationen. Beide waren sich einig, dass es besonders wichtig sei, die junge Generation f\u00fcr den Austausch untereinander zu gewinnen und Bildungsarbeit zu leisten.<\/p>\n\n\n\n<p>Auch die J\u00fcdischen Kulturtage, die im Rahmen der UNESCO-Bewerbung in diesem Jahr nochmal eine besondere Bedeutung erfahren, wurden thematisiert.<\/p>\n\n\n\n<p>Im Anschluss an den Termin in Speyer stattete Generalkonsulin Simovich mit Worms auch noch einer zweiten SchUM-Stadt einen Besuch ab.\u00a0<\/p>\n\n\n\n<p><em>Stadtverwaltung Speyer<br>27.08.2020<\/em><\/p>\n","protected":false},"excerpt":{"rendered":"<div class=\"mh-excerpt\"><p>Israelische Generalkonsulin zu Besuch in Speyer Judentum als Teil der Speyerer Geschichte Zu einem Kennenlerngespr\u00e4ch empfingen Oberb\u00fcrgermeisterin Stefanie Seiler und B\u00fcrgermeisterin Monika Kabs am gestrigen Dienstag, 25. August 2020, Sandra Simovich, Generalkonsulin des Staates Israel <a class=\"mh-excerpt-more\" href=\"https:\/\/speyer24news.com\/?p=30022\" title=\"Speyer\">[&#8230;]<\/a><\/p>\n<\/div>","protected":false},"author":3,"featured_media":23902,"comment_status":"open","ping_status":"open","sticky":false,"template":"","format":"standard","meta":{"_monsterinsights_skip_tracking":false,"_monsterinsights_sitenote_active":false,"_monsterinsights_sitenote_note":"","_monsterinsights_sitenote_category":0,"footnotes":""},"categories":[9],"tags":[636,8385,8384,8386,3015,6],"aioseo_notices":[],"amp_enabled":true,"_links":{"self":[{"href":"https:\/\/speyer24news.com\/index.php?rest_route=\/wp\/v2\/posts\/30022"}],"collection":[{"href":"https:\/\/speyer24news.com\/index.php?rest_route=\/wp\/v2\/posts"}],"about":[{"href":"https:\/\/speyer24news.com\/index.php?rest_route=\/wp\/v2\/types\/post"}],"author":[{"embeddable":true,"href":"https:\/\/speyer24news.com\/index.php?rest_route=\/wp\/v2\/users\/3"}],"replies":[{"embeddable":true,"href":"https:\/\/speyer24news.com\/index.php?rest_route=%2Fwp%2Fv2%2Fcomments&post=30022"}],"version-history":[{"count":1,"href":"https:\/\/speyer24news.com\/index.php?rest_route=\/wp\/v2\/posts\/30022\/revisions"}],"predecessor-version":[{"id":30024,"href":"https:\/\/speyer24news.com\/index.php?rest_route=\/wp\/v2\/posts\/30022\/revisions\/30024"}],"wp:featuredmedia":[{"embeddable":true,"href":"https:\/\/speyer24news.com\/index.php?rest_route=\/wp\/v2\/media\/23902"}],"wp:attachment":[{"href":"https:\/\/speyer24news.com\/index.php?rest_route=%2Fwp%2Fv2%2Fmedia&parent=30022"}],"wp:term":[{"taxonomy":"category","embeddable":true,"href":"https:\/\/speyer24news.com\/index.php?rest_route=%2Fwp%2Fv2%2Fcategories&post=30022"},{"taxonomy":"post_tag","embeddable":true,"href":"https:\/\/speyer24news.com\/index.php?rest_route=%2Fwp%2Fv2%2Ftags&post=30022"}],"curies":[{"name":"wp","href":"https:\/\/api.w.org\/{rel}","templated":true}]}}