{"id":30054,"date":"2020-08-29T18:22:53","date_gmt":"2020-08-29T17:22:53","guid":{"rendered":"https:\/\/speyer24news.com\/?p=30054"},"modified":"2020-08-29T18:22:55","modified_gmt":"2020-08-29T17:22:55","slug":"polizei-343","status":"publish","type":"post","link":"https:\/\/speyer24news.com\/?p=30054","title":{"rendered":"Polizei"},"content":{"rendered":"<style type=\"text\/css\">\r\n\t.ads_top_disp{}\r\n\t.ads_top_corner_disp{ float:left; margin:0px 10px 10px 0px; }\r\n\t.ads_first_p_disp{}\r\n\t.ads_bottom_disp{}\r\n\t<\/style>\n<h2 class=\"wp-block-heading\">Polizeimeldungen vom 29.08.2020 (Samstag)<\/h2>\n\n\n\n<div class=\"wp-block-image\"><figure class=\"aligncenter\"><img decoding=\"async\" src=\"https:\/\/speyer24news.com\/wp-content\/uploads\/2020\/01\/Aktuelles-Polizeilogo.jpg\" alt=\"\" class=\"wp-image-23832\"\/><\/figure><\/div>\n\n\n\n<h4 class=\"wp-block-heading\">(Speyer) &#8211; Verletzte Person im Woogbachtal<\/h4>\n\n\n\n<p>Ein 22j\u00e4hriger Mann aus Dudenhofen wurde Samstagfr\u00fch von einem Spazierg\u00e4nger im Woogbachtal in Speyer mit einer stark blutenden Kopfwunde aufgefunden. Aufgrund der Auffindesituation ist wahrscheinlich, dass der Mann sein mitgef\u00fchrtes Fahrrad \u00fcber die dortigen Treppen in Richtung Woogbachtal schieben wollte und dabei aus unbekannten Gr\u00fcnden am Ende der Treppen zu Fall kam. Aufgrund der Verletzung kamen Notarzt und Rettungswagen vor Ort, der 22j\u00e4hrige wurde zwecks weiteren Untersuchung durch einen Rettungshubschrauber in die BGU nach Ludwigshafen verbracht.<\/p>\n\n\n\n<h4 class=\"wp-block-heading\">(Speyer) &#8211; Streit unter Teenagern eskaliert<\/h4>\n\n\n\n<p>Bei einem Jugendtreff in Speyer kam es Freitagabend zwischen einer Gruppe von sechs Jugendlichen zu Streitigkeiten. Dabei ohrfeigte ein 14j\u00e4hriges M\u00e4dchen aus Speyer ein 13j\u00e4hriges M\u00e4dchen aus Schifferstadt. Daraufhin zog eine weitere 13j\u00e4hrige Beteiligte ein Tierabwehrspray aus der Tasche und spr\u00fchte in die Gruppe. Anschlie\u00dfend kam es noch zu weiteren Handgreiflichkeiten zwischen den Beteiligten. Die 14j\u00e4hrige wurden durch das Spray leicht verletzt. Sie wurde durch das DRK medizinisch behandelt, die Eltern der Beteiligten wurden durch die Polizeibeamten in Kenntnis gesetzt<\/p>\n\n\n\n<h4 class=\"wp-block-heading\">(Speyer) &#8211; Aggressive Personen auf dem Domplatz und in der Innenstadt<\/h4>\n\n\n\n<p>Zun\u00e4chst meldet Freitagnachmittag ein 39j\u00e4hriger Zeuge einen schlangenlinienfahrenden Fahrradfahrer in der Auestra\u00dfe in Speyer. Dieser Fahrradfahrer, ein 35j\u00e4hriger Mann aus Speyer, konnte im Domgarten einer Kontrolle unterzogen werden. Er zeigte sich vom Beginn der Kontrolle an aggressiv und beleidigte sowohl den Mitteiler wie auch die Polizeibeamten mit Worten und Gesten. Ihn erwartet deshalb eine Anzeige wegen Beleidigung. Aufgrund der unsicheren Fahrweise wurde das Fahrrad zun\u00e4chst sichergestellt, ein freiwillig durchgef\u00fchrter Atemalkoholtest verlief negativ.<\/p>\n\n\n\n<p>Gegen 18:05 Uhr wird zun\u00e4chst eine angeblich hilflose, laut schreiende Person in der Innenstadt\/Maximilianstra\u00dfe gemeldet. Bei dem 33j\u00e4hrigen Mann sollte eine Personenkontrolle durchgef\u00fchrt werden. Der Mann zeigte sich jedoch uneinsichtig und auch in diesem Fall wurden die eingesetzten Polizeibeamten mit Worten und Gesten mehrfach beleidigt. Die stark alkoholisierte Person konnte vor Ort nicht beruhigt werden, er musste deshalb zwecks Personalienfeststellung auf die Dienststelle verbracht werden. Hierbei beleidigte er die eingesetzten Beamten durchg\u00e4ngig. Aufgrund seiner hochgradigen Alkoholisierung und der wachsenden Uneinsichtigkeit wurde er nach der Entnahme einer Blutprobe in polizeilichen Schutzgewahrsam genommen und er verbrachte die Nacht in einer Zelle der Polizei Speyer. Weiterhin wurde eine Anzeige wegen Beleidigung aufgenommen<\/p>\n\n\n\n<h4 class=\"wp-block-heading\">(Speyer) &#8211; Vom Fahrrad gesto\u00dfen und weggefahren<\/h4>\n\n\n\n<p>Der 10j\u00e4hrige Sch\u00fcler befuhr Freitagmorgen mit seinem Fahrrad die Theodor-Heuss-Stra\u00dfe in Richtung Dudenhofer Stra\u00dfe in Speyer. Auf H\u00f6he der Bushaltestelle Ludwig-Uhland-Stra\u00dfe \u00fcberholte ihn ein \u00e4lterer Sch\u00fcler ebenfalls mit dem Fahrrad und versetzte ihm dabei einen absichtlichen Sto\u00df mit dem Ellenbogen. Aufgrund dessen st\u00fcrzte der 10j\u00e4hrige und zog sich Sch\u00fcrfwunden an beiden Beinen zu. Der andere Fahrradfahrer fuhr weiter. <\/p>\n\n\n\n<p>Er wird beschrieben als <\/p>\n\n\n\n<ul><li>ca. 16 Jahre alt, <\/li><li>schlanke Statur, <\/li><li>trug eine graue Jacke mit Kapuze, die er \u00fcber dem Kopf zog, und <\/li><li>war mit einem blauen Mountainbike mit der schwarzen Aufschrift &#8222;Rockrider&#8220; unterwegs. <\/li><\/ul>\n\n\n\n<p>Laut dem Gesch\u00e4digten kam es in der Vergangenheit schon zu \u00e4hnlichen Vorf\u00e4llen mit \u00e4lteren Sch\u00fclern, weshalb Zeugen zu diesem und\/oder vergangenen Vorf\u00e4llen gesucht werden insbesondere zu Schulbeginn bzw. Schulschluss und im Bereich der Schulwege. Hinweise nimmt die Polizei Speyer unter 06232-1370 oder&nbsp;<a href=\"mailto:pispeyer@polizei.rlp.de\">pispeyer@polizei.rlp.de<\/a>&nbsp;entgegen.<\/p>\n\n\n\n<h4 class=\"wp-block-heading\">(Germersheim) &#8211; Beim Ladendiebstahl erwischt!<\/h4>\n\n\n\n<p>Durch den Ladendetektiv eines Supermarkts wurde ein dreister Ladendieb \u00fcberf\u00fchrt. Der Detektiv beobachtete am Freitag, den 28.08.2020, gegen 12.00 Uhr einen vermeintlichen 62-j\u00e4hrigen Kunden, der in der Getr\u00e4nkeabteilung eine Bierdose und eine Flasche Wodka an sich nahm und damit in die Sportabteilung ging. Dort suchte er die Umkleide auf, wo er auf die Schnelle mit dem Bier den ersten Durst l\u00f6schte und die Wodkaflasche in seiner Kleidung versteckte. Anschlie\u00dfend passierte er den Kassenbereich, ohne zu bezahlen.<\/p>\n\n\n\n<h4 class=\"wp-block-heading\">(Bellheim) &#8211; Verkehrsunfallflucht gekl\u00e4rt!<\/h4>\n\n\n\n<p>Durch einen aufmerksamen Mitb\u00fcrger konnte am Donnerstagabend, gegen 22.30 Uhr eine Verkehrsunfallflucht aufgekl\u00e4rt werden. Der Zeuge beobachtete, wie ein 62-j\u00e4hriger Pkw-Fahrer beim Vorbeifahren an einem geparkten Pkw dessen Au\u00dfenspiegel besch\u00e4digte und seine Fahrt fortsetzte, ohne sich um den verursachten Schaden zu k\u00fcmmern. An dem geoparkten Pkw entstand geringer Sachschaden. Anhand des Zeugenhinweises konnte der verantwortliche Fahrer ermittelt werden.<\/p>\n\n\n\n<h4 class=\"wp-block-heading\">(Rheinzabern \/  B 9 &#8211; Fahrtrichtung Speyer) &#8211; Verkehrsunfall mit Sachschaden!<\/h4>\n\n\n\n<p>Bei der Kollision zweier Lkw auf der B 9, am Freitagvormittag, gegen 11.00 Uhr entstand erheblicher Sachschaden. Ein 64-j\u00e4hriger Lkw-Fahrer hatte auf der B 9, zwischen Rheinzabern und R\u00fclzheim eine Reifepanne und war gezwungen auf dem Seitenstreifen zu stoppen. Er sicherte vorschriftsm\u00e4\u00dfig die Gefahrenstelle ab. Ein in gleicher Richtung fahrender Lkw touchierte wenig sp\u00e4ter den abgestellten Pannen-Lkw. Dessen 52-j\u00e4hriger Fahrer hatte den stehenden Lkw zu sp\u00e4t erkannt. An beiden Gespannen wurden die Anh\u00e4nger erheblich besch\u00e4digt. Der Gesamtschaden d\u00fcrfte auf ca. 12.000 Euro zu beziffern sein. F\u00fcr die Bergung der Anh\u00e4nger musste eine Fahrspur der B 9 kurzzeitig gesperrt werden.<\/p>\n\n\n\n<h4 class=\"wp-block-heading\">(Kandel) &#8211; Verkehrsunfall \/ Gesch\u00e4digter gesucht<\/h4>\n\n\n\n<p>Am 28.08.2020 um 11:25 Uhr fuhr der Unfallbeteiligte durch die Goethestra\u00dfe in Kandel. In H\u00f6he Hausnummer 6 streifte er beim Vorbeifahren vermutlich den Au\u00dfenspiegel eines am rechten Fahrbahnrand geparkten PKW. Ob an diesem PKW ein Schaden entstanden ist, ist nicht bekannt. Der Unfall wurde erst nachtr\u00e4glich gemeldet, Hinweise zu dem gesch\u00e4digten Fahrzeug sind momentan nicht bekannt. Eventuelle Gesch\u00e4digte oder Zeugen werden gebeten, sich bei der Polizei W\u00f6rth zu melden.<\/p>\n\n\n\n<h4 class=\"wp-block-heading\">(Bad Bergzabern) &#8211; In Kiosk eingebrochen<\/h4>\n\n\n\n<p>In der Nacht vom 27. auf den 28.08. brachen bisher unbekannte T\u00e4ter in das Kiosk am Schwanenweiher ein. Nachdem das Vorh\u00e4ngeschloss des T\u00fcrgitters entfernt worden war, wurde versucht die dahinter liegende T\u00fcr zu \u00f6ffnen. Dies gelang aber nicht. Daher wurden die Fensterl\u00e4den ausgeh\u00e4ngt und ein Fenster aufgebrochen. Anschlie\u00dfend wurde das Kiosk durchw\u00fchlt. Es wurden ca. 100.- EUR Bargeld entwendet. Der Sachschaden liegt bei ca. 500.- EUR<\/p>\n\n\n\n<h4 class=\"wp-block-heading\">(Landau) &#8211; Maskenverweigerin sorgt f\u00fcr Tumult<\/h4>\n\n\n\n<p>Da eine 56-j\u00e4hrige Kundin am 28. August gegen 12:10 Uhr in einem Einkaufsmarkt in der Johannes-Kopp-Stra\u00dfe nicht bereit war, ihren vorgeschriebenen Mundschutz im Verkaufsraum zu tragen, kam es zu lautstarken Protesten, wegen der letztendlich die Polizei einschreiten musste. Zus\u00e4tzlich zum vom Markt ausgesprochenen Hausverbot erwartet die uneinsichtige Kundin ein Bu\u00dfgeldverfahren wegen Versto\u00dfes gegen die Coronabek\u00e4mpfungsverordnung.<\/p>\n\n\n\n<h4 class=\"wp-block-heading\">(Eu\u00dferthal \/ L 505) &#8211; Schlechte Ideen<\/h4>\n\n\n\n<p>Eine schlechte Idee hatte eine 65-J\u00e4hrige aus der VG Annweiler als sie am 28. August gegen 14:00 Uhr mit ihrem PKW zu einer Unfallstelle fuhr, weil sie dort eine Beteiligung von Familienangeh\u00f6rigen bef\u00fcrchtete. Sie fuhr selbst auf das Stauende auf und verletzte durch ihren eigenen Unfall die 73-j\u00e4hrige Beifahrerin in einem PKW, der als letztes im Stau stand. Als sei es den schlechten Ideen nicht schon genug gewesen, entfernte sich die 65-J\u00e4hrige hiernach noch fu\u00dfl\u00e4ufig unerlaubt von der Unfallstelle und konnte erst zu Hause von der Polizei angetroffen werden. Da die Frau zus\u00e4tzlich noch unter erheblichem Alkoholeinfluss stand, erwarten sie mehrere Strafverfahren. Ihren F\u00fchrerschein ist sie bis auf Weiteres los.<\/p>\n\n\n\n<h4 class=\"wp-block-heading\">(Edesheim) &#8211; 0,5-Promille Grenze \u00fcberschritten<\/h4>\n\n\n\n<p>Die Grenze von 0,5 Promille \u00fcberschritten hatte in der Nacht zum Samstag ein Mercedes-Fahrer, welcher durch Beamte der Polizei Edenkoben in Edesheim einer Verkehrskontrolle unterzogen wurde. W\u00e4hrend der Kontrolle stellten die Beamten Alkoholgeruch fest, weshalb der 66-J\u00e4hrige Fahrzeugf\u00fchrer mit zur Wache musste. Ein dort durchgef\u00fchrter Atemalkoholtest best\u00e4tigte den Verdacht. Der Fahrer muss nun mit einem Bu\u00dfgeld und Fahrverbot rechnen.<\/p>\n\n\n\n<h4 class=\"wp-block-heading\">(Rhodt) &#8211; Boardcomputer am E-Bike gestohlen<\/h4>\n\n\n\n<p>Bislang unbekannte T\u00e4ter entwendeten am Donnerstag den 27.08.2020 in der Zeit zwischen 17:00 &#8211; 19:00 Uhr das Display eines in der M\u00fchlgasse in Rhodt abgestellten E-Bikes. Der Sachschaden d\u00fcrfte sich auf ca. 140 Euro belaufen. Zeugenhinweise erbittet die Polizei in Edenkoben unter 06323-9550<\/p>\n\n\n\n<h4 class=\"wp-block-heading\">(Ha\u00dfloch) &#8211; Versammlungen in Ha\u00dfloch<\/h4>\n\n\n\n<p>Die am Samstagmorgen im Zentrum von Ha\u00dfloch stattgefundenen drei Veranstaltungen verliefen aus polizeilicher Sicht st\u00f6rungsfrei und harmonisch ab. Es kam zu keinerlei polizeilich relevanten Vorkommnissen. Die Versammlungen wurden p\u00fcnktlich beendet.<\/p>\n\n\n\n<h4 class=\"wp-block-heading\">(Frankenthal) &#8211; Einbruchsdiebstahl<\/h4>\n\n\n\n<p>Im Zeitraum vom 29.08.2020, 01:00 Uhr &#8211; 02:30 Uhr brachen bislang unbekannte T\u00e4ter einen Verkaufsstand in der Carl-Benz-Stra\u00dfe in Frankenthal auf und entwendeten aus der Kasse 20 Euro Bargeld. Bereits in der Nacht von Donnerstag auf Freitag wurde der Verkaufsstand aufgebrochen und neben 200 Euro Bargeld auch diverse Lebensmittel entwendet. Die Gesamtschadensh\u00f6he beider Aufbr\u00fcche bel\u00e4uft sich auf ca. 450 Euro.<\/p>\n\n\n\n<p>Wer sachdienliche Hinweise zu dem genannten Fall geben kann, wird gebeten sich mit der Polizeiinspektion Frankenthal unter der Rufnummer 06233\/313-0 oder der Polizeiwache Maxdorf unter der Rufnummer 06237\/934-100 in Verbindung zu setzen. Hinweise k\u00f6nnen auch per E-Mail unter\u00a0<a href=\"mailto:pifrankenthal@polizei.rlp.de\">pifrankenthal@polizei.rlp.de<\/a>\u00a0an die Polizei \u00fcbermittelt werden.<\/p>\n\n\n\n<h4 class=\"wp-block-heading\">(Frankenthal) &#8211; Diebstahl eines Pedelecs<\/h4>\n\n\n\n<p>Im Zeitraum vom 27.08.2020, 01:00 Uhr &#8211; 05:00 Uhr wurde aus der Garage eines Anwesens Am R\u00f6ntgenplatz in Frankenthal ein schwarz-silbernes Pedelec der Marke Ghost entwendet. Die Schadensh\u00f6he bel\u00e4uft sich auf 2400 Euro. Zeugen, die im genannten Zeitraum verd\u00e4chtige Wahrnehmungen gemacht haben und Hinweise zum genannten Fall geben k\u00f6nnen, werde gebeten sich mit der Polizeiinspektion Frankenthal unter der Rufnummer 06233\/313-0 oder der Polizeiwache Maxdorf unter der Rufnummer 06237\/934-100 in Verbindung zu setzen. Hinweise k\u00f6nnen auch per E-Mail unter\u00a0<a href=\"mailto:pifrankenthal@polizei.rlp.de\">pifrankenthal@polizei.rlp.de<\/a>\u00a0an die Polizei \u00fcbermittelt werden.<\/p>\n\n\n\n<h4 class=\"wp-block-heading\">(Ludwigshafen) &#8211; Vollbrand eines Pkw \/ Goerdeler Platz<\/h4>\n\n\n\n<p>Am Freitag, den 28.08.2020, gegen 18:15 Uhr, geriet ein VW am Goerdeler Platz in Vollbrand. Dem Fahrer sowie dem Beifahrer gelang es zuvor den Pkw unverletzt zu verlassen. Der Brand konnte schlie\u00dflich durch die Feuerwehr gel\u00f6scht werden. Das Feuer griff auf einen geparkten Mercedes \u00fcber, des Weiteren wurde aufgrund der starken Hitzeentwicklung eine Laterne sowie der Stra\u00dfenbelag besch\u00e4digt. Der Goerdeler Platz ist aktuell aus Richtung Leuschnerstra\u00dfe nicht befahrbar. Derzeit wird bei dem PKW-Brand von einem technischen Defekt ausgegangen. Der Schaden bel\u00e4uft sich auf circa 12.000 Euro. Die weiteren Ermittlungen dauern an. Die Polizei war mit starken Kr\u00e4ften vor Ort, um das Herantreten von Schaulustigen an die Brandstelle zu verhindern.<\/p>\n","protected":false},"excerpt":{"rendered":"<div class=\"mh-excerpt\"><p>Polizeimeldungen vom 29.08.2020 (Samstag) (Speyer) &#8211; Verletzte Person im Woogbachtal Ein 22j\u00e4hriger Mann aus Dudenhofen wurde Samstagfr\u00fch von einem Spazierg\u00e4nger im Woogbachtal in Speyer mit einer stark blutenden Kopfwunde aufgefunden. Aufgrund der Auffindesituation ist wahrscheinlich, <a class=\"mh-excerpt-more\" href=\"https:\/\/speyer24news.com\/?p=30054\" title=\"Polizei\">[&#8230;]<\/a><\/p>\n<\/div>","protected":false},"author":3,"featured_media":0,"comment_status":"open","ping_status":"open","sticky":false,"template":"","format":"standard","meta":{"_monsterinsights_skip_tracking":false,"_monsterinsights_sitenote_active":false,"_monsterinsights_sitenote_note":"","_monsterinsights_sitenote_category":0,"footnotes":""},"categories":[12],"tags":[3614,61,2555,6955,6986,6263,63,105,6987,53,4854,4683,1548,102,213,55,5261,103,106,2803,2423,427,2625,380,104,979,1565],"aioseo_notices":[],"amp_enabled":true,"_links":{"self":[{"href":"https:\/\/speyer24news.com\/index.php?rest_route=\/wp\/v2\/posts\/30054"}],"collection":[{"href":"https:\/\/speyer24news.com\/index.php?rest_route=\/wp\/v2\/posts"}],"about":[{"href":"https:\/\/speyer24news.com\/index.php?rest_route=\/wp\/v2\/types\/post"}],"author":[{"embeddable":true,"href":"https:\/\/speyer24news.com\/index.php?rest_route=\/wp\/v2\/users\/3"}],"replies":[{"embeddable":true,"href":"https:\/\/speyer24news.com\/index.php?rest_route=%2Fwp%2Fv2%2Fcomments&post=30054"}],"version-history":[{"count":2,"href":"https:\/\/speyer24news.com\/index.php?rest_route=\/wp\/v2\/posts\/30054\/revisions"}],"predecessor-version":[{"id":30070,"href":"https:\/\/speyer24news.com\/index.php?rest_route=\/wp\/v2\/posts\/30054\/revisions\/30070"}],"wp:attachment":[{"href":"https:\/\/speyer24news.com\/index.php?rest_route=%2Fwp%2Fv2%2Fmedia&parent=30054"}],"wp:term":[{"taxonomy":"category","embeddable":true,"href":"https:\/\/speyer24news.com\/index.php?rest_route=%2Fwp%2Fv2%2Fcategories&post=30054"},{"taxonomy":"post_tag","embeddable":true,"href":"https:\/\/speyer24news.com\/index.php?rest_route=%2Fwp%2Fv2%2Ftags&post=30054"}],"curies":[{"name":"wp","href":"https:\/\/api.w.org\/{rel}","templated":true}]}}