{"id":30077,"date":"2020-09-02T07:40:56","date_gmt":"2020-09-02T06:40:56","guid":{"rendered":"https:\/\/speyer24news.com\/?p=30077"},"modified":"2020-09-02T07:40:56","modified_gmt":"2020-09-02T06:40:56","slug":"coronafallzahlen-und-information-der-stadt-speyer","status":"publish","type":"post","link":"https:\/\/speyer24news.com\/?p=30077","title":{"rendered":"Coronafallzahlen und Information der Stadt Speyer"},"content":{"rendered":"<style type=\"text\/css\">\r\n\t.ads_top_disp{}\r\n\t.ads_top_corner_disp{ float:left; margin:0px 10px 10px 0px; }\r\n\t.ads_first_p_disp{}\r\n\t.ads_bottom_disp{}\r\n\t<\/style>\n<p>Am Freitag den 28.08.2020 traf sich der Krisenstab Speyer zu einem Pressegespr\u00e4ch anl\u00e4sslich der aktuellen Corona-Lage in Speyer. Neben Oberb\u00fcrgermeisterin Stefanie Seiler und B\u00fcrgermeisterin Monika Kabs waren auch der Fachbereichsleiter Sicherheit, Thomas Zander, Stadtfeuerwehrinspekteur Peter Eymann, Dr. Klaus-Peter Wresch (medizinischer Fachberater der Stadt Speyer), Pr\u00e4sident des DRK Kreisverband Speyer Roger Alexander Munding sowie Dr. Maria Montero-Muth (niedergelassene \u00c4rztin &amp; Initiatorin der Corona-Ambulanz) zugegen.<\/p>\n\n\n\n<h3 class=\"wp-block-heading\">Das Video zur gesamten Pressekonferenz sehen sie hier:<\/h3>\n\n\n\n<figure class=\"wp-block-embed-youtube wp-block-embed is-type-video is-provider-youtube wp-embed-aspect-16-9 wp-has-aspect-ratio\"><div class=\"wp-block-embed__wrapper\">\n<iframe loading=\"lazy\" title=\"Corona Info Stadt Speyer - 28.08.2020\" width=\"500\" height=\"281\" src=\"https:\/\/www.youtube.com\/embed\/sR0gEH0SxoE?feature=oembed\" frameborder=\"0\" allow=\"accelerometer; autoplay; encrypted-media; gyroscope; picture-in-picture\" allowfullscreen><\/iframe>\n<\/div><\/figure>\n\n\n\n<h1 class=\"wp-block-heading\" style=\"text-align:center\">Corona-Fallzahlen aus Speyer<\/h1>\n\n\n\n<figure class=\"wp-block-image\"><img decoding=\"async\" loading=\"lazy\" width=\"800\" height=\"400\" src=\"https:\/\/speyer24news.com\/wp-content\/uploads\/2020\/02\/virus-1812092_1920.jpg\" alt=\"\" class=\"wp-image-25128\" srcset=\"https:\/\/speyer24news.com\/wp-content\/uploads\/2020\/02\/virus-1812092_1920.jpg 800w, https:\/\/speyer24news.com\/wp-content\/uploads\/2020\/02\/virus-1812092_1920-300x150.jpg 300w, https:\/\/speyer24news.com\/wp-content\/uploads\/2020\/02\/virus-1812092_1920-768x384.jpg 768w\" sizes=\"(max-width: 800px) 100vw, 800px\" \/><\/figure>\n\n\n\n<h2 class=\"wp-block-heading\">Dienstag, 01.09.2020<\/h2>\n\n\n\n<p>Anzahl best\u00e4tigter F\u00e4lle von Coronavirus (SARS-CoV-2)-Infektionen in der Stadt Speyer: 142 (+\/- 0)<br>Davon bereits genesen: 128<br>Todesf\u00e4lle: 2<br>Personen in Quarant\u00e4ne: 31<br>Gemeldete F\u00e4lle der letzten sieben Tage pro 100.000 Einwohner*innen: 4<\/p>\n\n\n\n<p><em>Stand: 01.09.2020, 15:30 Uhr<\/em><\/p>\n\n\n\n<h2 class=\"wp-block-heading\">Montag, 31.08.2020<\/h2>\n\n\n\n<p>Anzahl best\u00e4tigter F\u00e4lle von Coronavirus (SARS-CoV-2)-Infektionen in der Stadt Speyer: 142 (+\/- 0)<br>Davon bereits genesen: 125<br>Todesf\u00e4lle: 2<br>Personen in Quarant\u00e4ne: 32<br>Gemeldete F\u00e4lle der letzten sieben Tage pro 100.000 Einwohner*innen: 6<\/p>\n\n\n\n<p><em>Stand: 31.08.2020, 15:30 Uhr<\/em><\/p>\n\n\n\n<h2 class=\"wp-block-heading\">Freitag, 28.08.2020<\/h2>\n\n\n\n<p>Anzahl best\u00e4tigter F\u00e4lle von Coronavirus (SARS-CoV-2)-Infektionen in der Stadt Speyer: 142 (+\/- 0)<br>Davon bereits genesen: 121<br>Todesf\u00e4lle: 2<br>Personen in Quarant\u00e4ne: 35<br>Gemeldete F\u00e4lle der letzten sieben Tage pro 100.000 Einwohner*innen: 14<\/p>\n\n\n\n<p><em>Stand: 28.08.2020, 12:30 Uhr<\/em><\/p>\n\n\n\n<p><em>Stadt Speyer<br>02.09.2020<\/em><\/p>\n","protected":false},"excerpt":{"rendered":"<div class=\"mh-excerpt\"><p>Am Freitag den 28.08.2020 traf sich der Krisenstab Speyer zu einem Pressegespr\u00e4ch anl\u00e4sslich der aktuellen Corona-Lage in Speyer. Neben Oberb\u00fcrgermeisterin Stefanie Seiler und B\u00fcrgermeisterin Monika Kabs waren auch der Fachbereichsleiter Sicherheit, Thomas Zander, Stadtfeuerwehrinspekteur Peter <a class=\"mh-excerpt-more\" href=\"https:\/\/speyer24news.com\/?p=30077\" title=\"Coronafallzahlen und Information der Stadt Speyer\">[&#8230;]<\/a><\/p>\n<\/div>","protected":false},"author":3,"featured_media":23902,"comment_status":"open","ping_status":"open","sticky":false,"template":"","format":"standard","meta":{"_monsterinsights_skip_tracking":false,"_monsterinsights_sitenote_active":false,"_monsterinsights_sitenote_note":"","_monsterinsights_sitenote_category":0,"footnotes":""},"categories":[9],"tags":[6940,6423,6359,6358,7003,6342,6],"aioseo_notices":[],"amp_enabled":true,"_links":{"self":[{"href":"https:\/\/speyer24news.com\/index.php?rest_route=\/wp\/v2\/posts\/30077"}],"collection":[{"href":"https:\/\/speyer24news.com\/index.php?rest_route=\/wp\/v2\/posts"}],"about":[{"href":"https:\/\/speyer24news.com\/index.php?rest_route=\/wp\/v2\/types\/post"}],"author":[{"embeddable":true,"href":"https:\/\/speyer24news.com\/index.php?rest_route=\/wp\/v2\/users\/3"}],"replies":[{"embeddable":true,"href":"https:\/\/speyer24news.com\/index.php?rest_route=%2Fwp%2Fv2%2Fcomments&post=30077"}],"version-history":[{"count":1,"href":"https:\/\/speyer24news.com\/index.php?rest_route=\/wp\/v2\/posts\/30077\/revisions"}],"predecessor-version":[{"id":30078,"href":"https:\/\/speyer24news.com\/index.php?rest_route=\/wp\/v2\/posts\/30077\/revisions\/30078"}],"wp:featuredmedia":[{"embeddable":true,"href":"https:\/\/speyer24news.com\/index.php?rest_route=\/wp\/v2\/media\/23902"}],"wp:attachment":[{"href":"https:\/\/speyer24news.com\/index.php?rest_route=%2Fwp%2Fv2%2Fmedia&parent=30077"}],"wp:term":[{"taxonomy":"category","embeddable":true,"href":"https:\/\/speyer24news.com\/index.php?rest_route=%2Fwp%2Fv2%2Fcategories&post=30077"},{"taxonomy":"post_tag","embeddable":true,"href":"https:\/\/speyer24news.com\/index.php?rest_route=%2Fwp%2Fv2%2Ftags&post=30077"}],"curies":[{"name":"wp","href":"https:\/\/api.w.org\/{rel}","templated":true}]}}