{"id":30105,"date":"2020-09-04T09:21:33","date_gmt":"2020-09-04T08:21:33","guid":{"rendered":"https:\/\/speyer24news.com\/?p=30105"},"modified":"2020-09-04T09:21:33","modified_gmt":"2020-09-04T08:21:33","slug":"historisches-museum-der-pfalz-speyer-11","status":"publish","type":"post","link":"https:\/\/speyer24news.com\/?p=30105","title":{"rendered":"Historisches Museum der Pfalz Speyer"},"content":{"rendered":"<style type=\"text\/css\">\r\n\t.ads_top_disp{}\r\n\t.ads_top_corner_disp{ float:left; margin:0px 10px 10px 0px; }\r\n\t.ads_first_p_disp{}\r\n\t.ads_bottom_disp{}\r\n\t<\/style>\n<figure class=\"wp-block-image\"><img decoding=\"async\" src=\"https:\/\/speyer24news.com\/wp-content\/uploads\/2020\/01\/Historisches-Museum.jpg\" alt=\"\" class=\"wp-image-24528\"\/><\/figure>\n\n\n\n<h2 class=\"wp-block-heading\"><strong>Der Gr\u00fcffelo kommt zur\u00fcck<\/strong><\/h2>\n\n\n\n<h3 class=\"wp-block-heading\"><strong>Historisches Museum der Pfalz er\u00f6ffnet im September nach Medicus auch Familienausstellung erneut<\/strong><\/h3>\n\n\n\n<div class=\"wp-block-image\"><figure class=\"aligncenter\"><img decoding=\"async\" loading=\"lazy\" width=\"800\" height=\"533\" src=\"https:\/\/speyer24news.com\/wp-content\/uploads\/2020\/09\/Gr\u00fcffelo-mit-Maske.jpg\" alt=\"\" class=\"wp-image-30106\" srcset=\"https:\/\/speyer24news.com\/wp-content\/uploads\/2020\/09\/Gr\u00fcffelo-mit-Maske.jpg 800w, https:\/\/speyer24news.com\/wp-content\/uploads\/2020\/09\/Gr\u00fcffelo-mit-Maske-300x200.jpg 300w, https:\/\/speyer24news.com\/wp-content\/uploads\/2020\/09\/Gr\u00fcffelo-mit-Maske-768x512.jpg 768w\" sizes=\"(max-width: 800px) 100vw, 800px\" \/><\/figure><\/div>\n\n\n\n<p><strong>Speyer &#8211; <\/strong>Endlich steht auch f\u00fcr die Schau \u201eDer Gr\u00fcffelo \u2013 Die Ausstellung\u201c das Datum f\u00fcr die Wiederer\u00f6ffnung nach der coronabedingten Schlie\u00dfung im M\u00e4rz fest: Ab <strong>Samstag, 26. September<\/strong>, k\u00f6nnen die gro\u00dfen und kleinen Besucher wieder in die Welt des von Julia Donaldson geschriebenen und Axel Scheffler illustrierten Kinderbuches \u201eDer Gr\u00fcffelo\u201c eintauchen.<\/p>\n\n\n\n<div class=\"wp-block-image\"><figure class=\"aligncenter\"><img decoding=\"async\" loading=\"lazy\" width=\"500\" height=\"667\" src=\"https:\/\/speyer24news.com\/wp-content\/uploads\/2019\/12\/DSC09183.jpg\" alt=\"\" class=\"wp-image-23425\" srcset=\"https:\/\/speyer24news.com\/wp-content\/uploads\/2019\/12\/DSC09183.jpg 500w, https:\/\/speyer24news.com\/wp-content\/uploads\/2019\/12\/DSC09183-225x300.jpg 225w\" sizes=\"(max-width: 500px) 100vw, 500px\" \/><\/figure><\/div>\n\n\n\n<p>Alle Sinne sind gefordert, wenn die Kinder den Wald mit seinen Bewohnern erkunden, sich in die H\u00f6hle des Gr\u00fcffelo wagen oder im Schattentheater ihre eigene Geschichte erfinden. Gleichzeitig geben in der Ausstellung rund 40 Original-Scheffler-Grafiken einen Eindruck von dessen Vielseitigkeit und seiner Entwicklung zu einem der erfolgreichsten Bilderbuch-Illustratoren Europas. Bis zum 27. Juni 2021 soll die Schau nun in Speyer zu sehen sein.<br>Vor der Wiederer\u00f6ffnung wurden in der Familien-Ausstellung auf Grundlage der aktuellen Sicherheits- und Hygienevorgaben angesichts der Corona-Pandemie Anpassungen vorgenommen.<\/p>\n\n\n\n<div class=\"wp-block-image\"><figure class=\"aligncenter\"><img decoding=\"async\" loading=\"lazy\" width=\"500\" height=\"667\" src=\"https:\/\/speyer24news.com\/wp-content\/uploads\/2019\/12\/DSC09124.jpg\" alt=\"\" class=\"wp-image-23376\" srcset=\"https:\/\/speyer24news.com\/wp-content\/uploads\/2019\/12\/DSC09124.jpg 500w, https:\/\/speyer24news.com\/wp-content\/uploads\/2019\/12\/DSC09124-225x300.jpg 225w\" sizes=\"(max-width: 500px) 100vw, 500px\" \/><\/figure><\/div>\n\n\n\n<p>\u201eF\u00fcr uns war es ein gro\u00dfes Anliegen, die beliebte Familienausstellung nach der Zwangspause wieder an den Start zu bringen. Gerade in diesen schwierigen Zeiten braucht es Geschichten wie die vom Gr\u00fcffelo, die Kinder mutig und stark machen\u201c, sagte Museumsdirektor Alexander Schubert.<br>Dass die Ausstellung bereits sieben Wochen nach ihrer Er\u00f6ffnung im vergangenen Dezember 30.000 Besucher z\u00e4hlte, spricht f\u00fcr ihre Beliebtheit. Der schaurig-sch\u00f6ne Gr\u00fcffelo und die clevere kleine Maus haben seit Erscheinen des Buches 1999 einen unaufhaltsamen Siegeszug durch die Kinderzimmer angetreten. Dem liebgewonnen Monster nun wieder im Museum begegnen zu k\u00f6nnen, l\u00e4sst f\u00fcr viele Kinder einen Traum wahr werden.<\/p>\n\n\n\n<div class=\"wp-block-image\"><figure class=\"aligncenter\"><img decoding=\"async\" loading=\"lazy\" width=\"800\" height=\"600\" src=\"https:\/\/speyer24news.com\/wp-content\/uploads\/2019\/12\/DSC09103.jpg\" alt=\"\" class=\"wp-image-23360\" srcset=\"https:\/\/speyer24news.com\/wp-content\/uploads\/2019\/12\/DSC09103.jpg 800w, https:\/\/speyer24news.com\/wp-content\/uploads\/2019\/12\/DSC09103-300x225.jpg 300w, https:\/\/speyer24news.com\/wp-content\/uploads\/2019\/12\/DSC09103-768x576.jpg 768w, https:\/\/speyer24news.com\/wp-content\/uploads\/2019\/12\/DSC09103-678x509.jpg 678w, https:\/\/speyer24news.com\/wp-content\/uploads\/2019\/12\/DSC09103-326x245.jpg 326w, https:\/\/speyer24news.com\/wp-content\/uploads\/2019\/12\/DSC09103-80x60.jpg 80w\" sizes=\"(max-width: 800px) 100vw, 800px\" \/><\/figure><\/div>\n\n\n\n<p>Wie bei allen \u00f6ffentlichen Angeboten sorgt die Corona-Krise auch im Museum f\u00fcr Einlass- und Personenbegrenzungen. Um Warteschlagen an der Museumskasse zu vermeiden oder zu verk\u00fcrzen, sind die Eintrittskarten vorab im Online-Shop unter\u00a0<a rel=\"noreferrer noopener\" href=\"https:\/\/deref-web.de\/mail\/client\/vcIvjOUlHac\/dereferrer\/?redirectUrl=http%3A%2F%2Fwww.tickets.museum.speyer.de\" target=\"_blank\">www.tickets.museum.speyer.de<\/a>\u00a0erh\u00e4ltlich. Zudem m\u00fcssen die Besucher beachten, dass bis auf weiteres das Abstandsgebot von mindestens 1,5 Metern gilt und ein Mund- und Nasenschutz w\u00e4hrend des Ausstellungsbesuchs obligatorisch ist. Ausgenommen von der Regelung sind Kinder unter sechs Jahren.<\/p>\n\n\n\n<p>Da sich die g\u00fcltigen Einlass- und Hygieneregeln kurzfristig \u00e4ndern k\u00f6nnen, finden die Besucher vor ihrem Ausstellungsbesuch alle wichtigen Informationen auf der Homepage unter\u00a0<a rel=\"noreferrer noopener\" href=\"https:\/\/deref-web.de\/mail\/client\/O8hjddZLn4E\/dereferrer\/?redirectUrl=http%3A%2F%2Fwww.museum.speyer.de\" target=\"_blank\">www.museum.speyer.de<\/a>.<\/p>\n\n\n\n<p><em>Text: Historisches Museum der Pfalz Speyer Foto: &#8222;Gr\u00fcffelo mit Maske&#8220; @ Historisches Museum der Pfalz Speyer, Alle anderen @ Speyer 24\/7 News<br>04.09.2020<\/em><\/p>\n","protected":false},"excerpt":{"rendered":"<div class=\"mh-excerpt\"><p>Der Gr\u00fcffelo kommt zur\u00fcck Historisches Museum der Pfalz er\u00f6ffnet im September nach Medicus auch Familienausstellung erneut Speyer &#8211; Endlich steht auch f\u00fcr die Schau \u201eDer Gr\u00fcffelo \u2013 Die Ausstellung\u201c das Datum f\u00fcr die Wiederer\u00f6ffnung nach <a class=\"mh-excerpt-more\" href=\"https:\/\/speyer24news.com\/?p=30105\" title=\"Historisches Museum der Pfalz Speyer\">[&#8230;]<\/a><\/p>\n<\/div>","protected":false},"author":3,"featured_media":0,"comment_status":"open","ping_status":"open","sticky":false,"template":"","format":"standard","meta":{"_monsterinsights_skip_tracking":false,"_monsterinsights_sitenote_active":false,"_monsterinsights_sitenote_note":"","_monsterinsights_sitenote_category":0,"footnotes":""},"categories":[14],"tags":[3154,4412,6133,5020,1191,540,577,2200,6],"aioseo_notices":[],"amp_enabled":true,"_links":{"self":[{"href":"https:\/\/speyer24news.com\/index.php?rest_route=\/wp\/v2\/posts\/30105"}],"collection":[{"href":"https:\/\/speyer24news.com\/index.php?rest_route=\/wp\/v2\/posts"}],"about":[{"href":"https:\/\/speyer24news.com\/index.php?rest_route=\/wp\/v2\/types\/post"}],"author":[{"embeddable":true,"href":"https:\/\/speyer24news.com\/index.php?rest_route=\/wp\/v2\/users\/3"}],"replies":[{"embeddable":true,"href":"https:\/\/speyer24news.com\/index.php?rest_route=%2Fwp%2Fv2%2Fcomments&post=30105"}],"version-history":[{"count":1,"href":"https:\/\/speyer24news.com\/index.php?rest_route=\/wp\/v2\/posts\/30105\/revisions"}],"predecessor-version":[{"id":30107,"href":"https:\/\/speyer24news.com\/index.php?rest_route=\/wp\/v2\/posts\/30105\/revisions\/30107"}],"wp:attachment":[{"href":"https:\/\/speyer24news.com\/index.php?rest_route=%2Fwp%2Fv2%2Fmedia&parent=30105"}],"wp:term":[{"taxonomy":"category","embeddable":true,"href":"https:\/\/speyer24news.com\/index.php?rest_route=%2Fwp%2Fv2%2Fcategories&post=30105"},{"taxonomy":"post_tag","embeddable":true,"href":"https:\/\/speyer24news.com\/index.php?rest_route=%2Fwp%2Fv2%2Ftags&post=30105"}],"curies":[{"name":"wp","href":"https:\/\/api.w.org\/{rel}","templated":true}]}}