{"id":30114,"date":"2020-09-04T16:05:09","date_gmt":"2020-09-04T15:05:09","guid":{"rendered":"https:\/\/speyer24news.com\/?p=30114"},"modified":"2020-09-04T16:06:39","modified_gmt":"2020-09-04T15:06:39","slug":"historisches-museum-der-pfalz-speyer-12","status":"publish","type":"post","link":"https:\/\/speyer24news.com\/?p=30114","title":{"rendered":"Historisches Museum der Pfalz Speyer"},"content":{"rendered":"<style type=\"text\/css\">\r\n\t.ads_top_disp{}\r\n\t.ads_top_corner_disp{ float:left; margin:0px 10px 10px 0px; }\r\n\t.ads_first_p_disp{}\r\n\t.ads_bottom_disp{}\r\n\t<\/style>\n<div class=\"wp-block-image\"><figure class=\"aligncenter\"><img decoding=\"async\" loading=\"lazy\" width=\"800\" height=\"475\" src=\"https:\/\/speyer24news.com\/wp-content\/uploads\/2020\/09\/IMG_20200904_122239.jpg\" alt=\"\" class=\"wp-image-30115\" srcset=\"https:\/\/speyer24news.com\/wp-content\/uploads\/2020\/09\/IMG_20200904_122239.jpg 800w, https:\/\/speyer24news.com\/wp-content\/uploads\/2020\/09\/IMG_20200904_122239-300x178.jpg 300w, https:\/\/speyer24news.com\/wp-content\/uploads\/2020\/09\/IMG_20200904_122239-768x456.jpg 768w\" sizes=\"(max-width: 800px) 100vw, 800px\" \/><\/figure><\/div>\n\n\n\n<h2 class=\"wp-block-heading\">Ab sofort wieder zu sehen: Die Medicus-Schau in Speyer<\/h2>\n\n\n\n<h3 class=\"wp-block-heading\">Aktueller Bezug zur Corona-Krise mit elf neuen<\/h3>\n\n\n\n<div class=\"wp-block-image\"><figure class=\"aligncenter\"><img decoding=\"async\" loading=\"lazy\" width=\"800\" height=\"600\" src=\"https:\/\/speyer24news.com\/wp-content\/uploads\/2020\/09\/IMG_20200904_122325.jpg\" alt=\"\" class=\"wp-image-30116\" srcset=\"https:\/\/speyer24news.com\/wp-content\/uploads\/2020\/09\/IMG_20200904_122325.jpg 800w, https:\/\/speyer24news.com\/wp-content\/uploads\/2020\/09\/IMG_20200904_122325-300x225.jpg 300w, https:\/\/speyer24news.com\/wp-content\/uploads\/2020\/09\/IMG_20200904_122325-768x576.jpg 768w, https:\/\/speyer24news.com\/wp-content\/uploads\/2020\/09\/IMG_20200904_122325-678x509.jpg 678w, https:\/\/speyer24news.com\/wp-content\/uploads\/2020\/09\/IMG_20200904_122325-326x245.jpg 326w, https:\/\/speyer24news.com\/wp-content\/uploads\/2020\/09\/IMG_20200904_122325-80x60.jpg 80w\" sizes=\"(max-width: 800px) 100vw, 800px\" \/><\/figure><\/div>\n\n\n\n<p>Ausstellungsstationen&nbsp;Selten ist ein Ausstellungsthema derart untrennbar mit der aktuellen Zeitgeschichte verwoben wie bei der Schau \u201eMedicus \u2013 Die Macht des Wissens\u201c im Historischen Museum der Pfalz in Speyer. Nachdem das Museum im M\u00e4rz durch die Corona-Pandemie dazu gezwungen war seine Tore zu schlie\u00dfen, ist die Ausstellung ab dem 5. September wieder ge\u00f6ffnet und bis zum 13. Juni 2021 zu sehen. \u201eEs ist eine Ironie des Schicksals, dass eine Pandemie zur Schlie\u00dfung dieser Ausstellung gef\u00fchrt hat, die sich der Jahrtausende langen medizinischen Entwicklung und der \u00dcberwindung von Seuchen und Krankheiten widmet\u201c, so Museumsdirektor Alexander Schubert.&nbsp;<\/p>\n\n\n\n<figure class=\"wp-block-image\"><img decoding=\"async\" loading=\"lazy\" width=\"800\" height=\"600\" src=\"https:\/\/speyer24news.com\/wp-content\/uploads\/2020\/09\/IMG_20200904_110618.jpg\" alt=\"\" class=\"wp-image-30117\" srcset=\"https:\/\/speyer24news.com\/wp-content\/uploads\/2020\/09\/IMG_20200904_110618.jpg 800w, https:\/\/speyer24news.com\/wp-content\/uploads\/2020\/09\/IMG_20200904_110618-300x225.jpg 300w, https:\/\/speyer24news.com\/wp-content\/uploads\/2020\/09\/IMG_20200904_110618-768x576.jpg 768w, https:\/\/speyer24news.com\/wp-content\/uploads\/2020\/09\/IMG_20200904_110618-678x509.jpg 678w, https:\/\/speyer24news.com\/wp-content\/uploads\/2020\/09\/IMG_20200904_110618-326x245.jpg 326w, https:\/\/speyer24news.com\/wp-content\/uploads\/2020\/09\/IMG_20200904_110618-80x60.jpg 80w\" sizes=\"(max-width: 800px) 100vw, 800px\" \/><\/figure>\n\n\n\n<p>Aufgrund der weltweiten Auswirkungen der Epidemie wurde das Thema Corona als Erz\u00e4hlebene in die bestehende Ausstellung aufgenommen. Schlaglichtartig untersucht die Ausstellung den Ausbruch von Epidemien in der Vergangenheit und fragt nach den Urspr\u00fcngen der Quarant\u00e4ne. Sie blickt auf den wissenschaftlichen und \u00f6ffentlichen Umgang mit Seuchen in verschiedenen Zeiten. An elf Stationen erhalten die Besucher Informationen dar\u00fcber, wie epidemische Krankheiten \u00fcber Jahrhunderte hinweg wahrgenommen und gedeutet wurden.&nbsp;<\/p>\n\n\n\n<div class=\"wp-block-image\"><figure class=\"aligncenter\"><img decoding=\"async\" loading=\"lazy\" width=\"800\" height=\"600\" src=\"https:\/\/speyer24news.com\/wp-content\/uploads\/2020\/09\/IMG_20200904_114841.jpg\" alt=\"\" class=\"wp-image-30119\" srcset=\"https:\/\/speyer24news.com\/wp-content\/uploads\/2020\/09\/IMG_20200904_114841.jpg 800w, https:\/\/speyer24news.com\/wp-content\/uploads\/2020\/09\/IMG_20200904_114841-300x225.jpg 300w, https:\/\/speyer24news.com\/wp-content\/uploads\/2020\/09\/IMG_20200904_114841-768x576.jpg 768w, https:\/\/speyer24news.com\/wp-content\/uploads\/2020\/09\/IMG_20200904_114841-678x509.jpg 678w, https:\/\/speyer24news.com\/wp-content\/uploads\/2020\/09\/IMG_20200904_114841-326x245.jpg 326w, https:\/\/speyer24news.com\/wp-content\/uploads\/2020\/09\/IMG_20200904_114841-80x60.jpg 80w\" sizes=\"(max-width: 800px) 100vw, 800px\" \/><\/figure><\/div>\n\n\n\n<p>M\u00f6glich ist die Wiederer\u00f6ffnung der Medicus-Schau zum einen durch das Entgegenkommen nationaler und internationaler Leihgeber, die ihre Exponate nun f\u00fcr einen ungew\u00f6hnlich langen Zeitraum in Speyer belassen. Zum anderen unterst\u00fctzt das Land Rheinland-Pfalz die Wiederer\u00f6ffnung durch eine gro\u00dfz\u00fcgige F\u00f6rderung von rund 225.000 \u20ac zur Umsetzung coronabedingter Investitionen.&nbsp;<\/p>\n\n\n\n<div class=\"wp-block-image\"><figure class=\"aligncenter\"><img decoding=\"async\" loading=\"lazy\" width=\"800\" height=\"600\" src=\"https:\/\/speyer24news.com\/wp-content\/uploads\/2020\/09\/IMG_20200904_122131.jpg\" alt=\"\" class=\"wp-image-30118\" srcset=\"https:\/\/speyer24news.com\/wp-content\/uploads\/2020\/09\/IMG_20200904_122131.jpg 800w, https:\/\/speyer24news.com\/wp-content\/uploads\/2020\/09\/IMG_20200904_122131-300x225.jpg 300w, https:\/\/speyer24news.com\/wp-content\/uploads\/2020\/09\/IMG_20200904_122131-768x576.jpg 768w, https:\/\/speyer24news.com\/wp-content\/uploads\/2020\/09\/IMG_20200904_122131-678x509.jpg 678w, https:\/\/speyer24news.com\/wp-content\/uploads\/2020\/09\/IMG_20200904_122131-326x245.jpg 326w, https:\/\/speyer24news.com\/wp-content\/uploads\/2020\/09\/IMG_20200904_122131-80x60.jpg 80w\" sizes=\"(max-width: 800px) 100vw, 800px\" \/><\/figure><\/div>\n\n\n\n<p>Wie bei allen \u00f6ffentlichen Angeboten sorgt die Corona-Krise auch im Museum f\u00fcr Einlass- und Personenbegrenzungen. Um Warteschlagen an der Museumskasse zu vermeiden oder zu verk\u00fcrzen, sind die Eintrittskarten vorab im Online-Shop unter&nbsp;<a rel=\"noreferrer noopener\" href=\"https:\/\/deref-web.de\/mail\/client\/vcIvjOUlHac\/dereferrer\/?redirectUrl=http%3A%2F%2Fwww.tickets.museum.speyer.de\" target=\"_blank\">www.tickets.museum.speyer.de<\/a>&nbsp;erh\u00e4ltlich. Zudem m\u00fcssen die Besucher beachten, dass bis auf weiteres das Abstandsgebot von mindestens 1,5 Metern gilt und ein Mund- und Nasenschutz w\u00e4hrend des Ausstellungsbesuchs obligatorisch ist. Ausgenommen von der Regelung sind Kinder unter sechs Jahren.&nbsp;<\/p>\n\n\n\n<div class=\"wp-block-image\"><figure class=\"aligncenter\"><img decoding=\"async\" loading=\"lazy\" width=\"800\" height=\"600\" src=\"https:\/\/speyer24news.com\/wp-content\/uploads\/2020\/09\/IMG_20200904_122025.jpg\" alt=\"\" class=\"wp-image-30120\" srcset=\"https:\/\/speyer24news.com\/wp-content\/uploads\/2020\/09\/IMG_20200904_122025.jpg 800w, https:\/\/speyer24news.com\/wp-content\/uploads\/2020\/09\/IMG_20200904_122025-300x225.jpg 300w, https:\/\/speyer24news.com\/wp-content\/uploads\/2020\/09\/IMG_20200904_122025-768x576.jpg 768w, https:\/\/speyer24news.com\/wp-content\/uploads\/2020\/09\/IMG_20200904_122025-678x509.jpg 678w, https:\/\/speyer24news.com\/wp-content\/uploads\/2020\/09\/IMG_20200904_122025-326x245.jpg 326w, https:\/\/speyer24news.com\/wp-content\/uploads\/2020\/09\/IMG_20200904_122025-80x60.jpg 80w\" sizes=\"(max-width: 800px) 100vw, 800px\" \/><\/figure><\/div>\n\n\n\n<p>Da sich die g\u00fcltigen Einlass- und Hygieneregeln kurzfristig \u00e4ndern k\u00f6nnen, finden die Besucher vor ihrem Ausstellungsbesuch alle wichtigen Informationen auf der Homepage unter&nbsp;<a rel=\"noreferrer noopener\" href=\"https:\/\/deref-web.de\/mail\/client\/O8hjddZLn4E\/dereferrer\/?redirectUrl=http%3A%2F%2Fwww.museum.speyer.de\" target=\"_blank\">www.museum.speyer.de<\/a>.<\/p>\n\n\n\n<h4 class=\"wp-block-heading\">Sehen sie hier das Video der Pressekonferenz sowie im Anschluss einen kommentierten Rundgang an den neuen Stationen vorbei:<\/h4>\n\n\n\n<figure class=\"wp-block-embed-youtube wp-block-embed is-type-video is-provider-youtube wp-embed-aspect-16-9 wp-has-aspect-ratio\"><div class=\"wp-block-embed__wrapper\">\nhttps:\/\/youtu.be\/eAW4ZUSMpGA\n<\/div><\/figure>\n\n\n\n<p><em>Text: Historisches Museum der Pfalz Speyer Foto &amp; Video: Speyer 24\/7 News<br>04.09.2020<\/em><\/p>\n","protected":false},"excerpt":{"rendered":"<div class=\"mh-excerpt\"><p>Ab sofort wieder zu sehen: Die Medicus-Schau in Speyer Aktueller Bezug zur Corona-Krise mit elf neuen Ausstellungsstationen&nbsp;Selten ist ein Ausstellungsthema derart untrennbar mit der aktuellen Zeitgeschichte verwoben wie bei der Schau \u201eMedicus \u2013 Die Macht <a class=\"mh-excerpt-more\" href=\"https:\/\/speyer24news.com\/?p=30114\" title=\"Historisches Museum der Pfalz Speyer\">[&#8230;]<\/a><\/p>\n<\/div>","protected":false},"author":3,"featured_media":0,"comment_status":"open","ping_status":"open","sticky":false,"template":"","format":"standard","meta":{"_monsterinsights_skip_tracking":false,"_monsterinsights_sitenote_active":false,"_monsterinsights_sitenote_note":"","_monsterinsights_sitenote_category":0,"footnotes":""},"categories":[14],"tags":[861,1191,540,4793,4795,4794,1311,6],"aioseo_notices":[],"amp_enabled":true,"_links":{"self":[{"href":"https:\/\/speyer24news.com\/index.php?rest_route=\/wp\/v2\/posts\/30114"}],"collection":[{"href":"https:\/\/speyer24news.com\/index.php?rest_route=\/wp\/v2\/posts"}],"about":[{"href":"https:\/\/speyer24news.com\/index.php?rest_route=\/wp\/v2\/types\/post"}],"author":[{"embeddable":true,"href":"https:\/\/speyer24news.com\/index.php?rest_route=\/wp\/v2\/users\/3"}],"replies":[{"embeddable":true,"href":"https:\/\/speyer24news.com\/index.php?rest_route=%2Fwp%2Fv2%2Fcomments&post=30114"}],"version-history":[{"count":2,"href":"https:\/\/speyer24news.com\/index.php?rest_route=\/wp\/v2\/posts\/30114\/revisions"}],"predecessor-version":[{"id":30124,"href":"https:\/\/speyer24news.com\/index.php?rest_route=\/wp\/v2\/posts\/30114\/revisions\/30124"}],"wp:attachment":[{"href":"https:\/\/speyer24news.com\/index.php?rest_route=%2Fwp%2Fv2%2Fmedia&parent=30114"}],"wp:term":[{"taxonomy":"category","embeddable":true,"href":"https:\/\/speyer24news.com\/index.php?rest_route=%2Fwp%2Fv2%2Fcategories&post=30114"},{"taxonomy":"post_tag","embeddable":true,"href":"https:\/\/speyer24news.com\/index.php?rest_route=%2Fwp%2Fv2%2Ftags&post=30114"}],"curies":[{"name":"wp","href":"https:\/\/api.w.org\/{rel}","templated":true}]}}