{"id":30122,"date":"2020-09-04T16:49:53","date_gmt":"2020-09-04T15:49:53","guid":{"rendered":"https:\/\/speyer24news.com\/?p=30122"},"modified":"2020-09-04T16:53:10","modified_gmt":"2020-09-04T15:53:10","slug":"polizei-348","status":"publish","type":"post","link":"https:\/\/speyer24news.com\/?p=30122","title":{"rendered":"Polizei"},"content":{"rendered":"<style type=\"text\/css\">\r\n\t.ads_top_disp{}\r\n\t.ads_top_corner_disp{ float:left; margin:0px 10px 10px 0px; }\r\n\t.ads_first_p_disp{}\r\n\t.ads_bottom_disp{}\r\n\t<\/style>\n<h2 class=\"wp-block-heading\">Polizeimeldungen vom Freitag (04.09.2020)<\/h2>\n\n\n\n<div class=\"wp-block-image\"><figure class=\"aligncenter\"><img decoding=\"async\" src=\"https:\/\/speyer24news.com\/wp-content\/uploads\/2020\/01\/Aktuelles-Polizeilogo.jpg\" alt=\"\" class=\"wp-image-23832\"\/><\/figure><\/div>\n\n\n\n<h4 class=\"wp-block-heading\">(Speyer) &#8211; Nach P\u00f6beleien auf Domplatz in Gewahrsam genommen<\/h4>\n\n\n\n<p>Am Freitag gegen 12:32 Uhr kam es auf dem Domplatz zu einem polizeilichen Einsatz mit einer alkoholisierten Person, die dort herumschreiend und wild gestikulierend die Aufmerksamkeit von Passanten auf sich zog. Auch gegen\u00fcber den Polizeibeamten gebar sich der 33-J\u00e4hrige Mann ohne festen Wohnsitz bei der Kontrolle unkooperativ und verbal aggressiv. Als ihm zur Eigensicherung eine Spirituosenflasche aus der Hand genommen wurde, verlor er v\u00f6llig die Beherrschung, schrie wild herum, beleidigte die Polizeibeamten lautstark und wurde immer aggressiver. Da er sich auch durch weiteres Zureden nichtmehr beruhigen lie\u00df und den Mindestabstand zu den Polizeibeamten mehrfach unterschritt, wurde er letztlich mittels einfacher k\u00f6rperlicher Gewalt zu Boden gebracht und kam in polizeilichen Gewahrsam. Der Einsatz entfaltete aufgrund des am Dom zu dieser Zeit vorherrschenden Publikumsverkehrs eine hohe \u00d6ffentlichkeitswirkung.<\/p>\n\n\n\n<h4 class=\"wp-block-heading\">(Speyer) &#8211; Falschfahrer auf der B9 \/ Polizei sucht Zeugen und m\u00f6gliche gef\u00e4hrdete Verkehrsteilnehmer<\/h4>\n\n\n\n<p>Am Donnerstag gegen 20:17 Uhr meldete die Polizei Germersheim einen Falschfahrer auf der B9. Dieser solle die B9 aus Richtung Ludwigshafen kommend mit einem Motorrad zwischen den Abfahrten L272 und B35 auf dem Standstreifen in entgegengesetzter Richtung befahren. Umgehend eingeleitete polizeiliche Fahndungsma\u00dfnahmen verliefen zun\u00e4chst erfolglos. Der gesuchte Motorradfahrer erschien jedoch wenig sp\u00e4ter bei der Polizei. Hier schilderte er, seinen Geldbeutel w\u00e4hrend der Fahrt auf der B9 verloren zu haben. Eine Absuche des dortigen Standstreifens, den er hierzu in entgegengesetzter Richtung langsam befahren habe, sei erfolglos geblieben, weswegen er sich nun an die Polizei wende. Dem 29-j\u00e4hrige Mann aus Raststatt wurde daraufhin er\u00f6ffnet, dass sich aufgrund seines Fahrverhaltens der Verdacht der Stra\u00dfenverkehrsgef\u00e4hrdung ergebe und diesbez\u00fcglich strafrechtliche Ermittlungen gegen ihn eingeleitet wurden. Die Polizei sucht in diesem Zusammenhang Verkehrsteilnehmer, die den Motorradfahrer bei seiner Fahrt auf dem Standstreifen wahrgenommen haben bzw. die durch sein Fahrverhalten gef\u00e4hrdet wurden. Zeugenhinweise nimmt die Polizei Speyer (Tel. 06232 &#8211; 1370 oder&nbsp;<a href=\"mailto:pispeyer@polizei.rlp.de\">pispeyer@polizei.rlp.de<\/a>) oder die Polizei Germersheim (Tel. 07274 &#8211; 9580 oder&nbsp;<a href=\"mailto:pigermersheim@polizei.rlp.de\">pigermersheim@polizei.rlp.de<\/a>) entgegen.<\/p>\n\n\n\n<h4 class=\"wp-block-heading\">(Speyer) &#8211; Radfahrer bringt Fu\u00dfg\u00e4ngerin zu Sturz und fl\u00fcchtet \/ Polizei sucht Zeugen<\/h4>\n\n\n\n<p>Am Donnerstag gegen 18:50 Uhr ereignete sich in der Landwehrstra\u00dfe ein Verkehrsunfall, bei welchem eine 17-j\u00e4hrige Fu\u00dfg\u00e4ngerin aus Speyer leicht verletzt wurde. Diese befand sich in Begleitung zweier Freundinnen auf dem auf Friedhofseite verlaufenden Gehweg. Kurz vor der Fu\u00dfg\u00e4ngerampel Brunckstra\u00dfe kam ihnen ein Radfahrer entgegen, der mit der 17-J\u00e4hrigen zusammenstie\u00df. Beim Sturz erlitt die junge Frau Absch\u00fcrfungen an den Armen. <\/p>\n\n\n\n<p>Der Radfahrer<\/p>\n\n\n\n<ul><li>ca. 20-j\u00e4hrig<\/li><li>schlank<\/li><li>dunkler Teint<\/li><li>Brille<\/li><li>l\u00e4ngere dunkle Haare<\/li><li>dunkle Hose und Lederjacke<\/li><\/ul>\n\n\n\n<p>setzte danach seine Fahrt in Richtung Wartturmkreuzung fort, ohne sich um die Gest\u00fcrzte zu k\u00fcmmern. Er konnte durch die Polizei im Umfeld des Unfallortes nicht mehr festgestellt werden. Die Polizei sucht Zeugen, die Angaben zu dem gefl\u00fcchteten Radfahrer machen k\u00f6nnen. Hinweise nimmt die Polizei Speyer unter Tel. 06232-1370 oder&nbsp;<a href=\"mailto:pispeyer@polizei.rlp.de\">pispeyer@polizei.rlp.de<\/a>&nbsp;entgegen<\/p>\n\n\n\n<h4 class=\"wp-block-heading\">(Speyer) &#8211; Abbiegender Transporter touchiert Radfahrerin und verletzt diese leicht<\/h4>\n\n\n\n<p>Zu einem Verkehrsunfall zwischen einen Paketzusteller und einer 70-j\u00e4hrigen Radfahrerin aus Speyer kam es am Donnerstag kurz vor 12 Uhr an der Kreuzung Viehtriftsstra\u00dfe \/ Am Ro\u00dfsprung. Weil der 22-j\u00e4hrige Fahrer des Transporters in zu engem Bogen von der Viehtriftstra\u00dfe nach links in die Stra\u00dfe Am Ro\u00dfsprung einbog, traf er mit seinem Au\u00dfenspiegel die ihm aus der Stra\u00dfe Am Ro\u00dfsprung entgegenfahrende Radfahrerin. Diese verlor durch den Kontakt die Kontrolle \u00fcber ihr Fahrrad und besch\u00e4digte beim Sturz ein am Fahrbahnrand geparkten BMW. An den unfallbeteiligten Fahrzeugen entstand ein Gesamtschaden von ca. 450EUR. Die Gest\u00fcrzte erlitt Absch\u00fcrfungen und leichte Verletzungen, verzichtete aber auf die Hinzuziehung des Rettungsdienstes.<\/p>\n\n\n\n<h4 class=\"wp-block-heading\">(Waldsee \/ Hockenheim) &#8211; Unf\u00e4lle sorgen f\u00fcr Verkehrsbeeintr\u00e4chtigungen<\/h4>\n\n\n\n<div class=\"wp-block-image\"><figure class=\"aligncenter\"><img decoding=\"async\" loading=\"lazy\" width=\"800\" height=\"533\" src=\"https:\/\/speyer24news.com\/wp-content\/uploads\/2020\/09\/IMG_8079.jpg\" alt=\"\" class=\"wp-image-30131\" srcset=\"https:\/\/speyer24news.com\/wp-content\/uploads\/2020\/09\/IMG_8079.jpg 800w, https:\/\/speyer24news.com\/wp-content\/uploads\/2020\/09\/IMG_8079-300x200.jpg 300w, https:\/\/speyer24news.com\/wp-content\/uploads\/2020\/09\/IMG_8079-768x512.jpg 768w\" sizes=\"(max-width: 800px) 100vw, 800px\" \/><figcaption>verunfalltes Motorrad auf der B9 bei Waldsee<\/figcaption><\/figure><\/div>\n\n\n\n<p>Gleich zwei Verkehrsunf\u00e4lle sorgten im Bereich der Polizeiautobahnstation Ruchheim f\u00fcr strake Verkehrsbeeintr\u00e4chtigungen am Donnerstagabend. Zun\u00e4chst kam es am Donenrstag gegen 20:30 Uhr auf der Bundesstra\u00dfe 9 Richtung Speyer, H\u00f6he Waldsee zu einem Verkehrsunfall mit einem Pkw und zwei Motorr\u00e4dern. Der 19-j\u00e4hrige Pkw-Fahrer aus Jockgrim ist aus bisher ungekl\u00e4rter Ursache auf das vorausfahrende Motorrad aufgefahren. Durch den Aufprall wurde das Motorrad auf ein weiteres Motorrad geschoben. Dadurch verlor der Fahrer die Kontrolle \u00fcber sein Zweirad und kollidierte mit der Mittelschutzplanke. Der Pkw-Fahrer und der 16-j\u00e4hrige Motorradfahrer, der mit der Mittelschutzplanke kollidiert war, wurden leicht verletzt mit Rettungsw\u00e4gen nach Speyer ins Krankenhaus gebracht. Zur Unfallaufnahme musste die Bundesstra\u00dfe 9 bis 22:45 Uhr voll gesperrt werden.<\/p>\n\n\n\n<p>Am Donenrstag gegen 21:00 Uhr wurden der Polizeiautobahnstation Ruchheim mehrere Reifenteile auf der Bundesautobahn 61 in Richtung Hockenheim gemeldet, unmittelbar vor der Tank- und Rastanlage Dannstadt-West. Der Reifen eines Sattelzugs war geplatzt und mehrere Teile der Karkasse lagen \u00fcber zirka einhundert Meter auf der Fahrbahn zerstreut. Als die Beamten der Polizeiautobahnstation Ruchheim wenige Minuten sp\u00e4ter eintrafen, waren bereits 7 Fahrzeuge \u00fcber die Reifenteile gefahren und hatten hierbei ihre Fahrzeuge besch\u00e4digt. Um die restlichen Teile der Lkw-Reifenkarkasse von der Fahrbahn zu r\u00e4umen, musste die Fahrbahn f\u00fcr ca. 5 min voll gesperrt werden. Verletzt wurde gl\u00fccklicherweise niemand.<\/p>\n\n\n\n<h4 class=\"wp-block-heading\">(Limburgerhof) &#8211; Angeblicher Microsoft-Mitarbeiter \/ Betrugsverfahren<\/h4>\n\n\n\n<p>Am Mittwoch, 02.09.2020, gegen 18:00 Uhr, gelang es einem angeblichen Microsoft-Mitarbeiter einen Angerufenen dazu zu bringen seinen Laptop zu starten und hierauf Zugriff zu nehmen. Nach einer gewissen Zeit wurde der Angerufene stutzig, beendete das Telefonat und schaltete den Laptop aus. Und tats\u00e4chlich: es wurde mehrfach unberechtigt versucht Geld von Bankkonten abzubuchen, was in zwei F\u00e4llen im insgesamt dreistelligen Eurobereich auch gelang. Die Konten wurden mittlerweile gesperrt und der Laptop zwecks &#8222;Bereinigung&#8220; in ein Computerfachgesch\u00e4ft gebracht. Die Kriminalpolizei ermittelt. Beachten Sie: Geben Sie in solch einer Situation keine privaten Daten z.B. Bankkonto- oder Kreditkartendaten sowie Zugangsdaten zu Online-Kundenkonten heraus. Gew\u00e4hren Sie einem Unbekannten niemals Zugriff auf Ihren Computer, zum Beispiel durch Installation einer angeblichen Fernwartungssoftware.<\/p>\n\n\n\n<h4 class=\"wp-block-heading\">(Bad Bergzabern) &#8211; Von Bremse abgerutscht und in Einkaufmarkt gefahren<\/h4>\n\n\n\n<p>Am Freitag, 04.09.2020, gegen 11 Uhr, wollte ein 84-j\u00e4hriger PKW-Fahrer aus dem Kreis S\u00dcW vor dem Edeka Getr\u00e4nkemarkt in Bad Bergzabern vorw\u00e4rts einparken. Nach ersten Erkenntnissen rutschte er hierbei von der Bremse ab und fuhr gegen die Schaufensterscheibe. Durch den Ansto\u00df fiel im Inneren des Marktes ein Regal um, sodass diverse Getr\u00e4nkeflaschen zu Bruch gingen. Verletzt wurde niemand. Der F\u00fchrerschein des Mannes wurde aufgrund dessen Gesundheitszustandes vorl\u00e4ufig sichergestellt. Der Gesamtschaden wird auf ca. 14000 Euro beziffert.<\/p>\n\n\n\n<h4 class=\"wp-block-heading\">(Bad Bergzabern) &#8211; Spr\u00fchsto\u00df aus Scheibenwischanlage trifft Radfahrer in die Augen<\/h4>\n\n\n\n<p>Am Donnerstag, 03.09.2020, gegen 13:10 Uhr, befuhr ein Radfahrer die Kapeller Stra\u00dfe in Richtung Stadtmitte. In H\u00f6he eines Einkaufsmarktes hatte der Radfahrer vom parallel verlaufenden Radweg auf die Stra\u00dfe gewechselt, als der 59-J\u00e4hrige von einem Pkw Opel \u00fcberholt wurde. W\u00e4hrend des \u00dcberholvorganges habe der Pkw-Fahrer kurz die Scheibenwaschanlage bet\u00e4tigt, den Radfahrer ins Auge getroffen und ein Brennen verursacht. Nach dem Aussp\u00fclen der Augen konnte der Radfahrer seine Fahrt fortsetzen. Die Ermittlungen zum Motiv des 69-j\u00e4hrigen Autofahrers dauern noch an.<\/p>\n\n\n\n<h4 class=\"wp-block-heading\">(Landau) &#8211; Brennender PKW auf A65<\/h4>\n\n\n\n<div class=\"wp-block-image\"><figure class=\"aligncenter\"><img decoding=\"async\" loading=\"lazy\" width=\"800\" height=\"587\" src=\"https:\/\/speyer24news.com\/wp-content\/uploads\/2020\/09\/brennenderPKW.jpg\" alt=\"\" class=\"wp-image-30130\" srcset=\"https:\/\/speyer24news.com\/wp-content\/uploads\/2020\/09\/brennenderPKW.jpg 800w, https:\/\/speyer24news.com\/wp-content\/uploads\/2020\/09\/brennenderPKW-300x220.jpg 300w, https:\/\/speyer24news.com\/wp-content\/uploads\/2020\/09\/brennenderPKW-768x564.jpg 768w, https:\/\/speyer24news.com\/wp-content\/uploads\/2020\/09\/brennenderPKW-80x60.jpg 80w\" sizes=\"(max-width: 800px) 100vw, 800px\" \/><\/figure><\/div>\n\n\n\n<p>Am Freitag den 04.09.2020, gegen 13:38 Uhr wurde ein brennender PKW auf der A65 in Fahrtrichtung Ludwigshafen, kurz nach der AS Landau-Nord, gemeldet. Ursache der Brandausl\u00f6sung war ein technischer Defekt des Fahrzeugs. Die hinzugerufene Feuerwehr konnte den Brand l\u00f6schen und eine weitere Ausbreitung verhindern. Zum Zweck der Aufr\u00e4um- und L\u00f6scharbeiten musste die Richtungsfahrbahn bis ca. 14:30 Uhr voll gesperrt werden. Bis ca. 15:00 Uhr war der rechte Fahrstreifen gesperrt. Zu Verletzungen von Personen ist es nicht gekommen.<\/p>\n\n\n\n<h4 class=\"wp-block-heading\">(Landau) &#8211; Feierliche Einweihung des Neubaus der Polizeidirektion Landau<\/h4>\n\n\n\n<div class=\"wp-block-image\"><figure class=\"aligncenter\"><img decoding=\"async\" loading=\"lazy\" width=\"800\" height=\"563\" src=\"https:\/\/speyer24news.com\/wp-content\/uploads\/2020\/09\/IMG_1500_bearb.jpg\" alt=\"\" class=\"wp-image-30125\" srcset=\"https:\/\/speyer24news.com\/wp-content\/uploads\/2020\/09\/IMG_1500_bearb.jpg 800w, https:\/\/speyer24news.com\/wp-content\/uploads\/2020\/09\/IMG_1500_bearb-300x211.jpg 300w, https:\/\/speyer24news.com\/wp-content\/uploads\/2020\/09\/IMG_1500_bearb-768x540.jpg 768w\" sizes=\"(max-width: 800px) 100vw, 800px\" \/><figcaption>v.l.: MdL Wolfgang Schwarz, Thomas Sommerrock, Roger Lewentz, Thomas Ebling und Doris Ahnen<\/figcaption><\/figure><\/div>\n\n\n\n<p>In einer kleinen Feierstunde wurde nach rund dreij\u00e4hriger Bauzeit am 04.09.2020 das neue Dienstgeb\u00e4ude der Polizeidirektion Landau von Innenminister Roger Lewentz und Finanzministerin Doris Ahnen eingeweiht.<\/p>\n\n\n\n<p>Stellvertretend f\u00fcr das Land als Bauherrn \u00fcbergab Gesch\u00e4ftsf\u00fchrer Holger Basten vom Landesbetrieb Liegenschafts- und Baubetreuung (LBB) den symbolischen Geb\u00e4udeschl\u00fcssel an Polizeipr\u00e4sident Thomas Ebling.<\/p>\n\n\n\n<div class=\"wp-block-image\"><figure class=\"aligncenter\"><img decoding=\"async\" loading=\"lazy\" width=\"800\" height=\"609\" src=\"https:\/\/speyer24news.com\/wp-content\/uploads\/2020\/09\/IMG_1521_bearb.jpg\" alt=\"\" class=\"wp-image-30126\" srcset=\"https:\/\/speyer24news.com\/wp-content\/uploads\/2020\/09\/IMG_1521_bearb.jpg 800w, https:\/\/speyer24news.com\/wp-content\/uploads\/2020\/09\/IMG_1521_bearb-300x228.jpg 300w, https:\/\/speyer24news.com\/wp-content\/uploads\/2020\/09\/IMG_1521_bearb-768x585.jpg 768w, https:\/\/speyer24news.com\/wp-content\/uploads\/2020\/09\/IMG_1521_bearb-80x60.jpg 80w\" sizes=\"(max-width: 800px) 100vw, 800px\" \/><figcaption>Thomas Sommerrock und Thomas Ebling mit dem symbolischen Geb\u00e4udeschl\u00fcssel<\/figcaption><\/figure><\/div>\n\n\n\n<p>In seiner Ansprache stellte Thomas Ebling heraus, wie wichtig und notwendig der langersehente Neubau f\u00fcr die Polizei Landau ist und \u00fcbergab den symbolischen Geb\u00e4udeschl\u00fcssel an den Leiter der Polizeidirektion Landau, Thomas Sommerrock. In dem neuen Dienstgeb\u00e4ude haben die rund 170 Polizeibediensteten nun unter einem Dach auf rund 2.300 Quadratmetern ein modernes zeitgem\u00e4\u00dfes Arbeitsumfeld. Zuvor waren die Kolleginnen und Kollegen in unterschiedlichen Geb\u00e4uden im Westring und in der Xylanderstra\u00dfe untergebracht, die zu klein waren und nicht mehr den Anforderungen des Polizeidienstes entsprachen.<\/p>\n\n\n\n<p>Das neue Dienstgeb\u00e4ude liegt verkehrsg\u00fcnstig in der Paul-von-Denis-Stra\u00dfe, am Rande der Landauer Innenstadt, und ist gut f\u00fcr die B\u00fcrgerinnen und B\u00fcrger zu erreichen. Das gesamte Geb\u00e4ude und auch die Besucherparkpl\u00e4tze sind barrierefrei gestaltet.<\/p>\n\n\n\n<p>Neben B\u00fcros findet sich auch ein neuer Wachbereich, mehrere speziell gesicherte Gewahrsamszellen, sowie flexibel unterteilbare Besprechungsr\u00e4ume und spezielle R\u00e4ume f\u00fcr die Kriminaltechnik in dem Geb\u00e4ude wieder.<\/p>\n\n\n\n<div class=\"wp-block-image\"><figure class=\"aligncenter\"><img decoding=\"async\" loading=\"lazy\" width=\"800\" height=\"533\" src=\"https:\/\/speyer24news.com\/wp-content\/uploads\/2020\/09\/IMG_1344.jpg\" alt=\"\" class=\"wp-image-30127\" srcset=\"https:\/\/speyer24news.com\/wp-content\/uploads\/2020\/09\/IMG_1344.jpg 800w, https:\/\/speyer24news.com\/wp-content\/uploads\/2020\/09\/IMG_1344-300x200.jpg 300w, https:\/\/speyer24news.com\/wp-content\/uploads\/2020\/09\/IMG_1344-768x512.jpg 768w\" sizes=\"(max-width: 800px) 100vw, 800px\" \/><figcaption>Finanzministerin Doris Ahnen bei der Festrede<\/figcaption><\/figure><\/div>\n\n\n\n<p>Neu ist auch ein spezieller Vernehmungsraum, in welchem audiovisuelle Vernehmungen durchgef\u00fchrt und aufgezeichnet werden k\u00f6nnen. Eine solche Vernehmung kann z.B. bei Sexualdelikten durchgef\u00fchrt werden, um Opfern eine sp\u00e4tere Vernehmung vor Gericht zu ersparen.<\/p>\n\n\n\n<p>Auch auf die Energieeffizienz und den Umweltschutz wurde bei dem Neubau geachtet. So wurde das Geb\u00e4ude mit einer 20 Zentimeter dicken mineralischen Fassadend\u00e4mmung und dreifachverglasten Fenstern ausgestattet. Beheizt wird der Neubau mit Fernw\u00e4rme. Dar\u00fcber hinaus werden auf den D\u00e4chern der Carports und Garagen Fotovoltaikanlagen zur Stromversorgung f\u00fcr elektrische Fahrzeuge angebracht.<\/p>\n\n\n\n<div class=\"wp-block-image\"><figure class=\"aligncenter\"><img decoding=\"async\" loading=\"lazy\" width=\"800\" height=\"551\" src=\"https:\/\/speyer24news.com\/wp-content\/uploads\/2020\/09\/Lewentz2.jpg\" alt=\"\" class=\"wp-image-30128\" srcset=\"https:\/\/speyer24news.com\/wp-content\/uploads\/2020\/09\/Lewentz2.jpg 800w, https:\/\/speyer24news.com\/wp-content\/uploads\/2020\/09\/Lewentz2-300x207.jpg 300w, https:\/\/speyer24news.com\/wp-content\/uploads\/2020\/09\/Lewentz2-768x529.jpg 768w\" sizes=\"(max-width: 800px) 100vw, 800px\" \/><figcaption>Innenminister Roger Lewentz bei der Festrede<\/figcaption><\/figure><\/div>\n\n\n\n<p>F\u00fcr die obligatorische Kunst am Bau wurde die Arbeit &#8222;Meadows&#8220; der K\u00fcnstlergemeinschaft Henninger GbR aus Berlin unter mehreren Bewerbern ausgew\u00e4hlt. Der Entwurf &#8222;interpretiert das Thema ,Zaun&#8216; auf v\u00f6llig neue Weise als Gr\u00e4ser-Reihe, die in der Visualisierung eine sommerlich-heitere Anmutung entfaltet&#8220;, hei\u00dft es in der Begr\u00fcndung der Wettbewerbsjury.<\/p>\n\n\n\n<div class=\"wp-block-image\"><figure class=\"aligncenter\"><img decoding=\"async\" loading=\"lazy\" width=\"800\" height=\"600\" src=\"https:\/\/speyer24news.com\/wp-content\/uploads\/2020\/09\/Foto2\u00dcberarbeitetPM.jpg\" alt=\"\" class=\"wp-image-30129\" srcset=\"https:\/\/speyer24news.com\/wp-content\/uploads\/2020\/09\/Foto2\u00dcberarbeitetPM.jpg 800w, https:\/\/speyer24news.com\/wp-content\/uploads\/2020\/09\/Foto2\u00dcberarbeitetPM-300x225.jpg 300w, https:\/\/speyer24news.com\/wp-content\/uploads\/2020\/09\/Foto2\u00dcberarbeitetPM-768x576.jpg 768w, https:\/\/speyer24news.com\/wp-content\/uploads\/2020\/09\/Foto2\u00dcberarbeitetPM-678x509.jpg 678w, https:\/\/speyer24news.com\/wp-content\/uploads\/2020\/09\/Foto2\u00dcberarbeitetPM-326x245.jpg 326w, https:\/\/speyer24news.com\/wp-content\/uploads\/2020\/09\/Foto2\u00dcberarbeitetPM-80x60.jpg 80w\" sizes=\"(max-width: 800px) 100vw, 800px\" \/><figcaption>Blick auf das Geb\u00e4ude mit Eingang<\/figcaption><\/figure><\/div>\n\n\n\n<p>An den Feierlichkeiten, welche aufgrund der aktuellen Corona-Beschr\u00e4nkungen im Freien und mit stark reduzierter G\u00e4stezahl stattfand, nahmen neben Vertretern der Polizei und des LBB, auch Innenminister Roger Lewentz, Finanzministerin Doris Ahnen, die Landtagsabgeordneten Peter Lerch und Wolfgang Schwarz, der Oberb\u00fcrgermeister der Stadt Landau Thomas Hirsch, Landrat Dietmar Seefeldt, Kreisbeigeordnete Jutta Wegmann, die Pr\u00e4sidentin des Landgerichts Landau Frau M\u00fcller-Rospert und die Leitende Oberstaatsanw\u00e4ltin Frau M\u00f6hlig teil.<\/p>\n\n\n\n<p>Musikalisch umrahmt wurde die Veranstaltung vom Blechbl\u00e4serquintett des Landpolizeiorchesters Rheinland-Pfalz.<\/p>\n\n\n\n<h4 class=\"wp-block-heading\">(Frankweiler) &#8211; Motorradfahrerin gest\u00fcrzt<\/h4>\n\n\n\n<p>Mit Hautabsch\u00fcrfungen kam eine 35 &#8211; j\u00e4hrige Motorradfahrerin am Donnerstagmittag nach einem Verkehrsunfall in ein Krankenhaus. Ein Autofahrer musste im Bereich der Einm\u00fcndung L 507\/K 53 verkehrsbedingt abbremsen, die nachfolgende Zweiradfahrerin erkannte dies zu sp\u00e4t und f\u00fchrte eine Bremsung durch, in deren Folge sie die Kontrolle \u00fcber ihr Motorrad verlor und st\u00fcrzte. Zu einem Zusammensto\u00df der Fahrzeuge kam es nicht. Der Verkehrsunfall ereignete sich gegen 15.25 Uhr. Ein Rettungswagen war ebenfalls im Einsatz.<\/p>\n\n\n\n<h4 class=\"wp-block-heading\">(Edenkoben) &#8211; STOP-Schild \u00fcbersehen<\/h4>\n\n\n\n<p>Als eine 26 Jahre alte Autofahrerin am Donnerstag (03.09.2020) um 10:10 Uhr von Ludwigshafen kommend die Autobahn A 65 verlie\u00df, fuhr sie ohne am STOP-Schild anzuhalten auf die K 6 ein. Sie riss dann das Lenkrad herum und in der Folge drehte sich ihr Fahrzeug um 180\u00b0, bevor es mit der Leitplanke kollidierte. Gl\u00fccklicherweise wurde die Frau bei dem Unfall nicht verletzt. Der Gesamtschaden am Auto und an der Leitplanke wird auf 7000 Euro gesch\u00e4tzt.<\/p>\n\n\n\n<h4 class=\"wp-block-heading\">(Bad D\u00fcrkheim) &#8211; Lautes Knallger\u00e4usch wahrgenommen<\/h4>\n\n\n\n<p>Am 04.09.2020 gegen 00:00 Uhr nahm ein Besucher eines Hotels in der Kurgartenstra\u00dfe in Bad D\u00fcrkheim von seinem Balkon aus zun\u00e4chst einen lauten Knall, wenig sp\u00e4ter Wasserger\u00e4usche aus dem Bereich des Kurparks wahr. Er vermutete einen Wasserrohrbruch. Vor Ort konnten durch die eingesetzten Feuerwehr und Polizeikr\u00e4fte dahingehend keine entsprechenden Feststellungen gemacht werden. Ermittlungen ergaben, das im Bereich des Kurparks die Wassersprenger ausgel\u00f6st h\u00e4tten. Dabei w\u00fcrden abends die D\u00fcsen mit einem lauten Knall aus dem Boden schie\u00dfen und anfangen zu w\u00e4ssern.<\/p>\n\n\n\n<h4 class=\"wp-block-heading\">(Bad D\u00fcrkheim) &#8211; Unfallbeteiligte Fahrradfahrerin gesucht<\/h4>\n\n\n\n<p>Am 31.08.2020 befuhr eine 26-J\u00e4hrige mit ihrem Fiat die Mannheimer Stra\u00dfe in Bad D\u00fcrkheim in Richtung Innenstadt und wollte in die Kanalstra\u00dfe abbiegen. Als die Ampel auf Gr\u00fcn schaltete und sie in den Kreuzungsbereich einfuhr, stie\u00df sie auf H\u00f6he des Radweg\u00fcbergangs mit einer in Fahrtrichtung Ludwigshafen fahrenden Fahrradfahrerin zusammen. Diese entfernte sich nach dem Aufprall \u00fcber die \u00dcberf\u00fchrung der B271 \u00fcber die Stra\u00dfe Am Neuberg in Richtung Wachenheim, ohne ihre Personalien zu hinterlassen. Ob sie bei dem Verkehrsunfall verletzt wurde steht daher nicht fest. Am Fiat entstand ein Sachschaden von 150 Euro. Bei der Fahrradfahrerin handelte es sich um ein junges M\u00e4dchen, in einem Alter von ca. 12 bis 15 Jahren, mit schlanker Statur. Sie hatte blonde Haare und trug einen rosa Fahrradhelm, unter dem sie ihre Haare zu einem Pferdeschwanz gebunden hatte. Auf dem Gep\u00e4cktr\u00e4ger hatte sie einen Fahrradkorb mit einem Schulrucksack. Die Polizei Bad D\u00fcrkheim bittet um Hinweise unter 06322 963 0 oder per E-Mail an&nbsp;<a href=\"mailto:pibadduerkheim@polizei.rlp.de\">pibadduerkheim@polizei.rlp.de<\/a><\/p>\n\n\n\n<h4 class=\"wp-block-heading\">(Ellerstadt) &#8211; Fl\u00e4chenbrand<\/h4>\n\n\n\n<p>Am 02.09.2020 kam es in Ellerstadt in der Bahnstra\u00dfe in N\u00e4he der Grundschule zu einem Fl\u00e4chenbrand, der durch die Feuerwehr gel\u00f6scht wurde. Vor Ort waren gesch\u00e4tzte 100 Quadratmeter d\u00fcrres Gras auf einem unbestellten Feld verbrannt. F\u00fcr angrenzende Wohnh\u00e4user bzw. das Schulgeb\u00e4ude bestand zu keinem Zeitpunkt eine Gefahr. Die Brandursache konnte bislang nicht ermittelt werden. Ebenfalls konnten bislang keine Hinweise auf eine Brandstiftung ermittelt werden. Die Polizei Bad D\u00fcrkheim bittet um Hinweise unter 06322 963 0 oder per E-Mail an&nbsp;<a href=\"mailto:pibadduerkheim@polizei.rlp.de\">pibadduerkheim@polizei.rlp.de<\/a><\/p>\n\n\n\n<h4 class=\"wp-block-heading\">(Dirmstein) &#8211; PKW \u00fcberschlagen<\/h4>\n\n\n\n<p>Am Freitag Mittag gegen 14 Uhr fuhr eine 64-j\u00e4hrige Frau aus Norddeutschland mit ihrem PKW von Dirmstein in Richtung Gerolsheim. In einer Kurve kam sie aus Unachtsamkeit von der Fahrbahn ab und der PKW \u00fcberschlug sich ins angrenzende Feld. Da die Fahrerin laut Erstmeldung im PKW eingeklemmt sein sollte, wurde durch die Rettungsleitstelle neben dem Rettungsdienst auch die Feuerwehr und der Rettungshubschrauber zur Unfallstelle alarmiert. Bei Eintreffen der Polizei am Unfallort wurde festgestellt, dass sich lediglich die T\u00fcren des rundum total besch\u00e4digten PKW nicht mehr \u00f6ffnen lie\u00dfen, und deshalb die Fahrerin das Unfallfahrzeug nicht selbstst\u00e4ndig verlassen konnte. Sie wurde zum Gl\u00fcck nur leicht verletzt und kam nach der Befreiung aus ihrem PKW vorsorglich zur Untersuchung ins Krankenhaus. Die Feuerwehr war mit 35 Kr\u00e4ften aus mehreren Orten der Verbandsgemeinde Leininger Land mit insgesamt 8 Einsatzfahrzeugen im Einsatz sowie ein Rettungswagen und der Rettungshubschrauber.<\/p>\n\n\n\n<h4 class=\"wp-block-heading\">(Frankenthal) &#8211; Versuchter Call-Center-Betrug durch vermeintliche Mitarbeiterin einer JVA<\/h4>\n\n\n\n<p>Am Donnerstagnachmittag, dem 03.09.2020, gegen 15:55 Uhr, erh\u00e4lt die 71-j\u00e4hrige Gesch\u00e4digte aus Frankenthal einen Anruf einer vermeintlichen Mitarbeiterin einer JVA. Die weibliche Anruferin teilt der 71-J\u00e4hrigen sodann mit, dass gegen sie eine Pf\u00e4ndung bestehen w\u00fcrde. Sofern die Gesch\u00e4digte weitere Informationen erhalten m\u00f6chte, solle sie die &#8222;1&#8220; dr\u00fccken. Kurze Zeit sp\u00e4ter wird das Telefongespr\u00e4ch beendet. Zu einer direkten Geldforderung seitens der vermeintlichen JVA-Mitarbeiterin kommt es nicht. Ein Schaden ist bislang ebenfalls nicht eingetreten.<\/p>\n\n\n\n<p>Immer wieder missbrauchen Betr\u00fcger den Namen der Polizei oder sonstiger Beh\u00f6rden f\u00fcr kriminelle Zwecke. Dabei nutzen sie gef\u00e4lschte Dienstausweise, versenden raffiniert gef\u00e4lschte E-Mails oder geben sich am Telefon als Polizeibeamte aus. Lassen Sie sich nicht t\u00e4uschen und seien Sie misstrauisch. Wenn Ihnen der Anruf seltsam erscheint rufen Sie uns an. Wir sind unter der 110 oder der 06233\/313-0 f\u00fcr Sie da. Verwenden sie beim R\u00fcckruf, wenn m\u00f6glich, bitte auch ein anderes Telefon. Wir wollen, dass Sie sicher Leben &#8211; Ihre Polizei Frankenthal.<\/p>\n\n\n\n<h4 class=\"wp-block-heading\">(Ludwigshafen) &#8211; Frau bei Unfall verletzt<\/h4>\n\n\n\n<p>Am Donnerstag, 03.09.2020, um 19:00 Uhr, kam es in der Saarlandstra\u00dfe (Fahrtrichtung Heinigstra\u00dfe) kurz vor der Einm\u00fcndung zur Kurf\u00fcrstenstra\u00dfe zu einem Verkehrsunfall, bei dem eine 30-J\u00e4hrige verletzt wurde. Eine 52-J\u00e4hrige musste mit ihrem Auto verkehrsbedingt abbremsen. Die 30-J\u00e4hrige konnte nicht mehr rechtzeitig anhalten und fuhr auf. Durch den Aufprall auf das Lenkrad verletzte sie sich. Ihr Pkw war nicht mehr fahrbereit. Der Gesamtschaden wird auf ca. 4.000 Euro gesch\u00e4tzt.<\/p>\n\n\n\n<h4 class=\"wp-block-heading\">(Ludwigshafen) &#8211; Gef\u00e4hrdung des Stra\u00dfenverkehrs \/ Zeugen gesucht<\/h4>\n\n\n\n<p>Am Donnerstag, 03.09.2020, ereignete sich zwischen 16:15 und 16:25 Uhr vor dem Haupteingang des Hauptbahnhofes eine m\u00f6gliche Stra\u00dfenverkehrsgef\u00e4hrdung. Nach derzeitigem Kenntnisstand beschleunigte ein 20-J\u00e4hriger seinen silberfarbigen Mercedes mit NW-Kennzeichen so stark, dass die Reifen quietschten, das Heck ausbrach und sich das Auto drehte. Dabei stie\u00df der Mercedes gegen die Bordsteinkannte, wobei die Hinterradachse brach. Auf dem Gehweg zwischen Bushaltestelle und den dortigen Informationstafeln kam der Pkw vor den Abg\u00e4ngen zur Stra\u00dfenbahn zum Stehen. Der Fahrer schaffte es noch den eigentlich nicht mehr fahrbereiten Mercedes auf dem gegen\u00fcberliegenden Parkplatz abzustellen und entfernte sich. Dennoch konnte er von den aufnehmenden Polizeibeamten bei der Unfallaufnahme ermittelt werden. In diesem Zusammenhang werden m\u00f6gliche Gef\u00e4hrdete und Zeugen gesucht, die den Vorfall im Zeitraum zwischen 16:15 Uhr und 16:25 Uhr beobachtet haben. Insbesondere werden Zeugen gesucht, die sich an der Bushaltestelle &#8222;LU-Hauptbahnhof&#8220; oder an den daneben befindlichen Abg\u00e4ngen der Stra\u00dfenbahnen aufhielten und m\u00f6glicherweise gef\u00e4hrdet wurden.<\/p>\n\n\n\n<p>Sachdienliche Hinweise bitte an die Polizeiinspektion Ludwigshafen 1, Telefonnummer 0621 963-2122 oder per E-Mail&nbsp;<a href=\"mailto:piludwigshafen1@polizei.rlp.de\">piludwigshafen1@polizei.rlp.de<\/a>&nbsp;.<\/p>\n\n\n\n<h4 class=\"wp-block-heading\">(Ludwigshafen) &#8211; Kind bei Unfall verletzt<\/h4>\n\n\n\n<p>Am Donnerstag, 03.09.2020, um 14:55 Uhr, wurde in der Wasgaustra\u00dfe ein zehnj\u00e4hriges M\u00e4dchen bei einem Verkehrsunfall verletzt. Das Kind fuhr mit seinem Fahrrad hinter einem geparkten Auto auf die Stra\u00dfe, als gerade eine 40-J\u00e4hrige mit ihrem Auto vorbeifuhr. Das M\u00e4dchen st\u00fcrzte und wurde verletzt. Zu Untersuchung wurde es in ein Krankenhaus gebracht. An dem Pkw entstand leichter Sachschaden.<\/p>\n\n\n\n<h4 class=\"wp-block-heading\">(Mannheim) &#8211; Vorsicht vor Trickdiebstahl und sogenannten Haust\u00fcrgesch\u00e4ften \/ Angebliche Dachdecker bieten ihre Dienstleistung an<\/h4>\n\n\n\n<p>Am Dienstagvormittag boten unbekannte Betr\u00fcger im Stadtteil Vogelstang einer \u00e4lteren Dame ihre Leistungen als Dachdecker an. Unter dem Vorwand, einen dringend zu reparierenden Schaden am Hausdach begutachten zu wollen, \u00fcberrumpelten sie die arglose Hausbesitzerin und verschafften sich Zugang ins Innere des Hauses. W\u00e4hrend der eine Tatverd\u00e4chtige \u00fcber die notwendigen Reparaturarbeiten informierte, durchsuchte der andere die Wohnr\u00e4ume nach Wertgegenst\u00e4nden. Als einer der beiden nach dem Tresorschl\u00fcssel verlangte, sch\u00f6pfte die Rentnerin Verdacht, forderte beide auf, unverz\u00fcglich das Haus zu verlassen und verst\u00e4ndigte die Polizei. Weder unterzeichnete sie ein Vertragsangebot, noch leistete sie Vorkasse f\u00fcr irgendwelche angebotenen Dienstleistungen. Die beiden angeblichen Handwerker sind beide ca. 175 cm gro\u00df, schlank, mittleren Alters. Einer der beiden hatte einen sogenannten 3-Tages-Bart. Der zweite Tatverd\u00e4chtige war mit einem wei\u00dfem T-Shirt mit Dachdecker-Aufschrift bekleidet.<\/p>\n\n\n\n<p>Auch am Mittwochmorgen verschafften sich zwei unbekannte m\u00e4nnlich Personen, die sich als Dachdecker ausgaben unter gleichem Vorwand Zugang zum Haus einer demenzkranken Seniorin im Stadtteil Feudenheim. Ihre Tochter, die sp\u00e4ter von den angeblichen Handwerkern erfahren hatte, informierte sofort die Polizei. Leider war es der \u00e4lteren Dame nicht m\u00f6glich, die beiden Tatverd\u00e4chtigen zu beschreiben. Bislang ist auch nicht bekannt, ob etwas entwendet oder eine Zahlung geleistet wurde.<\/p>\n\n\n\n<p>Die Kriminalpolizeidirektion Heidelberg hat die Ermittlungen aufgenommen. Wer Hinweise zu den unbekannten Personen geben kann oder m\u00f6glicherweise selbst Opfer einer solchen Betrugsmasche wurde, wird gebeten, sich mit dem Kriminaldauerdienst in Heidelberg, Tel.: 0621\/174-4444, zu wenden.<\/p>\n\n\n\n<p>Die Maschen der Betr\u00fcger sind vielseitig. Sie t\u00e4uschen eine Notlage vor oder geben sich beispielsweise als Handwerker oder Amtsperson aus, um in die Wohnung ihrer Opfer zu gelangen. Get\u00e4uscht und anschlie\u00dfend bestohlen werden h\u00e4ufig \u00e4ltere Menschen. Die Betr\u00fcger gehen zumeist sehr raffiniert vor, um an das Geld ihrer Opfer zu kommen. Erster Kriminalhauptkommissar Reiner Greulich vom Referat Pr\u00e4vention im Polizeipr\u00e4sidium Mannheim und Gesch\u00e4ftsf\u00fchrer des Pr\u00e4ventionsvereins &#8218;Sicheres Heidelberg e.V.&#8216; appelliert an alle B\u00fcrgerinnen und B\u00fcrger: &#8222;Wir warnen ausdr\u00fccklich vor sogenannten &#8222;Haust\u00fcrgesch\u00e4ften, die auf den ersten Blick besonders g\u00fcnstig erscheinen. In aller Regel wird dabei Vorkasse verlangt und die angeblich begonnenen Arbeiten werden nicht fachm\u00e4nnisch oder gar nicht beendet. Wir raten dazu, an der Haust\u00fcr keinerlei Vertr\u00e4ge \u00fcber Dienstleistungen abzuschlie\u00dfen und keine fremden Personen ins Haus zu lassen.&#8220;<\/p>\n\n\n\n<p><strong><em>Tipps ihrer Polizei zu Gesch\u00e4ften an der Haust\u00fcr:<\/em><\/strong><\/p>\n\n\n\n<p>Seien Sie vorsichtig, wenn Ihnen jemand etwas an Ihrer Haus-, beziehungsweise Wohnungst\u00fcr verkaufen will, insbesondere wenn die Verk\u00e4ufer Sie beispielsweise mit Schn\u00e4ppchen oder Gratisangeboten locken wollen. H\u00e4ufig ist dies eine Masche von Kriminellen mit dem Ziel, von Ihnen eine Unterschrift unter einen Vertrag zu erhalten, zum Beispiel f\u00fcr eine Versicherung, einen g\u00fcnstigen Stromtarif, ein Zeitschriftenabonnement, oder ein Haushaltsger\u00e4t.<\/p>\n\n\n\n<p>Andere Haust\u00fcrbetr\u00fcger versprechen Gewinne oder behaupten f\u00fcr ein soziales Projekt zu arbeiten, um damit Mitleid zu erwecken. Und wieder andere geben sich als Mitarbeiter von seri\u00f6sen Firmen aus. Immer ist das Ziel gleich: die Unterschrift unter einen Vertrag.<\/p>\n\n\n\n<p>Eine andere Masche von Haust\u00fcrgesch\u00e4ften ist das Anbieten von spontanen Handwerkerleistungen (insbesondere Dach- und Pflasterarbeiten). Tats\u00e4chlich sofort angefangene Arbeiten dienen nur als T\u00e4uschung und werden nicht beendet. Sie als Auftraggeber jedoch werden um die Zahlung der bereits geleisteten Reparaturen gebeten.<\/p>\n\n\n\n<p><strong><em>Wenn Sie doch etwas kaufen m\u00f6chten<\/em><\/strong><\/p>\n\n\n\n<ul><li>Zahlen Sie nie per Vorkasse, also bevor Sie die Ware erhalten haben. Unterschreiben Sie nichts unter Zeitdruck, lassen Sie sich nicht verwirren oder unter Druck setzen. Unterschreiben Sie nichts, was Sie nicht ganz genau verstanden haben. Unterschriften sind nie &#8222;reine Formsache&#8220;. <\/li><li>Bitten Sie Nachbarn oder Bekannte als Zeugen dazu, denn wenn Sie  unterschreiben, schlie\u00dfen Sie einen Vertrag, ein verbindliches  Rechtsgesch\u00e4ft ab. <\/li><li>Achten Sie bei Haust\u00fcrgesch\u00e4ften auf das richtige Datum und die  Unterschriften. Ein fehlendes oder falsches Datum erschwert  gegebenenfalls die Durchsetzung Ihres Widerrufsrechts. <\/li><li>Fordern Sie eine Vertragsdurchschrift, auf der Name und Anschrift des Vertragspartners deutlich lesbar sind. <\/li><li>Wenn Sie es sich anders \u00fcberlegen und von einem Gesch\u00e4ft  zur\u00fccktreten m\u00f6chten, dann schicken Sie einen schriftlichen Widerruf  (Einschreiben mit R\u00fcckschein!) innerhalb von 14 Tagen nach  Vertragsabschluss an den Verk\u00e4ufer. <\/li><li>F\u00fcr weitere Informationen steht Ihnen auch Ihre \u00f6rtliche  Verbraucherzentrale zur Verf\u00fcgung. Die Adresse finden Sie unter  <a rel=\"noreferrer noopener\" target=\"_blank\" href=\"http:\/\/www.verbraucherzentrale.de\/\">www.verbraucherzentrale.de<\/a> oder in Ihrem \u00f6rtlichen Telefonbuch. <\/li><\/ul>\n\n\n\n<p><\/p>\n\n\n\n<h4 class=\"wp-block-heading\">(Heidelberg) &#8211; Kontroll- und Einsatzma\u00dfnahmen des Polizeipr\u00e4sidiums Mannheim im Rahmen der Sicherheitspartnerschaft &#8222;Sicher in Heidelberg&#8220;<\/h4>\n\n\n\n<div class=\"wp-block-image\"><figure class=\"aligncenter\"><img decoding=\"async\" loading=\"lazy\" width=\"600\" height=\"606\" src=\"https:\/\/speyer24news.com\/wp-content\/uploads\/2020\/09\/Gelbe-Hand.png\" alt=\"\" class=\"wp-image-30132\" srcset=\"https:\/\/speyer24news.com\/wp-content\/uploads\/2020\/09\/Gelbe-Hand.png 600w, https:\/\/speyer24news.com\/wp-content\/uploads\/2020\/09\/Gelbe-Hand-297x300.png 297w\" sizes=\"(max-width: 600px) 100vw, 600px\" \/><\/figure><\/div>\n\n\n\n<p>Im Rahmen der Partnerschaft &#8222;Sicher in Heidelberg&#8220; f\u00fchrte das Polizeirevier Heidelberg-Mitte am Donnerstagnachmittag im Bereich der Altstadt sowie am Bismarckplatz Pr\u00e4ventionsma\u00dfnahmen zur Bek\u00e4mpfung der Taschendiebstahlskriminalit\u00e4t durch. An den Ma\u00dfnahmen waren Polizeikr\u00e4fte des Polizeipr\u00e4sidiums Mannheim und Polizeibeamte der Bereitschaftspolizeidirektion Bruchsal beteiligt. Dabei wurde ein Schwerpunkt auf das Pr\u00e4ventionsprojekt &#8222;Gelbe Hand&#8220; gelegt und mit zahlreichen Passanten Gespr\u00e4che gef\u00fchrt, denen zuvor ein Flyer &#8222;Gelbe Hand&#8220; in die Handtasche gelegt worden war. Die Beamten sensibilisierten unvorsichtige Passanten f\u00fcr das Thema Taschendiebstahl und gaben wertvolle Verhaltenshinweise. Insgesamt wurden gestern 29 Pr\u00e4ventionsflyer in der Altstadt im Bereich der Fu\u00dfg\u00e4ngerzone, in Ladengesch\u00e4ften und auf dem Wochenmarkt und auch am Hauptbahnhof sowie im \u00d6PNV unbemerkt platziert und entsprechend B\u00fcrgergespr\u00e4che gef\u00fchrt. Die Aktion, bei der Beamte in Zivil und in Uniform eingesetzt waren, stie\u00df in der Bev\u00f6lkerung auf durchwegs positive Resonanz.<\/p>\n\n\n\n<p>\u00dcber das Projekt &#8222;Gelbe Hand&#8220;: Das Pr\u00e4ventionsprojekt wird gemeinsam durch die Pr\u00e4ventionsvereine und Netzwerkpartner &#8222;Kommunale Kriminalpr\u00e4vention Rhein-Neckar e.V.&#8220;, &#8222;Sicheres Heidelberg e.V.&#8220; und &#8222;Sicherheit in Mannheim e.V.&#8220; getragen. Ziel ist die Sensibilisierung der Bev\u00f6lkerung zum Thema Taschendiebstahl. Hierbei agieren zivil gekleidete Polizeibeamte wie mutma\u00dfliche T\u00e4ter. Doch statt etwas aus einer ge\u00f6ffneten Tasche heraus zu nehmen, wird eine &#8222;gelbe Hand&#8220; in die Tasche hineingelegt und die betroffene Person kurz danach durch Polizeibeamte in Uniform angesprochen und darauf hingewiesen. Ziel ist, potenzielle Betroffene von Taschendiebstahl, auf ihre Unachtsamkeit hinzuweisen und dadurch einen nachhaltigen Lerneffekt zu erzielen. Zielgruppen Besucherinnen und Besucher von M\u00e4rkten und \u00e4hnlichen Veranstaltungen, unaufmerksame B\u00fcrger beim Flanieren in den St\u00e4dten, Tr\u00e4ger*innen ge\u00f6ffneter Handtaschen und Rucks\u00e4cke, Radfahrer*innen, welche ihr Gep\u00e4ck im Fahrradkorb ungesichert transportieren, Eltern, die ungesicherte Taschen in Kinderw\u00e4gen mitf\u00fchren, Kunden in der Warteschlange an der Kasse in Kaufh\u00e4usern oder an Geldautomaten.<\/p>\n\n\n\n<h4 class=\"wp-block-heading\">(Heidelberg) &#8211; Geparktes Motorrad angefahren und von der Unfallstelle gefl\u00fcchtet \/ Weiteres Auto besch\u00e4digt &#8211; Zeugen gesucht<\/h4>\n\n\n\n<p>Zeugen eines Verkehrsunfalls, der sich am Donnerstag zwischen 11 und 14 Uhr in der Lutherstra\u00dfe ereignete, sucht die Polizei. Ein bislang unbekannter Fahrer war vermutlich beim r\u00fcckw\u00e4rts ausparken gegen ein Motorrad gefahren. Dies fiel um auf ein danebenstehendes Auto. Trotz des entstandenen Gesamtsachschadens von ca. 2.000 Euro entfernte sich der Verursacher unerlaubt von der Unfallstelle. Zeugen, die sachdienliche Hinweise geben k\u00f6nnen, werden gebeten sich unter Telefon 06221\/45690 beim Polizeirevier Heidelberg-Nord zu melden.<\/p>\n\n\n\n<h4 class=\"wp-block-heading\">(Heidelberg) &#8211; Schwerpunktkontrollen des Radfahrverkehrs im Stadtgebiet<\/h4>\n\n\n\n<div class=\"wp-block-image\"><figure class=\"aligncenter\"><img decoding=\"async\" loading=\"lazy\" width=\"800\" height=\"504\" src=\"https:\/\/speyer24news.com\/wp-content\/uploads\/2020\/09\/Gro\u00dfkontrolle_Radverkehr_04092020.jpg\" alt=\"\" class=\"wp-image-30133\" srcset=\"https:\/\/speyer24news.com\/wp-content\/uploads\/2020\/09\/Gro\u00dfkontrolle_Radverkehr_04092020.jpg 800w, https:\/\/speyer24news.com\/wp-content\/uploads\/2020\/09\/Gro\u00dfkontrolle_Radverkehr_04092020-300x189.jpg 300w, https:\/\/speyer24news.com\/wp-content\/uploads\/2020\/09\/Gro\u00dfkontrolle_Radverkehr_04092020-768x484.jpg 768w\" sizes=\"(max-width: 800px) 100vw, 800px\" \/><figcaption>Bild: Fahrrad Gro\u00dfkontrolle\nPP Mannheim<\/figcaption><\/figure><\/div>\n\n\n\n<p>Neben dem allgemein zunehmenden Fahrzeugverkehr ist trotz oder gerade wegen der Corona-Situation auch eine deutliche Zunahme des Radverkehrs zu verzeichnen. Unter die Radfahrer mischen sich verst\u00e4rkt auch Pedelec- und &#8222;E-Bike&#8220;-Fahrer. In der Folge werden ohnehin bekannte &#8222;Problemstellen&#8220; noch st\u00e4rker frequentiert bzw. belastet. In diesem Zusammenhang werden auch vermehrt B\u00fcrgerbeschwerden an die Polizei herangetragen.<\/p>\n\n\n\n<p>Auch beim Blick in die Unfallstatistik in Heidelberg zeigt sich, dass im vergangenen Jahr bei 435 Verkehrsunf\u00e4llen mit Beteiligung von Fahrradfahrern ein F\u00fcnf-Jahres-H\u00f6chststand erreicht wurde. Das entspricht einer Zunahme um 15,7 % zum Vorjahr mit 376 Unf\u00e4llen. Dabei wurde ein Radfahrer get\u00f6tet und 346 (2018: 312) Fahrer verletzt, davon 44 schwer.<\/p>\n\n\n\n<p>Nicht nur Kontrollen, wie z.B. im Rahmen der &#8222;Aktion plus 5&#8220;, haben gezeigt, dass durch gezielte \u00dcberwachung und Aufkl\u00e4rung ein gewisses Gefahrenbewusstsein unter den Radfahrern zu erzielen ist.<\/p>\n\n\n\n<p>Der Verkehrsdienst Heidelberg hat deshalb am Donnerstagvormittag bei Schwerpunktkontrollen an mehreren \u00d6rtlichkeiten sowie bei mobilen Kontrollen mit Motorr\u00e4dern und Fu\u00dfstreifen das Einhalten der Stra\u00dfenverkehrsordnung von Radfahrern \u00fcberpr\u00fcft. Insgesamt waren 35 Beamte eingesetzt.<\/p>\n\n\n\n<p>Bei den gesamten Kontrollaktionen wurden 224 Fahrradfahrer \u00fcberpr\u00fcft bzw. beanstandet. Insgesamt mussten 167 Verwarnungen und 57 Ordnungswidrigkeiten-Anzeigen ausgesprochen bzw. vorgelegt werden.<\/p>\n\n\n\n<p><strong>Die Ergebnisse im Einzelnen*:<\/strong><\/p>\n\n\n\n<ul><li>Fahren entgegen der vorgeschriebenen Fahrtrichtung:  112<\/li><li>Befahren von Gehwegen:  51<\/li><li>Nichtbeachten des Rotlichts an Lichtzeichenanlagen:  55<\/li><li>Nutzung eines Mobiltelefons: 2<\/li><li>Mangelhafte lichttechnische Einrichtungen: 38<\/li><li>Befahren einer gesperrten Br\u00fccke trotz Verbotszeichen: 15<\/li><li>Manipulierte Pedelecs: 8 <\/li><\/ul>\n\n\n\n<p>*(Mehrfachverst\u00f6\u00dfe m\u00f6glich)<\/p>\n\n\n\n<p><strong>Zur Unfallvermeidung bleiben wir deshalb bei unseren Empfehlungen:<\/strong><\/p>\n\n\n\n<ul><li>Machen Sie Regeltreue zu Ihrer Fahrroutine.<\/li><li>Fahren Sie an Kreuzungen und Einm\u00fcndungen defensiv und bremsbereit.<\/li><li>Achten Sie als Kraftfahrzeugf\u00fchrer beim Abbiegen, Einfahren und       Aussteigen auf den Schulterblick.<\/li><li>Nehmen Sie sich bewusst 5 Minuten mehr Zeit, um defensiv und regeltreu an Ihr Ziel zu kommen.<\/li><li>Achten Sie Paragraf 1 der StVO, der st\u00e4ndige Vorsicht und gegenseitige R\u00fccksichtnahme von allen Verkehrsteilnehmern fordert. <\/li><\/ul>\n\n\n\n<h4 class=\"wp-block-heading\">(Heidelberg-Kirchheim) &#8211; 23-J\u00e4hriger mit Rauschgift angetroffen \/ Verdacht der Hehlerei<\/h4>\n\n\n\n<p>Weil die Rahmennummer des E-Bikes eines 23-J\u00e4hrigen bei einer Personenkontrolle am Donnerstag gegen 21.45 Uhr in der Breslauer Stra\u00dfe entfernt worden war, wurde eine Streife aufmerksam. Als bei einer anschlie\u00dfenden Durchsuchung seines mitgef\u00fchrten Rucksacks darin ein paar Gramm Cannabis, eine Feinwaage, Verpackungsmaterial und fast Tausend Euro Bargeld gefunden wurden, wurde der 23-J\u00e4hrige festgenommen. In seinen Geldbeutel wurde weiteres Rauschgift entdeckt. Bei einer Wohnungsdurchsuchung wurden zwei Aufzuchtanlagen, \u00fcber 100 Gramm Cannabis, LSD und weiteres mutma\u00dfliches Dealgeld entdeckt und sichergestellt. Auch weiteres Verpackungsmaterial und Konsumutensilien wurden aufgefunden. Nach seiner erkennungsdienstlichen Behandlung wurde der Tatverd\u00e4chtige wieder auf freien Fu\u00df gesetzt. Das von ihm benutzte E-Bike wurde sichergestellt. Die Ermittlungen der Polizei wegen des Verdachts des Handelns und Herstellens von Rauschgift in nicht geringen Mengen sowie wegen des Verdachts der Hehlerei dauern derzeit an.<\/p>\n\n\n\n<h4 class=\"wp-block-heading\">(Walldorf \/ Rhein-Neckar-Kreis) &#8211; In Parkhaus Auto angefahren und anschlie\u00dfend gefl\u00fcchtet \/ Schaden \u00fcber 1.000 Euro &#8211; Polizei sucht Zeugen<\/h4>\n\n\n\n<p>Am Donnerstag zwischen 18.30 und 19.45 Uhr hat ein bislang unbekannter Fahrer vermutlich beim Rangieren im 1. OD des IKEA-Parkhauses in der Josef-Reiert-Stra\u00dfe einen geparkten BMW im Heck besch\u00e4digt. Anschlie\u00dfend fl\u00fcchtete der Verursacher ohne sich um den entstandenen Schaden in H\u00f6he von \u00fcber 1.000 Euro zu k\u00fcmmern. Zeugen, die sachdienliche Hinweise auf den Verursacher geben k\u00f6nnen, werden gebeten sich unter Telefon 06222\/57090 beim Polizeirevier Wiesloch zu melden.<\/p>\n\n\n\n<h4 class=\"wp-block-heading\">(Sch\u00f6nau \/ Rhein-Neckar-Kreis) &#8211; 84-j\u00e4hrige Autofahrerin prallt ungebremst gegen geparktes Auto \/ Leicht verletzt in Krankenhaus gebracht<\/h4>\n\n\n\n<p>Aus bislang ungekl\u00e4rten Gr\u00fcnden ist eine 84-j\u00e4hrige Autofahrerin am Donnerstag kurz vor 18 Uhr in der Altneudorfer Stra\u00dfe von der Fahrbahn abgekommen und fast ungebremst gegen einen am Stra\u00dfenrand geparkten Toyota geprallt. Dabei wurde der Toyota mehrere Meter nach vorne geschoben und kam in einem Vorgarten zum Stehen. Am Auto der Seniorin l\u00f6sten die Airbags aus, die Frau wurde dadurch nach den jetzigen Erkenntnissen zum Gl\u00fcck wohl nur leicht verletzt. Nach der Erstversorgung an der Unfallstelle wurde sie mit einem Rettungswagen in eine Klinik nach Heidelberg gebracht. An den beiden Fahrzeugen entstand wirtschaftlicher Totalschaden.<\/p>\n\n\n\n<h4 class=\"wp-block-heading\">(Sinsheim \/ Rhein-Neckar-Kreis) &#8211; Geldwechsel-Trick \/ Dreister Taschendieb erbeutete mehrere hundert Euro &#8211; Polizei sucht Zeugen<\/h4>\n\n\n\n<p>Am Donnerstagnachmittag wurde eine Seniorin Opfer einer sogenannten Geldwechsel-Betrugsmasche. Am Eingang zum Parkdeck der Tiefgarage in der Zwingergasse bat eine unbekannte m\u00e4nnliche Person eine Frau, einen 10-Euro-Schein zu wechseln. Die Frau kam der Bitte nach und nahm ihre Geldb\u00f6rse aus der Tasche. Der Fremde lenkte die arglose Frau ab, in dem er absichtlich einen Geldschein fallenlie\u00df. Sie b\u00fcckte sich, um diesen aufzuheben. In der Zwischenzeit nahm der dreiste Dieb Bargeld in der H\u00f6he von 300 Euro aus ihrer Geldb\u00f6rse. Den Unbekannten beschrieb die Frau als orientalischen Ph\u00e4notyp, ca. 45 Jahre alt, schlank, ca. 175 cm gro\u00df, mit schwarzen Haaren. Er trug dunkle Kleidung, wirkte sehr gepflegt und sprach Deutsch mit arabisch klingendem Akzent gesprochen haben. Personen, die Hinweise zur Identit\u00e4t des Unbekannten geben k\u00f6nnen, setzen sich bitte mit dem Polizeirevier Sinsheim, Tel.: 07261\/690-0, in Verbindung.<\/p>\n\n\n\n<p><strong>Vorsicht Taschendieb! &#8211; So sch\u00fctzen Sie sich:<\/strong><\/p>\n\n\n\n<ul><li>Taschendiebe lassen sich am typisch suchenden Blick erkennen: Sie meiden den direkten Blickkontakt zum Opfer und schauen eher nach der Beute.<\/li><li>Tragen Sie Geld, Schecks, Kreditkarten und Papiere immer in verschiedenen verschlossenen Innentaschen der Kleidung m\u00f6glichst dicht am K\u00f6rper.<\/li><li>Tragen Sie Hand- und Umh\u00e4ngetaschen verschlossen auf der K\u00f6rpervorderseite oder klemmen Sie sie sich unter den Arm.<\/li><li>Benutzen Sie einen Brustbeutel, eine G\u00fcrtelinnentasche, einen Geldg\u00fcrtel oder eine am G\u00fcrtel angekettete Geldb\u00f6rse.<\/li><li>Legen Sie Geldb\u00f6rsen nicht oben in Einkaufstasche, Einkaufskorb oder  Einkaufswagen, sondern tragen Sie sie m\u00f6glichst k\u00f6rpernah.<\/li><li>H\u00e4ngen Sie Handtaschen im Restaurant, im Kaufhaus oder im Laden (selbst bei der Anprobe von Schuhen oder Kleidung) nicht an Stuhllehnen und  stellen Sie sie nicht unbeaufsichtigt ab. <\/li><\/ul>\n\n\n\n<h4 class=\"wp-block-heading\">(Eberbach \/ Rhein-Neckar-Kreis) &#8211; Betrunken mit Auto von der Stra\u00dfe abgekommen und gegen geparktes Auto gefahren \/ Sachschaden 7.000 Euro<\/h4>\n\n\n\n<p>Unter Alkoholeinfluss war eine 25-j\u00e4hrige Autofahrerin am Donnerstag gegen 21.15 Uhr von Sch\u00f6nbrunn nach Eberbach unterwegs. Dies hatte zur Folge, dass auf der Friedrichstra\u00dfe in einer Linkskurve Richtung Bahnhof nach rechts von der Stra\u00dfe abkam und mit ihrem Mini gegen einen geparkten VW-Passat sowie eine Warnbake fuhr. Bei der Unfallaufnahme wurde Alkoholgeruch bemerkt, ein Atemalkoholtest ergab einen Wert von fast 1,6 Promille. Auf dem Revier entnahm ein Arzt eine Blutprobe, der F\u00fchrerschein wurde einbehalten. Bei dem Unfallentstand ein Gesamtsachschaden von ca. 7.000 Euro.<\/p>\n","protected":false},"excerpt":{"rendered":"<div class=\"mh-excerpt\"><p>Polizeimeldungen vom Freitag (04.09.2020) (Speyer) &#8211; Nach P\u00f6beleien auf Domplatz in Gewahrsam genommen Am Freitag gegen 12:32 Uhr kam es auf dem Domplatz zu einem polizeilichen Einsatz mit einer alkoholisierten Person, die dort herumschreiend und <a class=\"mh-excerpt-more\" href=\"https:\/\/speyer24news.com\/?p=30122\" title=\"Polizei\">[&#8230;]<\/a><\/p>\n<\/div>","protected":false},"author":3,"featured_media":0,"comment_status":"open","ping_status":"open","sticky":false,"template":"","format":"standard","meta":{"_monsterinsights_skip_tracking":false,"_monsterinsights_sitenote_active":false,"_monsterinsights_sitenote_note":"","_monsterinsights_sitenote_category":0,"footnotes":""},"categories":[12],"tags":[3614,61,2555,6955,6986,6263,63,105,6987,53,4854,4683,1548,102,213,55,5261,103,106,2803,2423,427,2625,380,104,979,1565],"aioseo_notices":[],"amp_enabled":true,"_links":{"self":[{"href":"https:\/\/speyer24news.com\/index.php?rest_route=\/wp\/v2\/posts\/30122"}],"collection":[{"href":"https:\/\/speyer24news.com\/index.php?rest_route=\/wp\/v2\/posts"}],"about":[{"href":"https:\/\/speyer24news.com\/index.php?rest_route=\/wp\/v2\/types\/post"}],"author":[{"embeddable":true,"href":"https:\/\/speyer24news.com\/index.php?rest_route=\/wp\/v2\/users\/3"}],"replies":[{"embeddable":true,"href":"https:\/\/speyer24news.com\/index.php?rest_route=%2Fwp%2Fv2%2Fcomments&post=30122"}],"version-history":[{"count":3,"href":"https:\/\/speyer24news.com\/index.php?rest_route=\/wp\/v2\/posts\/30122\/revisions"}],"predecessor-version":[{"id":30135,"href":"https:\/\/speyer24news.com\/index.php?rest_route=\/wp\/v2\/posts\/30122\/revisions\/30135"}],"wp:attachment":[{"href":"https:\/\/speyer24news.com\/index.php?rest_route=%2Fwp%2Fv2%2Fmedia&parent=30122"}],"wp:term":[{"taxonomy":"category","embeddable":true,"href":"https:\/\/speyer24news.com\/index.php?rest_route=%2Fwp%2Fv2%2Fcategories&post=30122"},{"taxonomy":"post_tag","embeddable":true,"href":"https:\/\/speyer24news.com\/index.php?rest_route=%2Fwp%2Fv2%2Ftags&post=30122"}],"curies":[{"name":"wp","href":"https:\/\/api.w.org\/{rel}","templated":true}]}}