{"id":30146,"date":"2020-09-05T08:30:13","date_gmt":"2020-09-05T07:30:13","guid":{"rendered":"https:\/\/speyer24news.com\/?p=30146"},"modified":"2020-09-05T08:31:27","modified_gmt":"2020-09-05T07:31:27","slug":"speyer-41","status":"publish","type":"post","link":"https:\/\/speyer24news.com\/?p=30146","title":{"rendered":"Speyer \/ Kultur"},"content":{"rendered":"<style type=\"text\/css\">\r\n\t.ads_top_disp{}\r\n\t.ads_top_corner_disp{ float:left; margin:0px 10px 10px 0px; }\r\n\t.ads_first_p_disp{}\r\n\t.ads_bottom_disp{}\r\n\t<\/style>\n<h2 class=\"wp-block-heading\"><strong>\u201eAltstadtfeschd Deh\u00e4m\u201c-Verkaufsbox unterst\u00fctzt lokale Unternehmen und Vereine<\/strong><\/h2>\n\n\n\n<div class=\"wp-block-image\"><figure class=\"aligncenter\"><img decoding=\"async\" loading=\"lazy\" width=\"800\" height=\"533\" src=\"https:\/\/speyer24news.com\/wp-content\/uploads\/2020\/09\/IMG_7882.jpg\" alt=\"\" class=\"wp-image-30147\" srcset=\"https:\/\/speyer24news.com\/wp-content\/uploads\/2020\/09\/IMG_7882.jpg 800w, https:\/\/speyer24news.com\/wp-content\/uploads\/2020\/09\/IMG_7882-300x200.jpg 300w, https:\/\/speyer24news.com\/wp-content\/uploads\/2020\/09\/IMG_7882-768x512.jpg 768w\" sizes=\"(max-width: 800px) 100vw, 800px\" \/><\/figure><\/div>\n\n\n\n<p><strong>Speyer &#8211; <\/strong>Dass das Altstadtfest in diesem Jahr coronabedingt abgesagt werden musste, schmerzt sowohl die Speyerer*innen als auch treue Fans der Traditionsveranstaltung nach wie vor sehr. Trotzdem, so die Devise der Stadt, sollte ein Weg gefunden werden, einerseits lokale und regionale Unternehmen und Vereine zu unterst\u00fctzen und um andererseits die Altstadtfest-Fans ein wenig \u00fcber die weiter andauernde Leere im Speyerer Veranstaltungskalender hinwegtr\u00f6sten zu k\u00f6nnen. So wurde die Idee der \u201eAltstadtfeschd Deh\u00e4m\u201c-Box geboren, die mit kulinarischen Leckereien und \u201ealtstadtfesttypischen\u201c Gegenst\u00e4nden aufwartet und so das besondere Flair des Altstadtfestes direkt nach Hause bringt.<\/p>\n\n\n\n<p>F\u00fcr Oberb\u00fcrgermeisterin Stefanie Seiler ist diese Art der Unterst\u00fctzung Ehrensache: \u201eOhne unsere Vereine w\u00e4re die Stadt Speyer nicht so lebens- und liebenswert, wie wir sie kennen. Die \u201eAltstadtfeschd Deh\u00e4m\u201c-Box schenkt daher nicht nur denjenigen Freude, die eine solche erwerben oder geschenkt bekommen, sondern unterst\u00fctzt gleichzeitig auch unsere lokale Vereinslandschaft. Auf diese Weise signalisieren wir: Ihr seid unverzichtbar f\u00fcr unsere Stadt und wir m\u00f6chten, dass ihr euch auch in dieser schweren Zeit nicht allein gelassen f\u00fchlt.\u201c<\/p>\n\n\n\n<p>Egal, ob als Geschenk oder zum eigenen Genuss, die auf 1.500 St\u00fcck limitierte \u201eAltstadtfeschd Deh\u00e4m\u201c-Box kann zu je 29 Euro zu folgenden Gelegenheiten am Stand der Stadt Speyer erworben werden:<\/p>\n\n\n\n<ul><li>Wochenmarkt auf dem Festplatz am Samstag, 5. September 2020, 8 bis 13 Uhr sowie<\/li><li>Domgarten, im Aufstellbereich der Schausteller*innen am Samstag, 5. September 2020, von 16 bis 19 Uhr.&nbsp;&nbsp;&nbsp;&nbsp;&nbsp;&nbsp;&nbsp;<\/li><\/ul>\n\n\n\n<p>F\u00fcr alle, die nicht vor Ort sein k\u00f6nnen, gibt es die M\u00f6glichkeit, sich die Box ab Freitag, 4. September 2020 online unter&nbsp;<a href=\"https:\/\/deref-web.de\/mail\/client\/VX_rnXDx1lU\/dereferrer\/?redirectUrl=http%3A%2F%2Fwww.speyer.de\" target=\"_blank\" rel=\"noreferrer noopener\">www.speyer.de<\/a>&nbsp;zu sichern. In diesem Fall kommt eine Versandgeb\u00fchr in H\u00f6he von 6,99 Euro hinzu.<\/p>\n\n\n\n<p>Der Verkaufserl\u00f6s der Boxen kommt vollumf\u00e4nglich den Speyerer Vereinen zugute, die am Altstadtfest beteiligt gewesen w\u00e4ren. Diese k\u00f6nnen sich mit konkreten Projekten f\u00fcr Kinder und Jugendliche bei der Stadt Speyer melden. Ansprechpartnerin ist Eva W\u00f6hlert, Tel. 0 62 32 \u2013 14 27 31, E-Mail:&nbsp;<a href=\"mailto:eva.woehlert@stadt-speyer.de\" target=\"_blank\" rel=\"noreferrer noopener\">eva.woehlert@stadt-speyer.de<\/a>.<\/p>\n\n\n\n<p><strong>Eine \u201eAltstadtfeschd Deh\u00e4m\u201c-Box enth\u00e4lt:<\/strong><\/p>\n\n\n\n<ul><li>Ein Dubbeglas (0,5l)<\/li><li>\u201eZw\u00e4\u00e4 PS\u201c (Rieslingschorle, 1l)<\/li><li>Ein Berzelgutschein f\u00fcr zwei original Speyerer Brezeln<\/li><li>Dosen-Leberwurst (200g) der Metzgerei Victor Nettey<\/li><li>Eine Ente \u201eD\u00f6rte Digital\u201c der Stadtwerke Speyer<\/li><\/ul>\n\n\n\n<p>All jene, die nicht das komplette Altstadtfestwochenende zu Hause verbringen wollen, k\u00f6nnen im Rahmen des \u201eSpeyer.Kultur goes Paradise\u201c-Programms am kommenden Wochenende gleich drei hochkar\u00e4tige Konzerte im Paradiesgarten erleben. Am Freitag, 11. September 2020, 19 Uhr, begeistern die N.S.A. Noisy Sound Agents mit ihrem \u201eAgentenrock\u201c. Am Samstag, 12. September 2020, 19 Uhr, spielen die Pirates of Love Klassiker aus Rock, Blues und Soul der letzten 40 Jahre. Das Matineekonzert am Sonntag, 13. September 2020, 11:30 Uhr, f\u00e4llt zwar genau genommen nicht mehr auf das Altstadtfestwochenende, h\u00e4lt aber mit Les Primitifs ein weiteres Highlight bereit. Tickets gibt es zu einem Preis von 12 Euro (erm\u00e4\u00dfigt 10 Euro) bzw. zum Kultur.Support-Preis von 18 Euro bei der st\u00e4dtischen Tourist-Information, online auf&nbsp;<a href=\"https:\/\/deref-web.de\/mail\/client\/iOxLwbwI2X8\/dereferrer\/?redirectUrl=http%3A%2F%2Fwww.reservix.de\" target=\"_blank\" rel=\"noreferrer noopener\">www.reservix.de<\/a>&nbsp;sowie bei allen Reservix-Vorverkaufsstellen.<\/p>\n\n\n\n<p>Auch der Rockmusikerverein bietet mit dem \u201eRetscherrock @ Halle 101\u201c am Freitag, 11. September 2020, und am Samstag, 12. September 2020, im Open-Air-Bereich der Halle 101 ab jeweils 19:30 Uhr einen Altstadtfestklassiker im coronabedingt neuen Gewand. Mit dabei sind am Freitag Tomcase, The Feeble und die Rockkapelle sowie am Samstag Endlos, The Sha und Ampra. Der Eintritt bel\u00e4uft sich auf 80 Euro pro Bierzeltgarnitur, die mit je maximal acht Personen belegt werden kann. Eine Reservierung ist unter&nbsp;<a rel=\"noreferrer noopener\" href=\"mailto:buero@rockmusikerverein.de\" target=\"_blank\">buero@rockmusikerverein.de<\/a>&nbsp;erforderlich.<\/p>\n\n\n\n<p><em>Stadtverwaltung Speyer<br>05.09.2020<\/em><\/p>\n","protected":false},"excerpt":{"rendered":"<div class=\"mh-excerpt\"><p>\u201eAltstadtfeschd Deh\u00e4m\u201c-Verkaufsbox unterst\u00fctzt lokale Unternehmen und Vereine Speyer &#8211; Dass das Altstadtfest in diesem Jahr coronabedingt abgesagt werden musste, schmerzt sowohl die Speyerer*innen als auch treue Fans der Traditionsveranstaltung nach wie vor sehr. Trotzdem, so <a class=\"mh-excerpt-more\" href=\"https:\/\/speyer24news.com\/?p=30146\" title=\"Speyer \/ Kultur\">[&#8230;]<\/a><\/p>\n<\/div>","protected":false},"author":3,"featured_media":0,"comment_status":"open","ping_status":"open","sticky":false,"template":"","format":"standard","meta":{"_monsterinsights_skip_tracking":false,"_monsterinsights_sitenote_active":false,"_monsterinsights_sitenote_note":"","_monsterinsights_sitenote_category":0,"footnotes":""},"categories":[14],"tags":[8413,2912,7123,6],"aioseo_notices":[],"amp_enabled":true,"_links":{"self":[{"href":"https:\/\/speyer24news.com\/index.php?rest_route=\/wp\/v2\/posts\/30146"}],"collection":[{"href":"https:\/\/speyer24news.com\/index.php?rest_route=\/wp\/v2\/posts"}],"about":[{"href":"https:\/\/speyer24news.com\/index.php?rest_route=\/wp\/v2\/types\/post"}],"author":[{"embeddable":true,"href":"https:\/\/speyer24news.com\/index.php?rest_route=\/wp\/v2\/users\/3"}],"replies":[{"embeddable":true,"href":"https:\/\/speyer24news.com\/index.php?rest_route=%2Fwp%2Fv2%2Fcomments&post=30146"}],"version-history":[{"count":3,"href":"https:\/\/speyer24news.com\/index.php?rest_route=\/wp\/v2\/posts\/30146\/revisions"}],"predecessor-version":[{"id":30150,"href":"https:\/\/speyer24news.com\/index.php?rest_route=\/wp\/v2\/posts\/30146\/revisions\/30150"}],"wp:attachment":[{"href":"https:\/\/speyer24news.com\/index.php?rest_route=%2Fwp%2Fv2%2Fmedia&parent=30146"}],"wp:term":[{"taxonomy":"category","embeddable":true,"href":"https:\/\/speyer24news.com\/index.php?rest_route=%2Fwp%2Fv2%2Fcategories&post=30146"},{"taxonomy":"post_tag","embeddable":true,"href":"https:\/\/speyer24news.com\/index.php?rest_route=%2Fwp%2Fv2%2Ftags&post=30146"}],"curies":[{"name":"wp","href":"https:\/\/api.w.org\/{rel}","templated":true}]}}