{"id":30151,"date":"2020-09-05T08:38:21","date_gmt":"2020-09-05T07:38:21","guid":{"rendered":"https:\/\/speyer24news.com\/?p=30151"},"modified":"2020-09-05T08:38:22","modified_gmt":"2020-09-05T07:38:22","slug":"speyer-aktuell-33","status":"publish","type":"post","link":"https:\/\/speyer24news.com\/?p=30151","title":{"rendered":"Speyer Aktuell"},"content":{"rendered":"<style type=\"text\/css\">\r\n\t.ads_top_disp{}\r\n\t.ads_top_corner_disp{ float:left; margin:0px 10px 10px 0px; }\r\n\t.ads_first_p_disp{}\r\n\t.ads_bottom_disp{}\r\n\t<\/style>\n<h2 class=\"wp-block-heading\"><strong>RhineCleanUp 2020 \u2013 Speyer r\u00e4umt auf!<\/strong><\/h2>\n\n\n\n<div class=\"wp-block-image\"><figure class=\"aligncenter\"><img decoding=\"async\" loading=\"lazy\" width=\"800\" height=\"392\" src=\"https:\/\/speyer24news.com\/wp-content\/uploads\/2020\/09\/Rhine-Clean-Up.png\" alt=\"\" class=\"wp-image-30152\" srcset=\"https:\/\/speyer24news.com\/wp-content\/uploads\/2020\/09\/Rhine-Clean-Up.png 800w, https:\/\/speyer24news.com\/wp-content\/uploads\/2020\/09\/Rhine-Clean-Up-300x147.png 300w, https:\/\/speyer24news.com\/wp-content\/uploads\/2020\/09\/Rhine-Clean-Up-768x376.png 768w\" sizes=\"(max-width: 800px) 100vw, 800px\" \/><\/figure><\/div>\n\n\n\n<p>Am <strong>Samstag, 12. September 2020<\/strong> geht die Aktion RhineCleanUp trotz der widrigen Umst\u00e4nde angesichts der Corona-Pandemie bereits in die dritte Runde. Im Rahmen der gr\u00f6\u00dften M\u00fcllsammelaktion in Mitteleuropa, bei der der Rhein inklusive seiner Nebenfl\u00fcsse von der Quelle bis zur M\u00fcndung von M\u00fcll befreit werden, sind Vereine, Verb\u00e4nde, Organisationen, Bildungseinrichtungen, Gruppen und Privatpersonen aufgerufen, sich aktiv zu beteiligen. In den letzten beiden Jahren packten europaweit insgesamt rund 30.000 Menschen mit an \u2013 Tendenz steigend.<\/p>\n\n\n\n<p>Sowohl f\u00fcr Oberb\u00fcrgermeisterin Stefanie Seiler als auch f\u00fcr Umweltdezernentin Irmgard M\u00fcnch-Weinmann ist die Beteiligung der Stadt Speyer an der Aktion selbstverst\u00e4ndlich. \u201eJedes Jahr gelangen hunderte Tonnen Abfall \u00fcber den Rhein ins Meer \u2013 in den meisten F\u00e4llen handelt es sich dabei um Plastikm\u00fcll, der aus vielen Gr\u00fcnden gef\u00e4hrlich f\u00fcr Mensch und Umwelt ist. Einzelne Aktionstage werden dieses Problem zwar nicht l\u00f6sen, setzen jedoch ein starkes Zeichen, bringen das Thema regelm\u00e4\u00dfig zur\u00fcck auf die Agenda und leiten bestenfalls eine Bewusstseins\u00e4nderung ein\u201c so die Oberb\u00fcrgermeisterin. \u201eDer Rhein ist f\u00fcr viele Speyerer*innen ein gesch\u00e4tztes Ausflugsziel und Naherholungsgebiet direkt vor der Haust\u00fcr. Ich habe daher keine Zweifel daran, dass sich in unserer Stadt viele Freiwillige f\u00fcr \u201eihren\u201c Rhein engagieren und am 12. September mitsammeln werden\u201c, betont M\u00fcnch-Weinmann.<\/p>\n\n\n\n<p>Initiiert wurde die Speyerer Sammelaktion in diesem Jahr durch das st\u00e4dtische Umweltamt. Treffpunkt ist am Samstag, 12. September 2020, ab 10:00 Uhr am Franzosendenkmal. Auch Oberb\u00fcrgermeisterin Seiler und Beigeordnete M\u00fcnch-Weinmann werden vor Ort sein, um gemeinsam mit allen Freiwilligen das Rheinufer von wildem M\u00fcll zu befreien.<\/p>\n\n\n\n<h4 class=\"wp-block-heading\">Coronabedingt sind in diesem Jahr folgende Regeln einzuhalten:<\/h4>\n\n\n\n<ul><li>Gesammelt wird nicht in Gruppen, sondern allein, zu zweit oder in der Familie<\/li><li>Es gilt das allgemeinen Abstandsgebot von 1,5 Metern<\/li><li>Beim Treffen am Franzosendenkmal gilt Maskenpflicht<\/li><li>Keine Party und kein Umtrunk nach der Sammelaktion<\/li><li>Es gibt keine zentrale Materialausgabe<\/li><\/ul>\n\n\n\n<p>Wer sich engagieren m\u00f6chte, kann sich unter&nbsp;<a href=\"https:\/\/deref-web.de\/mail\/client\/ka1R4aKMdro\/dereferrer\/?redirectUrl=https%3A%2F%2Fwww.rhinecleanup.org%2Fde%2Frhinecleanup%2Fstadt-speyer\" target=\"_blank\" rel=\"noreferrer noopener\">https:\/\/www.rhinecleanup.org\/de\/rhinecleanup\/stadt-speyer<\/a>&nbsp;anmelden.<\/p>\n\n\n\n<p>Sowohl die Stadt Speyer als auch die Stadtwerke\/EBS beteiligen sich an dieser Aktion. Die Mitarbeiter*innen des st\u00e4dtischen Baubetriebshofes werden am Montag, 14. September 2020, die Wege entlang des Rheinufers abfahren, um dort abgestellte M\u00fclls\u00e4cke einzusammeln und zu entsorgen. Die Stadtwerke\/EBS \u00fcbernehmen die anschlie\u00dfende Entsorgung.<\/p>\n\n\n\n<figure class=\"wp-block-image\"><img decoding=\"async\" loading=\"lazy\" width=\"600\" height=\"301\" src=\"https:\/\/speyer24news.com\/wp-content\/uploads\/2020\/09\/Rhine-clean-up-Logo.png\" alt=\"\" class=\"wp-image-30154\" srcset=\"https:\/\/speyer24news.com\/wp-content\/uploads\/2020\/09\/Rhine-clean-up-Logo.png 600w, https:\/\/speyer24news.com\/wp-content\/uploads\/2020\/09\/Rhine-clean-up-Logo-300x151.png 300w\" sizes=\"(max-width: 600px) 100vw, 600px\" \/><\/figure>\n\n\n\n<p>Koordiniert wird die Aktion von der Initiative RhineCleanUp, einer gemeinn\u00fctzigen GmbH mit Sitz in D\u00fcsseldorf, die sich f\u00fcr die F\u00f6rderung des Umweltschutzes und des Umweltbewusstseins sowie des Naturschutzes und der Landschaftspflege entlang des Rheins, seiner Nebenfl\u00fcsse und in den angrenzenden St\u00e4dten einsetzt.<\/p>\n\n\n\n<p><em>Stadtverwaltung Speyer<br>05.09.2020<\/em><\/p>\n","protected":false},"excerpt":{"rendered":"<div class=\"mh-excerpt\"><p>RhineCleanUp 2020 \u2013 Speyer r\u00e4umt auf! Am Samstag, 12. September 2020 geht die Aktion RhineCleanUp trotz der widrigen Umst\u00e4nde angesichts der Corona-Pandemie bereits in die dritte Runde. Im Rahmen der gr\u00f6\u00dften M\u00fcllsammelaktion in Mitteleuropa, bei <a class=\"mh-excerpt-more\" href=\"https:\/\/speyer24news.com\/?p=30151\" title=\"Speyer Aktuell\">[&#8230;]<\/a><\/p>\n<\/div>","protected":false},"author":3,"featured_media":23902,"comment_status":"open","ping_status":"open","sticky":false,"template":"","format":"standard","meta":{"_monsterinsights_skip_tracking":false,"_monsterinsights_sitenote_active":false,"_monsterinsights_sitenote_note":"","_monsterinsights_sitenote_category":0,"footnotes":""},"categories":[9],"tags":[3291,8414,8415,6],"aioseo_notices":[],"amp_enabled":true,"_links":{"self":[{"href":"https:\/\/speyer24news.com\/index.php?rest_route=\/wp\/v2\/posts\/30151"}],"collection":[{"href":"https:\/\/speyer24news.com\/index.php?rest_route=\/wp\/v2\/posts"}],"about":[{"href":"https:\/\/speyer24news.com\/index.php?rest_route=\/wp\/v2\/types\/post"}],"author":[{"embeddable":true,"href":"https:\/\/speyer24news.com\/index.php?rest_route=\/wp\/v2\/users\/3"}],"replies":[{"embeddable":true,"href":"https:\/\/speyer24news.com\/index.php?rest_route=%2Fwp%2Fv2%2Fcomments&post=30151"}],"version-history":[{"count":1,"href":"https:\/\/speyer24news.com\/index.php?rest_route=\/wp\/v2\/posts\/30151\/revisions"}],"predecessor-version":[{"id":30155,"href":"https:\/\/speyer24news.com\/index.php?rest_route=\/wp\/v2\/posts\/30151\/revisions\/30155"}],"wp:featuredmedia":[{"embeddable":true,"href":"https:\/\/speyer24news.com\/index.php?rest_route=\/wp\/v2\/media\/23902"}],"wp:attachment":[{"href":"https:\/\/speyer24news.com\/index.php?rest_route=%2Fwp%2Fv2%2Fmedia&parent=30151"}],"wp:term":[{"taxonomy":"category","embeddable":true,"href":"https:\/\/speyer24news.com\/index.php?rest_route=%2Fwp%2Fv2%2Fcategories&post=30151"},{"taxonomy":"post_tag","embeddable":true,"href":"https:\/\/speyer24news.com\/index.php?rest_route=%2Fwp%2Fv2%2Ftags&post=30151"}],"curies":[{"name":"wp","href":"https:\/\/api.w.org\/{rel}","templated":true}]}}