{"id":30205,"date":"2020-09-07T10:22:15","date_gmt":"2020-09-07T09:22:15","guid":{"rendered":"https:\/\/speyer24news.com\/?p=30205"},"modified":"2020-09-07T10:22:16","modified_gmt":"2020-09-07T09:22:16","slug":"technik-museum-speyer-sinsheim-6","status":"publish","type":"post","link":"https:\/\/speyer24news.com\/?p=30205","title":{"rendered":"Technik Museum Speyer \/ Sinsheim"},"content":{"rendered":"<style type=\"text\/css\">\r\n\t.ads_top_disp{}\r\n\t.ads_top_corner_disp{ float:left; margin:0px 10px 10px 0px; }\r\n\t.ads_first_p_disp{}\r\n\t.ads_bottom_disp{}\r\n\t<\/style>\n<h2 class=\"wp-block-heading\">Cosplay-Wochenende im Technik Museum Speyer am 26. und 27. September 2020<\/h2>\n\n\n\n<h3 class=\"wp-block-heading\">\u201eAbgespeckte\u201c Alternative zum abgesagten Science Fiction Treffen<\/h3>\n\n\n\n<div class=\"wp-block-image\"><figure class=\"aligncenter\"><img decoding=\"async\" loading=\"lazy\" width=\"500\" height=\"706\" src=\"https:\/\/speyer24news.com\/wp-content\/uploads\/2020\/09\/Cosplay-Wochenende-im-Technik-Museum-Speyer-2020-Gro\u00df.jpg\" alt=\"\" class=\"wp-image-30214\" srcset=\"https:\/\/speyer24news.com\/wp-content\/uploads\/2020\/09\/Cosplay-Wochenende-im-Technik-Museum-Speyer-2020-Gro\u00df.jpg 500w, https:\/\/speyer24news.com\/wp-content\/uploads\/2020\/09\/Cosplay-Wochenende-im-Technik-Museum-Speyer-2020-Gro\u00df-212x300.jpg 212w\" sizes=\"(max-width: 500px) 100vw, 500px\" \/><\/figure><\/div>\n\n\n\n<p><strong>Speyer &#8211; <\/strong>F\u00fcr viele war die Absage des beliebten Science Fiction Treffen des Technik Museum Speyer vorhersehbar. Dennoch stimmte die Entscheidung viele Fans der Veranstaltung traurig, denn bisher fanden in Deutschland kaum Conventions oder Fanevents zu den Themen SciFi, Comic und Games statt. Trotz Absage des gro\u00dfen Treffens konnte das Museum nun eine M\u00f6glichkeit schaffen die dem aktuell geltenden Hygienekonzept entspricht und bietet eine \u201eabgespeckte\u201c Alternative f\u00fcr Cosplay-Fans.\u00a0Am <strong>26. und 27. September<\/strong> gestalten eine Handvoll befreundete Clubs und Vereinen zwischen 10 Uhr und 16 Uhr ein lockeres Cosplay-Wochenende. <\/p>\n\n\n\n<div class=\"wp-block-image\"><figure class=\"aligncenter\"><img decoding=\"async\" loading=\"lazy\" width=\"800\" height=\"533\" src=\"https:\/\/speyer24news.com\/wp-content\/uploads\/2020\/09\/Star-Wars-Cosplayer-Quelle-TMSP.jpg\" alt=\"\" class=\"wp-image-30215\" srcset=\"https:\/\/speyer24news.com\/wp-content\/uploads\/2020\/09\/Star-Wars-Cosplayer-Quelle-TMSP.jpg 800w, https:\/\/speyer24news.com\/wp-content\/uploads\/2020\/09\/Star-Wars-Cosplayer-Quelle-TMSP-300x200.jpg 300w, https:\/\/speyer24news.com\/wp-content\/uploads\/2020\/09\/Star-Wars-Cosplayer-Quelle-TMSP-768x512.jpg 768w\" sizes=\"(max-width: 800px) 100vw, 800px\" \/><\/figure><\/div>\n\n\n\n<p>Mit dabei sind Star Wars Cosplayer der Kost\u00fcmgruppe German Garrison, die bei ausgewiesenen Fotopoints (mit Abstand) f\u00fcr Fotos zur Verf\u00fcgung stehen und es werden Fan Cars und Modelle pr\u00e4sentiert. Es sind Cosplayer und Cosplayfans jedes Fandoms willkommen. Man kann das Museum besuchen und die zug\u00e4nglichen Ausstellungsst\u00fccke als Fotokulisse nutzen. Ob Science Fiction, Steampunk, Superhelden oder Fantasy &#8211; es gibt f\u00fcr fast jedes Genre passende Hintergr\u00fcnde. Die Ergebnisse k\u00f6nnen dann zum Beispiel unter dem Hashtag #technikmuseumspeyer in den sozialen Netzwerken gepostet werden.\u00a0<\/p>\n\n\n\n<div class=\"wp-block-image\"><figure class=\"aligncenter\"><img decoding=\"async\" loading=\"lazy\" width=\"800\" height=\"533\" src=\"https:\/\/speyer24news.com\/wp-content\/uploads\/2020\/09\/Halloween-auf-der-ISS-2018-Bildrechte-ESA.jpg\" alt=\"\" class=\"wp-image-30216\" srcset=\"https:\/\/speyer24news.com\/wp-content\/uploads\/2020\/09\/Halloween-auf-der-ISS-2018-Bildrechte-ESA.jpg 800w, https:\/\/speyer24news.com\/wp-content\/uploads\/2020\/09\/Halloween-auf-der-ISS-2018-Bildrechte-ESA-300x200.jpg 300w, https:\/\/speyer24news.com\/wp-content\/uploads\/2020\/09\/Halloween-auf-der-ISS-2018-Bildrechte-ESA-768x512.jpg 768w\" sizes=\"(max-width: 800px) 100vw, 800px\" \/><\/figure><\/div>\n\n\n\n<p>Im FORUM Kino h\u00e4lt Robert Vogel an beiden Tagen Vortr\u00e4ge zum Thema Science Fiction und es werden Fanfilme gezeigt. Robert Vogel ist langj\u00e4hriger Science Fiction und Raumfahrt-Experte und hat die erste Mondlandung 1969 bereits sehr bewusst als Kind erlebt. In seinem sehr kurzweiligen Vortrag zeigt er auf, wie sich Science Fiction und echte Raumfahrt schon seit vielen Jahren gegenseitig inspirieren, von Jules Verne bis Star Trek und Star Wars. Robert ist auch seit 20 Jahren bei vielen Events der Europ\u00e4ischen Weltraumbeh\u00f6rde ESA mit dabei und erz\u00e4hlt in vielen interessanten und am\u00fcsanten Anekdoten, wie er dort den \u201eSciFi-Virus\u201c\u00a0verbreitet hat und wie er den deutschen Astronauten Alexander Gerst mit einem Darth Vader-Kost\u00fcm f\u00fcr das Halloween-Fotoshooting ausstattete. Mit im Gep\u00e4ck hat er auch ein \u201e\u00dcberraschungsprogramm\u201c an Fanfilmen zum Thema Star Wars. Seitdem die digitale Filmbearbeitung f\u00fcr jeden zug\u00e4nglich geworden ist, sind der Kreativit\u00e4t der Fans keine Grenzen mehr gesetzt. Es gibt von Fans erstellte Filme, die schon fast an ihre gro\u00dfen Vorbilder heranreichen, obwohl sie nur f\u00fcr einen winzigen Bruchteil an Geld produziert wurden. Als Beispiel zeigt Robert Vogel eine kleine Auswahl. Die Vortr\u00e4ge finden an beiden Tagen je um 13.30 Uhr statt. Das Fanfilm \u201e\u00dcberraschungsprogramm\u201c an beiden Tagen je um 16.00 Uhr. <\/p>\n\n\n\n<figure class=\"wp-block-image\"><img decoding=\"async\" loading=\"lazy\" width=\"800\" height=\"533\" src=\"https:\/\/speyer24news.com\/wp-content\/uploads\/2020\/09\/Star-Trek-Cosplayer-Quelle-TMSP.jpg\" alt=\"\" class=\"wp-image-30217\" srcset=\"https:\/\/speyer24news.com\/wp-content\/uploads\/2020\/09\/Star-Trek-Cosplayer-Quelle-TMSP.jpg 800w, https:\/\/speyer24news.com\/wp-content\/uploads\/2020\/09\/Star-Trek-Cosplayer-Quelle-TMSP-300x200.jpg 300w, https:\/\/speyer24news.com\/wp-content\/uploads\/2020\/09\/Star-Trek-Cosplayer-Quelle-TMSP-768x512.jpg 768w\" sizes=\"(max-width: 800px) 100vw, 800px\" \/><\/figure>\n\n\n\n<p>F\u00fcr die vier Shows erh\u00e4lt man an der Kasse Platzreservierungen. Aufgrund der aktuellen Situation ist die Anzahl pro Show begrenzt und es kann pro Person nur eine Show ausgew\u00e4hlt werden.\u00a0Die Zahl der Tageskarten ist aufgrund der aktuellen Coronaverordnung begrenzt. E-Voucher f\u00fcr das Cosplay-Wochenende gibt es daher nur im Onlineshop unter \u00a0<a rel=\"noreferrer noopener\" href=\"https:\/\/deref-web.de\/mail\/client\/jsJ0oTqwiHU\/dereferrer\/?redirectUrl=https%3A%2F%2Fu14164442.ct.sendgrid.net%2Fls%2Fclick%3Fupn%3DpsfSyrcYyJjyv2M1NAPIUHSS5hyResOop97owBYND8PLTvzyNf-2BbgIoetK041lPM1wjxSPUf5VSqTJ0ETlpQWA-3D-3DMiUb_Hl-2BwoPNiiE5y-2BW9ZLRGh-2BuGHMyD7GGNSR50vkH5Gix6PVuRNeVHgRxWU3L9jUyhJkXv3Rx4rRQ8c4aKMb8SzK8Uvx3peotv9A1DuscDRO703X3IGYg9JpGBY-2F7oz0cK9lpkW9BSnRSiQO-2FLxXWbhAlzf349ZVWIZtsPv6RWFLdI0qhHCerBK5xJU4CWu5yldW9-2Fy3VH8-2FcHh0sgc80I6BYQZNcghdEg0rsVslAO9EBs-3D\" target=\"_blank\">www.technik-museum.de\/cosplay-wochenende<\/a>. F\u00fcr die Sondervorstellungen im FORUM Kino ist eine Sitzplatzreservierung erforderlich. Diese kann direkt vor Ort, so lange es Pl\u00e4tze gibt, vorgenommen werden und ist im Eintrittspreis des Museums inbegriffen. Bereits erworbene Tickets f\u00fcr das Science Fiction Treffen 2020 behalten an diesem Wochenende ihre G\u00fcltigkeit und k\u00f6nnen vor Ort gegen ein Tagesticket eingel\u00f6st werden. Weitere Informationen zum Cosplay-Wochenende gibt es unter\u00a0<a rel=\"noreferrer noopener\" href=\"https:\/\/deref-web.de\/mail\/client\/v1DOlS1-xCI\/dereferrer\/?redirectUrl=https%3A%2F%2Fu14164442.ct.sendgrid.net%2Fls%2Fclick%3Fupn%3DpsfSyrcYyJjyv2M1NAPIUHSS5hyResOop97owBYND8PLTvzyNf-2BbgIoetK041lPM1wjxSPUf5VSqTJ0ETlpQWA-3D-3DLIAP_Hl-2BwoPNiiE5y-2BW9ZLRGh-2BuGHMyD7GGNSR50vkH5Gix6PVuRNeVHgRxWU3L9jUyhJAiL0ucgA1-2BIrvvODSE-2FObk8f-2FUuZND9Fkw-2Ff2uMFS-2FHLxU3u3XfNDjUzFf6xt15u7s8kksiP-2BKqlNnHXBR5g2uRz9edVO1atbBh74roauF-2FVd-2FRYSFMESfXBhhcTrnzktEFITx2cmwm-2B4CoEh2uDVsDe15qWH-2Bep6CdsNzBpBWg-3D\" target=\"_blank\">www.technik-museum.de\/cosplay-wochenende<\/a>.\u00a0<\/p>\n\n\n\n<p>Coronama\u00dfnahmen: Aufgrund der aktuellen Situation und des g\u00fcltigen Hygienekonzeptes gibt es im Rahmen des Cosplay-Wochenendes\u00a0<em>keine:\u00a0<\/em>H\u00e4ndler, Showprogramm, Autogrammstunden, Vorf\u00fchrungen und Parade. Das Cosplay-Wochenende ist nicht wie das Science Fiction Treffen. Es bietet die M\u00f6glichkeit mit Gleichgesinnten an zwei ausgew\u00e4hlten Tagen im Kost\u00fcm das Museum zu besuchen. Es greifen die in Rheinland-Pfalz g\u00fcltigen Vorgaben zum Abstand und des Mund-Nasen-Schutzes.<\/p>\n\n\n\n<p><em>Technik Museum Speyer<br>07.09.2020<\/em><\/p>\n\n\n\n<h2 class=\"wp-block-heading\">Audi Cabrio T89<\/h2>\n\n\n\n<h3 class=\"wp-block-heading\">Youngtimer-Treffen im Technik Museum Sinsheim<\/h3>\n\n\n\n<figure class=\"wp-block-image\"><img decoding=\"async\" loading=\"lazy\" width=\"800\" height=\"532\" src=\"https:\/\/speyer24news.com\/wp-content\/uploads\/2020\/09\/3_-Audi-Cabrio-T89-Treffem-im-Technik-Museum-Sinsheim.jpg\" alt=\"\" class=\"wp-image-30213\" srcset=\"https:\/\/speyer24news.com\/wp-content\/uploads\/2020\/09\/3_-Audi-Cabrio-T89-Treffem-im-Technik-Museum-Sinsheim.jpg 800w, https:\/\/speyer24news.com\/wp-content\/uploads\/2020\/09\/3_-Audi-Cabrio-T89-Treffem-im-Technik-Museum-Sinsheim-300x200.jpg 300w, https:\/\/speyer24news.com\/wp-content\/uploads\/2020\/09\/3_-Audi-Cabrio-T89-Treffem-im-Technik-Museum-Sinsheim-768x511.jpg 768w\" sizes=\"(max-width: 800px) 100vw, 800px\" \/><\/figure>\n\n\n\n<p><strong>Sinsheim &#8211; <\/strong>Als dieser Youngtimer Anfang der 90er Jahre vorgestellt wurde, \u00fcberschlug sich die Presse: makellos, elegant, minimalistischer Traum; das Audi Cabriolet (Typ 89) werde dem Ingolst\u00e4dter Konzern zum jungen, frischen Image verhelfen. Tats\u00e4chlich soll Audi diesem Modell seine Coolness zu verdanken haben. Am <strong>Samstag, 19. September<\/strong> kommen auf dem Gel\u00e4nde des Technik Museum Sinsheim rund 100 solcher Cabrios zusammen.<\/p>\n\n\n\n<div class=\"wp-block-image\"><figure class=\"aligncenter\"><img decoding=\"async\" loading=\"lazy\" width=\"800\" height=\"532\" src=\"https:\/\/speyer24news.com\/wp-content\/uploads\/2020\/09\/An-die-100-Fahrzeuge-werden-beim-3_-Audi-Cabrio-T89-im-Technik-Museum-Sinsheim-erwartet.jpg\" alt=\"\" class=\"wp-image-30212\" srcset=\"https:\/\/speyer24news.com\/wp-content\/uploads\/2020\/09\/An-die-100-Fahrzeuge-werden-beim-3_-Audi-Cabrio-T89-im-Technik-Museum-Sinsheim-erwartet.jpg 800w, https:\/\/speyer24news.com\/wp-content\/uploads\/2020\/09\/An-die-100-Fahrzeuge-werden-beim-3_-Audi-Cabrio-T89-im-Technik-Museum-Sinsheim-erwartet-300x200.jpg 300w, https:\/\/speyer24news.com\/wp-content\/uploads\/2020\/09\/An-die-100-Fahrzeuge-werden-beim-3_-Audi-Cabrio-T89-im-Technik-Museum-Sinsheim-erwartet-768x511.jpg 768w\" sizes=\"(max-width: 800px) 100vw, 800px\" \/><\/figure><\/div>\n\n\n\n<p>An diesem Samstag kommen die Mitglieder von Audi-Cabrio-S\u00fcd bereits zum dritten Mal auf das Museumsgel\u00e4nde gefahren, um ihre bunten Fahrzeuge vor beeindruckender Kulisse zu pr\u00e4sentieren. Von 9 bis 16 Uhr und unter Beachtung der aktuellen Situation und Vorgaben haben Interessierte die M\u00f6glichkeit, diese auf Hochglanz polierten Cabriolets zu besichtigen, inspizieren \u2013 sich vielleicht Anregungen zu holen. Denn ab 2021 haben bereits manche Modelle das Recht auf ein H-Kennzeichen und somit auf einen Oldtimer-Titel. Der Zugang zur Veranstaltungsfl\u00e4che ist kostenfrei. Mehr Informationen zum Treffen und Anmeldem\u00f6glichkeit unter:&nbsp;<a href=\"https:\/\/deref-web.de\/mail\/client\/Md0Wc1jgYyU\/dereferrer\/?redirectUrl=http%3A%2F%2Fwww.technik-museum.de%2Faudi\" target=\"_blank\" rel=\"noreferrer noopener\">www.technik-museum.de\/audi<\/a><\/p>\n\n\n\n<p><em>Technik Museum Sinsheim<br>07.09.2020<\/em><\/p>\n\n\n\n<h2 class=\"wp-block-heading\">Kultur-Herbst im Technik Museum Speyer \/\u00a0Musik, Wein und Comedy zwischen Flugzeugen und Seenotkreuzer<\/h2>\n\n\n\n<div class=\"wp-block-image\"><figure class=\"aligncenter\"><img decoding=\"async\" loading=\"lazy\" width=\"500\" height=\"703\" src=\"https:\/\/speyer24news.com\/wp-content\/uploads\/2020\/09\/Kultur-Herbst.png\" alt=\"\" class=\"wp-image-30208\" srcset=\"https:\/\/speyer24news.com\/wp-content\/uploads\/2020\/09\/Kultur-Herbst.png 500w, https:\/\/speyer24news.com\/wp-content\/uploads\/2020\/09\/Kultur-Herbst-213x300.png 213w\" sizes=\"(max-width: 500px) 100vw, 500px\" \/><\/figure><\/div>\n\n\n\n<p><strong>Speyer &#8211; <\/strong>Es hat lange gedauert, aber seit August finden im Technik Museum Speyer endlich wieder Veranstaltungen statt. Den Anfang machte vor einiger Zeit bereits die Eventreihe \u201eOldtimer-Sommer\u201c und lie\u00df mit zahlreichen Young- und Oldtimern die Herzen der Fahrzeugfans h\u00f6herschlagen. Ab September startet das Museum kulturell in den Herbst und bietet an verschiedenen Abenden Musik, Wein und Comedy aus der Region. Das Au\u00dfengel\u00e4nde zwischen dem imposanten Propellerflugzeug Antonov An-22 und dem Seenotkreuzer John T. Essberger wird mit einer B\u00fchne, Essens- und Getr\u00e4nkest\u00e4nden sowie Sitzgelegenheiten in einen gem\u00fctlichen Kulturhof umgewandelt und l\u00e4dt dazu ein, in einer einzigartigen Kulisse den Abend zu genie\u00dfen. Regionale Musiker sowie das Boulevardtheater Deidesheim gestalten gemeinsam das abwechslungsreiche B\u00fchnenprogramm. Die Besucher k\u00f6nnen sich auf bekannte Rock- und Pop-Hits oder gef\u00fchlvolle Balladen freuen und auch die Lachmuskeln kommen bei einem Comedy-Abend sowie einem humoristischen Theaterst\u00fcck zum Einsatz. Abgerundet wird der Abend durch ein Speisenangebot und Winzern aus der Region, die vor Ort ihre besten Weine ausschenken. Genuss und Kultur gehen beim Programm des Kultur-Herbsts im Technik Museum Speyer somit Hand in Hand. Alle Informationen zu den Terminen und den Eintrittspreisen gibt es unter\u00a0<a rel=\"noreferrer noopener\" href=\"https:\/\/deref-web.de\/mail\/client\/zt8N0KOFb38\/dereferrer\/?redirectUrl=http%3A%2F%2Fwww.technik-museum.de%2Fkultur-herbst\" target=\"_blank\">www.technik-museum.de\/kultur-herbst<\/a>.\u00a0<\/p>\n\n\n\n<figure class=\"wp-block-image\"><img decoding=\"async\" loading=\"lazy\" width=\"800\" height=\"534\" src=\"https:\/\/speyer24news.com\/wp-content\/uploads\/2020\/09\/Seenotkreuzer-John-T_-Essberger-im-Technik-Museum-Speyer.jpg\" alt=\"\" class=\"wp-image-30209\" srcset=\"https:\/\/speyer24news.com\/wp-content\/uploads\/2020\/09\/Seenotkreuzer-John-T_-Essberger-im-Technik-Museum-Speyer.jpg 800w, https:\/\/speyer24news.com\/wp-content\/uploads\/2020\/09\/Seenotkreuzer-John-T_-Essberger-im-Technik-Museum-Speyer-300x200.jpg 300w, https:\/\/speyer24news.com\/wp-content\/uploads\/2020\/09\/Seenotkreuzer-John-T_-Essberger-im-Technik-Museum-Speyer-768x513.jpg 768w\" sizes=\"(max-width: 800px) 100vw, 800px\" \/><\/figure>\n\n\n\n<p>Am 10. September tritt die Coverband H\u00f6rensw\u00f6rth unter dem Motto \u201eMusik kennt keine Grenzen\u201c auf und begeistert sowohl mit \u201eRock-Urgesteinen\u201c wie den Rolling Stones als auch die \u201eYoung Generation\u201c mit Songs von den Red Hot Chili Peppers oder Emeli Sand\u00e9. Egal ob akustisch oder elektrisch, den H\u00f6rensw\u00f6rth-Stil zeichnet auf jeden Fall handgemachte und mehrstimmige Musik aus.<\/p>\n\n\n\n<p>Am 11. September lautet das Motto des Kultur-Herbst: Singer\/Songwriter. Sp\u00e4testens seit Ed Sheeran pr\u00e4gen K\u00fcnstler in diesem Bereich die aktuelle Musiklandschaft. Adrian Prath aus Karlsruhe ist Singer\/Songwriter und seit 2009 regelm\u00e4\u00dfig in den deutschen Innenst\u00e4dten als Stra\u00dfenmusiker oder bei Hochzeiten und Feiern zu h\u00f6ren. Angefangen hat alles mit einer \u201cSperrholz Gitarre\u201d und der gro\u00dfen Motivation, etwas Eigenes auf die Beine zu stellen. Nicht nur in seiner Heimatstadt Karlsruhe ist er unterwegs. Die Auftritte f\u00fchren den gef\u00fchlvollen S\u00e4nger durch die ganze Rhein-Neckar-Region. Im Gep\u00e4ck eine Gitarre, seine Stimme und ganz wichtig &#8211; ein buntes Repertoire, welches von den selbstgeschriebenen Songs seiner beiden Alben \u00fcber die Beatles und Bob Dylan bis hin zu Klassikern aus der heutigen Zeit reicht.<\/p>\n\n\n\n<div class=\"wp-block-image\"><figure class=\"aligncenter\"><img decoding=\"async\" loading=\"lazy\" width=\"800\" height=\"650\" src=\"https:\/\/speyer24news.com\/wp-content\/uploads\/2020\/09\/Pressefoto_Adrian_Prath.jpg\" alt=\"\" class=\"wp-image-30210\" srcset=\"https:\/\/speyer24news.com\/wp-content\/uploads\/2020\/09\/Pressefoto_Adrian_Prath.jpg 800w, https:\/\/speyer24news.com\/wp-content\/uploads\/2020\/09\/Pressefoto_Adrian_Prath-300x244.jpg 300w, https:\/\/speyer24news.com\/wp-content\/uploads\/2020\/09\/Pressefoto_Adrian_Prath-768x624.jpg 768w\" sizes=\"(max-width: 800px) 100vw, 800px\" \/><figcaption>Adrian Prath<\/figcaption><\/figure><\/div>\n\n\n\n<p>Am 1. Oktober steht der sch\u00f6ne Pf\u00e4lzer Dialekt im Vordergrund. Unter dem Motto \u201eLachen h\u00e4lt gesund\u201c verlegt das Boulevardtheater Deidesheim seine B\u00fchne nach Speyer. Den Anfang macht der \u201eWinzer Bu\u201c Tim Poschmann mit Neuigkeiten aus den heimischen Weinbergen. International bekannt mit seiner Begr\u00fc\u00dfung \u201eWo sin se dann?\u201c, begibt sich Poschmann auf die Suche nach Touristen, Virologen, faulen Heidelbergern und Verr\u00fcckten im Supermarkt und vergisst dabei nie den Weitblick, seinen Humor und seinen Dialekt. Er erz\u00e4hlt von seiner Sichtweise \u00fcbers Heiraten und Daten heutzutage. Denn nach 15 Ehejahren, einer Scheidung, wei\u00df er eines: F\u00fcr M\u00e4nner ist es heutzutage nicht mehr wichtig, dass eine Frau kochen kann, sondern dass sie keinen guten Anwalt kennt. Besucher des Autokino Speyers konnten ihn bereits bei seiner ausverkauften Show im Fr\u00fchsommer live erleben. Bepackt mit Kittel und Hut kommt er nun nach Speyer zur\u00fcck. Auch die zweite K\u00fcnstlerin des Abends ist in keine Unbekannte. K\u00e4ttl Feierdaach bringt die Besucher mit ihrer ausf\u00fchrlichen und schockierend ehrlichen Beschreibung von Alltagssituationen, in denen sich jeder Zuschauer wiederfinden kann, zum Lachen. In ihrem Programm \u201e\u00e4fach sch\u00e4\u00e4\u201c erz\u00e4hlt sie von den Schwierigkeiten ein \u201eSchiewerfon\u201c zu bedienen, wie beschwerlich eine Zugfahrt sein kann, oder dass ein Rosenbl\u00e4tterduft\u00f6lcrempflegebad nicht nur Entspannung, sondern auch Aufregung verursacht.<\/p>\n\n\n\n<div class=\"wp-block-image\"><figure class=\"aligncenter\"><img decoding=\"async\" loading=\"lazy\" width=\"500\" height=\"832\" src=\"https:\/\/speyer24news.com\/wp-content\/uploads\/2020\/09\/Kaettl_Feierdaach.jpg\" alt=\"\" class=\"wp-image-30211\" srcset=\"https:\/\/speyer24news.com\/wp-content\/uploads\/2020\/09\/Kaettl_Feierdaach.jpg 500w, https:\/\/speyer24news.com\/wp-content\/uploads\/2020\/09\/Kaettl_Feierdaach-180x300.jpg 180w\" sizes=\"(max-width: 500px) 100vw, 500px\" \/><\/figure><\/div>\n\n\n\n<p>Am 2. Oktober wird im Museum erstmals ein Comedy-Theaterst\u00fcck aufgef\u00fchrt: &#8222;Bleib doch zum Fr\u00fchst\u00fcck &#8211; Gegens\u00e4tze ziehen sich aus\u201c. Hans-Georg ist ein Beamter, wie er im Buche steht: Seine Pf\u00e4lzer Wohnung ist penibel aufger\u00e4umt, nach seinem Tagesablauf stellen die Nachbarn ihre Uhren. Ganz anders die WG im Stockwerk \u00fcber ihm: Die nehmen das Leben leicht, die Belegschaft der Wohnung wechselt h\u00e4ufig \u2013 mit steigender Mitbewohnerzahl \u2013 jeden Abend Ramba Zamba &amp; Halli Galli Feste. Hans-Georgs Welt ist v\u00f6llig in Ordnung bis eines Abends&nbsp;Luise vor seiner T\u00fcr steht. Die ist hochschwanger, total pleite und hat sich soeben mit der&nbsp;besagten WG \u00fcberworfen. Jetzt ist das Chaos perfekt und die Zuschauer erleben ein zweist\u00fcndiges Lachgewitter.<\/p>\n\n\n\n<p>Der Einlass auf das Museumsgel\u00e4nde sowie der Verkauf von Speisen und Getr\u00e4nken erfolgt jeweils ab 18 Uhr. Das B\u00fchnenprogramm beginnt um 19 Uhr und dauert mit Pause bis ca. 21.30 Uhr. Als Veranstaltungsende ist 22 Uhr angesetzt. E-Tickets f\u00fcr die jeweiligen Abende gibt es ab sofort unter\u00a0<a rel=\"noreferrer noopener\" href=\"https:\/\/deref-web.de\/mail\/client\/gpzqNpmgH6Q\/dereferrer\/?redirectUrl=https%3A%2F%2Fu14164442.ct.sendgrid.net%2Fls%2Fclick%3Fupn%3DpsfSyrcYyJjyv2M1NAPIUHSS5hyResOop97owBYND8OKiqv55BC-2FydIpI-2F4Ev5GTLzebJXXOWntL4SXI5MepGg-3D-3D77G3_Hl-2BwoPNiiE5y-2BW9ZLRGh-2BuGHMyD7GGNSR50vkH5Gix6TiYQDW2KOJ2FpFCSveJUrUQMFjxnndCHw1DpAGE1yeJUNhLwgLGYuP5uqyUNGH5w0MxDBIipoiJaSeIPzYnlBpn0OMDxvVmcvFovv-2BXTvIGHmqb3QS-2Br7-2BWhUwKySwF3kvowKOe51q79pFZdllPgCkwUxlc1Q761qU6LjTo1qFzPRPkFKJhyrqJwazD5CIJM-3D\" target=\"_blank\">www.technik-museum.de\/kultur-herbst<\/a>. Alle Informationen zur Veranstaltungsreihe gibt es unter\u00a0<a rel=\"noreferrer noopener\" href=\"https:\/\/deref-web.de\/mail\/client\/qs4mBc2PGJA\/dereferrer\/?redirectUrl=https%3A%2F%2Fu14164442.ct.sendgrid.net%2Fls%2Fclick%3Fupn%3DpsfSyrcYyJjyv2M1NAPIUHSS5hyResOop97owBYND8OKiqv55BC-2FydIpI-2F4Ev5GTLzebJXXOWntL4SXI5MepGg-3D-3Dw_sN_Hl-2BwoPNiiE5y-2BW9ZLRGh-2BuGHMyD7GGNSR50vkH5Gix6TiYQDW2KOJ2FpFCSveJUrTuKHzgfX3ipFjL-2Fop2t7I0CDktvWheuC-2B-2FnEG8qvKSufa8NcAM0ANdqg1Mwtq-2BqTsHAcYbyEVTSJ929bNqWm8lSPhmckou4xXsHY2u4-2BAQfhov-2BPWupHl9p-2FxKhX8Tc7vss7nb-2ByAyoPvpSmUixPwXCeEVweFenQr-2FtHnq8JPeo-3D\" target=\"_blank\">www.technik-museum.de\/kultur-herbst<\/a>.<\/p>\n\n\n\n<p><em>Technik Museum Speyer<br>07.09.2020<\/em><\/p>\n\n\n\n<h2 class=\"wp-block-heading\">Freestyle-Action inmitten technischer Rarit\u00e4ten<\/h2>\n\n\n\n<h3 class=\"wp-block-heading\">Trialbiker Adrian Guggemos dreht in den Technik Museen Sinsheim Speyer<\/h3>\n\n\n\n<figure class=\"wp-block-image\"><img decoding=\"async\" loading=\"lazy\" width=\"800\" height=\"379\" src=\"https:\/\/speyer24news.com\/wp-content\/uploads\/2020\/09\/hoepunkt_des_drehs_auf_der_tragflaeche_der_tupolev_tm_snh_2020.jpg\" alt=\"\" class=\"wp-image-30207\" srcset=\"https:\/\/speyer24news.com\/wp-content\/uploads\/2020\/09\/hoepunkt_des_drehs_auf_der_tragflaeche_der_tupolev_tm_snh_2020.jpg 800w, https:\/\/speyer24news.com\/wp-content\/uploads\/2020\/09\/hoepunkt_des_drehs_auf_der_tragflaeche_der_tupolev_tm_snh_2020-300x142.jpg 300w, https:\/\/speyer24news.com\/wp-content\/uploads\/2020\/09\/hoepunkt_des_drehs_auf_der_tragflaeche_der_tupolev_tm_snh_2020-768x364.jpg 768w\" sizes=\"(max-width: 800px) 100vw, 800px\" \/><\/figure>\n\n\n\n<p><strong>Sinsheim &#8211; <\/strong>Seit M\u00e4rz liegen die meisten Events auf Eis \u2013 so auch im Bereich Motorsport. Kein Grund f\u00fcr den Freestyle Trial-Profi Adrian Guggemos den Kopf h\u00e4ngen zu lassen. Im Gegenteil: Mit einer Filmcrew machte er sich Ende Juni auf in die Technik Museen Sinsheim Speyer, um sein neuestes Videoprojekt \u201eRide at the Museum\u201c umzusetzen. Der \u00dcberschallflieger des Museums, die Tupolev Tu-144, gl\u00e4nzt dabei als Hauptdarstellerin. Den ganzen Clip gibt es ab sofort auf dem YouTube-Kanal \u201eRed Bull Motorsports\u201c:<\/p>\n\n\n\n<figure class=\"wp-block-embed-youtube wp-block-embed is-type-video is-provider-youtube wp-embed-aspect-16-9 wp-has-aspect-ratio\"><div class=\"wp-block-embed__wrapper\">\n<iframe loading=\"lazy\" title=\"Ride at the Museum with Trials Rider Adrian Guggemos\" width=\"500\" height=\"281\" src=\"https:\/\/www.youtube.com\/embed\/5EYoIkop3Lk?feature=oembed\" frameborder=\"0\" allow=\"accelerometer; autoplay; encrypted-media; gyroscope; picture-in-picture\" allowfullscreen><\/iframe>\n<\/div><\/figure>\n\n\n\n<p>Normalerweise sind Adrian Guggemos Trialbike-K\u00fcnste vor vielen Zuschauern bei gro\u00dfen Motorsportevents zu sehen, nun produzierte er ein spektakul\u00e4res Video f\u00fcr die Motorsportfans auf YouTube. Um den Re-Start der Motorsportsaison einzul\u00e4uten, schwang sich der Schorndorfer inmitten technischer Rarit\u00e4ten auf seine Maschine. F\u00fcnf Tage fand der waghalsige Dreh in den Museen statt: Auf Rampen und W\u00e4nden hochfahren, Vorw\u00e4rts- und R\u00fcckw\u00e4rtssaltos nur haarscharf vorbei an unbezahlbaren Exponaten &#8211; dies waren noch die harmlosen Einlagen. Was Adrian auf der Tu-144 vollbrachte und was MotoGP-Star Stefan Bradl mit dem Video &#8222;Ride at the Museum&#8220; zu tun hat, gibt es ab sofort auf dem Kanal \u201eRed Bull Motorsports\u201c auf YouTube zu sehen.<\/p>\n\n\n\n<div class=\"wp-block-image\"><figure class=\"aligncenter\"><img decoding=\"async\" loading=\"lazy\" width=\"800\" height=\"613\" src=\"https:\/\/speyer24news.com\/wp-content\/uploads\/2020\/09\/aufwaermstunts_auf_dem_museumsgelaende_tm_snh_2020.jpg\" alt=\"\" class=\"wp-image-30206\" srcset=\"https:\/\/speyer24news.com\/wp-content\/uploads\/2020\/09\/aufwaermstunts_auf_dem_museumsgelaende_tm_snh_2020.jpg 800w, https:\/\/speyer24news.com\/wp-content\/uploads\/2020\/09\/aufwaermstunts_auf_dem_museumsgelaende_tm_snh_2020-300x230.jpg 300w, https:\/\/speyer24news.com\/wp-content\/uploads\/2020\/09\/aufwaermstunts_auf_dem_museumsgelaende_tm_snh_2020-768x588.jpg 768w, https:\/\/speyer24news.com\/wp-content\/uploads\/2020\/09\/aufwaermstunts_auf_dem_museumsgelaende_tm_snh_2020-80x60.jpg 80w\" sizes=\"(max-width: 800px) 100vw, 800px\" \/><\/figure><\/div>\n\n\n\n<p>In den Drehpausen begeisterte der Profi die Museumsbesucher mit spontanen Stunteinlagen und fand f\u00fcr das ein oder andere Selfie mit seinen Fans immer Zeit. Auf die Frage, wie die Drehtage liefen, kam der Trialbiker aus dem Staunen nicht raus: \u201eEs war auf jeden Fall super spannend. Ich bin schon immer technikaffin gewesen. Und dann wirklich hier in der Szenerie fahren zu k\u00f6nnen, ist f\u00fcr mich wie ein Kindheitstraum. Es macht mir einfach Mega-Spa\u00df.\u201c Zum Abschluss trat er Freestyle-Profi dem Museumsverein als Ehrenmitglied bei.<\/p>\n\n\n\n<p><em>Technik Museum Sinsheim<br>07.09.2020<\/em><\/p>\n","protected":false},"excerpt":{"rendered":"<div class=\"mh-excerpt\"><p>Cosplay-Wochenende im Technik Museum Speyer am 26. und 27. September 2020 \u201eAbgespeckte\u201c Alternative zum abgesagten Science Fiction Treffen Speyer &#8211; F\u00fcr viele war die Absage des beliebten Science Fiction Treffen des Technik Museum Speyer vorhersehbar. <a class=\"mh-excerpt-more\" href=\"https:\/\/speyer24news.com\/?p=30205\" title=\"Technik Museum Speyer \/ Sinsheim\">[&#8230;]<\/a><\/p>\n<\/div>","protected":false},"author":3,"featured_media":24052,"comment_status":"open","ping_status":"open","sticky":false,"template":"","format":"standard","meta":{"_monsterinsights_skip_tracking":false,"_monsterinsights_sitenote_active":false,"_monsterinsights_sitenote_note":"","_monsterinsights_sitenote_category":0,"footnotes":""},"categories":[14],"tags":[8442,8438,8440,8439,8448,7207,8446,8445,2679,164,992,133,8441,8447,8444],"aioseo_notices":[],"amp_enabled":true,"_links":{"self":[{"href":"https:\/\/speyer24news.com\/index.php?rest_route=\/wp\/v2\/posts\/30205"}],"collection":[{"href":"https:\/\/speyer24news.com\/index.php?rest_route=\/wp\/v2\/posts"}],"about":[{"href":"https:\/\/speyer24news.com\/index.php?rest_route=\/wp\/v2\/types\/post"}],"author":[{"embeddable":true,"href":"https:\/\/speyer24news.com\/index.php?rest_route=\/wp\/v2\/users\/3"}],"replies":[{"embeddable":true,"href":"https:\/\/speyer24news.com\/index.php?rest_route=%2Fwp%2Fv2%2Fcomments&post=30205"}],"version-history":[{"count":1,"href":"https:\/\/speyer24news.com\/index.php?rest_route=\/wp\/v2\/posts\/30205\/revisions"}],"predecessor-version":[{"id":30218,"href":"https:\/\/speyer24news.com\/index.php?rest_route=\/wp\/v2\/posts\/30205\/revisions\/30218"}],"wp:featuredmedia":[{"embeddable":true,"href":"https:\/\/speyer24news.com\/index.php?rest_route=\/wp\/v2\/media\/24052"}],"wp:attachment":[{"href":"https:\/\/speyer24news.com\/index.php?rest_route=%2Fwp%2Fv2%2Fmedia&parent=30205"}],"wp:term":[{"taxonomy":"category","embeddable":true,"href":"https:\/\/speyer24news.com\/index.php?rest_route=%2Fwp%2Fv2%2Fcategories&post=30205"},{"taxonomy":"post_tag","embeddable":true,"href":"https:\/\/speyer24news.com\/index.php?rest_route=%2Fwp%2Fv2%2Ftags&post=30205"}],"curies":[{"name":"wp","href":"https:\/\/api.w.org\/{rel}","templated":true}]}}