{"id":30231,"date":"2020-09-08T07:21:42","date_gmt":"2020-09-08T06:21:42","guid":{"rendered":"https:\/\/speyer24news.com\/?p=30231"},"modified":"2020-09-08T07:21:43","modified_gmt":"2020-09-08T06:21:43","slug":"hassloch-72","status":"publish","type":"post","link":"https:\/\/speyer24news.com\/?p=30231","title":{"rendered":"Ha\u00dfloch"},"content":{"rendered":"<style type=\"text\/css\">\r\n\t.ads_top_disp{}\r\n\t.ads_top_corner_disp{ float:left; margin:0px 10px 10px 0px; }\r\n\t.ads_first_p_disp{}\r\n\t.ads_bottom_disp{}\r\n\t<\/style>\n<h2 class=\"wp-block-heading\">Alle wichtigen Angelegenheiten \u00fcbersichtlich geregelt<\/h2>\n\n\n\n<h3 class=\"wp-block-heading\">Die Gemeinde Ha\u00dfloch gibt Vorsorgemappe heraus<\/h3>\n\n\n\n<div class=\"wp-block-image\"><figure class=\"aligncenter\"><img decoding=\"async\" loading=\"lazy\" width=\"800\" height=\"600\" src=\"https:\/\/speyer24news.com\/wp-content\/uploads\/2020\/09\/Bild-Vorsorgemappe.jpeg\" alt=\"\" class=\"wp-image-30238\" srcset=\"https:\/\/speyer24news.com\/wp-content\/uploads\/2020\/09\/Bild-Vorsorgemappe.jpeg 800w, https:\/\/speyer24news.com\/wp-content\/uploads\/2020\/09\/Bild-Vorsorgemappe-300x225.jpeg 300w, https:\/\/speyer24news.com\/wp-content\/uploads\/2020\/09\/Bild-Vorsorgemappe-768x576.jpeg 768w, https:\/\/speyer24news.com\/wp-content\/uploads\/2020\/09\/Bild-Vorsorgemappe-678x509.jpeg 678w, https:\/\/speyer24news.com\/wp-content\/uploads\/2020\/09\/Bild-Vorsorgemappe-326x245.jpeg 326w, https:\/\/speyer24news.com\/wp-content\/uploads\/2020\/09\/Bild-Vorsorgemappe-80x60.jpeg 80w\" sizes=\"(max-width: 800px) 100vw, 800px\" \/><\/figure><\/div>\n\n\n\n<p>Die Gemeinde Ha\u00dfloch hat gemeinsam mit der mediatogo GmbH eine Vorsorgemappe herausgegeben, zu der auch Patientenverf\u00fcgung, Betreuungsverf\u00fcgung und Vorsorgevollmacht geh\u00f6ren. Die Mappe ist ab sofort kostenlos im B\u00fcrgerb\u00fcro, im Rathaus, im Seniorenb\u00fcro sowie in der Tourist-Information erh\u00e4ltlich. Die Vorsorgemappe soll dabei helfen, alle wichtigen Angelegenheiten f\u00fcr den Notfall \u00fcbersichtlich zu regeln.<\/p>\n\n\n\n<p>In die Vordrucke der Vorsorgemappe k\u00f6nnen pers\u00f6nliche Daten wie Ansprechpartner\/innen f\u00fcr den Notfall, sonstige Kontakte, Medikamente und Allergien, aber auch Bestattungs- und sonstige W\u00fcnsche im Todesfall eingetragen werden. Zudem enth\u00e4lt die Vorsorgemappe die Vordrucke f\u00fcr eine Patientenverf\u00fcgung, eine Betreuungsverf\u00fcgung und eine Vorsorgevollmacht sowie die dazugeh\u00f6rigen, kompakten Informationen. Auch ein Organspendeausweis ist Teil des Gesamtpakets der Vorsorgemappe.<\/p>\n\n\n\n<p>\u201eNiemand denkt gerne dar\u00fcber nach, ein Pflege- oder Betreuungsfall zu werden oder gar sterben zu k\u00f6nnen\u201c, sagt der Erste Beigeordnete Tobias Meyer. \u201eEs ist jedoch wichtig, f\u00fcr den Notfall gewappnet zu sein und daf\u00fcr zu sorgen, dass in jeder Lebenslage im eigenen Sinne entschieden und gehandelt wird. Die Vorsorgemappe, die wir als Gemeinde Ha\u00dfloch gemeinsam mit der mediatogo GmbH nun erstmals aufgelegt haben, gibt den Menschen das gute Gef\u00fchl, alle wichtigen Angelegenheiten f\u00fcr den Notfall \u00fcbersichtlich geregelt zu haben.\u201c<\/p>\n\n\n\n<p>Nicht nur die Menschen selbst haben damit viele Informationen schnell griffbereit, auch die Angeh\u00f6rigen k\u00f6nnen im Notfall auf die Vorsorgemappe zur\u00fcckgreifen und so im Willen der oder des Betroffenen handeln. Die Mappe ist in ihrer ersten Auflage mit einer St\u00fcckzahl von 5.000 Exemplaren erschienen und richtet sich an alle Generationen. \u201eVorsorge ist keine Frage des Alters. Jede und jeden von uns kann es treffen\u201c, so Meyer. Die Vorsorgemappe gebe der oder dem Betroffenen selbst, aber auch den Angeh\u00f6rigen ein St\u00fcck Sicherheit, da Daten, Fakten und Handlungsanweisungen samt den entsprechenden Dokumenten \u00fcbersichtlich verf\u00fcgbar sind.<\/p>\n\n\n\n<p><em>Gemeindeverwaltung Ha\u00dfloch<br>08.09.2020<\/em><\/p>\n\n\n\n<h2 class=\"wp-block-heading\">Erster Lesesommer in Coronazeiten erfolgreich abgeschlossen<\/h2>\n\n\n\n<div class=\"wp-block-image\"><figure class=\"aligncenter\"><img decoding=\"async\" loading=\"lazy\" width=\"800\" height=\"588\" src=\"https:\/\/speyer24news.com\/wp-content\/uploads\/2020\/09\/Bild-Anna-Maria-L\u00f6ffler-und-Lena-Roth-als-Gl\u00fccksfeen-bei-der-Verlosungsaktion.jpeg\" alt=\"\" class=\"wp-image-30234\" srcset=\"https:\/\/speyer24news.com\/wp-content\/uploads\/2020\/09\/Bild-Anna-Maria-L\u00f6ffler-und-Lena-Roth-als-Gl\u00fccksfeen-bei-der-Verlosungsaktion.jpeg 800w, https:\/\/speyer24news.com\/wp-content\/uploads\/2020\/09\/Bild-Anna-Maria-L\u00f6ffler-und-Lena-Roth-als-Gl\u00fccksfeen-bei-der-Verlosungsaktion-300x221.jpeg 300w, https:\/\/speyer24news.com\/wp-content\/uploads\/2020\/09\/Bild-Anna-Maria-L\u00f6ffler-und-Lena-Roth-als-Gl\u00fccksfeen-bei-der-Verlosungsaktion-768x564.jpeg 768w, https:\/\/speyer24news.com\/wp-content\/uploads\/2020\/09\/Bild-Anna-Maria-L\u00f6ffler-und-Lena-Roth-als-Gl\u00fccksfeen-bei-der-Verlosungsaktion-80x60.jpeg 80w\" sizes=\"(max-width: 800px) 100vw, 800px\" \/><figcaption>Die Weink\u00f6nigin Anna-Maria L\u00f6ffler und die Andechser Bierk\u00f6ning Lena Roth als Gl\u00fccksfeen bei der Verlosungsaktion<\/figcaption><\/figure><\/div>\n\n\n\n<p>Der Lesesommer hat in der Ha\u00dflocher Gemeindeb\u00fccherei bereits Tradition, doch vor dem Hintergrund der Corona-Pandemie verlief die Lesef\u00f6rderaktion anders als in den Vorjahren. Buchbesprechungen konnten diesmal beispielsweise nicht pers\u00f6nlich mit den Lesesommerpaten durchgef\u00fchrt werden, sondern wurden \u00fcber den BuchCheck sowie \u00fcber den Online-Buchtipp schriftlich abgegeben. Auch der Besucherzugang zur B\u00fccherei ist aufgrund der geltenden Hygiene- und Abstandsregeln beschr\u00e4nkt, was manchmal zu kurzen Wartezeiten f\u00fchrte. Dennoch kann sich die Lesesommerbilanz auch in diesem Jahr sehen lassen. 159 Kinder und Jugendliche zwischen 6 und 16 Jahren haben sich in der Ha\u00dflocher Gemeindeb\u00fccherei an der Lesef\u00f6rderaktion beteiligt und w\u00e4hrend des Aktionszeitraumes \u00fcber 900 B\u00fccher mit mehr als 133.000 Seiten gelesen. <\/p>\n\n\n\n<p>\u201eW\u00e4hrend des Lockdowns im M\u00e4rz und April hat sich eigentlich kaum jemand vorstellen k\u00f6nnen, dass der Lesesommer stattfinden wird\u201c, erinnert sich die stellvertretende B\u00fcchereileiterin Judith H\u00f6ring. Viele \u00dcberlegungen wurden gemacht und wieder verworfen. \u201eAber r\u00fcckblickend sind wir froh und gl\u00fccklich \u00fcber den Verlauf der rund zweimonatigen Lesef\u00f6rderaktion und danken all unseren jungen Leseratten f\u00fcr ihre Teilnahme an dem etwas anderen Lesesommer 2020\u201c, so H\u00f6ring weiter.<\/p>\n\n\n\n<p>Dass der Lesesommer 2020 anders war, zeigte sich auch beim diesj\u00e4hrigen Abschlussfest. \u201eEin Fest inklusive Preisverleihung mit knapp 100 Kindern in dem ohnehin beengten Erdgeschoss der B\u00fccherei war angesichts der aktuellen Situation nicht vorstellbar\u201c, erkl\u00e4rt der Erste Beigeordnete und zust\u00e4ndige Dezernent Tobias Meyer. Daher verzichtete man auf das gemeinsame Fest, aber keineswegs auf die Verlosungsaktion. Unter allen Teilnehmern, die mindestens zwei B\u00fccher w\u00e4hrend des Aktionszeitraumes gelesen haben, wurden knapp 60 Preise verlost. Als Gl\u00fccksfeen fungierten die Pf\u00e4lzische Weink\u00f6nigin Anna-Maria L\u00f6ffler sowie die Bierfestk\u00f6nigin Lena Roth. Auch die Gewinner der Sonderpreise f\u00fcr die meistgelesenen B\u00fccher sowie f\u00fcr die meistgelesenen Seiten wurden ermittelt. \u201eAuch wer im Rahmen der Verlosung kein Gl\u00fcck gehabt hat, geht nicht leer aus. Jeder Teilnehmer erh\u00e4lt eine Urkunde sowie einen Eisgutschein als Trostpreis\u201c, so Meyer. Die Urkunden und Preise k\u00f6nnen ab sofort in der Gemeindeb\u00fccherei abgeholt werden.<\/p>\n\n\n\n<p>Ein Dank geht derweil an die Unterst\u00fctzer des Lesesommers, die die Lesef\u00f6rderaktion auch in diesem Jahr mit Geld- oder Sachspenden unterst\u00fctzt haben. Zu nennen sind hierbei unter anderem der Lions Club Ha\u00dfloch, der Ha\u00dflocher Gewerbeverein, Buch und Papier Schneider sowie die B\u00fcchereinutzerin Ellen L\u00f6wer. Durch die Unterst\u00fctzung war es m\u00f6glich, f\u00fcr die flei\u00dfigen Leserinnen und Leser Preise bereitzustellen. Ebenso konnten eigens f\u00fcr den Lesesommer 193 neue B\u00fccher angeschafft werden.<\/p>\n\n\n\n<h4 class=\"wp-block-heading\">Gewinner der Hauptpreise f\u00fcr die Grundschulen (Gutschein M\u00fcller): <\/h4>\n\n\n\n<ul><li>1. Preis: Jana Kohlmann <\/li><li>2. Preis: Carlos Heumann Rey <\/li><li>3. Preis: Hannah Steidel<\/li><\/ul>\n\n\n\n<p><strong>Gewinner der Hauptpreise f\u00fcr die weiterf\u00fchrenden Schulen (Gutschein M\u00fcller): <\/strong><\/p>\n\n\n\n<ul><li>1. Preis: Jonas Esmuth <\/li><li>2. Preis: Annika Braunstein <\/li><li>3. Preis: Lea Jesske <\/li><\/ul>\n\n\n\n<p>Alle weiteren Teilnehmerinnen und Teilnehmer erfahren direkt in der B\u00fccherei, ob sie ebenfalls zu den Gewinnern geh\u00f6ren. Die Preise sowie die Teilnahmeurkunden k\u00f6nnen zu den bekannten \u00d6ffnungszeiten direkt in der B\u00fccherei abgeholt werden.  <\/p>\n\n\n\n<p><em>Gemeindeverwaltung Ha\u00dfloch \/ Gemeindeb\u00fccherei<br>08.09.2020<\/em><\/p>\n\n\n\n<h2 class=\"wp-block-heading\">Pflegest\u00fctzpunkt und Gemeindeschwester: Infostand auf Wochenmarkt <\/h2>\n\n\n\n<h3 class=\"wp-block-heading\">Am 12. September von 09:00 \u2013 12:00 Uhr<\/h3>\n\n\n\n<p>Die Gemeindeschwester plus, Vera G\u00f6tz, sowie Mitarbeiterinnen des Pflegest\u00fctzpunktes Ha\u00dfloch werden am Samstag, 12. September, von 09:00 bis 12:00 Uhr mit einem Infostand auf dem Ha\u00dflocher Wochenmarkt vertreten sein, sich vorstellen, \u00fcber ihre Angebote informieren, mit interessierten Menschen das Gespr\u00e4ch suchen sowie bei Fragen Rede und Antwort stehen.<\/p>\n\n\n\n<p>Das Beratungsangebot der Gemeindeschwester plus besteht im Landkreis Bad D\u00fcrkheim seit dem Fr\u00fchjahr 2020. F\u00fcr Ha\u00dfloch, Bad D\u00fcrkheim und die Verbandsgemeinden Freinsheim, Wachenheim und Deidesheim ist Vera G\u00f6tz als Gemeindeschwester plus t\u00e4tig. Sie ber\u00e4t hochbetagte Seniorinnen und Senioren, die zwar noch keine Pflege brauchen, denen es aber beispielsweise an sozialen Kontakten und F\u00fcrsorge oder Hilfe bei allt\u00e4glichen Verrichtungen mangelt. Sie hat ein offenes Ohr f\u00fcr Sorgen, N\u00f6te und Anliegen. Sie kennt Freizeitangebote und Nachbarschaftshilfen. Das Angebot richtet sich an Menschen \u00fcber 80 Jahre, die nicht pflegebed\u00fcrftig sind.<\/p>\n\n\n\n<p>Der Pflegest\u00fctzpunkt ber\u00e4t behinderte, \u00e4ltere und pflegebed\u00fcrftige Menschen sowie ihre Angeh\u00f6rigen rund um das Thema Pflege. Als zentrale Anlaufstelle bietet er eine gemeinsame, unabh\u00e4ngige und tr\u00e4ger\u00fcbergreifende individuelle Pflegeberatung an. Die Koordination aller M\u00f6glichkeiten der Versorgung im Pflege- oder Krankheitsfall orientiert sich an den W\u00fcnschen und Bed\u00fcrfnissen der Betroffenen.<\/p>\n\n\n\n<p>Die Beratungsangebote der Gemeindeschwester plus sowie des Pflegest\u00fctzpunktes sind neutral, kostenlos und vertraulich. Das gemeinsame Ziel: Menschen die M\u00f6glichkeit geben, solange wie m\u00f6glich selbstbestimmt und eigenst\u00e4ndig in den eigenen vier W\u00e4nden zu leben. Neben dem Infoangebot auf dem Wochenmarkt ist die Gemeindeschwester plus auch jeden Donnerstag zwischen 14:00 und 17:00 Uhr bei ihren Sprechstunden im Ha\u00dflocher Rathaus anzutreffen (Terminvereinbarung unter 06322\/961-9125). Der Pflegest\u00fctzpunkt ist telefonisch unter 06324\/5930422 (Fr. Waltraud Roos) oder 06324\/5930422 (Frau Jacqueline Kern) zu erreichen.<\/p>\n\n\n\n<p><em>Gemeindeverwaltung Ha\u00dfloch<br>08.09.2020<\/em><\/p>\n\n\n\n<h2 class=\"wp-block-heading\">Kein \u201eTag der offenen T\u00fcr\u201c an der Musikschule<\/h2>\n\n\n\n<p>Es ist inzwischen schon fast Tradition, dass die Musikschule im Herbst zum \u201eTag der offenen T\u00fcr\u201c l\u00e4dt, um sich der interessierten \u00d6ffentlichkeit vorzustellen. Vor dem Hintergrund der weiterhin anhaltenden Corona-Pandemie ist die Durchf\u00fchrung eines solchen Aktionstages allerdings nicht m\u00f6glich. \u201eEin offenes Kommen und Gehen, kleine musikalische Einlagen sowie das Ausprobieren einzelner Instrumente bei den jeweiligen Fachlehrern sind stets feste und beliebte Bestandteils des Tags der offenen T\u00fcr gewesen. Doch unter Beachtung der geltenden Hygiene- und Abstandsregeln sind solche Angebote derzeit nicht realisierbar\u201c, so Musikschulleiterin Tatjana Geiger und der zust\u00e4ndige Dezernent Tobias Meyer.<\/p>\n\n\n\n<p>Wer sich \u00fcber die Musikschule und deren Angebote informieren m\u00f6chte, kann sich einen ersten Eindruck \u00fcber die Homepage <a href=\"http:\/\/www.musikschule-hassloch.de\">www.musikschule-hassloch.de<\/a> verschaffen. Selbstverst\u00e4ndlich steht das Team der Musikschule auch telefonisch zur Verf\u00fcgung und informiert und ber\u00e4t bei Fragen zu den unterschiedlichen Instrumenten, Kursen und Angeboten. Ebenso kann bei Interesse auch ein pers\u00f6nlicher Kennlerntermin mit der M\u00f6glichkeit des Ausprobierens eines Instrumentes vereinbart werden. Die Musikschule ist telefonisch unter 06324\/935-191 erreichbar. <\/p>\n\n\n\n<p>Dar\u00fcber hinaus kann f\u00fcr jedes Instrument auch ein Schnuppermonat belegt werden. Ein Schnuppermonat kostet 65,00 Euro, f\u00fcr Ha\u00dflocher B\u00fcrgerinnen und B\u00fcrger gibt es 5,00 Euro Rabatt. Schnuppermonate k\u00f6nnen ebenfalls telefonisch oder per Mail an <a href=\"musikschule@hassloch.de\">musikschule@hassloch.de<\/a> angefragt werden.<\/p>\n\n\n\n<p><em>Gemeindeverwaltung Ha\u00dfloch<br>08.09.2020<\/em><\/p>\n\n\n\n<h2 class=\"wp-block-heading\">Freie Pl\u00e4tze an der Musikschule<\/h2>\n\n\n\n<p>Seit dem Ende der Sommerferien findet der Unterricht an der Ha\u00dflocher Musikschule unter Einhaltung der Hygiene- und Abstandsregeln wieder weitestgehend im Regelbetrieb statt. Zum 01. Oktober beginnt dar\u00fcber hinaus das neue Semester, welches wieder Unterrichtsangebote f\u00fcr alle Instrumente und Altersklassen vorh\u00e4lt. Die Musikschule macht darauf aufmerksam, dass in vielen Kursen noch Pl\u00e4tze zu vergeben sind. Fragen dazu beantwortet die Musikschule telefonisch unter 06324\/935-191 oder per Mail an <a href=\"musikschule@hassloch.de\">musikschule@hassloch.de<\/a>. Entsprechende Anmeldeformulare k\u00f6nnen \u00fcber die Homepage der Musikschule <a href=\"http:\/\/www.musikschule-hassloch.de\">www.musikschule-hassloch.de<\/a> heruntergeladen und ausgef\u00fcllt werden. <\/p>\n\n\n\n<p>Am 09. September 2020 startet au\u00dferdem ein neuer Ukulele-Kurs f\u00fcr Anf\u00e4nger (Erwachsene). Der Spa\u00df am gemeinsamen Musizieren und das Lernen ohne Zwang in einer sympathischen Gruppe von Gleichgesinnten stehen hierbei im Vordergrund. Vorkenntnisse sind nicht erforderlich. Ein Leihinstrument wird bei Bedarf zur Verf\u00fcgung gestellt. Der Kurs umfasst sechs Termine. Die Unterrichtseinheiten haben eine L\u00e4nge von jeweils 60 Minuten. Los geht es am 09. September um 18:00 Uhr. Die Kosten pro Teilnehmer liegen bei 55,00 Euro (inkl. Leihgeb\u00fchr).<\/p>\n\n\n\n<p>Dar\u00fcber hinaus gibt es noch freie Pl\u00e4tze in der Veeh-Harfen-Gruppe, zu der man sich bei Interesse gerne hinzugesellen darf. Die Gruppe trifft sich alle 14 Tage mittwochs von jeweils 10:00 bis 11:30 Uhr im Kammermusiksaal der Musikschule. Die Kosten f\u00fcr die Teilnahme liegen bei 10,00 Euro pro Monat.<\/p>\n\n\n\n<p><em>Gemeindeverwaltung Ha\u00dfloch \/ Musikschule Ha\u00dfloch<br>08.09.2020<\/em><\/p>\n\n\n\n<h2 class=\"wp-block-heading\">&#8222;<strong>Lebensfreude\u201c \u2013 Ein Videofilm \u00fcber das jahrelange Engagement einer Selbsthilfegruppe<\/strong><\/h2>\n\n\n\n<h3 class=\"wp-block-heading\"><strong>Wie Depressionen und psychische Erkrankungen entstehen k\u00f6nnen<\/strong> <\/h3>\n\n\n\n<p>Lebensfreude, so hei\u00dft das Thema in dem Videofilm der Ha\u00dflocher Selbsthilfegruppe \u201eLebensfreude\u201c, der von Thomas Dill-Korter moderiert wurde. Sehen sie den Film hier:<\/p>\n\n\n\n<figure class=\"wp-block-embed-youtube wp-block-embed is-type-video is-provider-youtube wp-embed-aspect-16-9 wp-has-aspect-ratio\"><div class=\"wp-block-embed__wrapper\">\n<iframe loading=\"lazy\" title=\"&quot;Lebensfreude&quot; -  eine Selbsthilfegruppe aus Ha\u00dfloch in der Pfalz stellt sich vor.\" width=\"500\" height=\"281\" src=\"https:\/\/www.youtube.com\/embed\/jU6O3Ae93DQ?feature=oembed\" frameborder=\"0\" allow=\"accelerometer; autoplay; encrypted-media; gyroscope; picture-in-picture\" allowfullscreen><\/iframe>\n<\/div><\/figure>\n\n\n\n<p>Die Gespr\u00e4chspartner von Dill-Korter waren die Leiterin Karin\nHurrle und ihre beiden Helferinnen C\u00e4cilia Janz und Brigitte Auer. Diese\nSelbsthilfegruppe setzt sich seit vielen Jahren f\u00fcr Menschen mit Depressionen\nund psychischen Erkrankungen ein. \u201eUrsachen von Depressionen k\u00f6nnen ganz\nunterschiedlicher Natur sein. Durch jahrelanges \u201eMobbing\u201c, \u201eIntrigen\u201c und\n\u201eVerleumdungen\u201c k\u00f6nnen solche psychischen Erkrankungen entstehen\u201c, berichtet\nKarin Hurrle im Interview. Daher machen die Initiatoren der Selbsthilfegruppe\nallen Menschen Mut, aus eigener Kraft sowie mit Unterst\u00fctzung von Freuden und\nFamilie aus einer schweren Krise herausfinden zu k\u00f6nnen.<\/p>\n\n\n\n<p>Mit einem Imagefilm will die Ha\u00dflocher Selbsthilfegruppe\n\u201eLebensfreude\u201c darauf hinweisen, wo man sich hinwenden kann, wenn die eigene\nLage hoffnungslos erscheint und Hilfe ben\u00f6tigt wird. &nbsp;In diesem\nVideobeitrag wird aber auch deutlich gemacht, wie wichtig es ist, dass Menschen\nmit Depressionen und psychischen Beeintr\u00e4chtigungen nicht aufs Abstellgleis\ngestellt und gesellschaftlich ausgegrenzt werden. Der Film wird auch demn\u00e4chst\nin den Offenen Kan\u00e4len ausgestrahlt. Die Sendetermine werden rechtzeitig\nbekannt gegeben.<\/p>\n\n\n\n<p><strong>Wegen der Corona-Pandemie k\u00f6nnen derzeit keine Treffen in den Seniorenheimen in Ha\u00dfloch und Neustadt stattfinden. Ein erstes Treffen in diesem Jahr findet am Montag, den 31.08.2020 im Ha\u00dflocher Naturfreundehaus, An der Fohlenweide, statt. Um Anmeldung wird gebeten unter der Tel.Nr. 06324\/981504 oder Mobil 0170\/2784 150.<\/strong><\/p>\n\n\n\n<h4 class=\"wp-block-heading\">Details zum Film:<\/h4>\n\n\n\n<ul><li>Dauer: 35.05 Min.<\/li><li>Produktion und Schnitt: Erich G\u00f6tz<\/li><li>Technische Unterst\u00fctzung: J\u00fcrgen Hener<\/li><li>Verantwortlich: Karin Hurrle<\/li><li>Moderation: Thomas Dill-Korter<\/li><li>Leiterin der SHG: Karin Hurrle<\/li><li>Helferinnen: C\u00e4cilia Janz und Brigitte Auer.<\/li><\/ul>\n\n\n\n<p><em>Selbsthilfegruppe \u201eLebensfreude\u201c<br>08.09.2020<\/em><\/p>\n\n\n\n<h2 class=\"wp-block-heading\">Langj\u00e4hrige Musikschulkr\u00e4fte verabschiedet<\/h2>\n\n\n\n<p>Ursula Kaleschke, Rebecca Ferrell-Henrich und Alexander Dietrich sind Namen und Personen, die in Ha\u00dfloch eng mit der Musikschule verbunden sind und h\u00e4ufig mit ihr in Verbindung gebracht werden. Alle drei wurden nun im Rahmen einer kleinen Feierstunde in den Ruhestand verabschiedet. W\u00e4hrend Ursula Kaleschke sich nach 46 Jahren an der Musikschule vollst\u00e4ndig aus dem Musikschuldienst zur\u00fcckzieht, bleiben Rebecca FerrellHenrich und Alexander Dietrich als freie Mitarbeiter erhalten und m\u00f6chten auch neben der Rente noch Unterricht an der Musikschule geben.<\/p>\n\n\n\n<p>Ursula Kaleschke hat im Februar 1974 als Schwangerschaftsvertretung an der Ha\u00dflocher Musikschule angefangen. Doch aus der anf\u00e4nglichen Vertretungst\u00e4tigkeit wurde ein 46- j\u00e4hriges Engagement, in dessen Zeit sie zahlreiche Sch\u00fclerinnen und Sch\u00fcler aus allen Altersstufen musikalisch begleitet hat. \u201eIch habe am Evangelischen Kirchenmusikalischen Institut in Heidelberg studiert und wollte eigentlich auch in die kirchenmusikalische Richtung gehen, doch manchmal kommt es eben anders\u201c, erz\u00e4hlt Ursula Kaleschke bei der offiziellen Verabschiedung im Ratssaal. Sie unterrichtete Klavier und Orgel und ist seit Jahren auch in der Protestantischen Kirchengemeinde aktiv. \u201eDurch ihr dortiges Engagement gab es in der Vergangenheit bereits mehrere Ber\u00fchrungspunkte und Kooperationen zwischen Kirche und Musikschule\u201c, freut sich Musikschulleiterin Tatjana Geiger.<\/p>\n\n\n\n<p>Rebecca Ferrell-Henrich hat in den 70ern im Hauptfach Cello den Master of Music erlangt und unterrichtet seit 1989 an der Ha\u00dflocher Musikschule. Trotz des nun wohlverdienten Ruhestands m\u00f6chte sie der Musikschule nicht vollst\u00e4ndig den R\u00fccken kehren, sondern bleibt als Honorarkraft in freier Mitarbeit erhalten. \u201eDie Musikschularbeit war und ist die sch\u00f6nste Zeit meines Lebens. Ich m\u00f6chte diese Arbeit nicht missen und bin froh, auch weiterhin dabei sein zu k\u00f6nnen\u201c, so Ferrell-Henrich bei der Verabschiedungsfeier. Sie sch\u00e4tzt die Zusammenarbeit mit den Sch\u00fclerinnen und Sch\u00fclern, aber auch das Miteinander unter den Lehrkr\u00e4ften. Sie zeichnet sich unter anderem verantwortlich f\u00fcr die tiefen Streicher der Streicherklassen des Hannah-Arendt-Gymnasiums sowie f\u00fcr das Cello-Orchester der Musikschule. Au\u00dferdem ist sie Co-Diregentin bei \u201eDie Streichlinge&#8220; &#8211; einem Orchester der Musikschule <\/p>\n\n\n\n<p>Alexander Dietrich ist Diplom-Musiklehrer und unterrichtet Akkordeon, Keyboard und Klavier. Auch er kam im Jahr 1989 an die Ha\u00dflocher Musikschule und wird im Ruhestand seine Unterrichtst\u00e4tigkeiten nicht ruhen lassen. Er bleibt der Musikschule ebenfalls in freier Mitarbeit erhalten. \u201eEs ist ein sch\u00f6nes Gef\u00fchl, die eigene Liebe zur Musik an die Sch\u00fclerinnen und Sch\u00fcler weitergeben zu k\u00f6nnen\u201c, sagt Dietrich. Dar\u00fcber hinaus sch\u00e4tzt er die Vernetzung unter den Kollegen und hofft, auch in Zeiten von Corona bald wieder regelm\u00e4\u00dfig auftreten zu k\u00f6nnen, denn Musik lebe durch Auftritte und Publikum.<\/p>\n\n\n\n<p>\u201eEuer Einsatz f\u00fcr die Musikschule ging weit \u00fcber das normale Engagement hinaus. Daf\u00fcr m\u00f6chte ich euch danken\u201c, so Musikschulleiterin Tatjana Geiger im Rahmen der offiziellen Verabschiedung. Auch der ehemalige Leiter, Kurt Siebein, pflichtete dem bei. Er hatte ebenfalls lange mit den drei Kolleginnen und Kollegen zusammengearbeitet und nahm die Verabschiedung zum Anlass, um noch einmal Anekdoten und Geschichten aus der Musikschulzeit auszutauschen. \u201eDie Musikschule feierte im vergangenen Jahr ihr 50-j\u00e4hriges Bestehen und fing im Jahr 1969 ganz klein an. Dass die Musikschule heute einen so guten Ruf hat und mittlerweile rund 1000 Sch\u00fclerinnen und Sch\u00fcler z\u00e4hlt, ist auch ein Verdienst s\u00e4mtlicher Lehrkr\u00e4fte\u201c, so der Erste Beigeordnete Tobias Meyer, der sich ebenfalls f\u00fcr das Jahrzehnte lange Engagement von Ursula Kaleschke, Rebecca Ferrell-Henrich und Alexander Dietrich bedankte.<\/p>\n\n\n\n<p><em>Gemeindeverwaltung Ha\u00dfloch<br>08.09.2020<\/em><\/p>\n","protected":false},"excerpt":{"rendered":"<div class=\"mh-excerpt\"><p>Alle wichtigen Angelegenheiten \u00fcbersichtlich geregelt Die Gemeinde Ha\u00dfloch gibt Vorsorgemappe heraus Die Gemeinde Ha\u00dfloch hat gemeinsam mit der mediatogo GmbH eine Vorsorgemappe herausgegeben, zu der auch Patientenverf\u00fcgung, Betreuungsverf\u00fcgung und Vorsorgevollmacht geh\u00f6ren. Die Mappe ist ab <a class=\"mh-excerpt-more\" href=\"https:\/\/speyer24news.com\/?p=30231\" title=\"Ha\u00dfloch\">[&#8230;]<\/a><\/p>\n<\/div>","protected":false},"author":3,"featured_media":23914,"comment_status":"open","ping_status":"open","sticky":false,"template":"","format":"standard","meta":{"_monsterinsights_skip_tracking":false,"_monsterinsights_sitenote_active":false,"_monsterinsights_sitenote_note":"","_monsterinsights_sitenote_category":0,"footnotes":""},"categories":[235],"tags":[7651,180,8454,7392,7391,8452,3184,8453,8450,8451],"aioseo_notices":[],"amp_enabled":true,"_links":{"self":[{"href":"https:\/\/speyer24news.com\/index.php?rest_route=\/wp\/v2\/posts\/30231"}],"collection":[{"href":"https:\/\/speyer24news.com\/index.php?rest_route=\/wp\/v2\/posts"}],"about":[{"href":"https:\/\/speyer24news.com\/index.php?rest_route=\/wp\/v2\/types\/post"}],"author":[{"embeddable":true,"href":"https:\/\/speyer24news.com\/index.php?rest_route=\/wp\/v2\/users\/3"}],"replies":[{"embeddable":true,"href":"https:\/\/speyer24news.com\/index.php?rest_route=%2Fwp%2Fv2%2Fcomments&post=30231"}],"version-history":[{"count":3,"href":"https:\/\/speyer24news.com\/index.php?rest_route=\/wp\/v2\/posts\/30231\/revisions"}],"predecessor-version":[{"id":30239,"href":"https:\/\/speyer24news.com\/index.php?rest_route=\/wp\/v2\/posts\/30231\/revisions\/30239"}],"wp:featuredmedia":[{"embeddable":true,"href":"https:\/\/speyer24news.com\/index.php?rest_route=\/wp\/v2\/media\/23914"}],"wp:attachment":[{"href":"https:\/\/speyer24news.com\/index.php?rest_route=%2Fwp%2Fv2%2Fmedia&parent=30231"}],"wp:term":[{"taxonomy":"category","embeddable":true,"href":"https:\/\/speyer24news.com\/index.php?rest_route=%2Fwp%2Fv2%2Fcategories&post=30231"},{"taxonomy":"post_tag","embeddable":true,"href":"https:\/\/speyer24news.com\/index.php?rest_route=%2Fwp%2Fv2%2Ftags&post=30231"}],"curies":[{"name":"wp","href":"https:\/\/api.w.org\/{rel}","templated":true}]}}