{"id":30240,"date":"2020-09-14T06:31:43","date_gmt":"2020-09-14T05:31:43","guid":{"rendered":"https:\/\/speyer24news.com\/?p=30240"},"modified":"2020-09-14T06:31:44","modified_gmt":"2020-09-14T05:31:44","slug":"geschwindigkeitsmessung-blitzer-42","status":"publish","type":"post","link":"https:\/\/speyer24news.com\/?p=30240","title":{"rendered":"Geschwindigkeitsmessung \/ Blitzer"},"content":{"rendered":"<style type=\"text\/css\">\r\n\t.ads_top_disp{}\r\n\t.ads_top_corner_disp{ float:left; margin:0px 10px 10px 0px; }\r\n\t.ads_first_p_disp{}\r\n\t.ads_bottom_disp{}\r\n\t<\/style>\n<h2 class=\"wp-block-heading\">Geschwindigkeitskontrollen f\u00fcr die Woche vom 14. bis 18. September<\/h2>\n\n\n\n<figure class=\"wp-block-image\"><img decoding=\"async\" loading=\"lazy\" width=\"640\" height=\"497\" src=\"https:\/\/speyer24news.com\/wp-content\/uploads\/2020\/01\/Kontrolle-BaW\u00fc.jpg\" alt=\"\" class=\"wp-image-23874\" srcset=\"https:\/\/speyer24news.com\/wp-content\/uploads\/2020\/01\/Kontrolle-BaW\u00fc.jpg 640w, https:\/\/speyer24news.com\/wp-content\/uploads\/2020\/01\/Kontrolle-BaW\u00fc-300x233.jpg 300w\" sizes=\"(max-width: 640px) 100vw, 640px\" \/><\/figure>\n\n\n\n<p><strong>(Mannheim) &#8211; <\/strong>Die Stadt Mannheim f\u00fchrt vom 14. bis 18. September in folgenden Stra\u00dfen Radarkontrollen durch:<\/p>\n\n\n\n<ul><li><strong> B\u00e4ckerweg<\/strong><\/li><li><strong> Badener Stra\u00dfe<\/strong><\/li><li><strong> Badenweilerstra\u00dfe (Spielstra\u00dfe)<\/strong><\/li><li><strong> Dresdner Stra\u00dfe (Heinrich-Lanz-Schule)<\/strong><\/li><li><strong> Eisenacher Weg (Vogelstangschule)<\/strong><\/li><li><strong> Forster Stra\u00dfe<\/strong><\/li><li><strong> Kloppenheimer Stra\u00dfe<\/strong><\/li><li><strong> Kolmarer Stra\u00dfe<\/strong><\/li><li><strong> Mannheimer Stra\u00dfe<\/strong><\/li><li><strong> M\u00fclhauser Stra\u00dfe (Friedrichsfeldschule)<\/strong><\/li><li><strong> Obere Riedstra\u00dfe<\/strong><\/li><li><strong> R\u00fcdesheimer Stra\u00dfe<\/strong><\/li><li><strong> Sachsenstra\u00dfe<\/strong><\/li><li><strong> Seckenheimer Hauptstra\u00dfe<\/strong><\/li><li><strong> Stra\u00dfburger Ring<\/strong><\/li><li><strong> Th\u00fcringer Stra\u00dfe<\/strong><\/li><li><strong> Warnem\u00fcnder Weg (Geschwister-Scholl-Schule)<\/strong><\/li><li><strong> Wormser Stra\u00dfe (K\u00e4fertalschule)<\/strong><\/li><li><strong> Z\u00e4hringer Stra\u00dfe (Seckenheimschule)<\/strong><\/li><\/ul>\n\n\n\n<p>Kurzfristige \u00c4nderungen oder zus\u00e4tzliche Messstellen sind aus aktuellem Anlass m\u00f6glich.<\/p>\n\n\n\n<p><em>Stadt Mannheim<br>14.09.2020<\/em><\/p>\n\n\n\n<h2 class=\"wp-block-heading\"><strong>Radarkontrollen f\u00fcr die Woche vom 14. September bis 20. September 2020<\/strong><\/h2>\n\n\n\n<div class=\"wp-block-image\"><figure class=\"aligncenter\"><img decoding=\"async\" src=\"https:\/\/speyer24news.com\/wp-content\/uploads\/2020\/01\/Radarkontrolle_1.jpg\" alt=\"\" class=\"wp-image-23873\"\/><\/figure><\/div>\n\n\n\n<p><strong>(Ludwigshafen) &#8211; <\/strong>Die Stadt Ludwigshafen nimmt in folgenden Stadtteilen Radarkontrollen vor.<\/p>\n\n\n\n<ul><li><strong>Montag, 14. September:\u00a0 West, Mitte und S\u00fcd<\/strong><\/li><li><strong>Dienstag, 15. September: Rheing\u00f6nheim, Mundenheim und Friesenheim<\/strong><\/li><li><strong>Mittwoch, 16. September: Ruchheim, Oggersheim und Gartenstadt<\/strong><\/li><li><strong>Donnerstag, 17. September: Friesenheim, Nord und Oppau<\/strong><\/li><li><strong>Freitag, 18. September: Pfingstweide, Edigheim und S\u00fcd<\/strong><\/li><\/ul>\n\n\n\n<p>Kurzfristige \u00c4nderungen beh\u00e4lt sich der Bereich Stra\u00dfenverkehr vor. Kontrollen k\u00f6nnen auch kurzfristig an anderen Stellen stattfinden. <\/p>\n\n\n\n<p><em>Stadt Ludwigshafen<br>14.09.2020<\/em><\/p>\n","protected":false},"excerpt":{"rendered":"<div class=\"mh-excerpt\"><p>Geschwindigkeitskontrollen f\u00fcr die Woche vom 14. bis 18. September (Mannheim) &#8211; Die Stadt Mannheim f\u00fchrt vom 14. bis 18. September in folgenden Stra\u00dfen Radarkontrollen durch: B\u00e4ckerweg Badener Stra\u00dfe Badenweilerstra\u00dfe (Spielstra\u00dfe) Dresdner Stra\u00dfe (Heinrich-Lanz-Schule) Eisenacher Weg <a class=\"mh-excerpt-more\" href=\"https:\/\/speyer24news.com\/?p=30240\" title=\"Geschwindigkeitsmessung \/ Blitzer\">[&#8230;]<\/a><\/p>\n<\/div>","protected":false},"author":3,"featured_media":0,"comment_status":"open","ping_status":"open","sticky":false,"template":"","format":"standard","meta":{"_monsterinsights_skip_tracking":false,"_monsterinsights_sitenote_active":false,"_monsterinsights_sitenote_note":"","_monsterinsights_sitenote_category":0,"footnotes":""},"categories":[64],"tags":[18,4819,4814,19,4822,4817,4228,947,4820,4815,779,4821,4816,227,17,7068,7004,949,4818,4813,1310,948],"aioseo_notices":[],"amp_enabled":true,"_links":{"self":[{"href":"https:\/\/speyer24news.com\/index.php?rest_route=\/wp\/v2\/posts\/30240"}],"collection":[{"href":"https:\/\/speyer24news.com\/index.php?rest_route=\/wp\/v2\/posts"}],"about":[{"href":"https:\/\/speyer24news.com\/index.php?rest_route=\/wp\/v2\/types\/post"}],"author":[{"embeddable":true,"href":"https:\/\/speyer24news.com\/index.php?rest_route=\/wp\/v2\/users\/3"}],"replies":[{"embeddable":true,"href":"https:\/\/speyer24news.com\/index.php?rest_route=%2Fwp%2Fv2%2Fcomments&post=30240"}],"version-history":[{"count":1,"href":"https:\/\/speyer24news.com\/index.php?rest_route=\/wp\/v2\/posts\/30240\/revisions"}],"predecessor-version":[{"id":30241,"href":"https:\/\/speyer24news.com\/index.php?rest_route=\/wp\/v2\/posts\/30240\/revisions\/30241"}],"wp:attachment":[{"href":"https:\/\/speyer24news.com\/index.php?rest_route=%2Fwp%2Fv2%2Fmedia&parent=30240"}],"wp:term":[{"taxonomy":"category","embeddable":true,"href":"https:\/\/speyer24news.com\/index.php?rest_route=%2Fwp%2Fv2%2Fcategories&post=30240"},{"taxonomy":"post_tag","embeddable":true,"href":"https:\/\/speyer24news.com\/index.php?rest_route=%2Fwp%2Fv2%2Ftags&post=30240"}],"curies":[{"name":"wp","href":"https:\/\/api.w.org\/{rel}","templated":true}]}}