{"id":30250,"date":"2020-09-15T07:15:39","date_gmt":"2020-09-15T06:15:39","guid":{"rendered":"https:\/\/speyer24news.com\/?p=30250"},"modified":"2020-09-17T08:20:14","modified_gmt":"2020-09-17T07:20:14","slug":"vermisstensuche-oeffentlichkeitsfahndung-8","status":"publish","type":"post","link":"https:\/\/speyer24news.com\/?p=30250","title":{"rendered":"Vermisstensuche \/ \u00d6ffentlichkeitsfahndung"},"content":{"rendered":"<style type=\"text\/css\">\r\n\t.ads_top_disp{}\r\n\t.ads_top_corner_disp{ float:left; margin:0px 10px 10px 0px; }\r\n\t.ads_first_p_disp{}\r\n\t.ads_bottom_disp{}\r\n\t<\/style>\n<h2 class=\"wp-block-heading\">86-j\u00e4hriger Mann aufgefunden und in Krankenhaus eingeliefert<\/h2>\n\n\n\n<h4 class=\"wp-block-heading\" style=\"text-align:center\">Pressemitteilung Nr. 3<\/h4>\n\n\n\n<p><strong>(Ketsch \/ Rhein-Neckar-Kreis) \u2013 <\/strong>Der seit Sonntagabend (13.09.2020) vermisste 86-J\u00e4hrige wurde am Dienstag kurz nach 16 Uhr auf der Rheininsel von einem Angeh\u00f6rigen gefunden. Nach der medizinischen Erstversorgung wurde er mit einem Rettungswagen in eine Klinik nach Heidelberg eingeliefert. Nach Auskunft der \u00c4rzte besteht keine Lebensgefahr.<\/p>\n\n\n\n<p><em>Polizeipr\u00e4sidium Mannheim<br>17.09.2020<\/em><\/p>\n\n\n\n<h2 class=\"wp-block-heading\">86-j\u00e4hriger Mann vermisst<\/h2>\n\n\n\n<h3 class=\"wp-block-heading\">Fahndung mit Polizeihubschrauber und Mantrailer \/ Zeugen gesucht<\/h3>\n\n\n\n<p><strong>(Ketsch \/ Rhein-Neckar-Kreis) \u2013<\/strong> Seit Sonntagabend 21 Uhr wird ein 86-j\u00e4hriger Mann vermisst, es wird nicht ausgeschlossen, dass er sich in einer hilflosen Lage befindet. Angeh\u00f6rige hatten gegen 0.30 Uhr die Polizei verst\u00e4ndigt. Eine sofort eingeleitete Fahndung unter dem Einsatz eines Polizeihubschraubers und eines Mantrailers sowie eines Bootes der der Wasserschutzpolizei verlief bislang erfolglos. Das Auto des gesuchten war verschlossen in der Stra\u00dfe Im Bruch abgestellt.<\/p>\n\n\n\n<p>Der Gesuchte wird wie folgt beschrieben:<\/p>\n\n\n\n<ul><li>c<strong>a. 170 \u2013 175 cm gro\u00df<\/strong><\/li><li><strong>schlank<\/strong><\/li><li><strong>Halbglatze<\/strong><\/li><li><strong>Bekleidet mit einer langen Hose und Laufschuhen, vermutlich mit Brille und Hut.<\/strong><\/li><\/ul>\n\n\n\n<p>Die weiteren Ermittlungen f\u00fchrt das Kriminalkommissariat Mannheim. Zeugen, die Hinweise auf den Aufenthaltsort des Gesuchten geben k\u00f6nnen, werden gebeten sich unter Telefon 0621\/174-5555 bei der Kriminalpolizei oder jeder anderen Polizeidienststelle zu melden.<\/p>\n\n\n\n<p><em>Polizeipr\u00e4sidium Mannheim<br>15.09.2020<\/em><\/p>\n\n\n\n<h2 class=\"wp-block-heading\">86-j\u00e4hriger Mann vermisst \/ Fahndung mit Lichtbild<\/h2>\n\n\n\n<h4 class=\"wp-block-heading\" style=\"text-align:center\">Pressemitteilung 2<\/h4>\n\n\n\n<p><strong>(Ketsch \/ Rhein-Neckar-Kreis) \u2013<\/strong> Seit Sonntagabend 21.00 Uhr wird der 86-j\u00e4hrige Helmut M. vermisst. Es wird nicht ausgeschlossen, dass er sich in einer hilflosen Lage befindet. Angeh\u00f6rige hatten gegen 00.30 Uhr die Polizei verst\u00e4ndigt. Eine sofort eingeleitete Fahndung unter dem Einsatz eines Polizeihubschraubers und eines Mantrailers sowie eines Bootes der der Wasserschutzpolizei verlief bislang erfolglos (wir berichteten).<\/p>\n\n\n\n<p>Das Auto des Gesuchten war verschlossen in der Stra\u00dfe Im Bruch abgestellt. Der Vermisste wird wie folgt beschrieben:<\/p>\n\n\n\n<ul><li><strong>ca. 170 \u2013 175 cm gro\u00df<\/strong><\/li><li><strong>schlank<\/strong><\/li><li><strong>Halbglatze<\/strong><\/li><li><strong>bekleidet mit einer langen Hose und Laufschuhen tr\u00e4gt vermutlich eine Brille und Hut.<\/strong><\/li><\/ul>\n\n\n\n<p>Zeugen, die den Mann gesehen haben oder Hinweise auf seinen Aufenthaltsort haben, melden sich bitte unter Tel: 0621 174 4444 oder w\u00e4hlen den Notruf 110.<\/p>\n\n\n\n<p><em>Polizeipr\u00e4sidium Mannheim<br>15.09.2020<\/em><\/p>\n","protected":false},"excerpt":{"rendered":"<div class=\"mh-excerpt\"><p>86-j\u00e4hriger Mann aufgefunden und in Krankenhaus eingeliefert Pressemitteilung Nr. 3 (Ketsch \/ Rhein-Neckar-Kreis) \u2013 Der seit Sonntagabend (13.09.2020) vermisste 86-J\u00e4hrige wurde am Dienstag kurz nach 16 Uhr auf der Rheininsel von einem Angeh\u00f6rigen gefunden. Nach <a class=\"mh-excerpt-more\" href=\"https:\/\/speyer24news.com\/?p=30250\" title=\"Vermisstensuche \/ \u00d6ffentlichkeitsfahndung\">[&#8230;]<\/a><\/p>\n<\/div>","protected":false},"author":3,"featured_media":24191,"comment_status":"open","ping_status":"open","sticky":false,"template":"","format":"standard","meta":{"_monsterinsights_skip_tracking":false,"_monsterinsights_sitenote_active":false,"_monsterinsights_sitenote_note":"","_monsterinsights_sitenote_category":0,"footnotes":""},"categories":[12],"tags":[8125,8199,1881,8461,103,62,1117,619,618,8460],"aioseo_notices":[],"amp_enabled":true,"_links":{"self":[{"href":"https:\/\/speyer24news.com\/index.php?rest_route=\/wp\/v2\/posts\/30250"}],"collection":[{"href":"https:\/\/speyer24news.com\/index.php?rest_route=\/wp\/v2\/posts"}],"about":[{"href":"https:\/\/speyer24news.com\/index.php?rest_route=\/wp\/v2\/types\/post"}],"author":[{"embeddable":true,"href":"https:\/\/speyer24news.com\/index.php?rest_route=\/wp\/v2\/users\/3"}],"replies":[{"embeddable":true,"href":"https:\/\/speyer24news.com\/index.php?rest_route=%2Fwp%2Fv2%2Fcomments&post=30250"}],"version-history":[{"count":2,"href":"https:\/\/speyer24news.com\/index.php?rest_route=\/wp\/v2\/posts\/30250\/revisions"}],"predecessor-version":[{"id":30268,"href":"https:\/\/speyer24news.com\/index.php?rest_route=\/wp\/v2\/posts\/30250\/revisions\/30268"}],"wp:featuredmedia":[{"embeddable":true,"href":"https:\/\/speyer24news.com\/index.php?rest_route=\/wp\/v2\/media\/24191"}],"wp:attachment":[{"href":"https:\/\/speyer24news.com\/index.php?rest_route=%2Fwp%2Fv2%2Fmedia&parent=30250"}],"wp:term":[{"taxonomy":"category","embeddable":true,"href":"https:\/\/speyer24news.com\/index.php?rest_route=%2Fwp%2Fv2%2Fcategories&post=30250"},{"taxonomy":"post_tag","embeddable":true,"href":"https:\/\/speyer24news.com\/index.php?rest_route=%2Fwp%2Fv2%2Ftags&post=30250"}],"curies":[{"name":"wp","href":"https:\/\/api.w.org\/{rel}","templated":true}]}}