{"id":30255,"date":"2020-09-16T07:53:24","date_gmt":"2020-09-16T06:53:24","guid":{"rendered":"https:\/\/speyer24news.com\/?p=30255"},"modified":"2020-09-16T07:53:26","modified_gmt":"2020-09-16T06:53:26","slug":"polizei-351","status":"publish","type":"post","link":"https:\/\/speyer24news.com\/?p=30255","title":{"rendered":"Polizei"},"content":{"rendered":"<style type=\"text\/css\">\r\n\t.ads_top_disp{}\r\n\t.ads_top_corner_disp{ float:left; margin:0px 10px 10px 0px; }\r\n\t.ads_first_p_disp{}\r\n\t.ads_bottom_disp{}\r\n\t<\/style>\n<h2 class=\"wp-block-heading\">Polizeimeldungen vom Dienstag (15.09.2020)<\/h2>\n\n\n\n<div class=\"wp-block-image\"><figure class=\"aligncenter\"><img decoding=\"async\" src=\"https:\/\/speyer24news.com\/wp-content\/uploads\/2020\/01\/Aktuelles-Polizeilogo.jpg\" alt=\"\" class=\"wp-image-23832\"\/><\/figure><\/div>\n\n\n\n<h4 class=\"wp-block-heading\">(Speyer) &#8211; Zigaretten und Armbanduhren gestohlen, Mitt\u00e4ter fl\u00fcchtet<\/h4>\n\n\n\n<p>Ein 24-j\u00e4hriger Mann aus Heidelberg entwendete am Montagabend in einem Discounter in der Tullastra\u00dfe Zigaretten und Armbanduhren im Gesamtwert von ca. 70EUR. Er wurde nach Passieren des Kassenbereichs von Angestellten unter Mitwirkung von weiteren Kunden gestellt und bis zum Eintreffen der Polizei festgehalten. Seinem m\u00e4nnlichen Begleiter, von welchem keine Personenbeschreibung vorliegt, gelang die Flucht. Die bei dem Beschuldigten aufgefundenen Waren wurden wieder an den Discounter ausgeh\u00e4ndigt. Ihm wurde durch die Filialleitung ein Hausverbot ausgesprochen.<\/p>\n\n\n\n<h4 class=\"wp-block-heading\">(Speyer) &#8211; Randalierer leistet Widerstand bei seiner Festnahme<\/h4>\n\n\n\n<p>Strafrechtliche Ermittlungen wegen Widerstand gegen Vollstreckungsbeamte leitete die Polizei am Montagmorgen gegen einen 31-j\u00e4hrigen Speyerer ein. Dieser war an seiner Wohnanschrift in Speyer-West mit seiner Mutter in einen lautstarken Streit geraten, sodass Nachbarn die Polizei verst\u00e4ndigten. Beim Eintreffen der Polizeibeamten befand sich der Mann bereits auf der Stra\u00dfe. Einem normalen Gespr\u00e4ch mit den Beamten war der 31-j\u00e4hrige nicht zug\u00e4nglich, schrie auch diese lauthals an und unterschritt mehrfach den Mindestabstand. Zudem verweigerte er die Feststellung seiner Personalien und wollte sich der Kontrolle entziehen. Als die Polizeibeamten ihn daraufhin festhielten, wehrte er sich dagegen, sodass er zu Boden gebracht und gefesselt werden musste. Hierbei zog er sich leichte Absch\u00fcrfungen zu. Die Polizeibeamten blieben unverletzt. Die Personalienfeststellung konnte letztlich auf der Dienststelle durchgef\u00fchrt werden. Nachdem er sich dort wieder beruhigte, wurde er aus der polizeilichen Ma\u00dfnahme entlassen.<\/p>\n\n\n\n<h4 class=\"wp-block-heading\">(Speyer) &#8211; Kreislaufproblemen f\u00fchren zu Verkehrsunfall und einer Gef\u00e4hrdung einer Fu\u00dfg\u00e4ngerin<\/h4>\n\n\n\n<p>Am Montagmorgen befuhr ein 68-j\u00e4hriger Speyerer die Remlingstra\u00dfe mit seinem Fiat 500 auf der linken Fahrbahnseite und stie\u00df dort zun\u00e4chst gegen zwei am Fahrbahnrand stehende M\u00fcllbeh\u00e4lter. An diesen entstand kein Schaden. Im weiteren Verlauf fuhr der 68-J\u00e4hrige so knapp an einer 53-j\u00e4hrigen Fu\u00dfg\u00e4ngerin vorbei, dass diese dadurch gef\u00e4hrdet wurde. Beim Befahren der Paul-Egel-Stra\u00dfe in Richtung Landauer Stra\u00dfe stie\u00df der 68-J\u00e4hrige schlie\u00dflich mit einem ihm entgegenkommenden Mercedes zusammen, weil er aufgrund einer Engstelle auf dessen Fahrbahnseite wechselte, anstatt zu warten. Bei der Unfallaufnahme konnten beim Unfallverursacher erhebliche Kreislaufprobleme festgestellt werden, die vermutlich unfallurs\u00e4chlich wurden. Der Fahrer wurde durch den hinzugezogenen Rettungsdienst erstversorgt und im Anschluss zur weiteren Abkl\u00e4rung zu seinem Hausarzt verbracht. An den verunfallten Fahrzeugen entstand ein Gesamtsachschaden von 700EUR. Alle Unfallbeteiligten blieben unverletzt. Im Rahmen der Unfallaufnahme wurden der F\u00fchrerschein und der Fahrzeugschl\u00fcssel des Unfallverursachers sichergestellt.<\/p>\n\n\n\n<h4 class=\"wp-block-heading\">(Speyer) &#8211; Weitere Einbruchsversuche in Speyer-West und Nord<\/h4>\n\n\n\n<div class=\"wp-block-image\"><figure class=\"aligncenter\"><img decoding=\"async\" src=\"https:\/\/speyer24news.com\/wp-content\/uploads\/2020\/01\/Einbruch.jpg\" alt=\"\" class=\"wp-image-23944\"\/><\/figure><\/div>\n\n\n\n<p>Im Zeitraum 13.09 &#8211; 14.09 versuchten unbekannte T\u00e4ter die Eingangst\u00fcr eines 6-Parteienhaus in der Hans-Sachs-Stra\u00dfe aufzuhebeln. Einbruchspuren befanden sich an der T\u00fcr, ein Eindringen in die Wohnung misslang jedoch. Zu einem weiteren Einbruchsversuch kam es im Zeitraum 12.09 &#8211; 14.09. Zielobjekt dabei war ein Hofladen in der Auestra\u00dfe. Auch hier gelang es dem\/den T\u00e4ter\/n nicht, in die R\u00e4umlichkeiten des Gesch\u00e4ftes einzudringen. Die Polizei konnten jedoch vor Ort ein Tatmittel sicherstellen, mit welchem versucht wurde, ein Fenster aufzuhebeln. Die Polizei sucht Zeugen, denen verd\u00e4chtige Personen \/ Fahrzeuge in den angegebenen Tatzeitr\u00e4umen in der Hans-Sachs-Stra\u00dfe bzw. der Auestra\u00dfe aufgefallen sind. Hinweise auf m\u00f6gliche T\u00e4ter geben k\u00f6nnen. Zeugenhinweise nimmt die Polizei Speyer unter der Tel. 06232-1370 oder per E-Mail an\u00a0<a href=\"mailto:pispeyer@polizei.rlp.de\">pispeyer@polizei.rlp.de<\/a>\u00a0entgegen.<\/p>\n\n\n\n<h4 class=\"wp-block-heading\">(Schifferstadt) &#8211; Gef\u00e4hrlicher Eingriff in den Stra\u00dfenverkehr<\/h4>\n\n\n\n<p>Am Montagmorgen, gegen 07:20 Uhr, teilt eine 24-j\u00e4hrige Fahrzeugf\u00fchrerin ein auf die Fahrbahn ragendes Verkehrsschild in der Unterf\u00fchrung (Maxburgstra\u00dfe) mit. Es konnte festgestellt werden, dass ein Verkehrszeichen f\u00fcr die H\u00f6henbegrenzung der Unterf\u00fchrung gel\u00f6st war. Aufgrund der Spurenlage d\u00fcrfte das Verkehrsschild durch Unbekannte vors\u00e4tzlich aus der Verankerung gel\u00f6st worden sein. Ein Ermittlungsverfahren bez\u00fcglich eines Gef\u00e4hrlichen Eingriffs in den Stra\u00dfenverkehr wurde eingeleitet. Zeugen, die Hinweise geben k\u00f6nnen, werden gebeten, sich mit der Polizeiinspektion Schifferstadt unter 06235 495-0 oder\u00a0<a href=\"mailto:pischifferstadt@polizei.rlp.de\">pischifferstadt@polizei.rlp.de<\/a>\u00a0in Verbindung zu setzen.<\/p>\n\n\n\n<h4 class=\"wp-block-heading\">(Limburgerhof) &#8211;  Verkehrsgef\u00e4hrdung<\/h4>\n\n\n\n<p>Durch eine Anwohnerin wird beobachtet, wie am Freitagabend, gegen 23:00 Uhr, Jugendliche eine Baustellenabsperrung in der Tilsiter Stra\u00dfe entfernt und in einen Graben geworfen haben. Ein Ermittlungsverfahren bez\u00fcglich eines Gef\u00e4hrlichen Eingriffs in den Stra\u00dfenverkehr gegen Unbekannt wurde eingeleitet. Zeugen, die Hinweise geben k\u00f6nnen, werden gebeten, sich mit der Polizeiinspektion Schifferstadt unter 06235 495-0 oder\u00a0<a href=\"mailto:pischifferstadt@polizei.rlp.de\">pischifferstadt@polizei.rlp.de<\/a>\u00a0in Verbindung zu setzen.<\/p>\n\n\n\n<h4 class=\"wp-block-heading\">(Dannstadt-Schauernheim) &#8211; Radfahrer unter Drogeneinfluss<\/h4>\n\n\n\n<p>Am 14.09.2020, gegen 13:10 Uhr, teilt eine Anwohnerin mit, dass ein Radfahrer vor ihrem Anwesen stehe und dieser einen geschw\u00e4chten Eindruck mache. Der Radfahrer verlie\u00df kurz nach der Mitteilung die \u00d6rtlichkeit. Die Mitteilerin folgte dem Radfahrer, sodass dieser einer Verkehrskontrolle unterzogen werden konnte. Hierbei konnten bei dem 48-j\u00e4hrigen Radfahrer drogentypische Ausfallerscheinungen festgestellt werden. Auf der Dienststelle wurde dem Mann durch einen Arzt Blut entnommen und das Fahrrad sichergestellt. Ein Ermittlungsverfahren bez\u00fcglich einer Trunkenheit im Verkehr wurde eingeleitet. Die F\u00fchrerscheinstelle wurde hier\u00fcber in Kenntnis gesetzt.<\/p>\n\n\n\n<h4 class=\"wp-block-heading\">(Weingarten \/ Pfalz) &#8211; Schulwegkontrolle<\/h4>\n\n\n\n<p>Am Montagmorgen f\u00fchrten Beamte der Polizeiinspektion Germersheim eine Schulwegkontrolle in Weingarten durch. Es konnte trotz des erh\u00f6hten Verkehrsaufkommens, aufgrund der Teilsperrung der Hauptstra\u00dfe, ein r\u00fccksichtsvolles Verhalten der Verkehrsteilnehmer festgestellt werden. Weiterhin wurden sieben Fahrzeugkontrollen durchgef\u00fchrt, die alle beanstandungsfrei verliefen.<\/p>\n\n\n\n<h4 class=\"wp-block-heading\">(Lingenfeld) &#8211; Fahrzeug ausgebrannt<\/h4>\n\n\n\n<p>Circa 5.000 Euro Sachschaden sind das Ergebnis eines Fahrzeugbrandes am Montagnachmittag auf der K31 bei Schwegenheim. Ein 39-J\u00e4hriger bemerkte, w\u00e4hrend er die B9 befuhr, dass Rauch aus dem Motorraum seines Fahrzeuges drang. Daraufhin fuhr er von der B9 im Bereich Schwegenheim ab und stellte den Pkw neben der K31 ab. Der Brand wurde durch die Freiwillige Feuerwehr Lingenfeld gel\u00f6scht, ein vollst\u00e4ndiges Ausbrennen des Fahrzeuges konnte allerdings nicht verhindert werden. Der Brand d\u00fcrfte aufgrund eines technischen Defekts ausgebrochen sein.<\/p>\n\n\n\n<h4 class=\"wp-block-heading\">(Schweigen-Rechtenbach) &#8211; Weintrauben mit Dieselkraftstoff bespr\u00fcht<\/h4>\n\n\n\n<figure class=\"wp-block-image\"><img decoding=\"async\" loading=\"lazy\" width=\"800\" height=\"535\" src=\"https:\/\/speyer24news.com\/wp-content\/uploads\/2020\/09\/Wein.jpg\" alt=\"\" class=\"wp-image-30256\" srcset=\"https:\/\/speyer24news.com\/wp-content\/uploads\/2020\/09\/Wein.jpg 800w, https:\/\/speyer24news.com\/wp-content\/uploads\/2020\/09\/Wein-300x201.jpg 300w, https:\/\/speyer24news.com\/wp-content\/uploads\/2020\/09\/Wein-768x514.jpg 768w\" sizes=\"(max-width: 800px) 100vw, 800px\" \/><\/figure>\n\n\n\n<p>Vermutlich in der Nacht auf Dienstag wurden durch Bespr\u00fchen mit Dieselkraftstoff in einem Weinberg, Sp\u00e4tburgunder-Trauben im Wert von mehreren Tausend Euro unbrauchbar gemacht. Die vors\u00e4tzliche Tat ereignete sich zwischen Schweigen und Wissembourg, unweit des Pauliner Schl\u00f6ssel und wurde mit einem Druckspeicherger\u00e4t begangen. Hinweisgeber werden gebeten sich unter 06343-93340 oder per E-Mail unter\u00a0<a href=\"mailto:pibadbergzabern@polizei.rlp.de\">pibadbergzabern@polizei.rlp.de<\/a>\u00a0mit der Polizeiinspektion Bad Bergzabern in Verbindung zu setzen.<\/p>\n\n\n\n<h4 class=\"wp-block-heading\">(Bad Bergzabern) &#8211; Zeugen nach Sachbesch\u00e4digung gesucht<\/h4>\n\n\n\n<p>Am Montag in der Zeit zwischen 16:30 Uhr und 17:00 Uhr zerkratzten bislang Unbekannte vermutlich mit einem spitzen Gegenstand die linke Seitent\u00fcr und den linken Kotfl\u00fcgel an einem auf dem Parkplatz im Woodbachweg in abgestellten schwarzen PKW der Marke Kia. Der angerichtete Sachschaden wird auf 800.- Euro gesch\u00e4tzt. Hinweise zu der Tat werden von der Polizeiinspektion Bad Bergzabern unter 06343-93340 oder per E-Mail unter\u00a0<a href=\"mailto:pibadbergzabern@polizei.rlp.de\">pibadbergzabern@polizei.rlp.de<\/a>\u00a0entgegen genommen.<\/p>\n\n\n\n<h4 class=\"wp-block-heading\">(Waldhambach) &#8211; Versuchter Einbruch<\/h4>\n\n\n\n<p>Am Sonntag, 13.09.2020, zwischen 15:30 Uhr und 16:30 Uhr, drang eine Person auf ein Firmengel\u00e4nde an der B 48 bei Waldhambach ein. Auf dem Gel\u00e4nde versuchte der Unbekannte ein Fenster aufzuhebeln, was ihm nicht gelang. Der T\u00e4ter richtete einen Sachschaden in H\u00f6he von 400.- Euro an. Wer in dieser Zeit einen Mann mit ganz kurzen dunklen Haaren, bekleidet mit einem gr\u00fcnem T-Shirt, dunklen Hosen und einem schwarzen Rucksack dabei, im Bereich des dortigen Steinbruchs an der B 48 gesehen hat, wird gebebeten sich unter 06343-93340 oder per E-Mail unter\u00a0<a href=\"mailto:pibadbergzabern@polizei.rlp.de\">pibadbergzabern@polizei.rlp.de<\/a>\u00a0bei der Polizeiinspektion Bad Bergzabern zu melden.<\/p>\n\n\n\n<h4 class=\"wp-block-heading\">(Landau) &#8211; Bei Verkehrsunfall verletzt<\/h4>\n\n\n\n<p>Eine verletzte Person und zwei nicht mehr fahrbereite Fahrzeuge sind die Folge eines Verkehrsunfalls am Montagmittag gegen 15 Uhr im Bereich der Kreuzung Horststra\u00dfe, Horstring und Brandenburger Stra\u00dfe. Die 60 &#8211; j\u00e4hrige Autofahrerin, welche aus dem Horstring kam, hatte vermutlich die rot geschaltete Lichtzeichenanlage auf Grund der tiefstehenden Sonne \u00fcbersehen, hierdurch kam es im Kreuzungsbereich zum Zusammensto\u00df der Fahrzeuge. Durch den Verkehrsunfall wurde die 45 &#8211; j\u00e4hrige Autofahrerin, welche in Richtung Schwimmbad unterwegs war, verletzt. Sie klagte \u00fcber Absch\u00fcrfungen und Prellungen im Armbereich. Ein Rettungswagen war ebenfalls im Einsatz und verbrachte die Frau zur weiteren Untersuchung in ein Krankenhaus. Beide Autos mussten abgeschleppt werden. Der Sachschaden wird auf zirka 15.000 EUR gesch\u00e4tzt.<\/p>\n\n\n\n<h4 class=\"wp-block-heading\">(Landau) &#8211; Winzer als Ziel von Betr\u00fcgern<\/h4>\n\n\n\n<p>Unbekannte T\u00e4ter verf\u00e4lschen die Daten ausl\u00e4ndischer existenter Firmen, um gro\u00dfe Mengen Wein zu bestellen, die ins Ausland exportiert werden sollen. Die T\u00e4ter nehmen mit den Weing\u00fctern lediglich Kontakt via E-Mail oder Telefon auf, nie pers\u00f6nlich. Die Lieferung des Weins soll auf Rechnung erfolgen, welche jedoch nie beglichen wird. Die Polizei warnt die Winzer vor Gesch\u00e4ften mit unbekannten Gesch\u00e4ftspartnern aus dem Ausland.<\/p>\n\n\n\n<h4 class=\"wp-block-heading\">(Landau \/ Edenkoben \/ A 65) &#8211; Fl\u00e4chenbrand nach Reifenpanne<\/h4>\n\n\n\n<div class=\"wp-block-image\"><figure class=\"aligncenter\"><img decoding=\"async\" loading=\"lazy\" width=\"800\" height=\"600\" src=\"https:\/\/speyer24news.com\/wp-content\/uploads\/2020\/09\/BrandBAB65.jpg\" alt=\"\" class=\"wp-image-30257\" srcset=\"https:\/\/speyer24news.com\/wp-content\/uploads\/2020\/09\/BrandBAB65.jpg 800w, https:\/\/speyer24news.com\/wp-content\/uploads\/2020\/09\/BrandBAB65-300x225.jpg 300w, https:\/\/speyer24news.com\/wp-content\/uploads\/2020\/09\/BrandBAB65-768x576.jpg 768w, https:\/\/speyer24news.com\/wp-content\/uploads\/2020\/09\/BrandBAB65-678x509.jpg 678w, https:\/\/speyer24news.com\/wp-content\/uploads\/2020\/09\/BrandBAB65-326x245.jpg 326w, https:\/\/speyer24news.com\/wp-content\/uploads\/2020\/09\/BrandBAB65-80x60.jpg 80w\" sizes=\"(max-width: 800px) 100vw, 800px\" \/><\/figure><\/div>\n\n\n\n<p>Ein geplatzter Reifen an einem bulgarischen Sattelzug f\u00fchrte am 15.09.2020 zu einem Fl\u00e4chenbrand neben der BAB 65. Der 43-j\u00e4hrige bulgarische Lkw-Fahrer war mit seinem Gespann von Landau kommend in Fahrtrichtung Ludwigshafen unterwegs, als ihm ca. 2 km vor der Rastst\u00e4tte Pf\u00e4lzer-Weinstra\u00dfe-Ost ein Reifen an seinem Sattelauflieger platzte.<\/p>\n\n\n\n<p>Um den Verkehrsfluss nicht zu behindern, zog der Lkw-Fahrer nach rechts auf den Seitenstreifen und fuhr zun\u00e4chst mit dem besch\u00e4digten Reifen weiter. Hierbei kam es zum Funkenschlag an der besch\u00e4digten Felge. Durch diesen Funkenschlag geriet der angrenzende Gr\u00fcnstreifen \u00fcber eine Fl\u00e4che von ca. 300 Meter in Brand.<\/p>\n\n\n\n<p>Hierbei kam es zu einer starken Rauchentwicklung und Beeintr\u00e4chtigung des Verkehrs auf beiden Richtungsfahrbahnen der BAB 65. Bis zur L\u00f6schung des Brandes musste die rechte Fahrspur f\u00fcr eine l\u00e4ngere Zeit gesperrt werden. Der Brand wurde durch die Feuerwehr Landau mit 6 Fahrzeugen und 19 Mann bek\u00e4mpft. Insgesamt wurde eine Fl\u00e4che von ca. 1000 qm in Mitleidenschaft gezogen.<\/p>\n\n\n\n<h4 class=\"wp-block-heading\">(Edenkoben \/ K 6) &#8211; Wei\u00dfe Trauben auf der Fahrbahn der K6, H\u00f6he Kreisverkehr Industriegebiet Seewiesen<\/h4>\n\n\n\n<div class=\"wp-block-image\"><figure class=\"aligncenter\"><img decoding=\"async\" loading=\"lazy\" width=\"800\" height=\"600\" src=\"https:\/\/speyer24news.com\/wp-content\/uploads\/2020\/09\/IMG_1460.jpg\" alt=\"\" class=\"wp-image-30258\" srcset=\"https:\/\/speyer24news.com\/wp-content\/uploads\/2020\/09\/IMG_1460.jpg 800w, https:\/\/speyer24news.com\/wp-content\/uploads\/2020\/09\/IMG_1460-300x225.jpg 300w, https:\/\/speyer24news.com\/wp-content\/uploads\/2020\/09\/IMG_1460-768x576.jpg 768w, https:\/\/speyer24news.com\/wp-content\/uploads\/2020\/09\/IMG_1460-678x509.jpg 678w, https:\/\/speyer24news.com\/wp-content\/uploads\/2020\/09\/IMG_1460-326x245.jpg 326w, https:\/\/speyer24news.com\/wp-content\/uploads\/2020\/09\/IMG_1460-80x60.jpg 80w\" sizes=\"(max-width: 800px) 100vw, 800px\" \/><figcaption>Gefahrenstelle im Kreisverkehr der K6 in Edenkoben<\/figcaption><\/figure><\/div>\n\n\n\n<p>Eine verlorene Ladung wei\u00dfer Trauben rief am Dienstagnachmittag (15.09.20, 16:20 Uhr) die Polizei auf den Plan. Die frisch geernteten Trauben waren auf der Fahrbahn der K6, in H\u00f6he des Kreisverkehrs am Industriegebiet Seewiesen verteilt, so dass vor allem die Zweiradfahrer gef\u00e4hrdet waren. Bis zum Eintreffen der Stra\u00dfenmeisterei Landau musste die Gefahrenstelle abgesichert werden. Der Verursacher ist derzeit nicht bekannt. Die Polizei bittet um Hinweise.<\/p>\n\n\n\n<h4 class=\"wp-block-heading\">(Edenkoben) &#8211; Gest\u00fcrzter Radfahrer<\/h4>\n\n\n\n<p>Schmerzen im R\u00fcckenbereich und eine Rippenprellung erlitt am Montag (14.09.2020, 19.30 Uhr) ein 35 Jahre alter Radfahrer in der Staatstra\u00dfe. Infolge eines Fahrfehlers verriss er seinen Lenker und st\u00fcrzte auf die Fahrbahn. Nach dem Sturz begab er sich zun\u00e4chst zu Fu\u00df nach Hause, wo er nach einem Krankenwagen verlangte, der ihn in ein Krankhaus brachte. Hinweise auf die Einwirkung Dritter ergaben sich bei der Unfallaufnahme nicht.<\/p>\n\n\n\n<h4 class=\"wp-block-heading\">(Neustadt) &#8211; Verkehrsunfall mit verletztem Radfahrer<\/h4>\n\n\n\n<div class=\"wp-block-image\"><figure class=\"aligncenter\"><img decoding=\"async\" loading=\"lazy\" width=\"800\" height=\"600\" src=\"https:\/\/speyer24news.com\/wp-content\/uploads\/2020\/09\/20200915_165220.jpg\" alt=\"\" class=\"wp-image-30259\" srcset=\"https:\/\/speyer24news.com\/wp-content\/uploads\/2020\/09\/20200915_165220.jpg 800w, https:\/\/speyer24news.com\/wp-content\/uploads\/2020\/09\/20200915_165220-300x225.jpg 300w, https:\/\/speyer24news.com\/wp-content\/uploads\/2020\/09\/20200915_165220-768x576.jpg 768w, https:\/\/speyer24news.com\/wp-content\/uploads\/2020\/09\/20200915_165220-678x509.jpg 678w, https:\/\/speyer24news.com\/wp-content\/uploads\/2020\/09\/20200915_165220-326x245.jpg 326w, https:\/\/speyer24news.com\/wp-content\/uploads\/2020\/09\/20200915_165220-80x60.jpg 80w\" sizes=\"(max-width: 800px) 100vw, 800px\" \/><\/figure><\/div>\n\n\n\n<p>Sch\u00fcrfwunden und Prellungen zog sich ein Fahrradfahrer am Dienstag gegen 16 Uhr an der Kreuzung Friedrich-Ebert-Stra\u00dfe \/ von-der-Tann-Stra\u00dfe zu. Der Unfallhergang steht nicht ganz fest. Eine unfallbeteiligte 20j\u00e4hrige Autofahrerin aus Neustadt fuhr die Friedrich-Ebert-Stra\u00dfe in Richtung Innenstadt. Vor ihr fuhr ein Radfahrer. Als sich Beide der v\u00f6n-der-Tann-Stra\u00dfe n\u00e4herten kam von rechts ein Auto. Die 20j\u00e4hrige fuhr daraufhin mit ihrem Auto etwas weiter nach links. In dem Moment fuhr der Radfahrer, ohne zur\u00fcck zu schauen oder die Fahrtrichtung anzuzeigen, nach links, um in die von-der-Tann-Stra\u00dfe abzubiegen. Dies erkannte die Autofahrerin zu sp\u00e4t und es kam zur Kollision, infolge dessen der Radfahrer st\u00fcrzte. Er zog sich Prellungen und Sch\u00fcrfwunden zu. Nachdem die Autofahrerin mit dem Radfahrer m\u00fcndlich die Personalien austauschten fuhr die Autofahrerin nachhause. Der Radfahrer wollte sich morgen melden. Zuhause entdeckte die geschockte Autofahrerin einen erheblichen Frontschaden (ca. 2000 EUR). Die Autofahrerin meldete den Unfall bei der Polizei nach. Der Unfall soll von einigen Fu\u00dfg\u00e4ngern beobachtet worden sein. Diese sowie der Radfahrer werden gebeten, sich bei der Polizei zu melden. <\/p>\n\n\n\n<p>Der Radfahrer sei <\/p>\n\n\n\n<ul><li>25-30 Jahre alt, <\/li><li>180 cm gro\u00df und <\/li><li>schlank, <\/li><li>pf\u00e4lzer Dialekt, <\/li><li>kurze braune Haare, <\/li><li>Bart. <\/li><li>Er habe Shorts getragen.<\/li><\/ul>\n\n\n\n<h4 class=\"wp-block-heading\">(Ha\u00dfloch) &#8211; 3,29 Promille<\/h4>\n\n\n\n<p>&#8222;Keine gro\u00dfe Sache&#8220;, dachte die Polizei Ha\u00dfloch, als sie am Montagnachmittag (14. September 2020, 15:30 Uhr) zu einem Unfall (Ha\u00dfloch, Im Wachtelschlag) gerufen und ein besch\u00e4digter Au\u00dfenspiegel gemeldet wurde. Schnell merkten die Beamten, dass etwas nicht stimmt und veranlassten einen Alkotest beim Unfallverursacher. Sie staunten nicht schlecht, als das Ger\u00e4t 3,29 Promille anzeigte. Der 61-J\u00e4hrige wurde zur Dienstelle verbracht, wo ihm eine Blutprobe entnommen wurde. Der F\u00fchrerschein ist erstmal weg. Er muss sich nun in einem Strafverfahren wegen Gef\u00e4hrdung des Stra\u00dfenverkehrs verantworten.<\/p>\n\n\n\n<h4 class=\"wp-block-heading\">(Ha\u00dfloch) &#8211; Nicht reingefallen&#8230;<\/h4>\n\n\n\n<p>&#8230;ist am Montagmittag (14. September 2020, 14 Uhr) ein 87 Jahre alter Mann aus Ha\u00dfloch auf den Anruf von Betr\u00fcgern. 4.500,-EUR sollte er \u00fcbergeben, da seine Enkelin in der Klemme stecke. Der Mann durchschaute den Schmu und legte auf. Ebenfalls nicht t\u00e4uschen lie\u00df sich wenig sp\u00e4ter (14. September 2020, ca. 15 Uhr) eine 76-J\u00e4hrige, der man am Telefon den Gewinn einer Urlaubsreise vorgaukelte. Auch sie legte auf. Die Polizei warnt in diesem Zusammenhang vor betr\u00fcgerischen Anrufen. Neben dem &#8222;Enkeltrick&#8220; und &#8222;Gewinnversprechen&#8220; geben sich Anrufer h\u00e4ufig als falsche Amtspersonen wie Mitarbeiter von Staatsanwaltschaften, Polizei oder Finanzbeh\u00f6rden aus und verlangen eine schnelle Zahlung. Im Zweifel sollte das Gespr\u00e4ch beendet und die \u00f6rtliche Polizeidienststelle zurate gezogen werden.<\/p>\n\n\n\n<h4 class=\"wp-block-heading\">(Ha\u00dfloch) &#8211; LKW-Fahrer fl\u00fcchtet<\/h4>\n\n\n\n<p>Nach einem Wendeman\u00f6ver am Montag (14. September 2020) gegen 10 Uhr auf dem Gel\u00e4nde des Wertstoffhofs in Ha\u00dfloch (Westrandstra\u00dfe 1), blieb der Fahrer eines Sattelzuges am Vordach eines Betriebsgeb\u00e4udes h\u00e4ngen und besch\u00e4digte dies. Ohne sich um eine Schadensregulierung zu k\u00fcmmern, setzte er seine Fahrt fort. Bis zu einem nahegelegenen Tankstellengel\u00e4nde folgte dem LKW ein Mitarbeiter der Wirtschaftsbetriebe und bewegte ihn zur R\u00fcckkehr an den Unfallort. Am Vordach entstand ein Schaden von 500,-EUR. Gegen den 59-j\u00e4hrigen Fahrer wurde ein Strafverfahren wegen unerlaubten Entfernens vom Unfallort eingeleitet.<\/p>\n\n\n\n<h4 class=\"wp-block-heading\">(Bad D\u00fcrkheim) &#8211; Ausgeb\u00fcxte Pferde<\/h4>\n\n\n\n<p>Am Morgen des 15.09.2020 wurden hiesiger Polizeidienststelle durch mehrere Anrufer freilaufende Pferde im Bereich der B37, H\u00f6he des Industriegebietes &#8222;Bruch&#8220;, mitgeteilt. Nach Angaben der Anrufer habe es sich um ein Pferd und ein Pony gehandelt, welche in Richtung der BAB 650 unterwegs waren. Der Besitzer der Tiere hatte das Fehlen dieser direkt bemerkt und nach kurzfristiger Absuche konnten die Tiere wohlbehalten im Bereich der Anschlussstelle BAB 650 eingefangen werden.<\/p>\n\n\n\n<h4 class=\"wp-block-heading\">(Bad D\u00fcrkheim) &#8211; Verkehrsunfall mit verletztem Motorradfahrer<\/h4>\n\n\n\n<p>Am 14.09.2020 gegen 19:00 Uhr kam es im Bereich des Ortsteils Hardenburg an einer Engstelle zum Zusammensto\u00df zwischen einem PKW und einem Motorrad. Demnach befuhren beide die B37 in Richtung Bad D\u00fcrkheim, wobei der 57-j\u00e4hrige Fahrzeugf\u00fchrer seinen PKW verkehrsbedingt anhalten musste, um einen entgegenkommenden Bus passieren zu lassen. Der dahinter fahrende 31-j\u00e4hrige Motorradfahrer erkannte dies zu sp\u00e4t und kam aufgrund der eingeleiteten Gefahrenbremsung zu Fall und rutschte gegen den davor befindlichen PKW. Hierbei verletzte sich der Motorradfahrer an Knien und H\u00e4nden und wurde zur weiteren Versorgung in ein umliegendes Krankenhaus verbracht.<\/p>\n\n\n\n<h4 class=\"wp-block-heading\">(Bad D\u00fcrkheim) &#8211; Verkehrsunfallflucht \/ Zeugen gesucht<\/h4>\n\n\n\n<p>Bereits am 13.09.2020 gegen 14:45 Uhr kam es auf der B37 im Ortsbereich Hardenburg zu einer Verkehrsunfallflucht in deren Zusammenhang nach etwaigen Zeugen gesucht wird. Ein 31-j\u00e4hriger Fahrzeugf\u00fchrer befuhr die B37 aus Bad D\u00fcrkheim kommend in Richtung Frankenstein und befand sich bereits in einer Engstelle. Der entgegenkommende, unbekannte Fahrzeugf\u00fchrer befuhr die B37 in entgegengesetzte Richtung und fuhr trotz bestehender Regelung durch Verkehrszeichen ebenfalls in die Engstelle ein. Um einen Zusammensto\u00df zu vermeiden, musste der gesch\u00e4digte 37-j\u00e4hrige seinen PKW auf den Bordstein rangieren, wobei ein Reifen am PKW rei\u00dft. Der unbekannte Fahrzeugf\u00fchrer setzte seine Fahrt fort &#8211; es habe sich hierbei um einen schwarzen SUV gehandelt, N\u00e4heres unbekannt. Zeugenhinweise werden erbeten unter Tel. 06322\/963-0, oder\u00a0<a href=\"mailto:pibadduerkheim@polizei.rlp.de\">pibadduerkheim@polizei.rlp.de<\/a>.<\/p>\n\n\n\n<h4 class=\"wp-block-heading\">(Gr\u00fcnstadt) &#8211; Verkehrsunfall unter Alkohol- und Drogeneinfluss<\/h4>\n\n\n\n<p>Am Montag, 14.09.2020, gegen 20:50 Uhr befuhr eine 29-j\u00e4hrige Mazda-Fahrerin die Kirchheimer Stra\u00dfe, Gr\u00fcnstadt, aus Richtung Stadtmitte kommend in Richtung Kirchheim. Etwa in H\u00f6he einer an der linken Stra\u00dfenseite befindlichen Tankstelle wurde sie von einem 37-j\u00e4hrigen Opel-Fahrer \u00fcberholt. Hierbei \u00fcbersah der \u00dcberholende den PKW Audi einer 28-J\u00e4hrigen, die von diesem Tankstellengel\u00e4nde auf die Kirchheimer Stra\u00dfe in Richtung Gr\u00fcnstadt einfuhr. Es kam zu einem Zusammensto\u00df zwischen dem Opel und dem Audi, der Opel-Fahrer wollte nach rechts ausweichen und stie\u00df hierbei dann mit dem Mazda zusammen, den er urspr\u00fcnglich \u00fcberholen wollte. Die Mazdafahrerin wurde leicht verletzt und musste in einem nahegelegenen Krankenhaus behandelt werden. Bei dem unfallverursachenden \u00dcberholer konnte w\u00e4hrend der Unfallaufnahme sowohl Atemalkoholgeruch als auch Anzeichen f\u00fcr eine m\u00f6gliche Drogenbeeinflussung festgestellt werden. Ein durchgef\u00fchrter Atemalkoholtest ergab einen Wert von 1,52 Promille. Die Entnahme einer Blutprobe zwecks Feststellung des Alkoholgehalts und auch der m\u00f6glichen Drogenbeeinflussung wurde angeordnet. Der F\u00fchrerschein des Unfallverursachers, gegen den ein Strafverfahren wegen Gef\u00e4hrdung des Stra\u00dfenverkehrs eingeleitet wurde, wurde beschlagnahmt. Der durch den Verkehrsunfall an allen drei beteiligten Fahrzeugen entstandene Sachschaden wird auf ca. 5.000 Euro gesch\u00e4tzt.<\/p>\n\n\n\n<h4 class=\"wp-block-heading\">(Frankenthal) &#8211; Verkehrsunfall zwischen Radfahrern \/ Ein Radfahrer fl\u00fcchtet<\/h4>\n\n\n\n<p>Am Montag, dem 14.09.2020, gegen 11:55 Uhr, ereignet sich im Albrecht-D\u00fcrer-Ring in H\u00f6he der Hausnummer 25 ein Verkehrsunfall unter zwei Fahrradfahrern. Infolge der Kollision st\u00fcrzen beide Radfahrer und verletzen sich. Trotz der Bitte, bis zum Eintreffen der Polizei an der Unfall\u00f6rtlichkeit zu verbleiben, entfernt sich einer der beiden Radfahrer mit blutender Nase und weiteren Blessuren unerlaubt von der Unfall\u00f6rtlichkeit. Der 19-j\u00e4hrige vor Ort verbliebene Unfallbeteiligte beschriebt den Fl\u00fcchtigen wie folgt: <\/p>\n\n\n\n<ul><li>ca. 60-70 Jahre, <\/li><li>1,70m gro\u00df, <\/li><li>blutende Nase und <\/li><li>ein helles Hemd sowie <\/li><li>eine helle Kappe tragend. <\/li><li>Bei dem mitgef\u00fchrten Fahrrad d\u00fcrfte es sich um ein graues\/ dunkelbraunes E-Bike handeln.<\/li><\/ul>\n\n\n\n<p>Zeugen werden gebeten sich an die Polizeiinspektion Frankenthal unter der Tel.-Nr.: 06233\/313-0 oder an die Polizeiwache Maxdorf unter der Tel.-Nr.: 06237\/934-1100 zu wenden. Gerne nehmen wir Ihre Hinweise auch per E-Mail unter&nbsp;<a href=\"mailto:pifrankenthal@polizei.rlp.de\">pifrankenthal@polizei.rlp.de<\/a>&nbsp;entgegen.<\/p>\n\n\n\n<p>Die Polizei weist darauf hin, dass Unerlaubtes Entfernen vom Unfallort kein Kavaliersdelikt ist! Der fl\u00fcchtige Fahrer muss mit einer Geld- oder Freiheitsstrafe bis zu 3 Jahren und evtl. mit einem F\u00fchrerscheinentzug rechnen. Au\u00dferdem kann der Fl\u00fcchtige den Kaskoschutz seiner Kfz-Versicherung verlieren und von seiner Versicherung an der Begleichung des Fremdschadens beteiligt werden. Die Polizei r\u00e4t deshalb jeden Unfall zu melden.<\/p>\n\n\n\n<p>Wir wollen, dass Sie sicher Leben &#8211; ihre Polizei Frankenthal.<\/p>\n\n\n\n<h4 class=\"wp-block-heading\">(Frankenthal) &#8211; Verkehrsunfall vom 16.07.2020 zwischen Radfahrer und Rollerfahrer \/ Polizei sucht Zeugin<\/h4>\n\n\n\n<p>Am Donnerstag, dem 16.07.2020, gegen 09:45 Uhr, kommt es in der August-Bebel-Stra\u00dfe zu einem Verkehrsunfall zwischen einem Fahrradfahrer und einem Rollerfahrer. Die beiden Fahrzeuge kollidieren bei einem Abbiegevorgang des Rollerfahrers, woraufhin der Fahrradfahrer st\u00fcrzt. Der 56-j\u00e4hrige Rollerfahrer aus Frankenthal erkundigt sich daraufhin nach dem Wohlbefinden des 25-j\u00e4hrigen ebenfalls in Frankenthal wohnenden Radfahrers und bietet an, die Polizei zu verst\u00e4ndigen. Der Fahrradfahrer lehnt dies jedoch ab und teilt mit, dass es ihm gut geht. Noch taggleich bemerkt der 25-J\u00e4hrige, dass er doch verletzt ist und meldet den Unfall der Polizei. Im Rahmen der anschlie\u00dfenden polizeilichen Ermittlungen wird bekannt, dass eine Passantin sich kurz nach dem Unfall ebenfalls nach dem Fahrradfahrer erkundigt und angeboten hat, einen Krankenwagen zu rufen. Diese Unfallzeugin wird gebeten, sich bei der Polizeiinspektion Frankenthal unter der Telefonnummer 06233-3130 zu melden.<\/p>\n\n\n\n<h4 class=\"wp-block-heading\">(Autobahndreieck Ludwigshafen A 65 \/ B 9) &#8211; LKW-Unfall \/ Vollsperrung<\/h4>\n\n\n\n<p>Am 15.09.2020 ereignete sich am Autobahndreieck Ludwigshafen auf der Tangente von der A65 auf die B9 in Fahrtrichtung Speyer gegen 10.48 Uhr ein LKW-Unfall. Der LKW, der mit Schrott beladen war, ist vermutlich aufgrund \u00fcberh\u00f6hter Geschwindigkeit in der Kurve auf die Seite gefallen. Daher ist die Tangente bis auf Weiteres bis zum Abschluss der Bergung voll gesperrt. Die Feuerwehr Ludwigshafen und die Autobahnmeisterei sind\/waren auch im Einsatz. Der Fahrer kam in ein Krankenhaus. Der Sachschaden ist noch nicht abzusch\u00e4tzen.<\/p>\n\n\n\n<h4 class=\"wp-block-heading\">(Ludwigshafen) &#8211; K\u00f6rperverletzung und Fahren unter Drogeneinfluss<\/h4>\n\n\n\n<p>Am Montag, 14.09.2020, um 20:25 Uhr, wurde in der Bahnhofstra\u00dfe eine Schl\u00e4gerei gemeldet. Ein 30-J\u00e4hriger soll einem ihm bekannten 21-J\u00e4hrigen ins Gesicht geschlagen haben. Er wurde leicht verletzt. Beim Eintreffen der ersten Polizeikr\u00e4fte war der T\u00e4ter bereits gefl\u00fcchtet, befand sich aber in unmittelbarer N\u00e4he in einem an einer roten Ampel wartenden Auto. Bei der Kontrolle konnten im Auto der alkoholisierte T\u00e4ter sowie der 30-j\u00e4hrige Fahrer festgestellt werden. Bei der weiteren \u00dcberpr\u00fcfung des Fahrers stellten die Beamten fest, dass er mit 0,6 Promille ebenfalls alkoholisiert war und unter Drogeneinfluss stand. Au\u00dferdem hatte er ein verbotenes Messer bei sich. Ihm wurde eine Blutprobe entnommen. Sein F\u00fchrerschein und die Autoschl\u00fcssel wurden sichergestellt. Ihn erwarten nun Ordnungswidrigkeitenanzeigen wegen Fahren unter Drogeneinfluss und Versto\u00df gegen das Waffengesetz.<\/p>\n\n\n\n<h4 class=\"wp-block-heading\">(Ludwigshafen) &#8211; Unfall mit 15.000 Euro Sachschaden<\/h4>\n\n\n\n<p>Zu rund 15.000 Euro Sachschaden kam es bei einem Verkehrsunfall am Montag, 14.09.2020, 18:10 Uhr, in der Kaiser-Wilhelm-Stra\u00dfe. Ein 79-J\u00e4hriger fuhr mit seinem Opel vom Fahrbahnrand los und stie\u00df dabei mit einem vorbeifahrenden Audi eines 31-J\u00e4hrigen zusammen. Der Audi war nicht mehr fahrbereit und musste abgeschleppt werden. An dem Opel entstand nur geringer Sachschaden.<\/p>\n\n\n\n<h4 class=\"wp-block-heading\">(Ludwigshafen) &#8211; Vorfahrt missachtet<\/h4>\n\n\n\n<p>Am 14.09.2020, gegen 18 Uhr, kam es zu einem Unfall in der Leuschnerstra\u00dfe. Eine 35-J\u00e4hrige missachtete an der Einm\u00fcndung Anilinstra\u00dfe die Vorfahrt einer 31-J\u00e4hrigen und es kam zum Zusammensto\u00df beider Autos. Durch den Unfall wurde der f\u00fcnfj\u00e4hrige Sohn der 35-J\u00e4hrigen leicht verletzt. Insgesamt entstand ein Sachschaden von etwa 3.000 Euro. Beide Fahrzeuge waren nicht mehr fahrbereit und mussten abgeschleppt werden.<\/p>\n\n\n\n<p>Auch in der Frankenthaler Stra\u00dfe kam es zu einem Verkehrsunfall. Eine 64-J\u00e4hrige missachtete an der Kreuzung zur Rohrlachstra\u00dfe die Vorfahrt einer 31-J\u00e4hrigen. Beide Autos wurden durch den Zusammenprall stark besch\u00e4digt &#8211; eine genaue Schadensh\u00f6he wird derzeit ermittelt. Beide Autofahrerinnen wurden vorsorglich in Krankenh\u00e4user verbracht.<\/p>\n\n\n\n<h4 class=\"wp-block-heading\">(Ludwigshafen) &#8211; Fahrraddieb in Stra\u00dfenbahn gestellt<\/h4>\n\n\n\n<p>Vermutlich nicht schlecht gestaunt hat am 14.09.2020, gegen 09:30 Uhr, ein 70-J\u00e4hriger aus Ludwigshafen, als er in der Stra\u00dfenbahn einen 46-j\u00e4hrigen Mann mit dem gestohlenen Fahrrad seiner 68-J\u00e4hrigen Ehefrau sah. Sofort informierte er seine Gattin, welche wiederum die Polizei alarmierte. An der Haltestelle Hans-Warsch-Platz konnte der 46-J\u00e4hrige kontrolliert werden, der eingestand, das Fahrrad mitgenommen zu haben.<\/p>\n\n\n\n<h4 class=\"wp-block-heading\">(Ludwigshafen) &#8211; In Haus eingebrochen<\/h4>\n\n\n\n<p>Am 14.09.2020, gegen 1:00 Uhr, hebelten bislang Unbekannte eine T\u00fcr eines Hauses in der Speyerer Stra\u00dfe auf. Nach derzeitigem Stand der Ermittlungen wurde nichts gestohlen. Am Haus entstand ein Sachschaden von etwa 2.500 Euro.<\/p>\n\n\n\n<p>Sachdienliche Hinweise nimmt die Kriminalpolizei Ludwigshafen unter der Telefonnummer 0621\/963-2773 oder per E-Mail\u00a0<a href=\"mailto:kiludwigshafen.k1.kdd@polizei.rlp.de\">kiludwigshafen.k1.kdd@polizei.rlp.de<\/a>\u00a0entgegen.<\/p>\n\n\n\n<h4 class=\"wp-block-heading\">(Mannheim-Neckarstadt) &#8211; Betrunkene Autofahrerin unterwegs<\/h4>\n\n\n\n<p>Am Montag wurde gegen 22 Uhr in der Wachenheimer Stra\u00dfe eine 37-j\u00e4hrige Frau angetroffen, welche durch mehrere Zeugen vorher beim Autofahren und anschlie\u00dfenden Streitigkeiten beobachtet wurde. Die dazu gerufenen Streifen f\u00fchrten einen Atemalkoholtest durch der bei der Fahrerin einen Wert von 2,4 Promille ergab, ein Arzt entnahm eine Blutprobe. Die Fahrzeugschl\u00fcssel und der F\u00fchrerschein der Frau wurden einbehalten.<\/p>\n\n\n\n<h4 class=\"wp-block-heading\">(Mannheim-Neckarstadt) &#8211; Verletzte Radfahrerin nach Zusammensto\u00df mit Auto<\/h4>\n\n\n\n<p>Am Montag gegen 17:30 Uhr fuhr ein 56-j\u00e4hriger Mercedes-Fahrer auf der Waldhofstra\u00dfe in Richtung Alter Messplatz und kollidierte beim Rechtsabbiegen in die Humboldtstra\u00dfe mit einer entgegenkommenden Radfahrerin. Diese war auf dem falschen Radweg der Waldhofstra\u00dfe in Richtung Zeppelinstra\u00dfe unterwegs. Sie wurde durch den Zusammensto\u00df verletzt und mit einem Rettungswagen in ein nahegelegenes Krankenhaus gebracht. Der Sachschaden am Auto ist gering.<\/p>\n\n\n\n<h4 class=\"wp-block-heading\">(Mannheim-Wohlgelegen) &#8211; Reifen und Bremsen von hochwertigem Audi entwendet \/ Zeugen gesucht<\/h4>\n\n\n\n<p>Im Zeitraum von Freitag 13:30 Uhr bis Montag 07:30 Uhr entwendeten bislang unbekannte T\u00e4ter in der Gutenbergstra\u00dfe die Reifen sowie die vorderen Bremss\u00e4ttel und Bremsscheiben eines Audi RS4. Bei dem Fahrzeug handelt es sich um ein Schulungsfahrzeug, welches auf dem Gel\u00e4nde einer Bildungseinrichtung abgestellt war. Hierbei entstand ein Sachschaden von mehr als 3000 EUR. Zeugen, die verd\u00e4chtige Beobachtungen gemacht haben, werden gebeten, sich unter der Telefonnummer 0621\/3301-0 beim Polizeirevier Mannheim-Neckarstadt zu melden.<\/p>\n\n\n\n<h4 class=\"wp-block-heading\">(Mannheim-Schwetzingerstadt) &#8211; Unfall mit einer Verletzten<\/h4>\n\n\n\n<p>Am Montag kam es gegen 18:30 Uhr im Kreuzungsbereich Seckenheimer Stra\u00dfe\/Heinrich-Lanz-Stra\u00dfe zu einem Verkehrsunfall mit einem Verletzten. Der 51-j\u00e4hrige Fahrer eines Fiats fuhr auf der Seckenheimer Stra\u00dfe in Richtung Innenstadt und wollte nach links in die Heinrich-Lanz-Stra\u00dfe abbiegen. Hier kam es zur Kollision mit einem entgegenkommenden Smart. Der Smart-Fahrer wurden durch den Zusammensto\u00df verletzt und kam mit einem Rettungswagen in ein nahegelegenes Krankenhaus. W\u00e4hrend der Unfallaufnahme musste der Stra\u00dfenbahnverkehr kurzzeitig eingestellt werden. Beide Fahrzeuge waren nicht mehr fahrbereit und mussten abgeschleppt werden. Es entstand ein Sachschaden von mehreren tausend Euro.<\/p>\n\n\n\n<h4 class=\"wp-block-heading\">(Mannheim-Sandhofen) &#8211; Wohnungseinbruch \/ Zeugen gesucht<\/h4>\n\n\n\n<p>Im Zeitraum von Samstag 18:00 Uhr bis Montag 18:00 Uhr verschafften sich bislang unbekannte T\u00e4ter im Alten Frankfurter Weg Zutritt zu einer Wohnung und entwendeten einen Geldbeutel sowie einen Laptop. Der Sachschaden bel\u00e4uft sich auf mehrere hundert Euro. Zeugen, die verd\u00e4chtige Beobachtungen gemacht haben, werden gebeten, sich unter der Telefonnummer 0621\/77769-0 beim Polizeirevier Mannheim-Sandhofen zu melden.<\/p>\n\n\n\n<h4 class=\"wp-block-heading\">(Heidelberg) &#8211; Unvorsichtig Fahrstreifen gewechselt \/ Motorradfahrer leicht verletzt &#8211; Schaden ca. 13.000 Euro<\/h4>\n\n\n\n<p>Gl\u00fccklicherweise nur leichtere Verletzungen zog sich ein 33-j\u00e4hriger Fahrer einer Suzuki bei einem Unfall am Montag, gegen 20.40 Uhr auf der R\u00f6merstra\u00dfe zu. Ein 22-j\u00e4hriger Fahrer eines Mercedes war stadteinw\u00e4rts unterwegs und wechselte in H\u00f6he Rohrbach Markt unvorsichtig vom rechten auf den linken Fahrstreifen. Dabei kam es zur Kollision mit dem daneben fahrenden Motorradfahrer. Dieser wurde nach der medizinischen Erstversorgung mit einem Rettungswagen zur \u00dcberpr\u00fcfung in eine Klinik eingeliefert. An den beiden Fahrzeugen entstand Sachschaden in H\u00f6he von ca. 13.000 Euro.<\/p>\n\n\n\n<h4 class=\"wp-block-heading\">(Heidelberg) &#8211; Gehbehinderte Frau \u00fcberfallen; Zeugen gesucht<\/h4>\n\n\n\n<p>Am fr\u00fchen Montagabend wurde eine 37-j\u00e4hrige, gehbehinderte Frau in der Bl\u00fccherstra\u00dfe von einem bislang unbekannten T\u00e4ter \u00fcberfallen.<\/p>\n\n\n\n<p>Die Frau war gegen 18.45 Uhr mit ihrem Rolllator von der Stra\u00dfenbahnhaltestelle Czernybr\u00fccke in Richtung Theodor-K\u00f6rner-Stra\u00dfe unterwegs, als in H\u00f6he der Anwesen Bl\u00fccherstr. 1-3 der unbekannte Mann von hinten an sie herantrat, sie mit einem Stock bedrohte und die Herausgabe des Bargeldes forderte. Anschlie\u00dfend fl\u00fcchtete er mit einem geringen Bargeldbetrag in Richtung Czernyring.<\/p>\n\n\n\n<p>Eine sofort eingeleitete Fahndung mit allen verf\u00fcgbaren Kr\u00e4ften verlief ohne Ergebnis. Der T\u00e4ter wird wie folgt beschrieben: <\/p>\n\n\n\n<ul><li>ca. 180 cm<\/li><li>lang\u00e4rmeliges beiges-braunes Kapuzenoberteil (Kapuze war \u00fcber Kopf gezogen)<\/li><li>kurze, gr\u00fcn gemusterte, karierte Hose<\/li><li>schwarze Sportschuhe<\/li><li>d\u00fcnner Oberlippenbart<\/li><li>Er sprach gebrochen Deutsch.<\/li><\/ul>\n\n\n\n<p>Das Raubdezernat der Kriminalpolizeidirektion Heidelberg hat die weiteren Ermittlungen \u00fcbernommen.<\/p>\n\n\n\n<p>Hinweise bitte an den Kriminaldauerdienst, Tel.: 0621\/174-4444 oder an das Polizeirevier HD-Mitte, Tel.: 06221\/99-1700.<\/p>\n\n\n\n<h4 class=\"wp-block-heading\">(Heidelberg) &#8211; Haftbefehle nach Randale in der Altstadt; zwei Verd\u00e4chtige wegen Verdachts des versuchten Totschlags in Untersuchungshaft; Ermittlungen dauern an<\/h4>\n\n\n\n<h4 class=\"wp-block-heading\">Gemeinsame Pressemitteilung der Staatsanwaltschaft Heidelberg und des Polizeipr\u00e4sidiums Mannheim<\/h4>\n\n\n\n<div class=\"wp-block-image\"><figure class=\"aligncenter\"><img decoding=\"async\" src=\"https:\/\/speyer24news.com\/wp-content\/uploads\/2020\/05\/Zelle-1.jpg\" alt=\"\" class=\"wp-image-27457\"\/><\/figure><\/div>\n\n\n\n<p>Auf Antrag der Staatsanwaltschaft Heidelberg wurden Haftbefehle gegen zwei 24 und 26 Jahre alte M\u00e4nner erlassen.<\/p>\n\n\n\n<p>Sie stehen im dringenden Verdacht, im Zusammenhang mit einer Auseinandersetzung mit einer Personengruppe am fr\u00fchen Sonntagmorgen in der Altstadt einem 20-J\u00e4hrigen schwere Verletzungen zugef\u00fcgt zu haben.<\/p>\n\n\n\n<p>Nach den bisherigen Ermittlungsergebnissen von Staatsanwaltschaft und Kriminalpolizei soll einer der Tatverd\u00e4chtigen dabei mit einem Messer zuge-stochen haben. Hierdurch erlitt der Gesch\u00e4digte eine erhebliche Verletzung am Unterarm. Weiter wurde von einem der beiden Tatverd\u00e4chtigen auf das Opfer eingepr\u00fcgelt.<\/p>\n\n\n\n<p>Zum Streit war es gekommen, als die beiden Verd\u00e4chtigen gegen 3.30 Uhr in der Fu\u00dfg\u00e4ngerzone auf eine Personengruppe um den sp\u00e4ter schwer verletzten 20-J\u00e4hrigen stie\u00dfen. Dabei sollen die Verd\u00e4chtigen den 20-J\u00e4hrige absichtlich angerempelt haben, um einen Streit zu provozieren. In dem daraufhin entstandenen Gerangel fiel einer der sp\u00e4teren Verd\u00e4chtigen zu Boden, die Gruppe um den 20-J\u00e4hrigen ging weiter.<\/p>\n\n\n\n<p>Um sich zu r\u00e4chen, folgten die Beschuldigten der Gruppe. Im Bereich der Heiliggeistkirche holten sie den Gesch\u00e4digten ein, woraufhin es zu den Tathandlungen kam.<\/p>\n\n\n\n<p>Beide Tatverd\u00e4chtige konnten zun\u00e4chst fl\u00fcchten, wurden aber wenig sp\u00e4ter in unmittelbarer Tatortn\u00e4he festgenommen.<\/p>\n\n\n\n<p>Beide T\u00e4ter wurden am Montag der Ermittlungsrichterin am Amtsgericht Heidelberg vorgef\u00fchrt, die Haftbefehle wegen des Verdachts des versuchten Totschlags erlie\u00df. Anschlie\u00dfend wurden die Beschuldigten in verschiedene Justizvollzugsanstalten eingeliefert.<\/p>\n\n\n\n<p>Die Ermittlungen der Staatsanwaltschaft Heidelberg und der Kriminalpolizeidirektion Heidelberg dauern an.<\/p>\n\n\n\n<p>Zeugen, die Hinweise zum Tatgeschehen geben k\u00f6nnen, werden gebeten, sich mit dem Kriminaldauerdienst, Tel.: 0621\/174-4444 oder mit dem Polizeirevier HD-Mitte, Tel.: 06221\/99-1700 in Verbindung zu setzen.<\/p>\n\n\n\n<h4 class=\"wp-block-heading\">(Oftersheim \/ Rhein-Neckar-Kreis) &#8211; Verkehrsunfall mit Fahrerflucht<\/h4>\n\n\n\n<p>Zwischen Sonntag, 22:30 Uhr, und Montag, 09:00 Uhr kam es in der Heidelberger Stra\u00dfe zu einem Verkehrsunfall, bei dem der Verursacher anschlie\u00dfend einfach weiterfuhr. Der bislang unbekannte Autofahrer besch\u00e4digte einen VW und fl\u00fcchtete danach in unbekannte Richtung. Der Sachschaden betr\u00e4gt rund 2.000EUR.<\/p>\n\n\n\n<p>Zeugen, die sachdienliche Hinweise geben k\u00f6nnen, werden gebeten sich beim Polizeirevier Schwetzingen, unter der Telefonnummer 06202-2880, zu melden.<\/p>\n\n\n\n<h4 class=\"wp-block-heading\">(Leimen \/ Rhein-Neckar-Kreis) &#8211; 71-j\u00e4hriger Rollerfahrer nach Sturz schwer verletzt<\/h4>\n\n\n\n<p>Bei einem Verkehrsunfall am Montag kurz vor 13 Uhr in der Rohrbacher Stra\u00dfe, kurz vor der Einm\u00fcndung Stralsunder Ring wurde ein 71-j\u00e4hriger Rollerfahrer schwer verletzt. Nach den bisherigen Unfallermittlungen der Verkehrspolizei aus Heidelberg hatte der 53-j\u00e4hrige Fahrer eines Porsche bei der Fahrt in Richtung Stadtmitte vom Abbiegestreifen nach rechts auf den Geradeausfahrstreifen gewechselt. Dies hatte zur Folge, dass der Motorrollerfahrer auf der Geradeausspur abbremsen musste um eine Kollision zu verhindern. Dabei st\u00fcrzte der Rollerfahrer, zu einer Ber\u00fchrung mit dem Auto kam es nicht. Der 71-J\u00e4hrige wurde nach der Erstversorgung an der Unfallstelle durch einen Notarzt mit einem Rettungswagen in eine Klinik nach Heidelberg gebracht. W\u00e4hrend der Unfallaufnahme kam es zu Verkehrsbeeintr\u00e4chtigungen, auch im \u00f6ffentlichen Stra\u00dfenbahnverkehr.<\/p>\n\n\n\n<h4 class=\"wp-block-heading\">(St. Leon-Rot \/ Rhein-Neckar-Kreis) &#8211; Brand von Elektroroller in Garage<\/h4>\n\n\n\n<p>Am Montag gegen 21:30 Uhr geriet in einer Garage in der Opelstra\u00dfe ein Elektroroller in Brand. Angestellte eines nahegelegenen Hotels alarmierten die Einsatzkr\u00e4fte, nachdem sie den Brand in der Garage bemerkten. Nach ersten Erkenntnissen ist bei der Brandursache von einem technischen Defekt eines Ladeger\u00e4ts auszugehen. Durch den Brand wurden weitere Elektrofahrzeuge besch\u00e4digt, welche sich ebenfalls in der Garage befanden. Im Einsatz befanden sich 40 Angeh\u00f6riger der Feuerwehr St. Leon und Rot. Der Sachschaden bel\u00e4uft sich auf mehrere tausend Euro.<\/p>\n\n\n\n<h4 class=\"wp-block-heading\">(M\u00fchlhausen \/ Rhein-Neckar-Kreis) &#8211; Zwei Schwerverletzte \/ 25.000EUR Sachschaden &#8211; Vollsperrung<\/h4>\n\n\n\n<p>Am Montag kam es gegen 18:00 Uhr auf der K4172 zu einem schweren Verkehrsunfall. Eine 38-J\u00e4hrige Opel-Fahrerin fuhr auf der K4172 von \u00d6stringen nach M\u00fchlhausen, als sie an der Auffahrt zur B39 einem 46-J\u00e4hrigen Mercedes-Fahrer die Vorfahrt nahm und mit ihm kollidierte. Die Frau und ihre Beifahrerin werden bei dem Unfall schwer verletzt und in eine Klinik gefahren, der Mann wurde leicht verletzt und ebenfalls in ein Krankenhaus gebracht. Beide Fahrzeuge mussten abgeschleppt werden, der Sachschaden betr\u00e4gt rund 25.000EUR. Die Fahrbahn blieb bis ca. 21:30 Uhr voll gesperrt.<\/p>\n\n\n\n<h4 class=\"wp-block-heading\">(Sinsheim \/ Rhein-Neckar-Kreis) &#8211; Betrunkener Autofahrer unterwegs<\/h4>\n\n\n\n<p>Am Dienstag wurde eine Streifenbesatzung gegen 3 Uhr zu einem Pannenfahrzeug auf der A6 zwischen den Ausfahrten Wiesloch\/Rauenberg und Sinsheim gerufen. Am Fahrzeug angekommen wurde ein starker Alkoholgeruch des 67-J\u00e4hrigen Fahrers von den Beamten wahrgenommen. Ein durchgef\u00fchrter Atemalkoholtest ergab einen Wert von 1,34 Promille, ein Arzt entnahm anschlie\u00dfend eine Blutprobe. Das Fahrzeug wurde abgeschleppt, der F\u00fchrerschein des Fahrers einbehalten.<\/p>\n\n\n\n<h4 class=\"wp-block-heading\">(Sinsheim \/ Rhein-Neckar-Kreis) &#8211; Autofahrer mit gef\u00e4lschtem F\u00fchrerschein kontrolliert<\/h4>\n\n\n\n<p>Am Montag gegen 11:00 Uhr wurde in der Jahnstra\u00dfe ein 33-j\u00e4hriger Autofahrer mit einem gef\u00e4lschten slowenischen F\u00fchrerschein kontrolliert. Der Fahrer wurde einer Kontrolle unterzogen, da dieser nicht angeschnallt war. Als er den Beamten einen slowenischen F\u00fchrerschein aush\u00e4ndigte, konnten diese bei genauerer Betrachtung Hinweise auf eine F\u00e4lschung erlangen. Eine weitere \u00dcberpr\u00fcfung mit einem Dokumentenpr\u00fcfgerat auf dem Polizeirevier Sinsheim best\u00e4tigte den Verdacht. Den Autofahrer erwartet nun eine Anzeige wegen Urkundenf\u00e4lschung sowie Fahren ohne Fahrerlaubnis. Der Mann, der aus dem Kosovo stammt, musste eine Kaution von 500 EUR hinterlegen und wurde nach der erkennungsdienstlichen Behandlung wieder auf freien Fu\u00df gesetzt. Gegen den Halter des Fahrzeugs wurden ebenfalls Ermittlungen eingeleitet.<\/p>\n\n\n\n<h4 class=\"wp-block-heading\">(Sinsheim \/ Rhein-Neckar-Kreis) &#8211; Mehrere tausend Euro Sachschaden bei Wildunfall<\/h4>\n\n\n\n<p>Am Montag kam es gegen 07:15 Uhr auf der B292 zu einem Wildunfall. Die 52-J\u00e4hrige BMW-Fahrerin war von Waibstadt in Richtung Sinsheim unterwegs, als zwei Wildschweine die Fahrbahn querten. Die Frau kollidierte mit einem der Wildschweine, welches tot auf der Fahrbahn liegen blieb. Das Auto war nicht mehr Fahrbereit und muss abgeschleppt werden. Der Sachschaden betr\u00e4gt mehrere tausend Euro.<\/p>\n\n\n\n<h4 class=\"wp-block-heading\">(Waibstadt \/ Rhein-Neckar-Kreis) &#8211; Versuchter Wohnungseinbruch \/ Zeugen gesucht<\/h4>\n\n\n\n<p>Am Dienstag wurde gegen 03:30 Uhr versucht in eine Wohnung in der Bergstra\u00dfe im Ortsteil Daisbach einzubrechen. Bislang unbekannte T\u00e4ter verschafften sich durch eine Gartent\u00fcr Zutritt zum Grundst\u00fcck und versuchten anschlie\u00dfend die Wohnungst\u00fcr aufzubrechen. Da dies misslang, fl\u00fcchteten die T\u00e4ter in unbekannte Richtung. Ob ein Sachschaden entstand ist derzeit noch nicht bekannt.<\/p>\n\n\n\n<p>Zeugen, die verd\u00e4chtige Wahrnehmungen gemacht haben, werden gebeten sich beim Polizeirevier Sinsheim, unter der Telefonnummer 07261-6900, zu melden.<\/p>\n\n\n\n<h4 class=\"wp-block-heading\">(Neidenstein \/ Rhein-Neckar-Kreis) &#8211; Diebstahl von mehr als 150 Europaletten<\/h4>\n\n\n\n<p>Im Zeitraum von Freitag 14:00 Uhr bis Montag 05:15 Uhr wurden durch bislang unbekannte T\u00e4ter von einem Firmengel\u00e4nde in dem Fuchslochweg mehr als 150 Europaletten entwendet. Diese haben einen Verkaufswert von mehr als 1000 EUR. Bereits im April sowie August wurden Paletten im Wert von insgesamt 1400 EUR von dem Gel\u00e4nde entwendet. Zeugen, die verd\u00e4chtige Beobachtungen gemacht haben, werden gebeten, sich unter der Telefonnummer 07261\/690-0 beim Polizeirevier Sinsheim zu melden.<\/p>\n\n\n\n<h4 class=\"wp-block-heading\">(Helmstadt-Bargen \/ Rhein-Neckar-Kreis) &#8211; Brand eines Mais-Silos; mehrere Feuerwehren im Einsatz; keine Verletzte; Ursache noch unklar<\/h4>\n\n\n\n<h4 class=\"wp-block-heading\" style=\"text-align:center\">Pressemitteilung Nr. 1<\/h4>\n\n\n\n<p>Seit Dienstag, 12.30 Uhr brennt ein Silo in der &#8222;J\u00e4germ\u00fchle&#8220; am Wollenbach im Ortsteil Flinsbach. Mehrere Feuerwehren aus dem Umkreis sind derzeit noch beim L\u00f6schen. In dem Silo sind nach ersten Erkenntnissen 50 Tonnen Mais gelagert. Die Ursache ist noch unbekannt, ebenso auch das Schadensausma\u00df.<\/p>\n\n\n\n<h4 class=\"wp-block-heading\">(Helmstadt-Bargen \/ Rhein-Neckar-Kreis) &#8211; Brand eines Mais-Silos; mehrere Feuerwehren im Einsatz; keine Verletzte; Ursache noch unklar<\/h4>\n\n\n\n<h4 class=\"wp-block-heading\" style=\"text-align:center\">Pressemitteilung Nr. 2<\/h4>\n\n\n\n<p>Die L\u00f6scharbeiten an dem im Ortsteil Flinsbach in Brand geratenen Silo gestalten sich \u00e4u\u00dferst schwierig und dauern noch unbestimmte Zeit an.<\/p>\n\n\n\n<p>\u00dcber die H\u00f6he des Sachschadens und die Ursache liegen noch keine Informationen vor. \u00dcber verletzte Personen, insbesondere Feuerwehrm\u00e4nner, die in vorderster Linie T\u00e4tig sind, gibt es ebenfalls keine Erkenntnisse.<\/p>\n\n\n\n<h4 class=\"wp-block-heading\">(Helmstadt \/ Epfenbach \/ Rhein-Neckar-Kreis) &#8211; Wildunfall mit hohem Sachschaden<\/h4>\n\n\n\n<p>Am Montag kam es gegen 23:30 Uhr an der Auffahrt der B292 auf die L530 in Helmstadt zu einem Wildunfall. Eine 45-J\u00e4hrige Mini-Fahrerin fuhr von Helmstadt kommend auf die L530 in Richtung Epfenbach auf, als ein Wildschwein die Stra\u00dfe querte und frontal mit der Autofahrerin kollidiert. Die Fahrerin blieb unverletzt, f\u00fcr das Wildschwein kam jede Hilfe zu sp\u00e4t. Das Auto war nicht mehr fahrbereit und wurde abgeschleppt. Der Sachschaden betr\u00e4gt rund 3.000EUR.<\/p>\n\n\n\n<h4 class=\"wp-block-heading\">(Neckargem\u00fcnd \/ Rhein-Neckar-Kreis) &#8211; E-Bike entwendet \/ Polizei sucht Zeugen<\/h4>\n\n\n\n<p>Am Montag wurde zwischen 14:00 Uhr und 15:30 Uhr in der Stra\u00dfe &#8222;Im Gitter&#8220; in Kleingem\u00fcnd ein E-Bike gestohlen. Der bislang unbekannte T\u00e4ter entwendete das mit einem Seilschloss gesicherte schwarze E-Bike der Marke Hercules und fl\u00fcchtete in unbekannte Richtung. Der Neuwert des Fahrrads lag bei 1.900EUR.<\/p>\n\n\n\n<p>Zeugen, die verd\u00e4chtige Wahrnehmungen gemacht haben, werden gebeten sich beim Polizeirevier Neckargem\u00fcnd, unter der Telefonnummer 06223-92540, zu melden.<\/p>\n","protected":false},"excerpt":{"rendered":"<div class=\"mh-excerpt\"><p>Polizeimeldungen vom Dienstag (15.09.2020) (Speyer) &#8211; Zigaretten und Armbanduhren gestohlen, Mitt\u00e4ter fl\u00fcchtet Ein 24-j\u00e4hriger Mann aus Heidelberg entwendete am Montagabend in einem Discounter in der Tullastra\u00dfe Zigaretten und Armbanduhren im Gesamtwert von ca. 70EUR. Er <a class=\"mh-excerpt-more\" href=\"https:\/\/speyer24news.com\/?p=30255\" title=\"Polizei\">[&#8230;]<\/a><\/p>\n<\/div>","protected":false},"author":3,"featured_media":0,"comment_status":"open","ping_status":"open","sticky":false,"template":"","format":"standard","meta":{"_monsterinsights_skip_tracking":false,"_monsterinsights_sitenote_active":false,"_monsterinsights_sitenote_note":"","_monsterinsights_sitenote_category":0,"footnotes":""},"categories":[12],"tags":[3614,61,2555,6955,6986,6263,63,105,6987,53,4854,4683,1548,102,213,55,5261,103,106,2803,2423,427,2625,380,104,979,1565],"aioseo_notices":[],"amp_enabled":true,"_links":{"self":[{"href":"https:\/\/speyer24news.com\/index.php?rest_route=\/wp\/v2\/posts\/30255"}],"collection":[{"href":"https:\/\/speyer24news.com\/index.php?rest_route=\/wp\/v2\/posts"}],"about":[{"href":"https:\/\/speyer24news.com\/index.php?rest_route=\/wp\/v2\/types\/post"}],"author":[{"embeddable":true,"href":"https:\/\/speyer24news.com\/index.php?rest_route=\/wp\/v2\/users\/3"}],"replies":[{"embeddable":true,"href":"https:\/\/speyer24news.com\/index.php?rest_route=%2Fwp%2Fv2%2Fcomments&post=30255"}],"version-history":[{"count":1,"href":"https:\/\/speyer24news.com\/index.php?rest_route=\/wp\/v2\/posts\/30255\/revisions"}],"predecessor-version":[{"id":30260,"href":"https:\/\/speyer24news.com\/index.php?rest_route=\/wp\/v2\/posts\/30255\/revisions\/30260"}],"wp:attachment":[{"href":"https:\/\/speyer24news.com\/index.php?rest_route=%2Fwp%2Fv2%2Fmedia&parent=30255"}],"wp:term":[{"taxonomy":"category","embeddable":true,"href":"https:\/\/speyer24news.com\/index.php?rest_route=%2Fwp%2Fv2%2Fcategories&post=30255"},{"taxonomy":"post_tag","embeddable":true,"href":"https:\/\/speyer24news.com\/index.php?rest_route=%2Fwp%2Fv2%2Ftags&post=30255"}],"curies":[{"name":"wp","href":"https:\/\/api.w.org\/{rel}","templated":true}]}}