{"id":30286,"date":"2020-09-17T11:23:49","date_gmt":"2020-09-17T10:23:49","guid":{"rendered":"https:\/\/speyer24news.com\/?p=30286"},"modified":"2020-09-17T11:23:51","modified_gmt":"2020-09-17T10:23:51","slug":"juedische-kulturtage-schum","status":"publish","type":"post","link":"https:\/\/speyer24news.com\/?p=30286","title":{"rendered":"J\u00fcdische Kulturtage SchUM"},"content":{"rendered":"<style type=\"text\/css\">\r\n\t.ads_top_disp{}\r\n\t.ads_top_corner_disp{ float:left; margin:0px 10px 10px 0px; }\r\n\t.ads_first_p_disp{}\r\n\t.ads_bottom_disp{}\r\n\t<\/style>\n<h2 class=\"wp-block-heading\"><strong>Gemeinsam und verflochten: Speyer, Worms und Mainz &#8211; J\u00fcdische Kulturtage SchUM jetzt auch in Speyer<\/strong><\/h2>\n\n\n\n<div class=\"wp-block-image\"><figure class=\"aligncenter\"><img decoding=\"async\" loading=\"lazy\" width=\"800\" height=\"600\" src=\"https:\/\/speyer24news.com\/wp-content\/uploads\/2020\/09\/DSC06620.jpg\" alt=\"\" class=\"wp-image-30287\" srcset=\"https:\/\/speyer24news.com\/wp-content\/uploads\/2020\/09\/DSC06620.jpg 800w, https:\/\/speyer24news.com\/wp-content\/uploads\/2020\/09\/DSC06620-300x225.jpg 300w, https:\/\/speyer24news.com\/wp-content\/uploads\/2020\/09\/DSC06620-768x576.jpg 768w, https:\/\/speyer24news.com\/wp-content\/uploads\/2020\/09\/DSC06620-678x509.jpg 678w, https:\/\/speyer24news.com\/wp-content\/uploads\/2020\/09\/DSC06620-326x245.jpg 326w, https:\/\/speyer24news.com\/wp-content\/uploads\/2020\/09\/DSC06620-80x60.jpg 80w\" sizes=\"(max-width: 800px) 100vw, 800px\" \/><figcaption><em>Im Vordergrund:<\/em> Die Weisen von Speyer, Skulpturengruppe von Wolf Spitzer im Judenhof<br><em>Im Hintergrund:<\/em> Staatsminister Alt im Gespr\u00e4ch mit u.a. Oberb\u00fcrgermeisterin Stefanie Seiler<br><em>Foto: Speyer 24\/7 News<\/em><\/figcaption><\/figure><\/div>\n\n\n\n<p><strong>Speyer \/ Mainz \/ Worms &#8211; <\/strong>Erstmalig beteiligt sich in diesem Jahr Speyer, gemeinsam mit den St\u00e4dten Mainz und Worms, an den J\u00fcdischen Kulturtagen SchUM. Mit einem spannenden Programm werden diese Kulturtage<strong> vom 14. Oktober bis 16. November<\/strong> auch in Speyer den Facettenreichtum j\u00fcdischer Kultur in Musik und Theater aufzeigen, pr\u00e4gende geschichtliche Ereignisse beleuchten, das Gedenken an die Opfer des Antisemitismus pflegen und nat\u00fcrlich die Lebendigkeit des j\u00fcdischen Verm\u00e4chtnisses in unserer Stadt feiern.<\/p>\n\n\n\n<div class=\"wp-block-image\"><figure class=\"aligncenter\"><img decoding=\"async\" loading=\"lazy\" width=\"800\" height=\"600\" src=\"https:\/\/speyer24news.com\/wp-content\/uploads\/2020\/09\/DSC06635.jpg\" alt=\"\" class=\"wp-image-30288\" srcset=\"https:\/\/speyer24news.com\/wp-content\/uploads\/2020\/09\/DSC06635.jpg 800w, https:\/\/speyer24news.com\/wp-content\/uploads\/2020\/09\/DSC06635-300x225.jpg 300w, https:\/\/speyer24news.com\/wp-content\/uploads\/2020\/09\/DSC06635-768x576.jpg 768w, https:\/\/speyer24news.com\/wp-content\/uploads\/2020\/09\/DSC06635-678x509.jpg 678w, https:\/\/speyer24news.com\/wp-content\/uploads\/2020\/09\/DSC06635-326x245.jpg 326w, https:\/\/speyer24news.com\/wp-content\/uploads\/2020\/09\/DSC06635-80x60.jpg 80w\" sizes=\"(max-width: 800px) 100vw, 800px\" \/><figcaption>Eingang in die Mikwe (traditionelles j\u00fcdisches Bad) im Judenhof Speyer<br><em>Foto: Speyer 24\/7 News<\/em><\/figcaption><\/figure><\/div>\n\n\n\n<p>Die SchUM-St\u00e4tten existieren seit vielen Jahrhunderten. Im 10. Jahrhundert begann die Bl\u00fctezeit der in Speyer, Worms und Mainz ans\u00e4ssigen j\u00fcdischen Gemeinden. Sie pr\u00e4gten die synagogale Architektur und die Choreografie der rituellen Reinigung sowie die aschkenasische Grabkultur. Sie setzten auch religi\u00f6se Ma\u00dfst\u00e4be und brachten zahllose Gelehrte, kluge Frauen, Geschichtenerz\u00e4hler, liturgische Dichter und Kantorinnen hervor.\u00a0<\/p>\n\n\n\n<div class=\"wp-block-image\"><figure class=\"aligncenter\"><img decoding=\"async\" loading=\"lazy\" width=\"800\" height=\"542\" src=\"https:\/\/speyer24news.com\/wp-content\/uploads\/2020\/09\/Ensemble-WAKS-J\u00fcdische-Phonographenstimmen-\u00a9-WAKS.jpg\" alt=\"\" class=\"wp-image-30289\" srcset=\"https:\/\/speyer24news.com\/wp-content\/uploads\/2020\/09\/Ensemble-WAKS-J\u00fcdische-Phonographenstimmen-\u00a9-WAKS.jpg 800w, https:\/\/speyer24news.com\/wp-content\/uploads\/2020\/09\/Ensemble-WAKS-J\u00fcdische-Phonographenstimmen-\u00a9-WAKS-300x203.jpg 300w, https:\/\/speyer24news.com\/wp-content\/uploads\/2020\/09\/Ensemble-WAKS-J\u00fcdische-Phonographenstimmen-\u00a9-WAKS-768x520.jpg 768w\" sizes=\"(max-width: 800px) 100vw, 800px\" \/><figcaption>Ensemble WAKS &#8211; J\u00fcdische Phonographenstimmen<br><em>Foto: \u00a9 WAKS<\/em><\/figcaption><\/figure><\/div>\n\n\n\n<p>Die vielen Facetten j\u00fcdischer Geschichte und Gegenwart, Architektur, Religion, Kultur und Musik, der Pluralismus und die Lust am Diskutieren spiegeln sich im Programm der Kulturtage. Damit ist SchUM in allen drei St\u00e4dten pr\u00e4sent, nicht nur \u00fcber die Monumente und Friedh\u00f6fe, sondern auch kulturell. Ausf\u00fchrliche Informationen \u00fcber das Programm der Speyerer SchUM-Kulturtage \u2013 Konzerte, Vortr\u00e4ge, Lesungen, Podiumsdiskussionen, F\u00fchrungen \u2013 finden sich auf der Website\u00a0<a rel=\"noreferrer noopener\" href=\"https:\/\/deref-web.de\/mail\/client\/VX_rnXDx1lU\/dereferrer\/?redirectUrl=http%3A%2F%2Fwww.speyer.de\" target=\"_blank\">www.speyer.de<\/a>, das Programm der beiden anderen St\u00e4dte unter dem Link:\u00a0<a rel=\"noreferrer noopener\" href=\"https:\/\/deref-web.de\/mail\/client\/FSLr_S7q7qA\/dereferrer\/?redirectUrl=http%3A%2F%2Fwww.schumstaedte.de\" target=\"_blank\">www.schumstaedte.de<\/a>.\u00a0<\/p>\n\n\n\n<div class=\"wp-block-image\"><figure class=\"aligncenter\"><img decoding=\"async\" loading=\"lazy\" width=\"800\" height=\"623\" src=\"https:\/\/speyer24news.com\/wp-content\/uploads\/2020\/09\/Kantor_Yoni_Rose-\u00a9-Rafael-Herlich.png\" alt=\"\" class=\"wp-image-30290\" srcset=\"https:\/\/speyer24news.com\/wp-content\/uploads\/2020\/09\/Kantor_Yoni_Rose-\u00a9-Rafael-Herlich.png 800w, https:\/\/speyer24news.com\/wp-content\/uploads\/2020\/09\/Kantor_Yoni_Rose-\u00a9-Rafael-Herlich-300x234.png 300w, https:\/\/speyer24news.com\/wp-content\/uploads\/2020\/09\/Kantor_Yoni_Rose-\u00a9-Rafael-Herlich-768x598.png 768w\" sizes=\"(max-width: 800px) 100vw, 800px\" \/><figcaption>Kantor Yoni Rose<br><em>Foto: \u00a9 Rafael Herlich<\/em><\/figcaption><\/figure><\/div>\n\n\n\n<p>Alle Veranstaltungen werden gem\u00e4\u00df der Hygiene- und Abstandsregeln im Rahmen der anhaltenden Covid 19-Krise geplant und durchgef\u00fchrt. Daher wird es nur begrenzte Kontingente an Pl\u00e4tzen geben k\u00f6nnen. Anmeldungen sind \u00fcber die Website\u00a0<a rel=\"noreferrer noopener\" href=\"https:\/\/deref-web.de\/mail\/client\/k8jHJLeu6dY\/dereferrer\/?redirectUrl=http%3A%2F%2Fwww.speyer.de%2Fschum-kulturtage\" target=\"_blank\">www.speyer.de\/schum-kulturtage<\/a>\u00a0m\u00f6glich. So k\u00f6nnen die Veranstaltungen auch dem Gebot \u00fcber den Erhalt des Lebens (Pikuach Nefesh) nachkommen. Nach j\u00fcdischer Tradition ist jede Person angehalten, den eigenen K\u00f6rper und die eigene Gesundheit sorgf\u00e4ltig zu h\u00fcten.<\/p>\n\n\n\n<p><em>Text: Stadtverwaltung Speyer Foto: (1 &amp; 2) Speyer 24\/7 News; (3) WAKS; (4) Rafael Herlich<br>17.09.2020<\/em><\/p>\n","protected":false},"excerpt":{"rendered":"<div class=\"mh-excerpt\"><p>Gemeinsam und verflochten: Speyer, Worms und Mainz &#8211; J\u00fcdische Kulturtage SchUM jetzt auch in Speyer Speyer \/ Mainz \/ Worms &#8211; Erstmalig beteiligt sich in diesem Jahr Speyer, gemeinsam mit den St\u00e4dten Mainz und Worms, <a class=\"mh-excerpt-more\" href=\"https:\/\/speyer24news.com\/?p=30286\" title=\"J\u00fcdische Kulturtage SchUM\">[&#8230;]<\/a><\/p>\n<\/div>","protected":false},"author":3,"featured_media":24183,"comment_status":"open","ping_status":"open","sticky":false,"template":"","format":"standard","meta":{"_monsterinsights_skip_tracking":false,"_monsterinsights_sitenote_active":false,"_monsterinsights_sitenote_note":"","_monsterinsights_sitenote_category":0,"footnotes":""},"categories":[14],"tags":[8484,8479,8483,8480,8481,8482,8485,178,3361,6,2304],"aioseo_notices":[],"amp_enabled":true,"_links":{"self":[{"href":"https:\/\/speyer24news.com\/index.php?rest_route=\/wp\/v2\/posts\/30286"}],"collection":[{"href":"https:\/\/speyer24news.com\/index.php?rest_route=\/wp\/v2\/posts"}],"about":[{"href":"https:\/\/speyer24news.com\/index.php?rest_route=\/wp\/v2\/types\/post"}],"author":[{"embeddable":true,"href":"https:\/\/speyer24news.com\/index.php?rest_route=\/wp\/v2\/users\/3"}],"replies":[{"embeddable":true,"href":"https:\/\/speyer24news.com\/index.php?rest_route=%2Fwp%2Fv2%2Fcomments&post=30286"}],"version-history":[{"count":1,"href":"https:\/\/speyer24news.com\/index.php?rest_route=\/wp\/v2\/posts\/30286\/revisions"}],"predecessor-version":[{"id":30291,"href":"https:\/\/speyer24news.com\/index.php?rest_route=\/wp\/v2\/posts\/30286\/revisions\/30291"}],"wp:featuredmedia":[{"embeddable":true,"href":"https:\/\/speyer24news.com\/index.php?rest_route=\/wp\/v2\/media\/24183"}],"wp:attachment":[{"href":"https:\/\/speyer24news.com\/index.php?rest_route=%2Fwp%2Fv2%2Fmedia&parent=30286"}],"wp:term":[{"taxonomy":"category","embeddable":true,"href":"https:\/\/speyer24news.com\/index.php?rest_route=%2Fwp%2Fv2%2Fcategories&post=30286"},{"taxonomy":"post_tag","embeddable":true,"href":"https:\/\/speyer24news.com\/index.php?rest_route=%2Fwp%2Fv2%2Ftags&post=30286"}],"curies":[{"name":"wp","href":"https:\/\/api.w.org\/{rel}","templated":true}]}}