{"id":30326,"date":"2020-09-18T08:52:49","date_gmt":"2020-09-18T07:52:49","guid":{"rendered":"https:\/\/speyer24news.com\/?p=30326"},"modified":"2020-09-18T08:58:21","modified_gmt":"2020-09-18T07:58:21","slug":"polizei-353","status":"publish","type":"post","link":"https:\/\/speyer24news.com\/?p=30326","title":{"rendered":"Polizei"},"content":{"rendered":"<style type=\"text\/css\">\r\n\t.ads_top_disp{}\r\n\t.ads_top_corner_disp{ float:left; margin:0px 10px 10px 0px; }\r\n\t.ads_first_p_disp{}\r\n\t.ads_bottom_disp{}\r\n\t<\/style>\n<h2 class=\"wp-block-heading\">Polizeimeldungen vom Donnerstag (17.09.2020)<\/h2>\n\n\n\n<div class=\"wp-block-image\"><figure class=\"aligncenter\"><img decoding=\"async\" src=\"https:\/\/speyer24news.com\/wp-content\/uploads\/2020\/01\/Aktuelles-Polizeilogo.jpg\" alt=\"\" class=\"wp-image-23832\"\/><\/figure><\/div>\n\n\n\n<h4 class=\"wp-block-heading\">(Speyer) &#8211; Mit 1,99 Promille auf Fahrrad in Speyer-Nord unterwegs<\/h4>\n\n\n\n<p>Ein Strafverfahren wegen Trunkenheit im Verkehr leitet die Polizei am Mittwochabend gegen einen 39-j\u00e4hrigen Mann aus Speyer ein. Dieser war kurz vor 19 Uhr im Bereich des Holunderwegs mit einer Personengruppe in einen lautstarken Streit geraten. Die hier\u00fcber verst\u00e4ndigte Polizei konnte den vermeintlichen Initiator der Streitigkeiten dann auf seinem Fahrrad im Wei\u00dfdornweg feststellen und kontrollieren. Hierbei konnte Atemalkoholgeruch bei ihm wahrgenommen werden. Ein Alkoholtest ergab einen Wert von 1,99 Promille. Dem Mann wurde die Weiterfahrt untersagt, sein Fahrrad vor Ort verschlossen abgestellt. Ihm wurde eine Blutprobe entnommen.<\/p>\n\n\n\n<h4 class=\"wp-block-heading\">(Speyer) &#8211; Herumschreiender Lokalgast von Polizei in Gewahrsam genommen<\/h4>\n\n\n\n<p>Der Besuch eines 53-j\u00e4hrigen Mannes aus Heusenstamm in einem Lokal in der Ludwigstra\u00dfe endete f\u00fcr diesen am Mittwochabend im polizeilichen Gewahrsam. Zuvor wurde hatte dieser lautstark in dem Lokal herumgeschrien und dieses trotz Aufforderung nicht verlassen. Der unliebsame Gast konnte durch eine Polizeistreife dann in der Ludwigstra\u00dfe festgestellt werden, wie er sich seiner Schuhe entledigt hatte und diese in Richtung von Passanten und Fahrzeugen warf, ohne das diese jedoch getroffen wurden. Zudem p\u00f6belte er Passanten an. Gegen\u00fcber den Polizeibeamten gebar sich der Mann bei seiner Kontrolle \u00e4u\u00dferst sprunghaft. Nachdem ein bei ihm durchgef\u00fchrter Atemalkoholtest einen Wert von 1,89 Promille ergab, verhielt er sich im weiteren Verlauf der Kontrolle v\u00f6llig unkooperativ und aggressiv, sodass er letztlich durch in Gewahrsam genommen werden musste.<\/p>\n\n\n\n<h4 class=\"wp-block-heading\">(Speyer) &#8211; K\u00f6rperliche Auseinandersetzung mit Ex-Partnerin<\/h4>\n\n\n\n<p>Am Mittwoch gegen 17:03 Uhr trafen sich ein 34-J\u00e4hriger und eine 29-J\u00e4hrigen im Rahmen von Umzugsma\u00dfnahmen nach Trennung an ihrer ehemaligen gemeinsamen Wohnanschrift in R\u00f6merberg. Hier kam es zwischen den Beiden zu lautstarken Streitigkeiten, die darin gipfelten, dass die Frau von ihrem Ex-Partner mehrfach mit der flachen Hand ins Gesicht geschlagen worden sein soll. R\u00f6tungen im Gesichtsbereich konnten bei der 29-J\u00e4hrigen festgestellt werden. Gegen den 34-J\u00e4hrigen wurde ein Strafverfahren wegen K\u00f6rperverletzung eingeleitet. Dem bereits \u00f6rtlich getrennt von der Gesch\u00e4digten wohnenden Beschuldigten wurde die Kontaktaufnahme zu seiner Ex-Partnerin in den n\u00e4chsten Tagen per polizeilicher Gewaltschutzverf\u00fcgung untersagt.<\/p>\n\n\n\n<h4 class=\"wp-block-heading\">(Dudenhofen) &#8211; Schulwegkontrolle an Realschule Plus<\/h4>\n\n\n\n<p>Am Mittwochmorgen f\u00fchrte die Polizei zwischen 07:30 &#8211; 08:00 Uhr Schulwegkontrollen an der Realschule Plus in Dudenhofen durch. Hierbei kam es zu mehreren Gespr\u00e4chen mit Sch\u00fclern, Eltern und dem anwesenden Sch\u00fclerlotsendienst. Insgesamt beachteten Sch\u00fcler als auch deren Eltern bei der Begleitung ihrer Kinder die bestehenden Verkehrsregeln. Es mussten lediglich 3 M\u00e4ngelberichte wegen nicht mitgef\u00fchrter Dokumente ausgestellt werden.<\/p>\n\n\n\n<h4 class=\"wp-block-heading\">(Germersheim) &#8211; Langfinger nutzt g\u00fcnstige Gelegenheit<\/h4>\n\n\n\n<p>Zwei Trinkgeldkassen erbeutete ein noch unbekannter T\u00e4ter am Mittwochmorgen in Germersheim. Gegen 10:00 Uhr betrat dieser ein Friseurgesch\u00e4ft in der Oberamtsstra\u00dfe und entwendete die beiden Trinkgeldkassen vom Tresen des Gesch\u00e4ftes, w\u00e4hrend sich die Mitarbeiterin kurzzeitig in einem Nebenraum befand.<\/p>\n\n\n\n<p>Zeugen, die Hinweise zur Tat geben k\u00f6nnen, werden gebeten sich bei der Polizeiinspektion Germersheim unter Tel: 07274 9580 oder per Mail unter&nbsp;<a href=\"mailto:pigermersheim@polizei.rlp.de\">pigermersheim@polizei.rlp.de<\/a>&nbsp;zu melden.<\/p>\n\n\n\n<h4 class=\"wp-block-heading\">(Germersheim) &#8211; Drei platte Reifen&#8230;<\/h4>\n\n\n\n<p>&#8230;sind das Ergebnis einer Sachbesch\u00e4digung am Dienstagabend in Germersheim. Im Zeitraum von 19:25 Uhr bis 22:00 Uhr zerstach ein bisher unbekannter T\u00e4ter drei Reifen eines Ford Fiesta, der ordnungsgem\u00e4\u00df vor der Richard-von-Weizs\u00e4cker-Realschule in der August-Keiler-Stra\u00dfe geparkt war.<\/p>\n\n\n\n<p>Zeugen, die Hinweise zur Tat geben k\u00f6nnen, werden gebeten sich bei der Polizeiinspektion Germersheim unter Tel: 07274 9580 oder per Mail unter&nbsp;<a href=\"mailto:pigermersheim@polizei.rlp.de\">pigermersheim@polizei.rlp.de<\/a>&nbsp;zu melden.<\/p>\n\n\n\n<h4 class=\"wp-block-heading\">(Germersheim \/ Weingarten) &#8211; Mehrere Kontrollen anl\u00e4sslich der ROADPOL Safety Days (16.09. bis 22.09.2020) &#8230;<\/h4>\n\n\n\n<div class=\"wp-block-image\"><figure class=\"aligncenter\"><img decoding=\"async\" loading=\"lazy\" width=\"800\" height=\"558\" src=\"https:\/\/speyer24news.com\/wp-content\/uploads\/2020\/09\/ROADPOL.jpg\" alt=\"\" class=\"wp-image-30327\" srcset=\"https:\/\/speyer24news.com\/wp-content\/uploads\/2020\/09\/ROADPOL.jpg 800w, https:\/\/speyer24news.com\/wp-content\/uploads\/2020\/09\/ROADPOL-300x209.jpg 300w, https:\/\/speyer24news.com\/wp-content\/uploads\/2020\/09\/ROADPOL-768x536.jpg 768w\" sizes=\"(max-width: 800px) 100vw, 800px\" \/><figcaption>Geschwindigkeitskontrolle<\/figcaption><\/figure><\/div>\n\n\n\n<p>&#8230; f\u00fchrten Beamte der Polizeiinspektion Germersheim am Mittwoch in Germersheim und Weingarten durch. Der Tag begann mit Schulwegkontrollen in der Zeppelinstra\u00dfe in Germersheim. Hier verhielten sich sowohl die Eltern, als auch die Kinder vorbildlich. Im Anschluss wurde Kontrollen im Stadtgebiet Germersheim aus einem zivilen Fahrzeug heraus durchgef\u00fchrt. Zwei Gurtmuffel wurden kostenpflichtig verwarnt. Weiter ging es nach Weingarten, hier wurde in der Schlossgasse aufgrund von Hinweisen aus der Bev\u00f6lkerung eine Geschwindigkeitsmessung durchgef\u00fchrt. Verst\u00f6\u00dfe konnten nicht festgestellt werden. Abschlie\u00dfend wurde in der Mozartstra\u00dfe in Germersheim ebenfalls aufgrund von Hinweisen eine Geschwindigkeitskontrolle durchgef\u00fchrt. Auch hier stellten die, Beamten keine Verst\u00f6\u00dfe fest.<\/p>\n\n\n\n<h4 class=\"wp-block-heading\">(Hagenbach) &#8211; Fahrrad vor Einkaufsmarkt entwendet<\/h4>\n\n\n\n<p>Am 16.09.2020 wurde in der Zeit von 07:00-11:00 Uhr ein vor dem Edeka Markt in der Rheinstra\u00dfe verschlossen abgestelltes Fahrrad entwendet. Da das Fahrrad mittels Schloss gesichert war, ist anzunehmen, dass der unbekannte T\u00e4ter das Herrenrad, Bergamont, Farbe schwarz weggetragen hat.<\/p>\n\n\n\n<h4 class=\"wp-block-heading\">(Hergesweiler \/ B 427) &#8211; Transporter kommt von der Fahrbahn ab<\/h4>\n\n\n\n<div class=\"wp-block-image\"><figure class=\"aligncenter\"><img decoding=\"async\" loading=\"lazy\" width=\"800\" height=\"600\" src=\"https:\/\/speyer24news.com\/wp-content\/uploads\/2020\/09\/InkedUnfallbildhergersweiler_LI.jpg\" alt=\"\" class=\"wp-image-30328\" srcset=\"https:\/\/speyer24news.com\/wp-content\/uploads\/2020\/09\/InkedUnfallbildhergersweiler_LI.jpg 800w, https:\/\/speyer24news.com\/wp-content\/uploads\/2020\/09\/InkedUnfallbildhergersweiler_LI-300x225.jpg 300w, https:\/\/speyer24news.com\/wp-content\/uploads\/2020\/09\/InkedUnfallbildhergersweiler_LI-768x576.jpg 768w, https:\/\/speyer24news.com\/wp-content\/uploads\/2020\/09\/InkedUnfallbildhergersweiler_LI-678x509.jpg 678w, https:\/\/speyer24news.com\/wp-content\/uploads\/2020\/09\/InkedUnfallbildhergersweiler_LI-326x245.jpg 326w, https:\/\/speyer24news.com\/wp-content\/uploads\/2020\/09\/InkedUnfallbildhergersweiler_LI-80x60.jpg 80w\" sizes=\"(max-width: 800px) 100vw, 800px\" \/><\/figure><\/div>\n\n\n\n<p>Der Fahrer eines Kleintransporters kam am Mittwoch, 16.09.2020, gegen 17:10 Uhr, in Hergersweiler, auf der B 427, nach links von der Fahrbahn ab und prallte aus bislang noch nicht gekl\u00e4rter Ursache, nach einer Strecke von 200 Meter, gegen einen geparkten Pkw VW. Der geparkte Pkw wurde durch den Aufprall auf einen Baum geschoben. Der 55-j\u00e4hrige Fahrer wurde zur medizinischen Versorgung durch den Rettungsdienst in ein Krankenhaus verbracht. Der entstandene Sachschaden wird auf insgesamt 22.000.- Euro gesch\u00e4tzt. Beide Fahrzeuge mussten abgeschleppt werden.<\/p>\n\n\n\n<h4 class=\"wp-block-heading\">(Oberhausen \/ B 427) &#8211; Auf Verkehrsinsel geparkt<\/h4>\n\n\n\n<div class=\"wp-block-image\"><figure class=\"aligncenter\"><img decoding=\"async\" loading=\"lazy\" width=\"800\" height=\"600\" src=\"https:\/\/speyer24news.com\/wp-content\/uploads\/2020\/09\/UnfallbildOberhausen.jpg\" alt=\"\" class=\"wp-image-30329\" srcset=\"https:\/\/speyer24news.com\/wp-content\/uploads\/2020\/09\/UnfallbildOberhausen.jpg 800w, https:\/\/speyer24news.com\/wp-content\/uploads\/2020\/09\/UnfallbildOberhausen-300x225.jpg 300w, https:\/\/speyer24news.com\/wp-content\/uploads\/2020\/09\/UnfallbildOberhausen-768x576.jpg 768w, https:\/\/speyer24news.com\/wp-content\/uploads\/2020\/09\/UnfallbildOberhausen-678x509.jpg 678w, https:\/\/speyer24news.com\/wp-content\/uploads\/2020\/09\/UnfallbildOberhausen-326x245.jpg 326w, https:\/\/speyer24news.com\/wp-content\/uploads\/2020\/09\/UnfallbildOberhausen-80x60.jpg 80w\" sizes=\"(max-width: 800px) 100vw, 800px\" \/><\/figure><\/div>\n\n\n\n<p>Am Donnerstagmorgen, 17.09.2020, gegen 03:00 Uhr, bef\u00e4hrt ein 78-J\u00e4hriger mit seinem PKW Opel die B427 von Hergersweiler kommend in Fahrtrichtung Oberhausen. Bei der Einfahrt in den am Ortseingang Oberhausen gelegenen Kreisverkehr verliert der Fahrer die Kontrolle \u00fcber sein Fahrzeug und f\u00e4hrt geradeaus auf den Kreisverkehr. Der Pkw kommt auf der Gr\u00fcnfl\u00e4che zum Stehen. Der Fahrer bleibt unverletzt. Insgesamt entstand ein Sachschaden in H\u00f6he von 2.500 Euro.<\/p>\n\n\n\n<h4 class=\"wp-block-heading\">(Landau) &#8211; Bargeld aus Tierheim gestohlen<\/h4>\n\n\n\n<p>In der Nacht von Mittwoch auf Donnerstag kam es zu einem Einbruchsdiebstahl ins Tierheim im Rodenweg. Bislang unbekannte T\u00e4ter waren \u00fcber ein aufgebrochenes Fenster in das Geb\u00e4ude gelangt und haben einen zweistelligen Bargeldbetrag gestohlen. Der entstandene Sachschaden wird auf zirka 900 EUR beziffert. Derzeit liegen keine T\u00e4terhinweise vor. Die Tat ereignete sich zwischen 19.30 Uhr und 7 Uhr. Das Gel\u00e4nde ist umz\u00e4unt.<\/p>\n\n\n\n<p>Zeugenhinweise nimmt die Kriminalinspektion Landau telefonisch unter 06341\/2870 entgegen.<\/p>\n\n\n\n<h4 class=\"wp-block-heading\">(Landau) &#8211; Unter Drogeneinfluss Verkehrsunfall verursacht<\/h4>\n\n\n\n<p>Unter dem Einfluss von Cannabis stand ein 23 &#8211; j\u00e4hriger Autofahrer, welcher am Mittwochmittag gegen 16.20 Uhr einen Auffahrunfall im S\u00fcdring verursachte. Eine 30 &#8211; j\u00e4hrige Autofahrerin musste am Kreisverkehr verkehrsbedingt warten, der nachfolgende Unfallverursacher erkannte dies zu sp\u00e4t und konnte den Zusammensto\u00df nicht mehr verhindern. Im Rahmen der Verkehrsunfallaufnahme war der 23 &#8211; J\u00e4hrige sichtlich nerv\u00f6s, im weiteren Verlauf beichtete er den Beamten, dass er am Vorabend einen Joint mit Cannabis geraucht hatte. Ein Drogenvortest best\u00e4tigte den Verdacht. Der Fahrer musste zur Blutprobe. An den Fahrzeugen entstand Sachschaden in H\u00f6he von 500 EUR.<\/p>\n\n\n\n<h4 class=\"wp-block-heading\">(Landau) &#8211; Radfahrerin bei Unfall verletzt<\/h4>\n\n\n\n<p>Mit Absch\u00fcrfungen und R\u00fcckenschmerzen kam eine 75 &#8211; j\u00e4hrige Radfahrerin am Mittwoch ins Krankenaus. Die Seniorin war im Kreuzungsbereich Siedlungsstra\u00dfe\/Am Kleinwald von einem Autofahrer erfasst worden und st\u00fcrzte in Folge des Zusammensto\u00dfes zu Boden. Die Radfahrerin wurde vor Ort durch Rettungskr\u00e4fte medizinisch versorgt. Der 51 &#8211; j\u00e4hrige Autofahrer hatte die Radfahrerin vermutlich \u00fcbersehen. Unfallurs\u00e4chlich d\u00fcrfte eine Vorfahrtsverletzung gewesen sein. Der Verkehrsunfall ereignete sich gegen 11 Uhr.<\/p>\n\n\n\n<h4 class=\"wp-block-heading\">(Edesheim) &#8211; Erneut Modenbach verunreinigt<\/h4>\n\n\n\n<p>Mittwochabend (16.09.) um 18.25h bemerkten Passanten eine leicht milchige Eintr\u00fcbung des Modenbachs und verst\u00e4ndigten die Polizei. Die hinzugezogene Feuerwehr, sowie der Wassermeister der VG Edenkoben entnahmen Wasserproben. Gegen 20:00 Uhr hatte sich die Eintr\u00fcbung wieder verfl\u00fcchtigt.<\/p>\n\n\n\n<h4 class=\"wp-block-heading\">(Edenkoben) &#8211; Verletztes Kind bei Fahrradunfall<\/h4>\n\n\n\n<p>Zwei 11-j\u00e4hrige Jungen fuhren Mittwochmittag (16.09.20) mit ihrem Fahrrad in der Bismarckstra\u00dfe und kollidierten dort Lenker an Lenker. Ein Kind st\u00fcrzte zu Boden und zog sich eine Platzwunde am Hinterkopf zu. Das andere Kind fuhr aufgrund des Kontrollverlustes gegen einen geparkten PKW und besch\u00e4digten diesen leicht, verletzte sich dabei gl\u00fccklicherweise aber nicht. Zur Versorgung der Platzwunde wurde der Junge in ein Krankenhaus nach Landau gebracht. Vermutlich kam es zum Unfall, als einer der beiden den anderen \u00fcberholen wollte.<\/p>\n\n\n\n<h4 class=\"wp-block-heading\">(Ha\u00dfloch) &#8211; Hoftor umgefahren und gefl\u00fcchtet<\/h4>\n\n\n\n<p>Einen Sachschaden von 2.000, &#8211;EUR verursacht und sich nicht darum gek\u00fcmmert, hat Mittwochnachmittag (16. September 2020, 14:40 Uhr) der Fahrer eines dunklen Ford in Forst. Betroffen ist ein Winzer in der Weinstra\u00dfe, bei dem ein unbekannter Mann zuvor Wein eingekauft hat. Beim Verlassen des Innenhofs stie\u00df er mit der Fahrzeugfront gegen das massive Rolltor, riss es aus der Verankerung und fl\u00fcchtete. Obwohl es zun\u00e4chst nur vage Hinweise auf den Schadensverursacher gab, geht die Polizei Ha\u00dfloch davon aus, die Sache aufkl\u00e4ren zu k\u00f6nnen. In Verdacht steht ein \u00e4lterer aus dem Raum Ludwigshafen, der den Einkauf mittels Karte bezahlte. Ihn erwartet ein Strafverfahren wegen unerlaubten Entfernens vom Unfallort.<\/p>\n\n\n\n<h4 class=\"wp-block-heading\">(Ha\u00dfloch) &#8211; Anh\u00e4nger l\u00f6st sich von PKW<\/h4>\n\n\n\n<p>Auf der L532 in Richtung B\u00f6hl-Iggelheim war am Mittwochmittag (16. Sept. 2020, 12:15 Uhr) der Fahrer eines Kia mit seinem Anh\u00e4nger unterwegs, als sich dieser in H\u00f6he des Jugendhofs vom Gespann l\u00f6ste. Der H\u00e4nger erfasste einen in gleicher Richtung fahrenden Rennradfahrer, bevor er an einer Leitplanke zum Stehen kam. Der 49-J\u00e4hrige Radfahrer st\u00fcrzte und wurde mit Absch\u00fcrfungen, Prellungen und dem Verdacht von Rippenfrakturen in die Unfallklinik nach Oggersheim (BG Unfallklinik)eingeliefert. Warum sich der Anh\u00e4nger gel\u00f6st hat, konnte die Polizei Ha\u00dfloch vor Ort nicht kl\u00e4ren. Der Sachschaden wurde auf 1.000, &#8211;EUR gesch\u00e4tzt. Gegen den 37-J\u00e4hrigen Autofahrer wurde ein Strafverfahren wegen fahrl\u00e4ssiger K\u00f6rperverletzung eingeleitet.<\/p>\n\n\n\n<h4 class=\"wp-block-heading\">(Ha\u00dfloch) &#8211; Wieder betr\u00fcgerische Anrufe<\/h4>\n\n\n\n<p>Gleich zwei Mal versuchten am Mittwoch (16. Sept. 2020) Betr\u00fcger am Telefon Geld von \u00e4lteren Menschen zu erschwindeln. Bei einer 81-j\u00e4hrigen Deidesheimerin meldete sich eine junge Dame mit dem tats\u00e4chlichen Namen ihrer Enkelin. Dennoch erkannte die r\u00fcstige Rentnerin, dass die Person am Telefon nicht ihre Enkelin ist. Noch bevor eine Forderung nach Geld gestellt werden konnte, beendete sie das Telefonat. Wie die Anruferin an den Namen der Enkelin gelangen konnte, ist unklar. Sich ebenfalls nicht aus Glatteis f\u00fchren lassen, hat sich um 15:30 Uhr eine 87-J\u00e4hrige aus Ha\u00dfloch, der man vorgaukelte, ihr Enkel brauche dringend Geld, weil er in einen Autounfall verwickelt sei. Die Dame wurde misstrauisch und legte auf. Die Polizei Ha\u00dfloch warnt vor solchen Anrufen. Werden bekannte Telefonnummern im Display angezeigt, sei dies keinesfalls ein Beleg daf\u00fcr, dass man mit dem tats\u00e4chlichen Anschlussinhaber spreche. Kriminellen gel\u00e4nge es, beliebige Telefonnummern zu generieren und auf anzeigen zu lassen, auch solche von Polizei oder anderen Beh\u00f6rden, um bei ihren Opfern Vertrauen zu erwecken.<\/p>\n\n\n\n<h4 class=\"wp-block-heading\">(Bad D\u00fcrkheim) &#8211; Einbruch in Wohnung<\/h4>\n\n\n\n<p>Im Tagesverlauf des 16.09.2020 kam es in der Stra\u00dfe &#8222;In der Silz&#8220; zu einem Einbruch in eine in einem Mehrfamilienhaus gelegene Wohnung. Der oder die unbekannten T\u00e4ter verschafften sich mittels Aufhebeln der Wohnungst\u00fcr Zutritt zur Wohnung und entwendeten Schmuck im Wert von ca. 3000EUR. Zeugen, die in der Zeit von ca. 08:00 Uhr bis 17:15 Uhr verd\u00e4chtige Personen oder Fahrzeuge gesehen haben, werden gebeten, sich bei der Polizeiinspektion Bad D\u00fcrkheim zu melden (Tel. 06322\/963-0 oder&nbsp;<a href=\"mailto:pibadduerkheim@polizei.rlp.de\">pibadduerkheim@polizei.rlp.de<\/a>).<\/p>\n\n\n\n<h4 class=\"wp-block-heading\">(Bad D\u00fcrkheim) &#8211; PKWs mutwillig zerkratzt<\/h4>\n\n\n\n<p>Im Zeitraum vom 14.09.2020, ca. 20:00 Uhr bis 16.09.2020 ca. 14:00 Uhr wurden in der Jahnstra\u00dfe in Bad D\u00fcrkheim zwei ordnungsgem\u00e4\u00df geparkte PKWs mittels eines spitzen Gegenstandes durch bislang Unbekannte zerkratzt. Die Polizeiinspektion Bad D\u00fcrkheim bittet um Zeugenhinweise unter Tel. 06322\/963-0 oder&nbsp;<a href=\"mailto:pibadduerkheim@polizei.rlp.de\">pibadduerkheim@polizei.rlp.de<\/a>.<\/p>\n\n\n\n<h4 class=\"wp-block-heading\">(Freinsheim) &#8211; Verkehrsunfall aufgrund \u00fcberh\u00f6hter Geschwindigkeit<\/h4>\n\n\n\n<div class=\"wp-block-image\"><figure class=\"aligncenter\"><img decoding=\"async\" loading=\"lazy\" width=\"800\" height=\"600\" src=\"https:\/\/speyer24news.com\/wp-content\/uploads\/2020\/09\/Inkedimg_2482_LI.jpg\" alt=\"\" class=\"wp-image-30330\" srcset=\"https:\/\/speyer24news.com\/wp-content\/uploads\/2020\/09\/Inkedimg_2482_LI.jpg 800w, https:\/\/speyer24news.com\/wp-content\/uploads\/2020\/09\/Inkedimg_2482_LI-300x225.jpg 300w, https:\/\/speyer24news.com\/wp-content\/uploads\/2020\/09\/Inkedimg_2482_LI-768x576.jpg 768w, https:\/\/speyer24news.com\/wp-content\/uploads\/2020\/09\/Inkedimg_2482_LI-678x509.jpg 678w, https:\/\/speyer24news.com\/wp-content\/uploads\/2020\/09\/Inkedimg_2482_LI-326x245.jpg 326w, https:\/\/speyer24news.com\/wp-content\/uploads\/2020\/09\/Inkedimg_2482_LI-80x60.jpg 80w\" sizes=\"(max-width: 800px) 100vw, 800px\" \/><\/figure><\/div>\n\n\n\n<p>Am 17.09.2020 gegen 06:50 Uhr kam es in der Herxheimer Stra\u00dfe in Freinsheim zu einem Verkehrsunfall mit einer leichtverletzten Person sowie einem Gesamtsachschaden in H\u00f6he von ca. 20.000 EUR. Vorausgegangen war die Fahrt eines 19-J\u00e4hrigen BMW-Fahrers mit \u00fcberh\u00f6hter Geschwindigkeit aus Richtung L522 kommend in Richtung Reiboldstra\u00dfe. Aufgrund der den \u00f6rtlichen Gegebenheiten nicht angepassten Geschwindigkeit geriet dieser auf die Gegenfahrbahn, stie\u00df gegen eine Grundst\u00fcckmauer und kam ca. 75m nach dem Aufprall zum Stehen. Beim Aufprall wurde ein Reifen des PKW vollst\u00e4ndig von der Achse gerissen. Die Fahrerin eines entgegenkommenden Fahrzeugs erkannte die Situation fr\u00fchzeitig und konnte einen Zusammensto\u00df mit dem PKW des 19-J\u00e4hrigen durch Ausweichen verhindern. Eine Gef\u00e4hrdung der Fahrzeugf\u00fchrerin bestand zu keinem Zeitpunkt. Der Unfallverursacher wurde mit leichten Verletzungen in ein umliegendes Krankenhaus verbracht. Die Herxheimer Stra\u00dfe musste f\u00fcr die Dauer der Unfallaufnahme bis 08:30 Uhr gesperrt werden.<\/p>\n\n\n\n<h4 class=\"wp-block-heading\">(Frankenthal) &#8211; R\u00e4ubersicher Diebstahl von Handy am Strandbad<\/h4>\n\n\n\n<p>Am Mittwochabend, dem 16.09.2020, um 21:11 Uhr, halten drei 19-J\u00e4hrige sich im Bereich der Stra\u00dfe &#8222;Am Strandbad&#8220; 108 auf, als ein bislang unbekannter T\u00e4ter sich diesen n\u00e4hert. Der unbekannte T\u00e4ter nimmt sodann die von den drei 19-J\u00e4hrigen getragenen Kappen an sich und h\u00e4ndigt sie trotz Aufforderung nicht mehr aus. Kurze Zeit sp\u00e4ter nimmt der T\u00e4ter das Handy eines der Gesch\u00e4digten an sich und w\u00fcrgt den Gesch\u00e4digten, als dieser nach seinem Handy greift. Im Gerangel kann der Gesch\u00e4digte sein Handy zur\u00fcckgewinnen. Der T\u00e4ter ergreift daraufhin mit seinem Pedelec die Flucht.<\/p>\n\n\n\n<p><strong><em>Den Angaben der Gesch\u00e4digten zufolge ist der T\u00e4ter <\/em><\/strong><\/p>\n\n\n\n<ul><li>m\u00e4nnlich, <\/li><li>im mittleren Alter, <\/li><li>hat eine Glatze und <\/li><li>hat die Statur eines Bodybuilders. <\/li><li>Getragen habe er ein wei\u00dfes Unterhemd mit der schwarzen Aufschrift &#8222;Clavin Klein&#8220;, eine kurze Hose und eine Goldkette. <\/li><li>Neben dem Pedelec f\u00fchrte er eine Musikbox mit sich.<\/li><\/ul>\n\n\n\n<p>Zeugen werden gebeten sich an die Polizeiinspektion Frankenthal unter der Tel.-Nr.: 06233\/313-0 oder an die Polizeiwache Maxdorf unter der Tel.-Nr.: 06237\/934-1100 zu wenden. Gerne nehmen wir Ihre Hinweise auch per E-Mail unter&nbsp;<a href=\"mailto:pifrankenthal@polizei.rlp.de\">pifrankenthal@polizei.rlp.de<\/a>&nbsp;entgegen.<\/p>\n\n\n\n<h4 class=\"wp-block-heading\">(Frankenthal) &#8211; Zwei Personen mit nicht versichertem E-Scooter unterwegs<\/h4>\n\n\n\n<p>Da an seinem E-Scooter kein Versicherungsaufkleber angebracht ist, wird der 23-j\u00e4hrige Fahrer eines E-Scooters am 16.09.2020, um 14:15 Uhr, einer Verkehrskontrolle unterzogen. Im Rahmen der Verkehrskontrolle erh\u00e4rtet sich der Verdacht, dass der E-Scooter nicht versichert ist, weshalb ein Strafverfahren gegen ihn eingeleitet wird.<\/p>\n\n\n\n<p>Um 15:09 Uhr wird in der Robert-Bosch-Stra\u00dfe ein 24-j\u00e4hriger Fahrer eines E-Scooters ebenfalls einer Verkehrskontrolle unterzogen. Aufgrund mangelnden Versicherungsschutzes wird auch gegen ihn ein Strafverfahren wegen des Versto\u00dfes gegen das Pflichtversicherungsgesetz eingeleitet.<\/p>\n\n\n\n<p>Die Polizei weist darauf hin, dass f\u00fcr E-Scooter, die im \u00f6ffentlichen Verkehrsraum gef\u00fchrt werden, sowohl eine Betriebserlaubnis als auch eine Versicherung vorliegen muss. Den beiden Fahrern wurde die Weiterfahrt mit den E-Scootern untersagt.<\/p>\n\n\n\n<h4 class=\"wp-block-heading\">(Frankenthal) &#8211; Verkehrsunfall zwischen PKW und 11-j\u00e4hriger Radfahrerin<\/h4>\n\n\n\n<p>Am Mittwochmorgen, dem 16.09.2020, gegen 07:10 Uhr, kommt es in der Benderstra\u00dfe zu einem Verkehrsunfall zwischen dem 77-j\u00e4hrigen Fahrer eines Peugeot 206 und einer 11-j\u00e4hrigen Radfahrerin, als diese die Fahrbahn auf dem Zebrastreifen \u00fcberquert. Infolge der Kollision beider Fahrzeuge erleidet die 11-j\u00e4hrige Frankenthalerin Sch\u00fcrfwunden und wird durch den Rettungsdienst in ein Krankenhaus verbracht. An dem PKW entsteht ein Schaden von ca. 200 Euro. Im Rahmen der Unfallaufnahme stellen die Beamten bei dem 77-J\u00e4hrigen k\u00f6rperliche M\u00e4ngel fest, wodurch der Verdacht besteht, dass dieser nicht zum sicheren F\u00fchren von Kraftfahrzeugen geeignet ist.<\/p>\n\n\n\n<p>Die Polizei weist darauf hin, dass nicht nur Alkohol oder andere berauschende Mittel, sondern auch geistige und k\u00f6rperliche M\u00e4ngel die Fahrt\u00fcchtigkeit herabsetzen k\u00f6nnen. Gegen den 77-j\u00e4hrigen Frankenthaler wurde ein Ermittlungsverfahren wegen des Verdachtes der Stra\u00dfenverkehrsgef\u00e4hrdung eingeleitet und der F\u00fchrerschein sichergestellt.<\/p>\n\n\n\n<h4 class=\"wp-block-heading\">(Polizeiautobahnstation Ruchheim) &#8211; Autobahnpolizei beteiligt sich an den Roadpol Safety Days<\/h4>\n\n\n\n<div class=\"wp-block-image\"><figure class=\"aligncenter\"><img decoding=\"async\" loading=\"lazy\" width=\"800\" height=\"533\" src=\"https:\/\/speyer24news.com\/wp-content\/uploads\/2020\/09\/UnterwegsaufderAutobahnGro\u00df.jpg\" alt=\"\" class=\"wp-image-30331\" srcset=\"https:\/\/speyer24news.com\/wp-content\/uploads\/2020\/09\/UnterwegsaufderAutobahnGro\u00df.jpg 800w, https:\/\/speyer24news.com\/wp-content\/uploads\/2020\/09\/UnterwegsaufderAutobahnGro\u00df-300x200.jpg 300w, https:\/\/speyer24news.com\/wp-content\/uploads\/2020\/09\/UnterwegsaufderAutobahnGro\u00df-768x512.jpg 768w\" sizes=\"(max-width: 800px) 100vw, 800px\" \/><\/figure><\/div>\n\n\n\n<p>Die Polizeiautobahnstation Ruchheim beteiligte sich am 17.09.2020 an den Roadpol Safety Days, die vom 16.09.20 bis zum 22.09.20 stattfinden und \u00fcberwachte mit einem zivilen Geschwindigkeitsmessfahrzeug die Autobahnen Rund um Ludwigshafen. Hierbei wurden neben mehreren Geschwindigkeitsverst\u00f6\u00dfen, auch Verst\u00f6\u00dfe gegen das \u00dcberholverbot festgestellt. Der gravierendste Versto\u00df an diesem Tag, war die Geschwindigkeits\u00fcberschreitung von 55 km\/h, bei einer zul\u00e4ssigen H\u00f6chstgeschwindigkeit von 80 km\/h im Baustellenbereich der BAB 6, H\u00f6he Frankenthal. Den 50-j\u00e4hrigen Fahrer erwartet nun neben dem Bu\u00dfgeld noch ein 1-monatiges Fahrverbot.<\/p>\n\n\n\n<h4 class=\"wp-block-heading\">(Ludwigshafen) &#8211; Trunkenheitsfahrten<\/h4>\n\n\n\n<p>Bei einer Verkehrskontrolle am Mittwoch, 16.09.2020, um 13.00 Uhr, kontrollierten Polizeibeamte einen 32-j\u00e4hrigen Autofahrer in der Budapester Stra\u00dfe. Der Mann stand unter dem Einfluss von Cannabis, weswegen ihm eine Blutprobe entnommen wurde. Ihn erwartet eine Ordnungswidrigkeitenanzeige wegen Fahrens unter Drogeneinfluss.<\/p>\n\n\n\n<p>Ein 28-j\u00e4hriger Autofahrer hatte am Donnerstag, 17.09.2020, um 4 Uhr, bei einer Kontrolle in der Friesenheimer Stra\u00dfe 1,5 Promille Atemalkohol. Auch ihm wurde eine Blutprobe entnommen. Sein F\u00fchrerschein wurde sichergestellt. Ein Strafverfahren wegen Trunkenheit im Verkehr wurde eingeleitet.<\/p>\n\n\n\n<h4 class=\"wp-block-heading\">(Ludwigshafen) &#8211; E-Scooter-Fahrerin bei Unfall verletzt<\/h4>\n\n\n\n<p>Am Donnerstag, 17.09.2020, um 0:30 Uhr, touchierte eine 20-J\u00e4hrige mit ihrem E-Scooter ein geparktes Auto in der Erzbergerstra\u00dfe und st\u00fcrzte. Hierbei brach sie sich vermutlich das Handgelenk. Sie kam in ein Krankenhaus.<\/p>\n\n\n\n<h4 class=\"wp-block-heading\">(Ludwigshafen) &#8211; Airbags l\u00f6sen bei Unfall aus<\/h4>\n\n\n\n<p>Am Mittwoch, 16.09.2020, um 16:50 Uhr, kam es auf dem Kaiserw\u00f6rthdamm zu einem Verkehrsunfall, bei dem die Airbags im Auto eines 49-J\u00e4hrigen ausl\u00f6sten. Er verletzte sich dabei leicht. Vor ihm fuhr ein 22-J\u00e4hriger mit seinem Auto aus Rheing\u00f6nheim kommend und wollte nach rechts auf das Gel\u00e4nde eines Autohauses abbiegen. Der 49-J\u00e4hrige fuhr auf das vorausfahrende Auto auf, wobei die Airbags ausl\u00f6sten. Sein Auto war nicht mehr fahrbereit. Es entstand insgesamt Sachschaden von rund 3.500 Euro.<\/p>\n\n\n\n<h4 class=\"wp-block-heading\">(Ludwigshafen) &#8211; Unfall mit Radfahrerin \/ Zeugen gesucht<\/h4>\n\n\n\n<p>Am Mittwoch, 16.09.2020, 13:10 Uhr, kam es an der Einm\u00fcndung Ruchheimer Stra\u00dfe \/ Speyerer Stra\u00dfe zu einem Verkehrsunfall, bei dem eine 74-j\u00e4hrige Radfahrerin leicht verletzt wurde. Ein 52-J\u00e4hriger befuhr mit seinem schwarzen Volvo Kombi die Ruchheimer Stra\u00dfe in Richtung Speyerer Stra\u00dfe. An der Ampel an der Einm\u00fcndung der Speyerer Stra\u00dfe \u00fcberquerte die Radfahrerin die Fahrbahn. Dabei kam es zum Zusammensto\u00df und die Frau st\u00fcrzte. Da der Unfallhergang unklar ist, sucht die Polizeiwache Oggersheim Zeugen. Wer hat den Unfall beobachtet und kann Angaben dazu machen? Bitte melden Sie sich bei der Polizeiwache Oggersheim unter Tel. 0621 963 &#8211; 2403 oder per Mail&nbsp;<a href=\"mailto:pwoggersheim@polizei.rlp.de\">pwoggersheim@polizei.rlp.de<\/a>.<\/p>\n\n\n\n<h4 class=\"wp-block-heading\">(Ludwigshafen) &#8211; Einbruch in Firmengeb\u00e4ude<\/h4>\n\n\n\n<p>Im Zeitraum Dienstag (15.09.2020, 18:30 Uhr) bis Mittwoch (16.09.2020, 9:30 Uhr) brachen unbekannte T\u00e4ter in ein Firmengeb\u00e4ude im Lina-Staab-Weg ein und stahlen einen geringen Bargeldbetrag. Wer hat Dienstag auf Mittwoch verd\u00e4chtige Personen oder Fahrzeuge im Lina-Staab-Weg beobachtet? Sachdienliche Hinweise nimmt die Kriminalpolizei Ludwigshafen unter der Telefonnummer 0621\/963-2773 oder per E-Mail&nbsp;<a href=\"mailto:kiludwigshafen.k1.kdd@polizei.rlp.de\">kiludwigshafen.k1.kdd@polizei.rlp.de<\/a>&nbsp;entgegen.<\/p>\n\n\n\n<h4 class=\"wp-block-heading\">(Ludwigshafen) &#8211; Uneinsichtiger Autofahrer benutzt Handy<\/h4>\n\n\n\n<p>Mit einem uneinsichtigen Autofahrer hatten es Polizeibeamte am Mittwoch, 16.09.2020, 8:30 Uhr, bei einer Verkehrskontrolle in der Saarlandstra\u00dfe zu tun. Der 26-J\u00e4hrige war den Beamten aufgefallen, da er als Autofahrer w\u00e4hrend der Fahrt sein Handy benutzte. Bei der anschlie\u00dfenden Kontrolle sah er kein Fehlverhalten bei sich. Ihn erwartet nun ein Bu\u00dfgeld von 100 Euro und einen Punkt.<\/p>\n\n\n\n<p>Smartphones sind die st\u00e4rksten ablenkenden Ger\u00e4te im Stra\u00dfenverkehr Nicht jede T\u00e4tigkeit lenkt Autofahrer jedoch gleicherma\u00dfen ab. Laut einer Untersuchung der Unfallforschung der Versicherer (UDV) ist das Schreiben von Textnachrichten auf dem Smartphone eine der am st\u00e4rksten ablenkenden T\u00e4tigkeiten, wohingegen die Bedienung des Bordcomputers erheblich weniger Aufmerksamkeit fordert. Dies zeigt laut UDV, dass die Bem\u00fchungen der Fahrzeugindustrie hinsichtlich einer benutzerfreundlichen Gestaltung der Mensch-Maschine-Schnittstelle, erfolgreich sind.<\/p>\n\n\n\n<p>Weitere Hinweise finden Sie unter&nbsp;<a target=\"_blank\" href=\"https:\/\/www.polizei.rlp.de\/de\/aufgaben\/verkehr\/haeufige-unfallursachen\/ablenkung\/\" rel=\"noreferrer noopener\">https:\/\/www.polizei.rlp.de\/de\/aufgaben\/verkehr\/haeufige-unfallursachen\/ablenkung\/<\/a><\/p>\n\n\n\n<h4 class=\"wp-block-heading\">(Ludwigshafen) &#8211; Gest\u00fcrzter Kradfahrer und besch\u00e4digter Rettungswagen<\/h4>\n\n\n\n<p>Am Mittwoch, 16.09.2020, 7:30 Uhr, st\u00fcrzte ein 52-J\u00e4hriger mit seinem Leichtkraftrad als er vom Hohen Weg nach links in die Hauptstra\u00dfe abbiegen wollte. Er verletzte sich und musste mit einem Rettungswagen in ein Krankenhaus gebracht werden. W\u00e4hrend die Sanit\u00e4ter den Verletzten versorgten und transportf\u00e4hig machten, streifte ein 49-J\u00e4hriger mit seinem Auto den mit eingeschaltetem Blaulicht auf der Stra\u00dfe stehenden Rettungswagen. Es entstand insgesamt Sachschaden von rund 1.250 Euro.<\/p>\n\n\n\n<h4 class=\"wp-block-heading\">(Mannheim) &#8211; Fahrer eines Kastenwagens sch\u00e4tzt H\u00f6he falsch ein und bleibt im &#8222;Suezkanal&#8220; stecken<\/h4>\n\n\n\n<p>Am Mittwoch gegen 18.16 Uhr sch\u00e4tzte der 46-j\u00e4hrige Fahrer eines Opel-Kastenwagens, der mit Schwung von der Bismarckstra\u00dfe in die Tunnelstra\u00dfe \/ Suezkanal in Richtung Lindenhof fuhr, die H\u00f6he seines Fahrzeugs falsch ein und blieb dort stecken. Der Tunnel ist nur f\u00fcr Fahrzeuge mit einer Gesamth\u00f6he von 2,80 m zugelassen. Der Opel Movano (H\u00f6he von ca. 3 Metern) blieb nach zwei bis drei Metern im Tunnel stecken, wobei das Dach auf der gesamten L\u00e4nge abgerissen wurde und nun hinter dem Fahrzeug \u00fcber den Heckt\u00fcren hing. Verletzt wurde beim Unfall niemand. Das Fahrzeug musste zun\u00e4chst freigeschleppt werden. Es entstand Sachschaden in H\u00f6he von ca. 3.000 Euro. Zu gr\u00f6\u00dferen Verkehrsbehinderungen kam es nicht.<\/p>\n\n\n\n<h4 class=\"wp-block-heading\">(Mannheim-Innenstadt) &#8211; Auseinandersetzung zwischen zwei Personengruppen<\/h4>\n\n\n\n<h4 class=\"wp-block-heading\" style=\"text-align:center\">Pressemeldung Nr. 2<\/h4>\n\n\n\n<p>In der Innenstadt Mannheim, im Bereich des Marktplatzes, kam es am Mittwochabend gegen 21 Uhr zu einer Auseinandersetzung zwischen zwei rivalisierenden Personengruppen. Aufgrund zahlreicher Notrufe reagierte die Polizei und fuhr die \u00d6rtlichkeit mit starken Kr\u00e4ften an. Bei Eintreffen der ersten Fahrzeuge gingen die beteiligten Personen fl\u00fcchtig. Dennoch gelang es, einige Tatbeteiligte vor Ort zu stellen und vorl\u00e4ufig festzunehmen. Zudem konnten auch genutzte Schlagwerkzeuge in der N\u00e4he aufgefunden und sichergestellt werden. Nach Abschluss der polizeilichen Ma\u00dfnahmen wurden die beteiligten Personen wieder entlassen. Die genauen Hintergr\u00fcnde der Tat sind Gegenstand der Ermittlungen, die das Kriminalkommissariat Mannheim \u00fcbernommen hat.<\/p>\n\n\n\n<h4 class=\"wp-block-heading\">(Mannheim-Innenstadt) &#8211; Auseinandersetzungen auf dem Marktplatz; acht Personen vorl\u00e4ufig festgenommen; verschieden Arten von Waffen sichergestellt; Hintergr\u00fcnde noch unklar; Kripo ermittelt<\/h4>\n\n\n\n<h4 class=\"wp-block-heading\" style=\"text-align:center\">Pressemitteilung Nr. 3<\/h4>\n\n\n\n<p>Nach den Auseinandersetzungen zweier Gruppierungen am Mittwochabend auf dem Marktplatz wurden insgesamt acht Personen vorl\u00e4ufig festgenommen. Drei Beteiligte wurden im Rahmen der handfesten Auseinandersetzungen verletzt.<\/p>\n\n\n\n<p>Beim Eintreffen der ersten Streifenwagenbesatzungen versuchten zwar alle Beteiligte, sich abzusetzen, allerdings konnten acht von ihnen Dank des schnellen und konsequenten Eingreifens festgesetzt werden.<\/p>\n\n\n\n<p>Es wurden ein Teleskopschlagstock, ein Elektroschocker, ein Baseballschl\u00e4ger und eine Reizgaspistole sichergestellt.<\/p>\n\n\n\n<p>Videoaufnahmen vom Marktplatz wurden gesichert und befinden sich aktuell in der Auswertung.<\/p>\n\n\n\n<p>\u00dcber die Gesamtzahl der beteiligten Gruppierungen liegen noch keine verl\u00e4sslichen Informationen vor. Bei den Festgenommenen handelt es sich um multinationale Personen, die zum \u00fcberwiegenden Teil nicht in Mannheim wohnen. Nach ihren Identit\u00e4tsfeststellungen und erkennungsdienstlichen Behandlungen wurden alle Festgenommen wieder auf freien Fu\u00df gesetzt. Sie \u00e4u\u00dferten sich bislang nicht zu den Geschehnissen.<\/p>\n\n\n\n<p>Das Kriminalkommissariat Mannheim hat bereits in der Nacht mit acht Ermittlern die weiteren Recherchen wegen des Verdachts des schweren Landfriedensbruchs aufgenommen. Die Zentrale Kriminaltechnik der Kriminalpolizeidirektion Heidelberg sicherten Spuren am Tatort und an den festgenommenen Personen.<\/p>\n\n\n\n<p>Derzeitigen Erkenntnissen zufolge waren weniger ethnischen, vielmehr Milieustreitigkeiten im kriminellen Umfeld f\u00fcr das Entstehen des Konflikts ausschlaggebend.<\/p>\n\n\n\n<p>Zeugen, die Hinweise zu den Geschehnissen auf dem Marktplatz geben k\u00f6nnen, werden gebeten, sich mit dem Kriminaldauerdienst, Tel.: 0621\/174-4444 oder mit dem Polizeirevier MA-Innenstadt, Tel.: 0621\/1258-0 in Verbindung zu setzen.<\/p>\n\n\n\n<h4 class=\"wp-block-heading\">(Mannheim-Friesenheimer Insel) &#8211; Auffahrunfall mit hohem Sachschaden<\/h4>\n\n\n\n<p>Zu einem Verkehrsunfall kam es am Mittwochmorgen gegen 06:45 Uhr an der Kreuzung Diffenestra\u00dfe\/Einsteinstra\u00dfe. Ein 49-j\u00e4hriger VW Fahrer war auf der Diffenestra\u00dfe in Richtung Sandhofen unterwegs, als er nach links in die Einsteinstra\u00dfe abbiegen wollte und deshalb verkehrsbedingt bis zum Stillstand abbremsen musste. In Folge dessen fuhr ihm aufgrund von Unachtsamkeit ein 35-j\u00e4hriger Mann mit seinem Ford auf. Der 49-j\u00e4hrige Mann wurde bei dem Unfall leicht verletzt und mit einem Rettungswagen in eine Klinik gefahren. Beide Fahrzeuge waren nicht mehr fahrbereit und mussten abgeschleppt werden. Der Sachschaden betr\u00e4gt rund 35.000EUR.<\/p>\n\n\n\n<h4 class=\"wp-block-heading\">(Mannheim-Feudenheim) &#8211; Verkehrsunfall mit Fahrerflucht \/ Zeugen gesucht<\/h4>\n\n\n\n<p>Am Mittwoch kam es zwischen 08:45 Uhr und 08:55 Uhr auf einem Supermarktparkplatz in der Hauptstra\u00dfe zu einem Verkehrsunfall, bei dem der Verursacher anschlie\u00dfend das Weite suchte. Vermutlich beim Rangieren besch\u00e4digte der bisher unbekannte Autofahrer einen geparkten Dacia und entfernte sich danach einfach von der Unfallstelle. Der Sachschaden liegt bei rund 3.000EUR.<\/p>\n\n\n\n<p>Zeugen, die sachdienliche Hinweise geben k\u00f6nnen, werden gebeten sich beim Polizeiposten Mannheim-Feudenheim, unter der Telefonnummer 0621-718490, oder beim Polizeirevier K\u00e4fertal, unter der Telefonnummer 0621-718490, zu melden.<\/p>\n\n\n\n<h4 class=\"wp-block-heading\">(Mannheim \/ Heddesheim \/ Ilvesheim \/ Weinheim \/ Ludwigshafen \/ Altrip) &#8211; Durchsuchungen in mehreren Ermittlungsverfahren der StA Mannheim wegen des Verdachts des gewerbsm\u00e4\u00dfigen Sozialleistungs- und Subventionsbetrugs sowie des Mietbetrugs\/Mietwuchers<\/h4>\n\n\n\n<h4 class=\"wp-block-heading\">Gemeinsame Presseerkl\u00e4rung der Staatsanwaltschaft Mannheim und des Polizeipr\u00e4sidiums Mannheim<\/h4>\n\n\n\n<p>Das Polizeipr\u00e4sidium Mannheim f\u00fchrte am 15.09.2020 und am 17.09.2020 unter der Federf\u00fchrung der &#8222;BAO West&#8220; (eine sog. Besondere Aufbauorganisation innerhalb der Polizei f\u00fcr eine #SichereNeckarstadt) mit Unterst\u00fctzung des Polizeipr\u00e4sidiums Einsatz und unter Beteiligung der Stadt Mannheim, des Hauptzollamts Karlsruhe und des Landeskriminalamts Baden-W\u00fcrttemberg eine gro\u00df angelegte Durchsuchungsaktion durch. Die Ermittlungen richten sich gegen drei Eigent\u00fcmer(-familien) von sog. Problemimmobilien und deren Hausverwalter, die im Verdacht stehen, unter Ausnutzung der hilflosen Lage der vornehmlich s\u00fcdosteurop\u00e4ischen Bewohner, gewerbsm\u00e4\u00dfig Sozialleistungs- und Mietbetrug\/Mietwucher begangen zu haben. Weiter werden Ermittlungen gegen einen Mann gef\u00fchrt, der im Verdacht steht, zusammen mit einem der Hausverwalter durch F\u00e4lschen von Unterlagen und Beratungsleistungen Personen unrechtm\u00e4\u00dfig sog. Corona-Hilfen beschafft zu haben.<\/p>\n\n\n\n<p>In diesem Zusammenhang ordnete ein Haftrichter auf Antrag der Staatsanwaltschaft Mannheim Untersuchungshaft gegen einen 55-j\u00e4hrigen bulgarischen Staatsangeh\u00f6rigen an, der als einer der Hausverwalter des gewerbsm\u00e4\u00dfigen Betrugs zu Lasten der Sozial\u00e4mter dringend tatverd\u00e4chtig ist. Er wurde nach der Er\u00f6ffnung des Haftbefehls wegen Flucht- und Verdunkelungsgefahr in eine Justizvollzugsanstalt eingewiesen.<\/p>\n\n\n\n<p>Vor diesem Hintergrund wurden am fr\u00fchen Dienstag- und Donnerstagmorgen im Stadtgebiet Mannheim sowie in Heddesheim, Ilvesheim, Weinheim sowie in Ludwigshafen und Altrip insgesamt \u00fcber 330 Durchsuchungsbeschl\u00fcsse in 18 Immobilien vollzogen. Die Beschl\u00fcsse waren auf Antrag der Staatsanwaltschaft Mannheim vom Amtsgericht Mannheim erlassen worden. Die Durchsuchung f\u00fchrte zum Auffinden beweiserheblicher Unterlagen, die weiterer Auswertungen und intensiver Ermittlungen bed\u00fcrfen.<\/p>\n\n\n\n<p>Ein Beleg f\u00fcr die Wichtigkeit der \u00dcberpr\u00fcfungen war der Mietvertrag eines Bewohners, der f\u00fcr seinen 3,5 qm gro\u00dfen Raum, der eigentlich als Notausgang vorgesehen ist, 320 EUR Miete zu entrichten hatte.<\/p>\n\n\n\n<p>Die Stadt Mannheim f\u00fchrte in den betreffenden Immobilien im Stadtgebiet Mannheim zus\u00e4tzlich melderechtliche \u00dcberpr\u00fcfungen der dort anwesenden Bewohner sowie baurechtliche \u00dcberpr\u00fcfungen durch. Wegen des Verdachts gef\u00e4lschter Fl\u00e4chenangaben in Mietvertr\u00e4gen wurde eine Vermessung der R\u00e4ume vorgenommen. Mit falschen Angaben sollen die Verd\u00e4chtigen soziale Leistungen in einer H\u00f6he von mehreren Hunderttausend Euro erschlichen haben. Der Schaden im Bereich des Subventionsbetrugs beziffert sich auf mehrere zehntausend Euro. Der entstandene Schaden durch Mietwucher\/-betrug ist bislang noch nicht bezifferbar.<\/p>\n\n\n\n<p>An beiden Einsatztagen waren jeweils \u00fcber 300 Einsatzkr\u00e4fte der Polizei sowie der Stadt Mannheim und des Hauptzollamts Karlsruhe an der Durchsuchungsaktion beteiligt. In den Objekten wurden insgesamt 361 Personen angetroffen und deren Identit\u00e4t zweifelsfrei festgestellt.<\/p>\n\n\n\n<h4 class=\"wp-block-heading\">(Heidelberg) &#8211; 31-j\u00e4hriger Mann nach exhibitionistischer Handlung festgenommen<\/h4>\n\n\n\n<div class=\"wp-block-image\"><figure class=\"aligncenter\"><img decoding=\"async\" src=\"https:\/\/speyer24news.com\/wp-content\/uploads\/2020\/03\/Zelle.jpg\" alt=\"\" class=\"wp-image-25718\"\/><\/figure><\/div>\n\n\n\n<p>Ein 31-j\u00e4hriger Mann wurde am Mittwochabend in der Altstadt festgenommen. Er steht im dringenden Verdacht, gegen 21.15 Uhr, in der Fu\u00dfg\u00e4ngerzone onanierend gegen\u00fcber zwei Frauen aufgetreten zu sein. Dar\u00fcber hinaus soll er einen Zeugen angegriffen haben, der sich bei dem 31-J\u00e4hrigen lautstark beschwerte. Dem betrunkenen Mann wurde beim Polizeirevier HD-Mitte eine Blutprobe entnommen. Die Ermittlungen des Dezernats Sexualdelikte der Kriminalpolizeidirektion Heidelberg dauern an.<\/p>\n\n\n\n<h4 class=\"wp-block-heading\">(Heidelberg) &#8211; Unbekannter Mann auf Diebestour; Zeugen gesucht<\/h4>\n\n\n\n<p>Am fr\u00fchen Mittwochnachmittag war ein bislang unbekannter Mann in der Altstadt auf Diebestour.<\/p>\n\n\n\n<p>Gegen 13 Uhr stahl der Mann in einem Gesch\u00e4ft f\u00fcr Kleinartikel in der Fu\u00dfg\u00e4ngerzone, gegen\u00fcber der Einm\u00fcndung Krahnengasse, am Uniplatz, zwei Geldbeutel und fl\u00fcchtete aus dem Gesch\u00e4ft in Richtung Neckar. Als dies eine Angestellte bemerkte, folgte sie dem Mann, verlor ihn aber im Bereich der Neckarstaden aus den Augen. eine sofort eingeleitete Fahndung blieb ohne ergebnis. Auf der Flucht warf der T\u00e4ter die gestohlenen Geldbeutel weg, die anschlie\u00dfend zwecks Spurensicherung sichergestellt wurden. Ob daraus etwas entwendet wurde, ist noch nicht bekannt.<\/p>\n\n\n\n<p><strong><em>Der Mann wird wie folgt beschrieben: <\/em><\/strong><\/p>\n\n\n\n<ul><li>ca. 30-40 Jahre;<\/li><li>ca. 180 cm; <\/li><li>mollig, mit deutlichem Bauchansatz, <\/li><li>buschige Augenbrauen; <\/li><li>kurze Haare und Dreitagebart. <\/li><li>Der Unbekannte trug eine dunkle Baskenm\u00fctze und einen markanten schwarzen Mundschutz mit der gelben Aufschrift: &#8222;Cavaly&#8220;. Dar\u00fcber hinaus war er bekleidet mit einem blau\/wei\u00df-gestreiften Hemd und hatte eine schwarze Umh\u00e4ngetasche und eine Papiert\u00fcte dabei.<\/li><\/ul>\n\n\n\n<p>W\u00e4hrend der Ermittlungen wurde bekannt, dass vermutlich derselbe T\u00e4ter -die Beschreibung gleicht sich eindeutig- rund eine halbe Stunde zuvor im Gesch\u00e4ft derselben Firma am Eingang der Fu\u00dfg\u00e4ngerzone, H\u00f6he Fahrtgasse, zwanzig Mundschutzmasken von einem St\u00e4nder entwendete.<\/p>\n\n\n\n<p>Zeugen, die Hinweise zu dem Ladendieb mit der auff\u00e4lligen Personenbeschreibung geben k\u00f6nnen, werden gebeten, sich beim Polizeirevier HD-Mitte, Tel.: 06221\/99-1700 zu melden.<\/p>\n\n\n\n<h4 class=\"wp-block-heading\">(Heidelberg) &#8211; 11-j\u00e4hriges M\u00e4dchen von zwei unbekannten M\u00e4nnern geschlagen und getreten; Zeugen dringend gesucht<\/h4>\n\n\n\n<figure class=\"wp-block-image\"><img decoding=\"async\" loading=\"lazy\" width=\"801\" height=\"600\" src=\"https:\/\/speyer24news.com\/wp-content\/uploads\/2020\/05\/Zeugen-gesucht-Neutral.jpg\" alt=\"\" class=\"wp-image-26598\" srcset=\"https:\/\/speyer24news.com\/wp-content\/uploads\/2020\/05\/Zeugen-gesucht-Neutral.jpg 801w, https:\/\/speyer24news.com\/wp-content\/uploads\/2020\/05\/Zeugen-gesucht-Neutral-300x225.jpg 300w, https:\/\/speyer24news.com\/wp-content\/uploads\/2020\/05\/Zeugen-gesucht-Neutral-768x575.jpg 768w, https:\/\/speyer24news.com\/wp-content\/uploads\/2020\/05\/Zeugen-gesucht-Neutral-678x509.jpg 678w, https:\/\/speyer24news.com\/wp-content\/uploads\/2020\/05\/Zeugen-gesucht-Neutral-326x245.jpg 326w, https:\/\/speyer24news.com\/wp-content\/uploads\/2020\/05\/Zeugen-gesucht-Neutral-80x60.jpg 80w\" sizes=\"(max-width: 801px) 100vw, 801px\" \/><\/figure>\n\n\n\n<p>Ein 11-j\u00e4hriges M\u00e4dchen wurde am Mittwochmorgen am Hauptbahnhof auf dem Weg zur Schule von zwei unbekannten M\u00e4nnern geschlagen und getreten.<\/p>\n\n\n\n<p>Das M\u00e4dchen war an der Stra\u00dfenbahnhaltestelle am Hauptbahnhof gegen 7.35 Uhr aus dem Bus der Linie 34 ausgestiegen und stand an der roten Ampel der Fu\u00dfg\u00e4ngerfurt, um die Fahrbahn anschlie\u00dfend in Richtung Kurf\u00fcrstenpassage zu \u00fcberqueren. Dabei wurde sie zun\u00e4chst von zwei M\u00e4nnern angesprochen. Der eine schlug ihr anschlie\u00dfend ins Gesicht, der andere trat ihr gegen ein Bein.<\/p>\n\n\n\n<p>Die Unbekannten fl\u00fcchteten daraufhin in eine Bahn, aller Wahrscheinlichkeit der Linie 5 in Richtung Mannheim.<\/p>\n\n\n\n<p>Das M\u00e4dchen wurde vor Ort medizinisch versorgt und zur weiteren Untersuchung mit einem Rettungswagen in die Kinderklinik gebracht. Die Unbekannten konnte das Kind wie folgt beschreiben:<\/p>\n\n\n\n<ol><li>T\u00e4ter: ca. 30 Jahre; ca. 185 cm; schwarzer &#8222;USA-Pulli&#8220;, kurze Adidas-Hose, wei\u00dfe Fila-Schuhe; Bart; schwarze, kurze Haare.<\/li><li>T\u00e4ter: ca. 30 Jahre; ca. 170 cm; blaues T-Shirt; orangene Jogginghose; blonde, kurze Haare.<\/li><\/ol>\n\n\n\n<p>Die Tat m\u00fcssten viele Pendler an diesem Morgen beobachtet haben. Insbesondere an der betreffenden Fu\u00dfg\u00e4ngerfurt \u00fcberqueren erfahrungsgem\u00e4\u00df viele Menschen die Stra\u00dfe, nachdem \u00f6ffentliche Verkehrsmittel, Busse und Bahnen an den Haltestellen in unmittelbarer N\u00e4he angehalten hatten. Zeugen des Vorfalls werden gebeten, sich mit dem Polizeirevier HD-Mitte, Tel.: 06221\/99-1700 in Verbindung zu setzen.<\/p>\n\n\n\n<h4 class=\"wp-block-heading\">(Heidelberg-Handschuhsheim) &#8211; Schaufelbagger besch\u00e4digt Hauswand \/ Polizei sucht Zeugen<\/h4>\n\n\n\n<p>Zwischen Dienstag, 22 Uhr, und Mittwoch, 11 Uhr, besch\u00e4digte ein bislang unbekannter T\u00e4ter mit seinem Fahrzeug, einem Schaufelbagger, eine Hausfassade in der M\u00fchltalstra\u00dfe. Anschlie\u00dfend entfernte sich der Fahrer einfach vom Unfallort, ohne seiner Feststellungspflicht nachzukommen. Die H\u00f6he des Sachschadens ist zum jetzigen Zeitpunkt noch nicht bekannt.<\/p>\n\n\n\n<p>Zeugen, die Angaben zu dem Fahrzeug und seinem Fahrer machen k\u00f6nnen, werden gebeten sich beim Polizeirevier Heidelberg-Nord, unter der Telefonnummer 06221-45690, zu melden.<\/p>\n\n\n\n<h4 class=\"wp-block-heading\">(Neulu\u00dfheim \/ Rhein-Neckar-Kreis) &#8211; Schlangenlinien gefahren; gestohlene Kennzeichen am Auto angebracht; 35-J\u00e4hriger betrunken unterwegs; Blutentnahmen durchgef\u00fchrt; Ermittlungen dauern an<\/h4>\n\n\n\n<p>Am Mittwochnachmittag wurde in 35-j\u00e4hriger Mann von Beamten des Polizeireviers Hockenheim im Ortskern von Neulu\u00dfheim vorl\u00e4ufig festgenommen. Er steht im dringenden Verdacht, gegen 16.30 Uhr, unter Alkoholeinwirkung -ein Vortest ergab \u00fcber 1,9 Promille- und unter Drogeneinfluss mit seinem Auto unterwegs gewesen zu sein, an dem zudem noch gestohlene Kennzeichen angebracht waren. Die Kennzeichen wurden vor wenigen Wochen in Heddesheim entwendet, das Auto war nicht zugelassen. Ob der 35-J\u00e4hrige \u00fcberhaupt einen F\u00fchrerschein besitzt, wird noch gekl\u00e4rt. Nachdem ihm Blutproben entnommen worden waren, durfte der Mann wieder nach Hause. Ein Zeuge hatte die Polizei \u00fcber das Fahrverhalten des 35-J\u00e4hrigen bei seiner Fahrt auf der B 39 zwischen Hockenheim und Neulu\u00dfheim informiert. Dieser war offenbar in extremen Schlangenlinien gefahren und hatte mehrfach ohne Grund stark abgebremst. Die Ermittlungen dauern noch an.<\/p>\n\n\n\n<h4 class=\"wp-block-heading\">(Rauenberg \/ Rhein-Neckar-Kreis) &#8211; Versuchter Einbruch in Elektromarkt \/ Zeugen gesucht<\/h4>\n\n\n\n<p>In der Nacht von Dienstag auf Mittwoch kam es bei einem Elektromarkt in der Stra\u00dfe &#8222;Hohenaspen&#8220; zu einem versuchten Einbruch. Bislang unbekannte T\u00e4ter versuchten \u00fcber das Dach in das Geb\u00e4ude einzudringen, was allerdings misslang. Anschlie\u00dfen fl\u00fcchteten die T\u00e4ter in unbekannte Richtung.<\/p>\n\n\n\n<p>Zeugen, die verd\u00e4chtige Wahrnehmungen gemacht haben, werden gebeten sich beim Polizeiposten M\u00fchlhausen, unter der Telefonnummer 06222-665850, oder beim Polizeirevier Wiesloch, unter der Telefonnummer 06222-57090, zu melden.<\/p>\n\n\n\n<h4 class=\"wp-block-heading\">(M\u00fchlhausen \/ Rhein-Neckar-Kreis) &#8211; Motorradfahrer st\u00fcrzt wegen \u00d6l-Spur<\/h4>\n\n\n\n<p>Zu einem Verkehrsunfall kam es am Mittwochabend gegen 19 Uhr auf der K4217 auf H\u00f6he zur Einm\u00fcndung in die verl\u00e4ngerte Hauptstra\u00dfe. Eine 51-j\u00e4hrige Mercedes-Fahrerin verlor ab dem Ortseingang Angelbachtal \u00d6l und fuhr trotzdem auf die B39 auf, ehe sie auf die K4271 bog um in die verl\u00e4ngerte Hauptstra\u00dfe einzufahren. An dieser Stelle verlor die Autofahrerin das meiste \u00d6l, woraufhin ein 56-j\u00e4hriger Motorradfahrer kurz darauf wegen der \u00d6lspur st\u00fcrzte. Gl\u00fccklicherweise wurde niemand verletzt, der Sachschaden des Motorrads bel\u00e4uft sich auf rund 500EUR.<\/p>\n\n\n\n<h4 class=\"wp-block-heading\">(Angelbachtal \/ Rhein-Neckar-Kreis) &#8211; Bauklammer verursacht Verkehrsunfall \/ Polizei sucht Zeugen<\/h4>\n\n\n\n<p>Zu einem Verkehrsunfall kam es am Mittwoch gegen 15:45 Uhr auf der K4271. Vermutlich aufgrund von mangelnder Ladungssicherung verlor ein unbekannter Fahrzeugf\u00fchrer eine Bauklammer \u00fcber welche ein 64-j\u00e4hriger Mercedes-Fahrer kurz darauf dar\u00fcberfuhr. Der Mann war mit seinem Auto von Tairnbach in Richtung Balzfeld unterwegs, als es kurz nach der Autobahnbr\u00fccke zu dem Unfall kam. Das Fahrzeug war nicht mehr fahrbereit und musste abgeschleppt werden, der Sachschaden betr\u00e4gt rund 5.000EUR.<\/p>\n\n\n\n<p>Zeugen, die Angaben zu dem unbekannten Fahrzeug machen, oder sachdienliche Hinweise geben k\u00f6nnen, werden gebeten sich beim Polizeirevier Wiesloch, unter der Telefonnummer 06222-57090, zu melden.<\/p>\n\n\n\n<h4 class=\"wp-block-heading\">(Sch\u00f6nau \/ Rhein-Neckar-Kreis) &#8211; Zu schnell unterwegs; Autofahrer kommt von Fahrbahn ab -Illegales Autorennen?; Zeugen gesucht<\/h4>\n\n\n\n<p>Ein 23-j\u00e4hriger Ford-Fahrer war am Mittwochabend auf der Neckarsteinacher Stra\u00dfe unterwegs, als er infolge \u00fcberh\u00f6hter Geschwindigkeit im Bereich einer Tankstelle von der Fahrbahn abkam, gegen eine Stra\u00dfenlaterne und einem Metallzaun krachte. Der Gesamtschaden d\u00fcrfte bei rund 10.000.- Euro liegen.<\/p>\n\n\n\n<p>Ein Zeuge hatte aufheulenden Motorenl\u00e4rm, quietschende Reifen sowie einen lauten Knall wahrgenommen. Gleich darauf soll ein wei\u00dfes Auto mit hoher Geschwindigkeit von der Unfallstelle weg in Richtung Altneudorf gefahren sein. Ob ein &#8222;Autorennen&#8220; zugrunde lag, das zum Unfall f\u00fchrte, ist Gegenstand der Ermittlungen. Der Fahrer soewie sein junger Beifahrer wurden bei dem unfall zum Gl\u00fcck nicht verletzt. Der total besch\u00e4digte Ford wurde zun\u00e4chst sichergestellt und abgeschleppt. Der F\u00fchrerschein des 23-J\u00e4hrigen wurde beschlagnahmt.<\/p>\n\n\n\n<p>Die Freiwillige Feuerwehr Sch\u00f6nau war zur Sicherung der Unfallstelle und Umleiten des Verkehrs im Einsatz. Eine Fachfirma wurde zur Reinigung der Fahrbahn angefordert.<\/p>\n\n\n\n<p>Zeugen, die Hinweise zur Unfallhergang und zu einem m\u00f6glichen &#8222;Autorennen&#8220;, insbesondere zu einem wei\u00dfen Fahrzeug, der gegen 22.45 Uhr in Richtung Altneudorf davonfuhr, melden sich bitte beim Polizeirevier Neckargem\u00fcnd, Tel.: 06223\/9254-0.<\/p>\n\n\n\n<h4 class=\"wp-block-heading\">(Weinheim \/ Rhein-Neckar-Kreis) &#8211; PKW mit Stra\u00dfenbahn zusammengesto\u00dfen \/ PKW-Fahrer schwer verletzt \/ Mannheimer Stra\u00dfe stadteinw\u00e4rts gesperrt<\/h4>\n\n\n\n<h4 class=\"wp-block-heading\" style=\"text-align:center\">1. Pressemeldung<\/h4>\n\n\n\n<p>Bei einem Verkehrsunfall zwischen einem PKW und einer Stra\u00dfenbahn in der Mannheimer Stra\u00dfe auf H\u00f6he des Suezkanalwegs am Donnerstag gegen 21.45 Uhr wurde der PKW-Fahrer in seinem Fahrzeug eingeklemmt. Derzeit laufen die Rettungsma\u00dfnahmen. Die Mannheimer Stra\u00dfe ist stadteinw\u00e4rts gesperrt.<\/p>\n\n\n\n<h4 class=\"wp-block-heading\">(Weinheim \/ Rhein-Neckar-Kreis) &#8211; PKW mit Stra\u00dfenbahn zusammengesto\u00dfen \/ Fahrer schwer verletzt<\/h4>\n\n\n\n<h4 class=\"wp-block-heading\" style=\"text-align:center\">2. Pressemeldung<\/h4>\n\n\n\n<p>Der 62-j\u00e4hrige Skoda-Fahrer wollte am Donnerstag gegen 21.45 Uhr auf der Mannheimer Stra\u00dfe wenden, wobei er eine in gleicher Richtung fahrende Stra\u00dfenbahn \u00fcbersah und von dieser erfasst wurde. Durch den Zusammensto\u00df wurde der 62-j\u00e4hrige in seinem PKW eingeklemmt und konnte nur durch den Einsatz der Feuerwehr, die das Dach abtrennen musste, befreit werden. Im Anschluss kam er mit schweren aber nicht lebensgef\u00e4hrlichen Verletzungen in ein Krankenhaus. Die Stra\u00dfenbahn war mit ca. 20 Fahrg\u00e4sten besetzt, von denen zwei Personen einen Schock erlitten. Sie wurden vor Ort behandelt. Die Mannheimer Stra\u00dfe musste w\u00e4hrend der Unfallaufnahme stadteinw\u00e4rts bis 00.30 Uhr gesperrt werden. Es kam zu geringen Verkehrsbehinderungen. Auch der Stra\u00dfenbahnverkehr war dadurch blockiert. Der nicht mehr fahrbereite PKW wurde abgeschleppt. Die H\u00f6he des Sachschadens wird auf ca. 25.000,- Euro gesch\u00e4tzt.<\/p>\n\n\n\n<h4 class=\"wp-block-heading\">(Weinheim \/ Rhein-Neckar-Kreis) &#8211; Exhibitionist am Hauptbahnhof; Zeugen gesucht<\/h4>\n\n\n\n<p>Eine Zeugin informierte am Mittwochabend, gegen 20.30 Uhr, das Polizeirevier Weinheim, dass ein unbekannter Mann im Bereich der OEG-Haltestelle &#8222;Weinheim Bahnhof&#8220; in der \u00d6ffentlichkeit onaniere. Eine sofort eingeleitete Fahndung verlief allerdings ohne Ergebnis.<\/p>\n\n\n\n<p><strong><em>Der Mann wird wie folgt beschrieben:<\/em><\/strong><\/p>\n\n\n\n<ul><li>ca. 175 cm; <\/li><li>normale Statur; <\/li><li>kurze, helle Haare. <\/li><li>Er trug eine kurze, helle Hose, ein wei\u00dfes T-Shirt, dunkle Turnschuhe und eine wei\u00dfe Kappe.<\/li><\/ul>\n\n\n\n<p>Weitere Zeugen werden gebeten, sich mit dem Kriminaldauerdienst, Tel.: 0621\/174-4444 oder mit dem Polizeirevier Weinheim, Tel.: 06201\/1003-0 in Verbindung zu setzen.<\/p>\n","protected":false},"excerpt":{"rendered":"<div class=\"mh-excerpt\"><p>Polizeimeldungen vom Donnerstag (17.09.2020) (Speyer) &#8211; Mit 1,99 Promille auf Fahrrad in Speyer-Nord unterwegs Ein Strafverfahren wegen Trunkenheit im Verkehr leitet die Polizei am Mittwochabend gegen einen 39-j\u00e4hrigen Mann aus Speyer ein. Dieser war kurz <a class=\"mh-excerpt-more\" href=\"https:\/\/speyer24news.com\/?p=30326\" title=\"Polizei\">[&#8230;]<\/a><\/p>\n<\/div>","protected":false},"author":3,"featured_media":0,"comment_status":"open","ping_status":"open","sticky":false,"template":"","format":"standard","meta":{"_monsterinsights_skip_tracking":false,"_monsterinsights_sitenote_active":false,"_monsterinsights_sitenote_note":"","_monsterinsights_sitenote_category":0,"footnotes":""},"categories":[12],"tags":[3614,61,2555,6955,6986,6263,63,105,6987,53,4854,4683,1548,102,213,55,5261,103,106,2803,2423,427,2625,380,104,979,1565],"aioseo_notices":[],"amp_enabled":true,"_links":{"self":[{"href":"https:\/\/speyer24news.com\/index.php?rest_route=\/wp\/v2\/posts\/30326"}],"collection":[{"href":"https:\/\/speyer24news.com\/index.php?rest_route=\/wp\/v2\/posts"}],"about":[{"href":"https:\/\/speyer24news.com\/index.php?rest_route=\/wp\/v2\/types\/post"}],"author":[{"embeddable":true,"href":"https:\/\/speyer24news.com\/index.php?rest_route=\/wp\/v2\/users\/3"}],"replies":[{"embeddable":true,"href":"https:\/\/speyer24news.com\/index.php?rest_route=%2Fwp%2Fv2%2Fcomments&post=30326"}],"version-history":[{"count":2,"href":"https:\/\/speyer24news.com\/index.php?rest_route=\/wp\/v2\/posts\/30326\/revisions"}],"predecessor-version":[{"id":30333,"href":"https:\/\/speyer24news.com\/index.php?rest_route=\/wp\/v2\/posts\/30326\/revisions\/30333"}],"wp:attachment":[{"href":"https:\/\/speyer24news.com\/index.php?rest_route=%2Fwp%2Fv2%2Fmedia&parent=30326"}],"wp:term":[{"taxonomy":"category","embeddable":true,"href":"https:\/\/speyer24news.com\/index.php?rest_route=%2Fwp%2Fv2%2Fcategories&post=30326"},{"taxonomy":"post_tag","embeddable":true,"href":"https:\/\/speyer24news.com\/index.php?rest_route=%2Fwp%2Fv2%2Ftags&post=30326"}],"curies":[{"name":"wp","href":"https:\/\/api.w.org\/{rel}","templated":true}]}}