{"id":30346,"date":"2020-09-19T15:10:41","date_gmt":"2020-09-19T14:10:41","guid":{"rendered":"https:\/\/speyer24news.com\/?p=30346"},"modified":"2020-09-19T15:10:42","modified_gmt":"2020-09-19T14:10:42","slug":"polizei-355","status":"publish","type":"post","link":"https:\/\/speyer24news.com\/?p=30346","title":{"rendered":"Polizei"},"content":{"rendered":"<style type=\"text\/css\">\r\n\t.ads_top_disp{}\r\n\t.ads_top_corner_disp{ float:left; margin:0px 10px 10px 0px; }\r\n\t.ads_first_p_disp{}\r\n\t.ads_bottom_disp{}\r\n\t<\/style>\n<h2 class=\"wp-block-heading\">Polizeimeldungen vom Samstag (19.09.2020)<\/h2>\n\n\n\n<div class=\"wp-block-image\"><figure class=\"aligncenter\"><img decoding=\"async\" src=\"https:\/\/speyer24news.com\/wp-content\/uploads\/2020\/01\/Aktuelles-Polizeilogo.jpg\" alt=\"\" class=\"wp-image-23832\"\/><\/figure><\/div>\n\n\n\n<h4 class=\"wp-block-heading\">(Speyer) &#8211; Auseinandersetzung in der Aufnahmestelle f\u00fcr Asylsuchende<\/h4>\n\n\n\n<figure class=\"wp-block-image\"><img decoding=\"async\" loading=\"lazy\" width=\"800\" height=\"595\" src=\"https:\/\/speyer24news.com\/wp-content\/uploads\/2020\/09\/AfA-Speyer.jpg\" alt=\"\" class=\"wp-image-30347\" srcset=\"https:\/\/speyer24news.com\/wp-content\/uploads\/2020\/09\/AfA-Speyer.jpg 800w, https:\/\/speyer24news.com\/wp-content\/uploads\/2020\/09\/AfA-Speyer-300x223.jpg 300w, https:\/\/speyer24news.com\/wp-content\/uploads\/2020\/09\/AfA-Speyer-768x571.jpg 768w, https:\/\/speyer24news.com\/wp-content\/uploads\/2020\/09\/AfA-Speyer-80x60.jpg 80w\" sizes=\"(max-width: 800px) 100vw, 800px\" \/><\/figure>\n\n\n\n<p>Aus noch zu ermittelnden Gr\u00fcnden kam es am 18.09.2020, gegen Mitternacht zu einer k\u00f6rperlichen Auseinandersetzung zwischen zwei Bewohnergruppierungen der Aufnahmestelle f\u00fcr Asylsuchende (AfA) Speyer. Bei dieser Auseinandersetzung wurde eine Person leicht verletzt. Beim Eintreffen der Polizei konnte nur noch die angegriffene Gruppe, bestehend aus sieben Asylsuchenden, angetroffen werden.<\/p>\n\n\n\n<p>Im Rahmen der Ermittlungen der Polizeiinspektion Speyer konnte bereits am Morgen die fragliche T\u00e4tergruppierung ermittelt werden.<\/p>\n\n\n\n<p>Gegen 13.30 Uhr kam es zu einem erneuten Aufeinandertreffen der beiden Gruppen, welches durch die Polizei vor Ort und Verst\u00e4rkungskr\u00e4ften, schnell beendet werden konnte. Sechs Personen erlitten leichte Verletzungen durch den Einsatz von Schlagwerkzeugen, drei Personen mussten ambulant in der AfA behandelt werden. Ein Aggressor wurde in eine andere Aufnahmeeinrichtung verlegt, es wurden Gef\u00e4hrderansprachen bei allen Beteiligten durchgef\u00fchrt.<\/p>\n\n\n\n<p>Die Ermittlungen unter Sachleitung der Staatsanwaltschaft Frankenthal dauern an.<\/p>\n\n\n\n<h4 class=\"wp-block-heading\">(Speyer) &#8211; Kontrollen im Hinblick auf Ver\u00e4nderungen am Fahrzeug<\/h4>\n\n\n\n<p>Am 18.09.2020 wurden in den fr\u00fchen Abendstunden mehrere Kontrollen im Hinblick auf vorschriftswidrige Ver\u00e4nderungen an Kraftfahrzeugen durchgef\u00fchrt. Hierbei konnten an drei PKW folgende Ver\u00e4nderungen festgestellt, die ein Ordnungswidrigkeitsverfahren nach sich ziehen werden:<\/p>\n\n\n\n<ul><li>Ver\u00e4nderung an den Pedalen,<\/li><li>Ver\u00e4nderung am Fahrwerk,<\/li><li>Ver\u00e4nderung an den Felgen. <\/li><\/ul>\n\n\n\n<p>Die Polizei weist ausdr\u00fccklich darauf hin, dass bestimmte Ver\u00e4nderungen am Kraftfahrzeug nicht ohne amtlich Abnahme erfolgen d\u00fcrfen und jeder Fahrzeugf\u00fchrer hierf\u00fcr verantwortlich ist, auch wenn die Ver\u00e4nderungen bereits beim Kauf vorhanden waren.<\/p>\n\n\n\n<h4 class=\"wp-block-heading\">(Speyer) &#8211; Verkehrsunfallflucht am Domplatz<\/h4>\n\n\n\n<p>Am 18.09.2020 zwischen 12:00 Uhr und 12:15 Uhr kam es im Bereich des Domplatzes zu einem Verkehrsunfall zwischen einer querenden 45-j\u00e4hrigen Radfahrerin und einem dunkelblauen PKW-Fahrer, der den Domplatz aus Richtung Steingasse in Speyer befahren hatte. Bei dem Verkehrsunfall wurde das Hinterrad der Radfahrerin vom PKW touchiert und besch\u00e4digt. Im Anschluss kam es zu einem Wortgefecht, wonach der PKW-Fahrer die Fahrt fortsetzte, ohne sich um eine weitere Schadensregulierung zu k\u00fcmmern.<\/p>\n\n\n\n<p>Zeugen des Vorfalls werden gebeten sich telefonisch unter 06232\/137-101 oder per Email unter\u00a0<a href=\"mailto:pispeyer@polizei.rlp.de\">pispeyer@polizei.rlp.de<\/a>\u00a0bei der PI Speyer melden.<\/p>\n\n\n\n<h4 class=\"wp-block-heading\">(Hochstadt) &#8211; Gef\u00e4hrliche K\u00f6rperverletzung<\/h4>\n\n\n\n<p>In der Nacht von Freitag auf Samstag kam es im Bereich der Gro\u00dfgasse in Hochstadt zu einer k\u00f6rperlichen Auseinandersetzung. Ein Anwohner wollte zwei junge M\u00e4nner zur Ruhe ermahnen, die gr\u00f6lend und laute Musik h\u00f6rend, durch die Gro\u00dfgasse zogen. Hierbei kam es zun\u00e4chst zu einem verbalen Streit, welcher in einer gef\u00e4hrlichen K\u00f6rperverletzung gipfelte. Die beiden jungen M\u00e4nner schlugen und traten hierbei auf den Gesch\u00e4digten ein, bevor sie die Flucht ergriffen. Beide M\u00e4nner sollen zwischen 25-30 Jahre alt sein, einer davon von schlanker Statur und mit einer Lederjacke bekleidet. Der Gesch\u00e4digte musste sich zur weiteren Behandlung in ein Krankenhaus begeben.<\/p>\n\n\n\n<h4 class=\"wp-block-heading\">(Landau) &#8211; K\u00f6rperverletzung<\/h4>\n\n\n\n<p>Die Gesch\u00e4digte befand sich am 19.09.2020 gegen 01:00 Uhr zusammen mit mehreren weiteren Personen in ihrem Fahrzeug auf dem Parkplatz eines M\u00f6belgesch\u00e4ftes in der Johannes-Kopp-Stra\u00dfe. Aus einem vorbeifahrenden schwarzen SUV wurde zun\u00e4chst einer der Mitfahrer der Gesch\u00e4digten angep\u00f6belt. W\u00e4hrend des folgenden Streitgespr\u00e4chs stiegen 3 der SUV Insassen aus und schlugen die Fahrerscheibe der Gesch\u00e4digten ein. Durch die umherfliegenden Glassplitter erlitt die Gesch\u00e4digte leichte Schnittverletzungen im Gesicht. Der Gesch\u00e4digten gelang es im Anschluss mit ihrem Fahrzeug zu fl\u00fcchten. Eine umgehende Fahndung nach dem schwarzen SUV verlief negativ.<\/p>\n\n\n\n<h4 class=\"wp-block-heading\">(Landau) &#8211; Verkehrsunfall mit Flucht Gesch\u00e4digter gesucht.<\/h4>\n\n\n\n<p>Am 18.09.2020 meldet ein 19j\u00e4hriger PKW Fahrer aus dem Bereich Speyer einen Verkehrsunfall auf dem Parkplatz der IHK Landau. Er hatte gegen 12:00 Uhr sein Fahrzeug ausgeparkt und hierbei offensichtlich ein anderes geparktes Fahrzeug ber\u00fchrt. Da er den Zusammenprall nicht bemerkte, fuhr er zun\u00e4chst weiter. Als er sp\u00e4ter einen Schaden an seinem Fahrzeug feststellte, meldete er sich bei der Polizeiinspektion Landau. Das weitere Unfallbeteiligte Fahrzeug war nicht mehr vor Ort und konnte bisher nicht ermittelt werden. Zeugen oder Gesch\u00e4digte m\u00f6gen sich mit der Polizeiinspektion Landau in Verbindung setzen.<\/p>\n\n\n\n<h4 class=\"wp-block-heading\">(Annweiler) &#8211; Trunkenheit im Verkehr<\/h4>\n\n\n\n<p>In der Nacht auf Samstag fiel einer Streife in der Landauer Stra\u00dfe in Annweiler der Fahrer eines schwarzen BMW mit stark \u00fcberh\u00f6hter Geschwindigkeit auf. Bei der Einfahrt in den Libellenkreisel \u00fcberfuhr er den Bordstein mit einer solchen Geschwindigkeit, dass das Fahrzeug seitlich versetzt wurde. W\u00e4hrend der anschlie\u00dfenden Kontrolle konnte Alkoholgeruch wahrgenommen werden. Ein Atemalkoholtest ergab einen Wert von 0,66 Promille. Aufgrund der Fahrweise in Verbindung mit dem Alkoholkonsum wurde der F\u00fchrerschein einbehalten.<\/p>\n\n\n\n<h4 class=\"wp-block-heading\">(St. Martin) &#8211; Unfallflucht mit besch\u00e4digter Dachrinne<\/h4>\n\n\n\n<p>Am 18.09.2020 gegen 12:34 Uhr besch\u00e4digte ein Fahrzeugf\u00fchrer mit seinem Wohnmobil die Dachrinne eines Wohnanwesens in der Bergstra\u00dfe in St. Martin. Anschlie\u00dfend entfernte er sich unerlaubt von der Unfallstelle. An der Dachrinne und am Wohnmobil entstanden Sachsch\u00e4den in einer Gesamth\u00f6he von ca. 900 Euro.<\/p>\n\n\n\n<p>Zeugen des Unfalls werden gebeten sich bei der Polizeiinspektion Edenkoben unter 06323\/955-0 oder unter der E-Mailadresse:\u00a0<a href=\"mailto:piedenkoben@polizei.rlp.de\">piedenkoben@polizei.rlp.de<\/a>\u00a0zu melden.<\/p>\n\n\n\n<h4 class=\"wp-block-heading\">(Bad D\u00fcrkheim) &#8211; Autoscheibe eingeschlagen, Tauchzubeh\u00f6r entwendet<\/h4>\n\n\n\n<p>Im Zeitraum von Donnerstag, den 17.09.2020, gegen 19:00 Uhr bis Freitag, den 18.09.2020, gegen 10:00 Uhr wurde die Seitenscheibe eines parkenden Autos eingeworfen, welches neben der Kreisstra\u00dfe 5 zwischen Erpolzheim und Bad D\u00fcrkheim-Ungstein in dortigem Gr\u00fcnstreifen abgestellt worden war. Anschlie\u00dfend entwendete der unbekannte T\u00e4ter im Fahrzeug deponierte Tauchausr\u00fcstung. Der Schaden bel\u00e4uft sich auf mehrere hundert Euro.<\/p>\n\n\n\n<p>Die Polizei bittet Zeugen, welche im genannten Zeitraum verd\u00e4chtige Wahrnehmungen getroffen haben, sich mit der Polizeiinspektion Bad D\u00fcrkheim in Verbindung zu setzen unter Tel. 06322\/963-0 oder per Mail an&nbsp;<a href=\"mailto:pibadduerkheim@polizei.rlp.de\">pibadduerkheim@polizei.rlp.de<\/a><\/p>\n\n\n\n<h4 class=\"wp-block-heading\">(Bad D\u00fcrkheim) &#8211; Betr\u00fcgerischer Anruf\/Gewinnversprechen<\/h4>\n\n\n\n<p>Am Donnerstag, den 17.09.2020, gegen 15:00 Uhr wurde eine 78-j\u00e4hrige Frau aus Bad D\u00fcrkheim Opfer eines Betruges. In einem Telefonat wurde ihr ein Gewinnversprechen er\u00f6ffnet. Angeblich habe sie eine Reise gewonnen. Der Anrufer verwickelte die Dame derart in ein Gespr\u00e4ch, dass dieser ihre Bankdaten in Erfahrung bringen konnte. Die Dame verst\u00e4ndigte am Folgetag unverz\u00fcglich ihre Bank. Bis dato war keine Abbuchung erfolgt.<\/p>\n\n\n\n<p>Die Polizei r\u00e4t in diesem Zusammenhang: Geben Sie gegen\u00fcber Ihnen unbekannten Anrufern niemals Bank- oder personenbezogene Daten preis! Sollten Sie den Anrufer nicht verifizieren k\u00f6nnen, empfiehlt es sich, das Gespr\u00e4ch unverz\u00fcglich zu beenden. Sollten Sie Opfer eines betr\u00fcgerischen Anrufes geworden sein oder sonstige verd\u00e4chtige Anrufe erhalten, so melden Sie dies bitte Ihrer zust\u00e4ndigen Polizeidienststelle.<\/p>\n\n\n\n<h4 class=\"wp-block-heading\">(Frankenthal) &#8211; Gef\u00e4hrlicher Leichtsinn<\/h4>\n\n\n\n<p>Einen ordentlichen Schreck, sowie eine Besch\u00e4digung am Fahrzeug erlitt ein 20-j\u00e4hriger PKW Fahrer aus Frankenthal, als er am sp\u00e4ten Abend des 18.09. mit seinem VW Golf die Hans-Fay-Stra\u00dfe befuhr. Hier wurde er von einem lauten Knall \u00fcberrascht, welcher, wie sich herausstellte auf einen Feuerwerksk\u00f6rper, zur\u00fcckzuf\u00fchren war. Der besonnenen Reaktion des PKW Fahrers war es wohl zu verdanken, dass es zu keinen weiteren Sch\u00e4den oder Folgeunf\u00e4llen kam. Den Ermittlungen nach, wurde der Feuerwerksk\u00f6rper von einem angrenzenden Balkon auf die Fahrbahn bzw. den PKW geworfen. Der noch zu ermittelnde Verursacher, muss mit einem Strafverfahren wegen des gef\u00e4hrlichen Eingriffs in den Stra\u00dfenverkehr und Sachbesch\u00e4digung rechnen.<\/p>\n\n\n\n<h4 class=\"wp-block-heading\">(Frankenthal) &#8211; 15-j\u00e4hriger mit Ecstasy erwischt<\/h4>\n\n\n\n<p>Polizei und Ordnungsamt f\u00fchren am 18.09. gemeinsam Kontrollen am sogenannten Kanalhafen, neben dem Ostbad durch. Hierbei wird auch der k\u00fcrzlich erst 15 Jahre alt gewordenen Frankenthaler einer Kontrolle unterzogen. Im Rahmen dieser Kontrolle werden bei diesem zwei XTC-Tabletten, sowie weitere Konsumutensilien und Hinweise auf Marihuana aufgefunden. Der mit 15 Jahren bereits strafm\u00fcndige Jugendliche, wurde an die, alles andere als begeisterten, Eltern \u00fcberstellt.<\/p>\n\n\n\n<h4 class=\"wp-block-heading\">(Bobenheim-Roxheim) &#8211; Fehlender F\u00fchrerschein und Alkohol f\u00fchren zu folgenschwerem Verkehrsunfall<\/h4>\n\n\n\n<p>Ein 17-j\u00e4hriger Fahrzeugf\u00fchrer mit 1,2 Promille und ohne F\u00fchrerschein, unterwegs mit dem BMW seines Freundes, welcher selbst mit 1,6 Promille auf dem Beifahrersitz verweilt, landet in den fr\u00fchen Morgenstunden des 19.09. mitten auf dem Kreisverkehr am Ortseingang in Bobenheim-Roxheim. Dieser war zuvor auf der L523, aus Frankenthal kommend, in Richtung Bobenheim-Roxheim gefahren und hierbei geradewegs auf den Kreisverkehr aufgefahren. Direkte Folge des Unfalls sind ein Sachschaden von ca. 20 000 EUR sowie mehrere leichte Verletzungen der beiden Insassen, weshalb beiden ins ein \u00f6rtliches Krankenhaus verbracht werden musste. Weiter sieht der Fahrer einem Strafverfahren wegen Gef\u00e4hrdung des Stra\u00dfenverkehrs unter Einfluss von Alkohol, dem Fahren ohne Fahrerlaubnis sowie wegen fahrl\u00e4ssiger K\u00f6rperverletzung entgegen. Auch der Beifahrer kommt nicht ungeschoren davon, da er das Fahrzeug nach derzeitigem Ermittlungsstand dem 17-j\u00e4hrigen \u00fcberlassen hat, obwohl dieser nicht im Besitz einer Fahrerlaubnis war. Der 17-j\u00e4hrige ist wohl gerade dabei einen F\u00fchrerschein zu erwerben, was sich nunmehr f\u00fcr unbestimmte Zeit erledigt haben d\u00fcrfte. Der PKW konnte letztlich erst mittels Kran geborgen und abgeschleppt werden.<\/p>\n\n\n\n<h4 class=\"wp-block-heading\">(Bobenheim-Roxheim) &#8211; Verdacht der Brandstiftung<\/h4>\n\n\n\n<p>Am 18.09.20 r\u00fcckten Feuerwehr und Polizei gegen 16 Uhr zu einem Brand, an einem Baumarkt in den Fuchsl\u00f6chern Bobenheim-Roxheim aus. Hier konnten mehrere Rollen D\u00e4mmmaterial brennend festgestellt und durch die Feuerwehr z\u00fcgig gel\u00f6scht werden. Im Rahmen weitere Ermittlungen konnten Hinweise auf drei Jugendliche gewonnen werden, welche mit der Inbrandsetzung des D\u00e4mmmaterials in Verbindung stehen d\u00fcrften. Die Schadensh\u00f6he ist derzeit nicht bekannt, d\u00fcrfte allerdings im 4-stelligen Bereich liegen. Die Ermittlungen bez\u00fcglich der drei Jugendlichen wurden aufgenommen.<\/p>\n\n\n\n<p>Zeugen werden gebeten sich an die Polizeiinspektion Frankenthal unter der Tel.-Nr.: 06233\/313-0 oder an die Polizeiwache Maxdorf unter der Tel.-Nr.: 06237\/934-1100 zu wenden. Gerne nehmen wir Ihre Hinweise auch per E-Mail unter\u00a0<a href=\"mailto:pifrankenthal@polizei.rlp.de\">pifrankenthal@polizei.rlp.de<\/a>\u00a0entgegen.<\/p>\n\n\n\n<h4 class=\"wp-block-heading\">(Mannheim) &#8211; Verkehrsunfall nach \u00fcberm\u00e4\u00dfigen Alkoholgenuss.<\/h4>\n\n\n\n<p>Am fr\u00fchen Samstagmorgen, gegen 05.30 Uhr, befuhr ein 32-J\u00e4hriger mit seinem 5er BMW die Magdeburger Stra\u00dfe stadteinw\u00e4rts. In H\u00f6he der Einm\u00fcndung auf die B 38 kam er nach links von der Stra\u00dfe ab, kollidierte mit der dortigen Leitplanke, \u00fcberfuhr eine Verkehrsinsel und besch\u00e4digte mehrere Verkehrszeichen, sowie eine Laterne, ehe er zum Stehen kam. Die eingesetzten Beamten konnten Alkoholgeruch in der Atemluft feststellen. Ein vor Ort durchgef\u00fchrter Atemalkoholtest ergab einen Wert von 1,8 Promille. Das Fahrzeug war nicht mehr fahrbereit und wurde abgeschleppt. Am BMW entstand ein Schaden von ca. 3.000 EUR, an der Leitplanke, der Verkehrsinsel, der Laterne und den Verkehrszeichen ein Schaden von ca. 4.000 EUR. Der Fahrer wurde bei dem Unfall nicht verletzt, auf ihn kommt jedoch eine Anzeige wegen Stra\u00dfenverkehrsgef\u00e4hrdung mit Trunkenheit im Stra\u00dfenverkehr zu. Sein F\u00fchrerschein wurde einbehalten.<\/p>\n\n\n\n<h4 class=\"wp-block-heading\">(Mannheim-Innenstadt) &#8211; 82-j\u00e4hriger Fahrradfahrer bei Verkehrsunfall t\u00f6dlich verletzt<\/h4>\n\n\n\n<h4 class=\"wp-block-heading\" style=\"text-align:center\">Pressemeldung Nr. 2<\/h4>\n\n\n\n<p>Ein 82-j\u00e4hriger Fahrradfahrer wurde bei einem Verkehrsunfall am Freitag gegen 11.35 Uhr am Marktplatz get\u00f6tet. Der Radfahrer war in H\u00f6he G 1 auf dem Fahrradweg unterwegs und pl\u00f6tzlich nach links auf die Fahrbahn abgebogen. Dabei wurde er von einem in gleicher Richtung fahrenden Opel eines 79-j\u00e4hrigen Fahrers erfasst. Der Radfahrer prallte dabei mit dem Kopf gegen die Windschutzscheibe. Nach der medizinischen Erstversorgung wurde er in eine Klinik eingeliefert, wo er kurz nach 15 Uhr seinen Verletzungen erlag. Die weiteren Unfallermittlungen f\u00fchrt der Verkehrsdienst Mannheim. Zeugen des Unfalls werden gebeten, sich unter Telefon 0621\/174-4222 bei der Verkehrspolizei zu melden.<\/p>\n","protected":false},"excerpt":{"rendered":"<div class=\"mh-excerpt\"><p>Polizeimeldungen vom Samstag (19.09.2020) (Speyer) &#8211; Auseinandersetzung in der Aufnahmestelle f\u00fcr Asylsuchende Aus noch zu ermittelnden Gr\u00fcnden kam es am 18.09.2020, gegen Mitternacht zu einer k\u00f6rperlichen Auseinandersetzung zwischen zwei Bewohnergruppierungen der Aufnahmestelle f\u00fcr Asylsuchende (AfA) <a class=\"mh-excerpt-more\" href=\"https:\/\/speyer24news.com\/?p=30346\" title=\"Polizei\">[&#8230;]<\/a><\/p>\n<\/div>","protected":false},"author":3,"featured_media":0,"comment_status":"open","ping_status":"open","sticky":false,"template":"","format":"standard","meta":{"_monsterinsights_skip_tracking":false,"_monsterinsights_sitenote_active":false,"_monsterinsights_sitenote_note":"","_monsterinsights_sitenote_category":0,"footnotes":""},"categories":[12],"tags":[3614,61,2555,6955,6986,6263,63,105,6987,53,4854,4683,1548,102,213,55,5261,103,106,2803,2423,427,2625,380,104,979,1565],"aioseo_notices":[],"amp_enabled":true,"_links":{"self":[{"href":"https:\/\/speyer24news.com\/index.php?rest_route=\/wp\/v2\/posts\/30346"}],"collection":[{"href":"https:\/\/speyer24news.com\/index.php?rest_route=\/wp\/v2\/posts"}],"about":[{"href":"https:\/\/speyer24news.com\/index.php?rest_route=\/wp\/v2\/types\/post"}],"author":[{"embeddable":true,"href":"https:\/\/speyer24news.com\/index.php?rest_route=\/wp\/v2\/users\/3"}],"replies":[{"embeddable":true,"href":"https:\/\/speyer24news.com\/index.php?rest_route=%2Fwp%2Fv2%2Fcomments&post=30346"}],"version-history":[{"count":1,"href":"https:\/\/speyer24news.com\/index.php?rest_route=\/wp\/v2\/posts\/30346\/revisions"}],"predecessor-version":[{"id":30348,"href":"https:\/\/speyer24news.com\/index.php?rest_route=\/wp\/v2\/posts\/30346\/revisions\/30348"}],"wp:attachment":[{"href":"https:\/\/speyer24news.com\/index.php?rest_route=%2Fwp%2Fv2%2Fmedia&parent=30346"}],"wp:term":[{"taxonomy":"category","embeddable":true,"href":"https:\/\/speyer24news.com\/index.php?rest_route=%2Fwp%2Fv2%2Fcategories&post=30346"},{"taxonomy":"post_tag","embeddable":true,"href":"https:\/\/speyer24news.com\/index.php?rest_route=%2Fwp%2Fv2%2Ftags&post=30346"}],"curies":[{"name":"wp","href":"https:\/\/api.w.org\/{rel}","templated":true}]}}