{"id":30359,"date":"2020-09-22T07:11:43","date_gmt":"2020-09-22T06:11:43","guid":{"rendered":"https:\/\/speyer24news.com\/?p=30359"},"modified":"2020-09-22T07:11:44","modified_gmt":"2020-09-22T06:11:44","slug":"geschwindigkeitsmessung-blitzer-43","status":"publish","type":"post","link":"https:\/\/speyer24news.com\/?p=30359","title":{"rendered":"Geschwindigkeitsmessung \/ Blitzer"},"content":{"rendered":"<style type=\"text\/css\">\r\n\t.ads_top_disp{}\r\n\t.ads_top_corner_disp{ float:left; margin:0px 10px 10px 0px; }\r\n\t.ads_first_p_disp{}\r\n\t.ads_bottom_disp{}\r\n\t<\/style>\n<h2 class=\"wp-block-heading\">Geschwindigkeitskontrollen f\u00fcr die Woche vom 21. bis 25. September<\/h2>\n\n\n\n<figure class=\"wp-block-image\"><img decoding=\"async\" loading=\"lazy\" width=\"640\" height=\"497\" src=\"https:\/\/speyer24news.com\/wp-content\/uploads\/2020\/01\/Kontrolle-BaW\u00fc.jpg\" alt=\"\" class=\"wp-image-23874\" srcset=\"https:\/\/speyer24news.com\/wp-content\/uploads\/2020\/01\/Kontrolle-BaW\u00fc.jpg 640w, https:\/\/speyer24news.com\/wp-content\/uploads\/2020\/01\/Kontrolle-BaW\u00fc-300x233.jpg 300w\" sizes=\"(max-width: 640px) 100vw, 640px\" \/><\/figure>\n\n\n\n<p><strong>(Mannheim) &#8211; <\/strong>Die Stadt Mannheim f\u00fchrt vom 21. bis 25. September in folgenden Stra\u00dfen Radarkontrollen durch:<\/p>\n\n\n\n<ul><li><strong> Braunschweiger Allee<\/strong><\/li><li><strong> B\u00fcrstadter Stra\u00dfe<\/strong><\/li><li><strong> C-Quadrate<\/strong><\/li><li><strong> Dalbergstra\u00dfe<\/strong><\/li><li><strong> D-Quadrate<\/strong><\/li><li><strong> G-Quadrate<\/strong><\/li><li><strong> K-Quadrate (Johannes-Kepler-Schule)<\/strong><\/li><li><strong> Kattowitzer Zeile (Sch\u00f6nauschule)<\/strong><\/li><li><strong> Kriegerstra\u00dfe (Gustav-Wiederkehr-Schule)<\/strong><\/li><li><strong> Memeler Stra\u00dfe<\/strong><\/li><li><strong> Neckarvorlandstra\u00dfe<\/strong><\/li><li><strong> R-Quadrate<\/strong><\/li><li><strong> Rottfeldstra\u00dfe<\/strong><\/li><li><strong> Rudolf-Maus-Stra\u00dfe (Hans-Christian-Andersen-Schule)<\/strong><\/li><li><strong> Sandhofer Stra\u00dfe<\/strong><\/li><li><strong> Sch\u00f6nauer Stra\u00dfe<\/strong><\/li><li><strong> Sonderburger Stra\u00dfe<\/strong><\/li><li><strong> Speyerer Stra\u00dfe<\/strong><\/li><li><strong> Spinnereistra\u00dfe<\/strong><\/li><li><strong> U-Quadrate<\/strong><\/li><li><strong> Viernheimer Weg<\/strong><\/li><li><strong> Wilhelm-Liebknecht-Stra\u00dfe (Almenhofschule)<\/strong><\/li><li><strong> Wasserwerkstra\u00dfe (Elementary School)<\/strong><\/li><\/ul>\n\n\n\n<p>Kurzfristige \u00c4nderungen oder zus\u00e4tzliche Messstellen sind aus aktuellem Anlass m\u00f6glich.<\/p>\n\n\n\n<p><em>Stadt Mannheim<br>22.09.2020<\/em><\/p>\n","protected":false},"excerpt":{"rendered":"<div class=\"mh-excerpt\"><p>Geschwindigkeitskontrollen f\u00fcr die Woche vom 21. bis 25. September (Mannheim) &#8211; Die Stadt Mannheim f\u00fchrt vom 21. bis 25. September in folgenden Stra\u00dfen Radarkontrollen durch: Braunschweiger Allee B\u00fcrstadter Stra\u00dfe C-Quadrate Dalbergstra\u00dfe D-Quadrate G-Quadrate K-Quadrate (Johannes-Kepler-Schule) <a class=\"mh-excerpt-more\" href=\"https:\/\/speyer24news.com\/?p=30359\" title=\"Geschwindigkeitsmessung \/ Blitzer\">[&#8230;]<\/a><\/p>\n<\/div>","protected":false},"author":3,"featured_media":0,"comment_status":"open","ping_status":"open","sticky":false,"template":"","format":"standard","meta":{"_monsterinsights_skip_tracking":false,"_monsterinsights_sitenote_active":false,"_monsterinsights_sitenote_note":"","_monsterinsights_sitenote_category":0,"footnotes":""},"categories":[64],"tags":[19,4817,4228,947,4815,779,4816,227,17,7004,949,4813,1310,948],"aioseo_notices":[],"amp_enabled":true,"_links":{"self":[{"href":"https:\/\/speyer24news.com\/index.php?rest_route=\/wp\/v2\/posts\/30359"}],"collection":[{"href":"https:\/\/speyer24news.com\/index.php?rest_route=\/wp\/v2\/posts"}],"about":[{"href":"https:\/\/speyer24news.com\/index.php?rest_route=\/wp\/v2\/types\/post"}],"author":[{"embeddable":true,"href":"https:\/\/speyer24news.com\/index.php?rest_route=\/wp\/v2\/users\/3"}],"replies":[{"embeddable":true,"href":"https:\/\/speyer24news.com\/index.php?rest_route=%2Fwp%2Fv2%2Fcomments&post=30359"}],"version-history":[{"count":1,"href":"https:\/\/speyer24news.com\/index.php?rest_route=\/wp\/v2\/posts\/30359\/revisions"}],"predecessor-version":[{"id":30360,"href":"https:\/\/speyer24news.com\/index.php?rest_route=\/wp\/v2\/posts\/30359\/revisions\/30360"}],"wp:attachment":[{"href":"https:\/\/speyer24news.com\/index.php?rest_route=%2Fwp%2Fv2%2Fmedia&parent=30359"}],"wp:term":[{"taxonomy":"category","embeddable":true,"href":"https:\/\/speyer24news.com\/index.php?rest_route=%2Fwp%2Fv2%2Fcategories&post=30359"},{"taxonomy":"post_tag","embeddable":true,"href":"https:\/\/speyer24news.com\/index.php?rest_route=%2Fwp%2Fv2%2Ftags&post=30359"}],"curies":[{"name":"wp","href":"https:\/\/api.w.org\/{rel}","templated":true}]}}