{"id":30413,"date":"2020-09-25T06:32:31","date_gmt":"2020-09-25T05:32:31","guid":{"rendered":"https:\/\/speyer24news.com\/?p=30413"},"modified":"2020-09-25T06:32:31","modified_gmt":"2020-09-25T05:32:31","slug":"coronafallzahlen-stadtnotizen-verkehrsnotizen-aus-speyer-2","status":"publish","type":"post","link":"https:\/\/speyer24news.com\/?p=30413","title":{"rendered":"Coronafallzahlen, Stadtnotizen &#038; Verkehrsnotizen aus Speyer"},"content":{"rendered":"<style type=\"text\/css\">\r\n\t.ads_top_disp{}\r\n\t.ads_top_corner_disp{ float:left; margin:0px 10px 10px 0px; }\r\n\t.ads_first_p_disp{}\r\n\t.ads_bottom_disp{}\r\n\t<\/style>\n<h1 class=\"wp-block-heading\" style=\"text-align:center\">Corona-Fallzahlen<\/h1>\n\n\n\n<figure class=\"wp-block-image\"><img decoding=\"async\" src=\"https:\/\/speyer24news.com\/wp-content\/uploads\/2020\/02\/virus-1812092_1920.jpg\" alt=\"\"\/><\/figure>\n\n\n\n<h2 class=\"wp-block-heading\">Donnerstag, 24.09.2020<\/h2>\n\n\n\n<p>Anzahl best\u00e4tigter F\u00e4lle von Coronavirus (SARS-CoV-2)-Infektionen in der Stadt Speyer: 159 (+ 2)<br>Davon bereits genesen: 142<br>Todesf\u00e4lle: 2<br>Personen in Quarant\u00e4ne: 92<br>Gemeldete F\u00e4lle der letzten sieben Tage pro 100.000 Einwohner*innen: 10<\/p>\n\n\n\n<p><em>Stand: 24.09.2020, 15:30 Uhr<\/em><\/p>\n\n\n\n<p><em>Stadtverwaltung Speyer<br>25.09.2020<\/em><\/p>\n\n\n\n<h1 class=\"wp-block-heading\" style=\"text-align:center\">Stadtnotizen<\/h1>\n\n\n\n<figure class=\"wp-block-image\"><img decoding=\"async\" loading=\"lazy\" width=\"800\" height=\"600\" src=\"https:\/\/speyer24news.com\/wp-content\/uploads\/2020\/01\/Speyer-Stadtnachrichten-2.jpg\" alt=\"\" class=\"wp-image-23901\" srcset=\"https:\/\/speyer24news.com\/wp-content\/uploads\/2020\/01\/Speyer-Stadtnachrichten-2.jpg 800w, https:\/\/speyer24news.com\/wp-content\/uploads\/2020\/01\/Speyer-Stadtnachrichten-2-300x225.jpg 300w, https:\/\/speyer24news.com\/wp-content\/uploads\/2020\/01\/Speyer-Stadtnachrichten-2-768x576.jpg 768w, https:\/\/speyer24news.com\/wp-content\/uploads\/2020\/01\/Speyer-Stadtnachrichten-2-678x509.jpg 678w, https:\/\/speyer24news.com\/wp-content\/uploads\/2020\/01\/Speyer-Stadtnachrichten-2-326x245.jpg 326w, https:\/\/speyer24news.com\/wp-content\/uploads\/2020\/01\/Speyer-Stadtnachrichten-2-80x60.jpg 80w\" sizes=\"(max-width: 800px) 100vw, 800px\" \/><\/figure>\n\n\n\n<h2 class=\"wp-block-heading\"><strong>Gastronomisches Angebot im Domgarten verl\u00e4ngert<\/strong><\/h2>\n\n\n\n<figure class=\"wp-block-image\"><img decoding=\"async\" loading=\"lazy\" width=\"800\" height=\"600\" src=\"https:\/\/speyer24news.com\/wp-content\/uploads\/2020\/08\/IMG_20200731_163253.jpg\" alt=\"\" class=\"wp-image-29763\" srcset=\"https:\/\/speyer24news.com\/wp-content\/uploads\/2020\/08\/IMG_20200731_163253.jpg 800w, https:\/\/speyer24news.com\/wp-content\/uploads\/2020\/08\/IMG_20200731_163253-300x225.jpg 300w, https:\/\/speyer24news.com\/wp-content\/uploads\/2020\/08\/IMG_20200731_163253-768x576.jpg 768w, https:\/\/speyer24news.com\/wp-content\/uploads\/2020\/08\/IMG_20200731_163253-678x509.jpg 678w, https:\/\/speyer24news.com\/wp-content\/uploads\/2020\/08\/IMG_20200731_163253-326x245.jpg 326w, https:\/\/speyer24news.com\/wp-content\/uploads\/2020\/08\/IMG_20200731_163253-80x60.jpg 80w\" sizes=\"(max-width: 800px) 100vw, 800px\" \/><\/figure>\n\n\n\n<p>Um die Speyerer Schausteller*innen in dieser coronabedingt schwierigen Zeit weiterhin zu unterst\u00fctzen, wird das gastronomische Angebot im Domgarten erneut um drei Wochen verl\u00e4ngert, und zwar bis einschlie\u00dflich <strong>Sonntag, 18. Oktober 2020<\/strong>.<\/p>\n\n\n\n<p><em>Text: Stadtverwaltung Speyer Foto: Speyer 24\/7 News<br>25.09.2020<\/em><\/p>\n\n\n\n<h1 class=\"wp-block-heading\" style=\"text-align:center\">Verkehrsnotizen<\/h1>\n\n\n\n<figure class=\"wp-block-image\"><img decoding=\"async\" src=\"https:\/\/speyer24news.com\/wp-content\/uploads\/2020\/01\/Baustelle-2.jpg\" alt=\"\"\/><\/figure>\n\n\n\n<h2 class=\"wp-block-heading\"><strong>Math\u00e4us-Hotz-Stra\u00dfe gesperrt<\/strong><\/h2>\n\n\n\n<p>Aufgrund von Kranarbeiten am Geb\u00e4ude der Postgalerie wird die Math\u00e4us-Hotz-Stra\u00dfe <strong>am 06. und 07. Oktober 2020 <\/strong>f\u00fcr den Individualverkehr komplett gesperrt. Eine Umleitung wird eingerichtet. Die Zufahrt zur Tiefgarage am Klipfelstor bleibt frei.<\/p>\n\n\n\n<p>F\u00fcr R\u00fcckfragen steht die Stra\u00dfenverkehrsbeh\u00f6rde unter der Telefonnummer 14-2938 zur Verf\u00fcgung.<\/p>\n\n\n\n<p><em>Stadtverwaltung Speyer<br>25.09.2020<\/em><\/p>\n\n\n\n<h2 class=\"wp-block-heading\"><strong>Baumpflege und Baumf\u00e4llung in der Stra\u00dfe Am Wasserturm<\/strong><\/h2>\n\n\n\n<p>Aufgrund von Baumpflege- und Baumf\u00e4llarbeiten ist am\u00a0<strong>Dienstag, 29. September und Mittwoch, 30. September 2020<\/strong>\u00a0zwischen 8.00 und 16.00 Uhr eine Vollsperrung der Stra\u00dfe Am Wasserturm erforderlich. Anwohner*innen k\u00f6nnen die Stra\u00dfe trotz Sperrung zu Fu\u00df begehen. Der Verkehr f\u00fcr die Eichendorffstra\u00dfe ist von der Sperrung nicht betroffen.<\/p>\n\n\n\n<p>Die Abteilung Stadtgr\u00fcn wird an den genannten Tagen umfassende Baumpflegearbeiten an 35 Jungb\u00e4umen verschiedener Gattungen in der Stra\u00dfe Am Wasserturm durchf\u00fchren. Die Arbeiten sind aufgrund der besonderen Lokalisation der B\u00e4ume erforderlich. In den ersten Jahren nach der Pflanzung wachsen B\u00e4ume sehr schnell. Jeder neu gepflanzte Stra\u00dfenbaum verh\u00e4lt sich in seiner Jugendphase wie ein einzelner Baum in der freien Landschaft. Dabei baut er eine stabile Krone auf und erobert den ihm zur Verf\u00fcgung stehenden Raum bereits in H\u00f6he des Kronenansatzes. Er hat am Standort Stra\u00dfe keinen Grund schnell in die H\u00f6he zu wachsen und die unteren \u00c4ste abzuwerfen, wie es in einem dichten Waldbestand erforderlich w\u00e4re. Deshalb ist es wichtig, die Jugendphase gezielt zum Aufbau einer stabilen Krone zu nutzen und gleichzeitig das im Stra\u00dfenraum geforderte Lichtraumprofil zu erreichen. Der Baum wird deshalb durch geeignete Schnittma\u00dfnahmen zum H\u00f6henwachstum angeregt. Au\u00dferdem wird eine abgestorbene Baumhasel gef\u00e4llt.<\/p>\n\n\n\n<p><em>Stadtverwaltung Speyer<br>25.09.2020<\/em><\/p>\n\n\n\n<h2 class=\"wp-block-heading\"><strong>Glasfaserverlegung in der Auestra\u00dfe wird fortgesetzt<\/strong><\/h2>\n\n\n\n<figure class=\"wp-block-image\"><img decoding=\"async\" loading=\"lazy\" width=\"800\" height=\"534\" src=\"https:\/\/speyer24news.com\/wp-content\/uploads\/2020\/08\/Fotolia_182587945_L.jpg\" alt=\"\" class=\"wp-image-29607\" srcset=\"https:\/\/speyer24news.com\/wp-content\/uploads\/2020\/08\/Fotolia_182587945_L.jpg 800w, https:\/\/speyer24news.com\/wp-content\/uploads\/2020\/08\/Fotolia_182587945_L-300x200.jpg 300w, https:\/\/speyer24news.com\/wp-content\/uploads\/2020\/08\/Fotolia_182587945_L-768x513.jpg 768w\" sizes=\"(max-width: 800px) 100vw, 800px\" \/><\/figure>\n\n\n\n<p>In den n\u00e4chsten Wochen sind in der Auestra\u00dfe zwei Bautrupps f\u00fcr den Glasfaserausbau in Aktion. Aus Richtung Franz-Kirrmeier-Stra\u00dfe kommend arbeitet sich die eine Kolonne im rechten Fahrradweg vom Abzweig An der Hofweide Richtung Westen vorw\u00e4rts. Die zweite beginnt an der Einm\u00fcndung Zum Schlangenw\u00fchl und bewegt sich im linken Fahrradweg Richtung Wormser Landstra\u00dfe. F\u00fcr die Baut\u00e4tigkeit ist eine Fahrbahn gesperrt. Da in kurzen Abschnitten gearbeitet wird, ist die Passage der Engstellen im Begegnungsverkehr m\u00f6glich. Die Verkehrsteilnehmer werden um erh\u00f6hte Aufmerksamkeit gebeten.<\/p>\n\n\n\n<p>Auch in der Stra\u00dfe Altspeyerer Weide beginnt die Verlegung der Leitungen in den kommenden Tagen.<\/p>\n\n\n\n<p><em>Stadtwerke Speyer (SWS) GmbH<br>25.09.2020<\/em><\/p>\n","protected":false},"excerpt":{"rendered":"<div class=\"mh-excerpt\"><p>Corona-Fallzahlen Donnerstag, 24.09.2020 Anzahl best\u00e4tigter F\u00e4lle von Coronavirus (SARS-CoV-2)-Infektionen in der Stadt Speyer: 159 (+ 2)Davon bereits genesen: 142Todesf\u00e4lle: 2Personen in Quarant\u00e4ne: 92Gemeldete F\u00e4lle der letzten sieben Tage pro 100.000 Einwohner*innen: 10 Stand: 24.09.2020, 15:30 <a class=\"mh-excerpt-more\" href=\"https:\/\/speyer24news.com\/?p=30413\" title=\"Coronafallzahlen, Stadtnotizen &#038; Verkehrsnotizen aus Speyer\">[&#8230;]<\/a><\/p>\n<\/div>","protected":false},"author":3,"featured_media":23902,"comment_status":"open","ping_status":"open","sticky":false,"template":"","format":"standard","meta":{"_monsterinsights_skip_tracking":false,"_monsterinsights_sitenote_active":false,"_monsterinsights_sitenote_note":"","_monsterinsights_sitenote_category":0,"footnotes":""},"categories":[47],"tags":[8540,8539,5873,6401,6940,5904,7003,6195,8537,8538,1296,1114],"aioseo_notices":[],"amp_enabled":true,"_links":{"self":[{"href":"https:\/\/speyer24news.com\/index.php?rest_route=\/wp\/v2\/posts\/30413"}],"collection":[{"href":"https:\/\/speyer24news.com\/index.php?rest_route=\/wp\/v2\/posts"}],"about":[{"href":"https:\/\/speyer24news.com\/index.php?rest_route=\/wp\/v2\/types\/post"}],"author":[{"embeddable":true,"href":"https:\/\/speyer24news.com\/index.php?rest_route=\/wp\/v2\/users\/3"}],"replies":[{"embeddable":true,"href":"https:\/\/speyer24news.com\/index.php?rest_route=%2Fwp%2Fv2%2Fcomments&post=30413"}],"version-history":[{"count":1,"href":"https:\/\/speyer24news.com\/index.php?rest_route=\/wp\/v2\/posts\/30413\/revisions"}],"predecessor-version":[{"id":30414,"href":"https:\/\/speyer24news.com\/index.php?rest_route=\/wp\/v2\/posts\/30413\/revisions\/30414"}],"wp:featuredmedia":[{"embeddable":true,"href":"https:\/\/speyer24news.com\/index.php?rest_route=\/wp\/v2\/media\/23902"}],"wp:attachment":[{"href":"https:\/\/speyer24news.com\/index.php?rest_route=%2Fwp%2Fv2%2Fmedia&parent=30413"}],"wp:term":[{"taxonomy":"category","embeddable":true,"href":"https:\/\/speyer24news.com\/index.php?rest_route=%2Fwp%2Fv2%2Fcategories&post=30413"},{"taxonomy":"post_tag","embeddable":true,"href":"https:\/\/speyer24news.com\/index.php?rest_route=%2Fwp%2Fv2%2Ftags&post=30413"}],"curies":[{"name":"wp","href":"https:\/\/api.w.org\/{rel}","templated":true}]}}