{"id":30455,"date":"2020-09-30T07:34:10","date_gmt":"2020-09-30T06:34:10","guid":{"rendered":"https:\/\/speyer24news.com\/?p=30455"},"modified":"2020-09-30T07:34:11","modified_gmt":"2020-09-30T06:34:11","slug":"coronafallzahlen-stadtnotizen-verkehrsnotizen-aus-speyer-3","status":"publish","type":"post","link":"https:\/\/speyer24news.com\/?p=30455","title":{"rendered":"Coronafallzahlen, Stadtnotizen &#038; Verkehrsnotizen aus Speyer"},"content":{"rendered":"<style type=\"text\/css\">\r\n\t.ads_top_disp{}\r\n\t.ads_top_corner_disp{ float:left; margin:0px 10px 10px 0px; }\r\n\t.ads_first_p_disp{}\r\n\t.ads_bottom_disp{}\r\n\t<\/style>\n<h1 class=\"wp-block-heading\" style=\"text-align:center\">Corona Fallzahlen<\/h1>\n\n\n\n<figure class=\"wp-block-image\"><img decoding=\"async\" loading=\"lazy\" width=\"800\" height=\"400\" src=\"https:\/\/speyer24news.com\/wp-content\/uploads\/2020\/02\/virus-1812092_1920.jpg\" alt=\"\" class=\"wp-image-25128\" srcset=\"https:\/\/speyer24news.com\/wp-content\/uploads\/2020\/02\/virus-1812092_1920.jpg 800w, https:\/\/speyer24news.com\/wp-content\/uploads\/2020\/02\/virus-1812092_1920-300x150.jpg 300w, https:\/\/speyer24news.com\/wp-content\/uploads\/2020\/02\/virus-1812092_1920-768x384.jpg 768w\" sizes=\"(max-width: 800px) 100vw, 800px\" \/><\/figure>\n\n\n\n<h2 class=\"wp-block-heading\">Fallzahlen vom Dienstag, 29.09.2020<\/h2>\n\n\n\n<p>Die aktuellen Fallzahlen aus dem Gesundheitsamt Rhein-Pfalz-Kreis f\u00fcr die mit Coronavirus (SARS-CoV-2) infizierten Personen:<\/p>\n\n\n\n<table class=\"wp-block-table\"><tbody><tr><td><br><\/td><td><strong>F\u00e4lle:<br><\/strong><\/td><td><strong>davon neu:<br><\/strong><\/td><td><strong>Todesf\u00e4lle:<br><\/strong><\/td><td><strong>Genesen:<\/strong><br><\/td><td><strong>Gemeldete letzten 7 Tage pro 100.000<\/strong><br><\/td><\/tr><tr><td>Frankenthal<br><\/td><td>87<br><\/td><td>+0<br><\/td><td>2<br><\/td><td>73<br><\/td><td>12<\/td><\/tr><tr><td>Ludwigshafen<br><\/td><td>631<br><\/td><td>+3<br><\/td><td>2<\/td><td>556<br><\/td><td>20<br><\/td><\/tr><tr><td>Speyer<br><\/td><td>163<br><\/td><td>+0<\/td><td>2<br><\/td><td>145<br><\/td><td>14<br><\/td><\/tr><tr><td>Rhein-Pfalz-Kreis<br><\/td><td>401<\/td><td>+3<br><\/td><td>4<br><\/td><td>351<br><\/td><td>23<\/td><\/tr><tr><td><br><\/td><td><br><\/td><td><br><\/td><td><br><\/td><td><br><\/td><td><br><\/td><\/tr><tr><td><strong>Insgesamt<\/strong><\/td><td>1282<\/td><td>+6<br><\/td><td>10<br><\/td><td>1125<br><\/td><td><br><\/td><\/tr><\/tbody><\/table>\n\n\n\n<p><em>Stand 29.09.2020, 16:00 Uhr<\/em><\/p>\n\n\n\n<p><em>Rhein-Pfalz-Kreis<br>30.09.2020<\/em><\/p>\n\n\n\n<h1 class=\"wp-block-heading\" style=\"text-align:center\">Stadtnotizen<\/h1>\n\n\n\n<figure class=\"wp-block-image\"><img decoding=\"async\" loading=\"lazy\" width=\"800\" height=\"600\" src=\"https:\/\/speyer24news.com\/wp-content\/uploads\/2020\/01\/Speyer-Stadtnachrichten-2.jpg\" alt=\"\" class=\"wp-image-23901\" srcset=\"https:\/\/speyer24news.com\/wp-content\/uploads\/2020\/01\/Speyer-Stadtnachrichten-2.jpg 800w, https:\/\/speyer24news.com\/wp-content\/uploads\/2020\/01\/Speyer-Stadtnachrichten-2-300x225.jpg 300w, https:\/\/speyer24news.com\/wp-content\/uploads\/2020\/01\/Speyer-Stadtnachrichten-2-768x576.jpg 768w, https:\/\/speyer24news.com\/wp-content\/uploads\/2020\/01\/Speyer-Stadtnachrichten-2-678x509.jpg 678w, https:\/\/speyer24news.com\/wp-content\/uploads\/2020\/01\/Speyer-Stadtnachrichten-2-326x245.jpg 326w, https:\/\/speyer24news.com\/wp-content\/uploads\/2020\/01\/Speyer-Stadtnachrichten-2-80x60.jpg 80w\" sizes=\"(max-width: 800px) 100vw, 800px\" \/><\/figure>\n\n\n\n<h2 class=\"wp-block-heading\">Spende der Salier-Gesellschaft an die Soziale Anlaufstelle Speyer (SAS)<\/h2>\n\n\n\n<div class=\"wp-block-image\"><figure class=\"aligncenter\"><img decoding=\"async\" loading=\"lazy\" width=\"800\" height=\"600\" src=\"https:\/\/speyer24news.com\/wp-content\/uploads\/2020\/09\/IMG_20200929_103525.jpg\" alt=\"\" class=\"wp-image-30458\" srcset=\"https:\/\/speyer24news.com\/wp-content\/uploads\/2020\/09\/IMG_20200929_103525.jpg 800w, https:\/\/speyer24news.com\/wp-content\/uploads\/2020\/09\/IMG_20200929_103525-300x225.jpg 300w, https:\/\/speyer24news.com\/wp-content\/uploads\/2020\/09\/IMG_20200929_103525-768x576.jpg 768w, https:\/\/speyer24news.com\/wp-content\/uploads\/2020\/09\/IMG_20200929_103525-678x509.jpg 678w, https:\/\/speyer24news.com\/wp-content\/uploads\/2020\/09\/IMG_20200929_103525-326x245.jpg 326w, https:\/\/speyer24news.com\/wp-content\/uploads\/2020\/09\/IMG_20200929_103525-80x60.jpg 80w\" sizes=\"(max-width: 800px) 100vw, 800px\" \/><\/figure><\/div>\n\n\n\n<p>Oberb\u00fcrgermeisterin Stefanie Seiler hat gemeinsam mit Stefan Wagner von der Sozialen Anlaufstelle Speyer (SAS) die Spende der Salier-Gesellschaft in H\u00f6he von 1.000 \u20ac entgegen genommen.<\/p>\n\n\n\n<figure class=\"wp-block-image\"><img decoding=\"async\" loading=\"lazy\" width=\"744\" height=\"614\" src=\"https:\/\/speyer24news.com\/wp-content\/uploads\/2020\/09\/IMG_20200929_103526.jpg\" alt=\"\" class=\"wp-image-30460\" srcset=\"https:\/\/speyer24news.com\/wp-content\/uploads\/2020\/09\/IMG_20200929_103526.jpg 744w, https:\/\/speyer24news.com\/wp-content\/uploads\/2020\/09\/IMG_20200929_103526-300x248.jpg 300w\" sizes=\"(max-width: 744px) 100vw, 744px\" \/><\/figure>\n\n\n\n<p>Das Spendenaufkommens stammt aus dem Privilegienfest der Salier-Gesellschaft. Die Soziale Anlaufstelle Speyer wird mit diesem Geld, u.a. Notfallbeutel f\u00fcr wohnungs- und obdachlose Menschen best\u00fccken und verteilen. <\/p>\n\n\n\n<p><em>Speyer 24\/7 News<br>30.09.2020<\/em><\/p>\n\n\n\n<h2 class=\"wp-block-heading\"><strong>Baumf\u00e4llung vor der Burgfeldschule<\/strong>&nbsp;<\/h2>\n\n\n\n<p>Am <strong>Montag, den\u00a05. Oktober\u00a02020<\/strong>, muss\u00a0die gro\u00dfe Esche vor der Burgfeldschule aufgrund von Baumsch\u00e4den\u00a0gef\u00e4llt werden.<\/p>\n\n\n\n<p>Es soll aber im&nbsp;Zuge der Neugestaltung der Au\u00dfenanlagen und der&nbsp;aktuellen Bauarbeiten, die den&nbsp;Anschluss der neuen Treppent\u00fcrme an den Gehweg sowie den&nbsp;Abbruch des Brunnens betreffen,&nbsp;Ersatz geschaffen werden:&nbsp;<\/p>\n\n\n\n<p>Insgesamt werden von der Stadtg\u00e4rtnerei\u00a0auf dem Grundst\u00fcck entlang der Theodor-Heuss-Stra\u00dfe zehn\u00a0klein- bis mittelkronige, standortgerechte B\u00e4ume neu gepflanzt. Darunter befinden sich\u00a0Mandel- und Judasb\u00e4ume sowie\u00a0Wei\u00dfe Maulbeeren.<\/p>\n\n\n\n<p><em>Stadtverwaltung Speyer<br>30.09.2020<\/em><\/p>\n\n\n\n<h2 class=\"wp-block-heading\"><strong>Startschuss f\u00fcr die neue Mitternachtssport-Saison \u2013 Basketball und V\u00f6lkerball<\/strong><\/h2>\n\n\n\n<div class=\"wp-block-image\"><figure class=\"aligncenter\"><img decoding=\"async\" loading=\"lazy\" width=\"330\" height=\"246\" src=\"https:\/\/speyer24news.com\/wp-content\/uploads\/2020\/09\/JuF\u00f6-Speyer.png\" alt=\"\" class=\"wp-image-30457\" srcset=\"https:\/\/speyer24news.com\/wp-content\/uploads\/2020\/09\/JuF\u00f6-Speyer.png 330w, https:\/\/speyer24news.com\/wp-content\/uploads\/2020\/09\/JuF\u00f6-Speyer-300x224.png 300w, https:\/\/speyer24news.com\/wp-content\/uploads\/2020\/09\/JuF\u00f6-Speyer-80x60.png 80w\" sizes=\"(max-width: 330px) 100vw, 330px\" \/><\/figure><\/div>\n\n\n\n<p>Anfang Oktober startet der Mitternachtssport der st\u00e4dtischen Jugendf\u00f6rderung mit einigen coronabedingten \u00c4nderungen in die neue Saison. Neben Basketball wird es in dieser Saison auch das beliebte V\u00f6lkerball-Turnier geben, das mindestens genauso viel Spannung und Spa\u00df garantiert. In den Monaten Oktober bis M\u00e4rz finden jeweils ein Basketball- und ein V\u00f6lkerball-Abend pro Monat statt. Eine Termin\u00fcbersicht kann unter&nbsp;<a href=\"https:\/\/deref-web.de\/mail\/client\/TDaI6i91rbM\/dereferrer\/?redirectUrl=http%3A%2F%2Fwww.juf%C3%B6.de\" target=\"_blank\" rel=\"noreferrer noopener\">www.juf\u00f6.de<\/a>&nbsp;eingesehen werden.<\/p>\n\n\n\n<p>Der Mitternachtssport startet am<strong> Freitag, 2. Oktober 2020<\/strong>, mit <strong>Basketball <\/strong>in die diesj\u00e4hrige Saison. Ab 22 Uhr k\u00f6nnen sich alle Basketball-Fans ab 14 Jahren in der Sporthalle des Schwerd\/Purrmann-Gymnasiums mit anderen im drei gegen drei auf einen Korb oder im f\u00fcnf gegen f\u00fcnf \u00fcber das ganze Feld messen. In entspannter Atmosph\u00e4re kann gemeinsam an den Basketball-Skills gearbeitet werden. In den Pausen wird der ein oder andere Wurfcontest stattfinden. Mitzubringen sind lediglich Hallensportschuhe und gute Laune.<\/p>\n\n\n\n<p>Weiter geht es dann am <strong>Mittwoch, 9.Oktober 2020<\/strong>, ab 22 Uhr mit einem <strong>V\u00f6lkerball-Abend<\/strong>. Mitzubringen sind f\u00fcr beide Angebote Hallensportschuhe und gute Laune.<\/p>\n\n\n\n<p>Anmeldungen werden vor Ort bis sp\u00e4testens 22:10 Uhr entgegen genommen.<\/p>\n\n\n\n<p>Das geltende Hygienekonzept kann unter&nbsp;<a href=\"https:\/\/deref-web.de\/mail\/client\/kbfbWuaT-Ww\/dereferrer\/?redirectUrl=https%3A%2F%2Fwww.juf%C3%B6.de%2Fprogramm%2Fjugendliche%2Fsport.html\" target=\"_blank\" rel=\"noreferrer noopener\">https:\/\/www.juf\u00f6.de\/programm\/jugendliche\/sport.html<\/a>&nbsp;eingesehen werden.<\/p>\n\n\n\n<p>Der Mitternachtssport wird gemeinsam von der Jugendf\u00f6rderung der Stadt Speyer, dem Stadtsportverband sowie der Sportjugend getragen. Unterst\u00fctzt wird das Angebot durch den Landessportbund Rheinland-Pfalz.<\/p>\n\n\n\n<p>F\u00fcr R\u00fcckfragen steht die Jugendf\u00f6rderung in Person von Christophe Herbin unter 0 62 32 \u2013 14 19 17 gerne zur Verf\u00fcgung.<\/p>\n\n\n\n<p><em>Stadtverwaltung Speyer \/ Jugendf\u00f6rderung<br>30.09.2020<\/em><\/p>\n\n\n\n<h2 class=\"wp-block-heading\"><strong>Wochenmarkt am Samstag entf\u00e4llt<\/strong><\/h2>\n\n\n\n<div class=\"wp-block-image\"><figure class=\"aligncenter\"><img decoding=\"async\" src=\"https:\/\/speyer24news.com\/wp-content\/uploads\/2020\/09\/Wochenmarkt.jpg\" alt=\"\" class=\"wp-image-30456\"\/><\/figure><\/div>\n\n\n\n<p>Die Stadtverwaltung informiert, dass der Wochenmarkt auf dem Festplatz aufgrund des anstehenden Feiertages (Tag der Deutschen Einheit) am Samstag, 3. Oktober 2020, entf\u00e4llt.<\/p>\n\n\n\n<p><em>Text: Stadtverwaltung Speyer Foto: Speyer 24\/7 News<br>30.09.2020<\/em><\/p>\n\n\n\n<h1 class=\"wp-block-heading\" style=\"text-align:center\">Verkehrsnotizen<\/h1>\n\n\n\n<figure class=\"wp-block-image\"><img decoding=\"async\" loading=\"lazy\" width=\"800\" height=\"565\" src=\"https:\/\/speyer24news.com\/wp-content\/uploads\/2020\/01\/Baustelle-2.jpg\" alt=\"\" class=\"wp-image-23900\" srcset=\"https:\/\/speyer24news.com\/wp-content\/uploads\/2020\/01\/Baustelle-2.jpg 800w, https:\/\/speyer24news.com\/wp-content\/uploads\/2020\/01\/Baustelle-2-300x212.jpg 300w, https:\/\/speyer24news.com\/wp-content\/uploads\/2020\/01\/Baustelle-2-768x542.jpg 768w\" sizes=\"(max-width: 800px) 100vw, 800px\" \/><\/figure>\n\n\n\n<h2 class=\"wp-block-heading\"><strong>Umgestaltung der Hafenstra\u00dfe und der Uferpromenade beginnt<\/strong><\/h2>\n\n\n\n<p>Noch in dieser Woche beginnt der erste Bauabschnitt der Gesamtma\u00dfnahme zur Umgestaltung der Hafenstrasse zwischen der Stra\u00dfe Am Heringsee und dem Ziegelofenweg sowie der funktionalen und gestalterischen Aufwertung der Uferpromenade. In diesem ersten Bauabschnitt wird die Stadt Speyer bis Ende des Jahres 2020 die Uferpromenade vom Pegelhaus bis zur Hafenstra\u00dfe 34 entlang des Rheinufers ausbauen und den Teilabschnitt der Hafenstra\u00dfe zwischen den H\u00e4usern Nr. 39 und 43 sanieren.<\/p>\n\n\n\n<p>Die geplante Oberfl\u00e4chengestaltung der Uferpromenade entspricht der bereits fertiggestellten wassergebundenen Decke im Bereich des neuen Parks am Rheinufer auf dem Gel\u00e4nde der Alten Ziegelei. Au\u00dferdem wird die Hafenstra\u00dfe zwischen Haus Nr. 43 und Nr. 46 in Asphaltbauweise hergestellt. Die Entw\u00e4sserung erfolgt nach der Neugestaltung \u00fcber eine Natursteinrinne, die s\u00fcdlich der Fahrbahn ausgebaut wird. Die vorhandenen und neuen Baumquartiere werden mit einem Stahlband eingefasst.<\/p>\n\n\n\n<p>In einem weiteren Bauabschnitt im Jahr 2021 soll dann der Bereich zwischen der Villa und der Einm\u00fcndung Hafenstra\u00dfe\/Am Heringssee folgen. Die Asphaltdecke der Hafenstra\u00dfe wird im Rahmen dessen eine Beschichtung erhalten, die sich farblich an der wassergebundenen Decke der Uferpromenade orientiert.&nbsp;<\/p>\n\n\n\n<p>Ebenfalls im n\u00e4chsten Jahr soll dann der Ausbau des Kreuzungsbereichs Hafenstra\u00dfe\/Am Heringssee mit einer \u00dcberquerungshilfe inklusive des barrierefreien Ausbaus der Bushaltestelle Hafenstra\u00dfe erfolgen. Danach wird noch die Fahrbahn der Franz-Kirrmeier-Stra\u00dfe bis zum Ziegelofenweg saniert.<\/p>\n\n\n\n<p>Im Zuge der geplanten Ma\u00dfnahmen werden auch die Stadtwerke und die Entsorgungsbetriebe Speyer Instandsetzungen an ihren Leitungsnetzen vornehmen.<\/p>\n\n\n\n<p>Die Kosten f\u00fcr das Gesamtprojekt belaufen sich auf rund zwei Millionen Euro, wovon rund 1,8 Millionen auf die Stadt entfallen.<\/p>\n\n\n\n<p>\u00dcber die weiteren Bauabschnitte wird die Stadt Speyer zu gegebener Zeit informieren.\u00a0<\/p>\n\n\n\n<p><em>Stadtverwaltung Speyer<br>30.09.2020<\/em><\/p>\n","protected":false},"excerpt":{"rendered":"<div class=\"mh-excerpt\"><p>Corona Fallzahlen Fallzahlen vom Dienstag, 29.09.2020 Die aktuellen Fallzahlen aus dem Gesundheitsamt Rhein-Pfalz-Kreis f\u00fcr die mit Coronavirus (SARS-CoV-2) infizierten Personen: F\u00e4lle: davon neu: Todesf\u00e4lle: Genesen: Gemeldete letzten 7 Tage pro 100.000 Frankenthal 87 +0 2 <a class=\"mh-excerpt-more\" href=\"https:\/\/speyer24news.com\/?p=30455\" title=\"Coronafallzahlen, Stadtnotizen &#038; Verkehrsnotizen aus Speyer\">[&#8230;]<\/a><\/p>\n<\/div>","protected":false},"author":3,"featured_media":23902,"comment_status":"open","ping_status":"open","sticky":false,"template":"","format":"standard","meta":{"_monsterinsights_skip_tracking":false,"_monsterinsights_sitenote_active":false,"_monsterinsights_sitenote_note":"","_monsterinsights_sitenote_category":0,"footnotes":""},"categories":[47],"tags":[7320,7003,7491,4892,6187,8555,8554,6427,6,1296,8556,8557,46],"aioseo_notices":[],"amp_enabled":true,"_links":{"self":[{"href":"https:\/\/speyer24news.com\/index.php?rest_route=\/wp\/v2\/posts\/30455"}],"collection":[{"href":"https:\/\/speyer24news.com\/index.php?rest_route=\/wp\/v2\/posts"}],"about":[{"href":"https:\/\/speyer24news.com\/index.php?rest_route=\/wp\/v2\/types\/post"}],"author":[{"embeddable":true,"href":"https:\/\/speyer24news.com\/index.php?rest_route=\/wp\/v2\/users\/3"}],"replies":[{"embeddable":true,"href":"https:\/\/speyer24news.com\/index.php?rest_route=%2Fwp%2Fv2%2Fcomments&post=30455"}],"version-history":[{"count":1,"href":"https:\/\/speyer24news.com\/index.php?rest_route=\/wp\/v2\/posts\/30455\/revisions"}],"predecessor-version":[{"id":30461,"href":"https:\/\/speyer24news.com\/index.php?rest_route=\/wp\/v2\/posts\/30455\/revisions\/30461"}],"wp:featuredmedia":[{"embeddable":true,"href":"https:\/\/speyer24news.com\/index.php?rest_route=\/wp\/v2\/media\/23902"}],"wp:attachment":[{"href":"https:\/\/speyer24news.com\/index.php?rest_route=%2Fwp%2Fv2%2Fmedia&parent=30455"}],"wp:term":[{"taxonomy":"category","embeddable":true,"href":"https:\/\/speyer24news.com\/index.php?rest_route=%2Fwp%2Fv2%2Fcategories&post=30455"},{"taxonomy":"post_tag","embeddable":true,"href":"https:\/\/speyer24news.com\/index.php?rest_route=%2Fwp%2Fv2%2Ftags&post=30455"}],"curies":[{"name":"wp","href":"https:\/\/api.w.org\/{rel}","templated":true}]}}