{"id":30588,"date":"2020-10-02T12:38:38","date_gmt":"2020-10-02T11:38:38","guid":{"rendered":"https:\/\/speyer24news.com\/?p=30588"},"modified":"2020-10-02T12:38:39","modified_gmt":"2020-10-02T11:38:39","slug":"speyer-gesundheit-2","status":"publish","type":"post","link":"https:\/\/speyer24news.com\/?p=30588","title":{"rendered":"Speyer \/ Gesundheit"},"content":{"rendered":"<style type=\"text\/css\">\r\n\t.ads_top_disp{}\r\n\t.ads_top_corner_disp{ float:left; margin:0px 10px 10px 0px; }\r\n\t.ads_first_p_disp{}\r\n\t.ads_bottom_disp{}\r\n\t<\/style>\n<h2 class=\"wp-block-heading\"><strong>Oberb\u00fcrgermeisterin begr\u00fc\u00dft Pandemie-Stufenplan des Landes Rheinland-Pfalz<\/strong><\/h2>\n\n\n\n<h3 class=\"wp-block-heading\"><strong>Lokales Pandemiebek\u00e4mpfungskonzept der Stadt bleibt weiter in Kraft<\/strong><\/h3>\n\n\n\n<div class=\"wp-block-image\"><figure class=\"aligncenter\"><img decoding=\"async\" src=\"https:\/\/speyer24news.com\/wp-content\/uploads\/2020\/10\/Steffi-mit-Maske.jpg\" alt=\"\" class=\"wp-image-30589\"\/><\/figure><\/div>\n\n\n\n<p>Am Montag, 28. September,&nbsp;2020 hat das Land Rheinland-Pfalz einen pr\u00e4ventiven Stufenplan bei steigenden Infektionszahlen ver\u00f6ffentlicht. Diesem liegt ein Ampelsystem zu Grunde, welches den Gebietsk\u00f6rperschaften je nach H\u00f6he der Sieben-Tages-Inzidenz an Corona-Neuinfektionen unterschiedlich weiterreichende Ma\u00dfnahmen empfiehlt. Die Stadt Speyer hat ihrerseits bereits am 28. August 2020 ein lokales Pandemiebek\u00e4mpfungskonzept ver\u00f6ffentlicht, welches sich ebenso auf ein Ampelsystem st\u00fctzt.&nbsp;<\/p>\n\n\n\n<p>K\u00fcnftig werden die beiden Konzepte parallel existieren und genutzt werden. W\u00e4hrend die Stufe Gelb in beiden Konzepten deckungsgleich ist, sind die vom Land empfohlenen Ma\u00dfnahmen&nbsp;in den Stufen Orange und Rot etwas milder, als die im Konzept der Stadt Speyer aufgef\u00fchrten. Allerdings \u2013 und das wurde bereits bei der Vorstellung deutlich gemacht \u2013 ist das Speyerer Konzept nicht starr, das hei\u00dft die Ma\u00dfnahmen treten bei \u00dcberschreitung der definierten Grenzwerte nicht automatisch in Kraft.<\/p>\n\n\n\n<p>\u201eWir werden, sollte sich die Infektionslage versch\u00e4rfen und die definierten Schwellenwerte \u00fcberschritten werden, umgehend den st\u00e4dtischen Verwaltungsstab einberufen. Dieser wird beide Konzepte heranziehen, diese miteinander abgleichen und einzelfallbezogene Entscheidungen treffen, welche der vordefinierten Ma\u00dfnahmen tats\u00e4chlich mittels einer Allgemeinverf\u00fcgung umgesetzt werden\u201c, erl\u00e4utert Oberb\u00fcrgermeisterin Stefanie Seiler. \u201eUns war es sehr wichtig, fr\u00fchzeitig ein in Ruhe erarbeitetes und wohl \u00fcberlegtes Konzept zu haben, auf das wir, sollte sich die Lage in Speyer schnell \u00e4ndern, zur\u00fcckgreifen k\u00f6nnen. Dass nun auch das Land eine \u00e4hnliche Handlungsempfehlung f\u00fcr die St\u00e4dte und Kreise erarbeitet hat, ist ein gutes und richtiges Zeichen, welches uns in unserer Arbeit best\u00e4tigt\u201c, so Seiler weiter.<\/p>\n\n\n\n<figure class=\"wp-block-image\"><img decoding=\"async\" loading=\"lazy\" width=\"800\" height=\"655\" src=\"https:\/\/speyer24news.com\/wp-content\/uploads\/2020\/07\/Feuerwehrinspekteur-1.jpg\" alt=\"\" class=\"wp-image-29284\" srcset=\"https:\/\/speyer24news.com\/wp-content\/uploads\/2020\/07\/Feuerwehrinspekteur-1.jpg 800w, https:\/\/speyer24news.com\/wp-content\/uploads\/2020\/07\/Feuerwehrinspekteur-1-300x246.jpg 300w, https:\/\/speyer24news.com\/wp-content\/uploads\/2020\/07\/Feuerwehrinspekteur-1-768x629.jpg 768w\" sizes=\"(max-width: 800px) 100vw, 800px\" \/><figcaption>v.l.: Oberb\u00fcrgermeisterin Stefanie Seiler, ehemaliger Stadtfeuerwehrinspekteur Michael Hopp, Stadtfeuerwehrinspekteur Peter Eymann.<\/figcaption><\/figure>\n\n\n\n<p>Stadtfeuerwehrinspekteur Peter Eymann, der ma\u00dfgeblich an der Entwicklung des st\u00e4dtischen Konzeptes beteiligt war und die beiden Stufenpl\u00e4ne in dieser Woche intensiv gepr\u00fcft und miteinander verglichen hat, erg\u00e4nzt und appelliert an die Speyerer*innen: \u201eZu Beginn der kalten Jahreszeit bereiten wir uns in der Verwaltung und der Gefahrenabwehr intensiv auf die M\u00f6glichkeit von steigenden Infektionszahlen und die daraus resultierenden Konsequenzen vor. Ver\u00e4nderungen werden von uns t\u00e4glich beobachtet und bewertet. Ob es in Speyer zu einer \u00dcberschreitung von Grenzwerten kommt, liegt weitestgehend in den H\u00e4nden unserer B\u00fcrgerinnen und B\u00fcrger. Wir alle d\u00fcrfen jetzt nicht m\u00fcde werden uns an Hygienema\u00dfnahmen und die AHA-Regel zu halten. Dann kann es uns gemeinsam gelingen, Einschr\u00e4nkungen zu vermeiden.<\/p>\n\n\n\n<figure class=\"wp-block-image\"><img decoding=\"async\" loading=\"lazy\" width=\"800\" height=\"590\" src=\"https:\/\/speyer24news.com\/wp-content\/uploads\/2020\/10\/Abstand-RLP.jpg\" alt=\"\" class=\"wp-image-30590\" srcset=\"https:\/\/speyer24news.com\/wp-content\/uploads\/2020\/10\/Abstand-RLP.jpg 800w, https:\/\/speyer24news.com\/wp-content\/uploads\/2020\/10\/Abstand-RLP-300x221.jpg 300w, https:\/\/speyer24news.com\/wp-content\/uploads\/2020\/10\/Abstand-RLP-768x566.jpg 768w, https:\/\/speyer24news.com\/wp-content\/uploads\/2020\/10\/Abstand-RLP-80x60.jpg 80w\" sizes=\"(max-width: 800px) 100vw, 800px\" \/><\/figure>\n\n\n\n<p>Weitere Informationen zum Stufenplan des Landes sind auf der Website des Landes Rheinland-Pfalz zu finden (<a href=\"https:\/\/deref-web.de\/mail\/client\/LOit_ShD4aM\/dereferrer\/?redirectUrl=https%3A%2F%2Fcorona.rlp.de%2Fde%2Faktuelles%2Fdetail%2Fnews%2FNews%2Fdetail%2Frheinland-pfalz-fuehrt-corona-warn-und-aktionsplan-rlp-ein-und-appelliert-an-bevoelkerung-wir-brau-1%2F\" target=\"_blank\" rel=\"noreferrer noopener\">https:\/\/corona.rlp.de\/de\/aktuelles\/detail\/news\/News\/detail\/rheinland-pfalz-fuehrt-corona-warn-und-aktionsplan-rlp-ein-und-appelliert-an-bevoelkerung-wir-brau-1\/<\/a>). Das lokale Corona-Bek\u00e4mpfungskonzept der Stadt Speyer kann unter&nbsp;<a href=\"https:\/\/deref-web.de\/mail\/client\/1erN5_NI5UQ\/dereferrer\/?redirectUrl=http%3A%2F%2Fwww.speyer.de%2Fcorona\" target=\"_blank\" rel=\"noreferrer noopener\">www.speyer.de\/corona<\/a>&nbsp;in der rechten Seitenbox eingesehen werden.<\/p>\n","protected":false},"excerpt":{"rendered":"<div class=\"mh-excerpt\"><p>Oberb\u00fcrgermeisterin begr\u00fc\u00dft Pandemie-Stufenplan des Landes Rheinland-Pfalz Lokales Pandemiebek\u00e4mpfungskonzept der Stadt bleibt weiter in Kraft Am Montag, 28. September,&nbsp;2020 hat das Land Rheinland-Pfalz einen pr\u00e4ventiven Stufenplan bei steigenden Infektionszahlen ver\u00f6ffentlicht. Diesem liegt ein Ampelsystem zu Grunde, <a class=\"mh-excerpt-more\" href=\"https:\/\/speyer24news.com\/?p=30588\" title=\"Speyer \/ Gesundheit\">[&#8230;]<\/a><\/p>\n<\/div>","protected":false},"author":3,"featured_media":25128,"comment_status":"open","ping_status":"open","sticky":false,"template":"","format":"standard","meta":{"_monsterinsights_skip_tracking":false,"_monsterinsights_sitenote_active":false,"_monsterinsights_sitenote_note":"","_monsterinsights_sitenote_category":0,"footnotes":""},"categories":[9],"tags":[6401,8601,6367,8600,6940,6359,6370,5904,6358,5801,6342,2625,6],"aioseo_notices":[],"amp_enabled":true,"_links":{"self":[{"href":"https:\/\/speyer24news.com\/index.php?rest_route=\/wp\/v2\/posts\/30588"}],"collection":[{"href":"https:\/\/speyer24news.com\/index.php?rest_route=\/wp\/v2\/posts"}],"about":[{"href":"https:\/\/speyer24news.com\/index.php?rest_route=\/wp\/v2\/types\/post"}],"author":[{"embeddable":true,"href":"https:\/\/speyer24news.com\/index.php?rest_route=\/wp\/v2\/users\/3"}],"replies":[{"embeddable":true,"href":"https:\/\/speyer24news.com\/index.php?rest_route=%2Fwp%2Fv2%2Fcomments&post=30588"}],"version-history":[{"count":1,"href":"https:\/\/speyer24news.com\/index.php?rest_route=\/wp\/v2\/posts\/30588\/revisions"}],"predecessor-version":[{"id":30591,"href":"https:\/\/speyer24news.com\/index.php?rest_route=\/wp\/v2\/posts\/30588\/revisions\/30591"}],"wp:featuredmedia":[{"embeddable":true,"href":"https:\/\/speyer24news.com\/index.php?rest_route=\/wp\/v2\/media\/25128"}],"wp:attachment":[{"href":"https:\/\/speyer24news.com\/index.php?rest_route=%2Fwp%2Fv2%2Fmedia&parent=30588"}],"wp:term":[{"taxonomy":"category","embeddable":true,"href":"https:\/\/speyer24news.com\/index.php?rest_route=%2Fwp%2Fv2%2Fcategories&post=30588"},{"taxonomy":"post_tag","embeddable":true,"href":"https:\/\/speyer24news.com\/index.php?rest_route=%2Fwp%2Fv2%2Ftags&post=30588"}],"curies":[{"name":"wp","href":"https:\/\/api.w.org\/{rel}","templated":true}]}}