{"id":30603,"date":"2020-10-05T08:12:22","date_gmt":"2020-10-05T07:12:22","guid":{"rendered":"https:\/\/speyer24news.com\/?p=30603"},"modified":"2020-10-05T08:12:24","modified_gmt":"2020-10-05T07:12:24","slug":"polizei-369","status":"publish","type":"post","link":"https:\/\/speyer24news.com\/?p=30603","title":{"rendered":"Polizei"},"content":{"rendered":"<style type=\"text\/css\">\r\n\t.ads_top_disp{}\r\n\t.ads_top_corner_disp{ float:left; margin:0px 10px 10px 0px; }\r\n\t.ads_first_p_disp{}\r\n\t.ads_bottom_disp{}\r\n\t<\/style>\n<h2 class=\"wp-block-heading\">Polizeimeldungen vom Sonntag (04.10.2020)<\/h2>\n\n\n\n<div class=\"wp-block-image\"><figure class=\"aligncenter\"><img decoding=\"async\" src=\"https:\/\/speyer24news.com\/wp-content\/uploads\/2020\/01\/Aktuelles-Polizeilogo.jpg\" alt=\"\" class=\"wp-image-23832\"\/><\/figure><\/div>\n\n\n\n<h4 class=\"wp-block-heading\">(Speyer) &#8211; Gef\u00e4hrliche K\u00f6rperverletzung<\/h4>\n\n\n\n<p>In der Nacht von Samstag auf Sonntag f\u00fchrte ein alkoholisierter 18-J\u00e4hriger seinen Hund im Fliederweg in Speyer aus. Hier traf er auf einen 19-J\u00e4hrigen Bekannten, der ebenfalls in Speyer wohnhaft ist. Beide Personen gerieten in Streit, woraufhin der 18-J\u00e4hrige mit einem Messer in Richtung seines Kontrahenten stach und diesen gl\u00fccklicherweise nur leicht am Oberk\u00f6rper verletzte. Der Gesch\u00e4digte, der sich mit Freunden im Bereich eines Spielplatzes aufhielt, blieb vor Ort, der T\u00e4ter entfernte sich. Er konnte im Rahmen der polizeilichen Fahndung angetroffen werden. Die Tatwaffe konnte aufgefunden und sichergestellt werden. Der Gesch\u00e4digte ben\u00f6tigte keine \u00e4rztliche Behandlung, seine Oberbekleidung wurde durch das Messer besch\u00e4digt.<\/p>\n\n\n\n<h4 class=\"wp-block-heading\">(B\u00f6hl-Iggelheim) &#8211; Verkehrsunfall mit Fahrrad \/ Radfahrer schwer verletzt<\/h4>\n\n\n\n<p>Am Freitag, 02.10.2020, gegen 09:10 Uhr befuhr ein 78 Jahre alter Radfahrer die Eisenbahnstra\u00dfe in B\u00f6hl-Iggelheim, als dieser unvermittelt und ohne Fremdeinwirkung st\u00fcrzte und dabei ungesch\u00fctzt mit dem Gesicht auf das Stra\u00dfenpflaster aufschlug. Durch Zeugen wurde der bewusstlose Radfahrer bis zum Eintreffen des Notarztes erstversorgt. Der 78-j\u00e4hrige wurde auf eine Intensivstation gebracht, sein Zustand sei aber, auch aufgrund des schnellen und couragierten Handelns der Ersthelfer, inzwischen stabil. Nach derzeitigem Ermittlungsstand verlor der in B\u00f6hl-Iggelheim wohnende Fahrradfahrer vermutlich aufgrund Herzprobleme das Bewusstsein und dadurch auch die Kontrolle \u00fcber sein Fahrrad, wodurch es zum Sturz kam.<\/p>\n\n\n\n<h4 class=\"wp-block-heading\">(Schifferstadt) &#8211; Verkehrsunfall zwischen Radfahrer<\/h4>\n\n\n\n<p>Am Freitag, 02.10.2020, gegen 13:53 Uhr, fuhren vier Kinder im Alter zwischen 10 und 13 Jahre verkehrswidrig den linken Radweg auf der Speyerer Stra\u00dfe in Richtung Burgstra\u00dfe, als ihnen ein 65 Jahre alter Radfahrer aus Schifferstadt entgegenfuhr. W\u00e4hrend drei der Kinder noch auf den B\u00fcrgersteig auswichen, stie\u00df eine 10-j\u00e4hrige mit dem Rad des 65-j\u00e4hrigen zusammen. Hierdurch st\u00fcrzte die 10-j\u00e4hrige gegen ein geparktes Fahrzeug und fiel zu Boden. Das M\u00e4dchen, welches durch den Unfall leicht verletzt war, wurde vorsorglich mit einem Krankenwagen in ein Krankenhaus gebracht. Der 65-j\u00e4hrige Unfallgegner wurde ebenfalls leicht verletzt. Ein Sachschaden entstand bei dem Unfall nicht.<\/p>\n\n\n\n<h4 class=\"wp-block-heading\">(Limburgerhof) &#8211; Verkehrsunfall mit zwei Verletzten<\/h4>\n\n\n\n<p>Am Freitag, 02.10.2020, gegen 20:30 Uhr kam es auf der L533 zwischen Limburgerhof und Neuhofen zu einem Verkehrsunfall. Ein 22 Jahre alter PKW-Fahrer aus Neuhofen befuhr mit seinem VW Golf die L533 aus Neuhofen kommend in Richtung Limburgerhof, als eine 22-j\u00e4hrige Ludwigshafenerin mit ihrem Opel Adam von der B9 kommend nach links auf die L533 abbiegen wollte. Die Ludwigshafenerin missachtete dabei die Vorfahrt und stie\u00df frontal mit dem VW Golf zusammen. Beide Unfallbeteiligte wurden bei dem Zusammenprall gl\u00fccklicherweise nur leicht verletzt, mussten jedoch ins Krankenhaus gebracht werden. Der entstandene Sachschaden bel\u00e4uft sich auf ca. 30.000,- Euro.<\/p>\n\n\n\n<h4 class=\"wp-block-heading\">(Altrip) &#8211; Ruhest\u00f6rung endet in Schl\u00e4gerei mit mehreren Verletzten<\/h4>\n\n\n\n<p>Am Freitag, 02.10.2020, gegen 22:07 Uhr meldete ein 81 Jahre alter Altriper eine Ruhest\u00f6rung in seiner Nachbarschaft. Die Nachbarn feierten auf der Dachterrasse eine Party. Da dem 81-j\u00e4hrigen das Eintreffen der Polizei zu lange dauerte, wollte dieser, zusammen mit seiner 78 Jahre alten Ehefrau, selbstst\u00e4ndig f\u00fcr Ruhe sorgen. Hierbei entwickelte sich ein Streit zwischen dem Ehepaar und den jungen Partyg\u00e4sten. Als die Heranwachsenden die Beschwerdef\u00fchrer anfingen zu bleidigen, k\u00f6rperlich zu bedr\u00e4ngen und mit einer Bierflasche bewarfen, setzte sich der 81-j\u00e4hrige mit einem Holzstock zur Wehr. Hierbei wurden zwei der Partyg\u00e4ste leicht verletzt. Gegen beide Parteien wurden Strafanzeigen erfasst.<\/p>\n\n\n\n<h4 class=\"wp-block-heading\">(Hochdorf-Assenheim) &#8211; Bus verursacht Verkehrsunfall \/ Gesch\u00e4digter gesucht<\/h4>\n\n\n\n<p>Am Freitag, 02.10.2020, gegen 20:31 Uhr, meldete ein Busfahrer, dass er am heutigen Tag auf seiner Fahrstrecke zwischen BASF Ludwigshafen, Meckenheim, Niederkirchen, Deidesheim, Ruppertsberg und Hochdorf-Assenheim vermutlich einen Verkehrsunfall verursacht habe. Der 56 Jahre alte Busfahrer habe zwar keinen Zusammensto\u00df bemerkt, hatte jedoch nach Beendigung seiner Tour einen frischen Schaden an dem Bus festgestellt. Der Gesch\u00e4digte oder Verkehrsunfallzeugen werden gebeten, sich an die Polizei Schifferstadt zu wenden.<\/p>\n\n\n\n<h4 class=\"wp-block-heading\">(Dudenhofen) &#8211; R\u00e4uberische Erpressung<\/h4>\n\n\n\n<p>Am Rande des Fu\u00dfballspiels des FV Dudenhofen kam es am Samstagnachmittag in der Iggelheimer Stra\u00dfe in Dudenhofen zu einer R\u00e4uberischen Erpressung zum Nachteil eines 27-j\u00e4hrigen Mannes aus Mittelbach. Dieser war, zusammen mit einem 20-J\u00e4hrigen aus R\u00f6merberg, auf dem Weg zu seinem geparkten Fahrzeug. Der Gesch\u00e4digte war mit Fanartikel des SV Waldhof bekleidet. An seinem Fahrzeug wurde der 27-J\u00e4hrige von einer f\u00fcnfk\u00f6pfigen Personengruppe angehalten und von einem Mann dieser Gruppe, unter der Androhung von Schl\u00e4gen, zur Aush\u00e4ndigung der Fanartikel aufgefordert. Nachdem der Gesch\u00e4digte die entsprechende Bekleidung im Wert von rund 80 Euro ausgeh\u00e4ndigt hatte, fl\u00fcchtete die T\u00e4tergruppe in Richtung Ortsausgang. <\/p>\n\n\n\n<p><strong>Alle Personen dieser Gruppe sollen zwischen 17 bis 20 Jahren alt gewesen sein. Drei Personen konnten genauer beschrieben werden:<\/strong><\/p>\n\n\n\n<ol><li>Rote FCK-Jacke, graue Jogginghose, hellblonde Haare<\/li><li>Kr\u00e4ftige Statur, rote Locken, ca. 170 cm gro\u00df<\/li><li>Schwarze Jacke, schwarze Haare, auffallend schlank, 170 cm gro\u00df<\/li><\/ol>\n\n\n\n<p>Inwieweit ein Bezug zum Spiel des FV Dudenhofen besteht ist noch nicht gekl\u00e4rt. Die fl\u00fcchtende Personengruppe konnte im Rahmen der polizeilichen Fahndungsma\u00dfnahmen noch nicht ermittelt werden. Hinweise zu der Tat oder den T\u00e4tern nimmt die Polizei Speyer unter der Tel. 06232-1370 oder per E-Mail an\u00a0<a href=\"mailto:pispeyer@polizei.rlp.de\">pispeyer@polizei.rlp.de<\/a>\u00a0entgegen.<\/p>\n\n\n\n<h4 class=\"wp-block-heading\">(Oberotterbach) &#8211; Nach Auffahrunfall gefl\u00fcchtet<\/h4>\n\n\n\n<p>Eine 26 Jahre alte PKW Fahrerin befuhr am 3.10.20, gg. 17:30 Uhr, die alte Weinstra\u00dfe in Oberotterbach. Ihr folgte ein dunkelblauer Motorroller nach. An der Einm\u00fcndung zur neuen Weinstra\u00dfe\/Bundesstra\u00dfe 38 musste die vorne fahrende PKW Fahrerin anhalten. Der Roller Fahrer fuhr hierbei durch nicht angepasste Geschwindigkeit leicht auf und st\u00fcrzte zu Boden. Er stand sofort auf und fuhr weg, obwohl am PKW ein Schaden in noch unbekannter H\u00f6he entstanden war. Der Fahrer des Rollers trug einen silbernen Helm, eine schwarze Jacke und blaue Jeans. Hinweise bitte an die Polizeiinspektion Bad Bergzabern.<\/p>\n\n\n\n<h4 class=\"wp-block-heading\">(Herxheim) &#8211; Einbruch in Einfamilienhaus <\/h4>\n\n\n\n<p>Am Samstag Abend gegen 20:10 Uhr \u00f6ffnete eine Hausbesitzerin in der Stra\u00dfe &#8222;Im Eichelhorst&#8220; in Herxheim ihre Haust\u00fcr und \u00fcberraschte im Haus einen Einbrecher. Der Einbrecher, der vermutlich kurz vor der R\u00fcckkehr der Hauseigent\u00fcmerin gewaltsam in das Anwesen eingedrungen war, fl\u00fcchtete sofort zu Fu\u00df in unbekannte Richtung. Die Person wurde u.a. als 1,90 gro\u00df beschrieben, kr\u00e4ftige Gestalt, trug einen dunklen Kapuzenpulli und unter der Kapuze eine M\u00fctze. In der Hand trug er einen Gegenstand in schlauch\u00e4hnlicher Gestalt, evtl. handelte es sich um einen Sack. Eine umgehend eingeleitete Fahndung der Polizei in Herxheim und Umgebung verlief negativ. Die Polizei Landau bittet Zeugen um Mitteilung von verd\u00e4chtigen Wahrnehmungen vor oder nach der Tat unter der 06341-287-0.<\/p>\n\n\n\n<h4 class=\"wp-block-heading\">(Landau) &#8211; Versuchter PKW-Aufbruch + Sachbesch\u00e4digung an KFZ<\/h4>\n\n\n\n<p>In einem Parkhaus in Landau &#8222;Am Gro\u00dfmarkt&#8220; wurde am Samstag in der Zeit von 06:00 &#8211; 13:30 Uhr ein PKW BMW massiv besch\u00e4digt. Ein bislang UT versuchte zun\u00e4chst eine Fahrzeugt\u00fcr aufzuhebeln. Als dies misslang, zerkratzte er das Fahrzeug ringsum und besch\u00e4digte weitere Fahrzeugteile. Es entstand ein Gesamtsachschaden von ca. 10000.- EUR. Die Polizei Landau bittet um Zeugenhinweise unter der 06341-287-0.<\/p>\n\n\n\n<h4 class=\"wp-block-heading\">(Landau) &#8211; Vandalismus, Verm\u00fcllung<\/h4>\n\n\n\n<p>In der Nacht von Freitag auf Samstag kam es in der Verl\u00e4ngerung &#8222;Nu\u00dfdorfer Weg&#8220;, ca. 300 Meter nach dem Stadtviertel &#8222;Sch\u00fctzenhof&#8220; in Richtung Nu\u00dfdorf, zu gro\u00dffl\u00e4chigen Verunreinigungen. Nach aktuellem Kenntnisstand der Polizei feierten dort wohl Jugendliche\/Heranwachsende, die Verantwortlichen hinterlie\u00dfen jede Menge M\u00fcll und Unrat. Auch wurden einige Schilder verbogen oder mutwillig aus der Halterung gerissen. Die Personalien der Feiernden sind der Polizei Landau nicht bekannt. Hinweise bitte an die 06341-2870 oder\u00a0<a href=\"mailto:pilandau@polizei.rlp.de\">pilandau@polizei.rlp.de<\/a>.<\/p>\n\n\n\n<h4 class=\"wp-block-heading\">(Venningen) &#8211; Geige zerst\u00f6rt \/ T\u00e4ter gesucht:<\/h4>\n\n\n\n<p>Bislang unbekannte T\u00e4ter entnahmen in der Nacht von Freitag auf Samstag eine ca. 2000 Euro teure Violine aus dem in der M\u00fchlstra\u00dfe geparkten PKW des Gesch\u00e4digten und zerst\u00f6rten diese auf dem dortigen Parkplatz v\u00f6llig. Der PKW war zum Tatzeitpunkt nicht abgeschlossen. Bei Hinweise zum Sachverhalt sollen sich m\u00f6gliche Zeugen unter 06323-9550 bei der Polizei in Edenkoben melden.<\/p>\n\n\n\n<h4 class=\"wp-block-heading\">(B\u00f6bingen) &#8211; Einbruch in Wohnhaus<\/h4>\n\n\n\n<p>Die urlaubsbedingte Abwesenheit des Hausbesitzers nutzten bislang unbekannte T\u00e4ter und brachen im Zeitraum vom 19.09.2020 bis 03.10.2020 in ein Einfamilienhaus in der Stra\u00dfe &#8222;Am Triefenbach&#8220; in B\u00f6bingen ein. Durch Aufhebeln der Terrassent\u00fcr im r\u00fcckw\u00e4rtigen Bereich des Anwesens erlangten die Einbrecher Zugang zum Wohnhaus und durchw\u00fchlten s\u00e4mtliche Schr\u00e4nke nach Diebesgut. Nach vorl\u00e4ufigen Erkenntnissen hatte der Eigent\u00fcmer jedoch keine Wertsachen im Haus. Hinweise in dieser Sache erbittet die Polizei Edenkoben unter 06323-9550.<\/p>\n\n\n\n<h4 class=\"wp-block-heading\">(Neustadt) &#8211; Radfahrer schaut zu tief ins Glas<\/h4>\n\n\n\n<p>Am Samstagabend, den 03.10.2020, wurde der Polizei gegen 21:00 Uhr eine m\u00e4nnliche Person im Bereich des AVG-Kreisel gemeldet, welche offensichtlich stark alkoholisiert sei und mit dem Fahrrad Schlangenlinien fahren w\u00fcrde. Der betrunkene Radfahrer konnte vor Ort angetroffen werden. Die Fahrt mit dem Rad war f\u00fcr den 33-j\u00e4hrigen Mann aus Baden-W\u00fcrttemberg j\u00e4h beendet, ein Atemalkoholtest ergab vor Ort einen Wert von 2,24 Promille. Gegen den Radfahrer wurde ein Strafverfahren aufgrund der begangenen Trunkenheitsfahrt eingeleitet.<\/p>\n\n\n\n<p>Der Genuss von Alkohol in Verbindung mit dem Radfahren wird oft untersch\u00e4tzt. Die sogenannte Promilleobergrenze geht mit der absoluten Fahrunt\u00fcchtigkeit einher und liegt bei einer folgenlosen Fahrt mit einem Fahrrad bei 1,6 Promille. Eine relative Fahrunt\u00fcchtigkeit kann bereits ab einem Wert von 0,3 Promille begr\u00fcndet werden, wenn weitere Umst\u00e4nde wie unsicheres, enthemmendes oder leichtsinniges Fahren mit einem Fahrzeug (z.B. Schlangenlinien) hinzukommen und deshalb die Fahrunsicherheit angenommen werden muss. In beiden F\u00e4llen wird ein Strafverfahren eingeleitet.<\/p>\n\n\n\n<h4 class=\"wp-block-heading\">(Neustadt) &#8211; Autofahrt unter dem Einfluss von Drogen<\/h4>\n\n\n\n<p>Am 03.10.2020 um kurz nach 20:00 Uhr wurde ein Autofahrer in der Sauterstra\u00dfe einer anlassbezogenen Verkehrskontrolle unterzogen, da er trotz Dunkelheit ohne Licht fuhr. Im Rahmen der Verkehrskontrolle konnten bei dem 24 Jahre alten Autofahrer aus Neustadt\/W. Verhaltensauff\u00e4lligkeiten festgestellt werden, welche auf einen Drogenkonsum hindeuteten. Ein auf freiwilliger Basis durchgef\u00fchrter Urintest best\u00e4tigte die Aufnahme von THC und Amphetamin, weshalb der junge Mann zur Dienststelle verbracht und dort eine Blutprobe zur Nachweisbarkeit der Drogenbeeinflussung entnommen wurde. Den Betroffenen erwartet nun eine Ordnungswidrigkeit, welche mindestens mit einem Bu\u00dfgeld von 500EUR, einem Fahrverbot und 2 Punkten in Flensburg geahndet wird.<\/p>\n\n\n\n<h4 class=\"wp-block-heading\">(Neustadt) &#8211; Schwerer Verkehrsunfall im Innenstadtbereich<\/h4>\n\n\n\n<p>Am Freitag, den 02.10.2020, kam es am sp\u00e4ten Nachmittag gegen 17:30 Uhr in der Landauer Stra\u00dfe in Neustadt\/W. zu einem schweren Verkehrsunfall zwischen zwei Autofahrern. Beide ortsans\u00e4ssige Autofahrer befuhren zun\u00e4chst hintereinander die Landauer Stra\u00dfe in selbige Fahrtrichtung. Der 25 Jahre alte vorausfahrende Autofahrer habe von der rechten auf die linke Fahrspur fahren wollen, als der mit voraussichtlich nicht angepasster Geschwindigkeit von hinten heranfahrende 33 Jahre alte Autofahrer den Vorausfahrenden \u00fcberholen wollte. Es kam zum Zusammensto\u00df, wodurch beide Pkw in Schleudern gerieten und eines der beiden auf der Gegenfahrbahn zum Stehen kam. Beide Fahrzeuge waren nicht mehr fahrbereit und mussten abgeschleppt werden. Der 25-j\u00e4hrige Unfallbeteiligte musste zur \u00e4rztlichen Untersuchung ins \u00f6rtliche Krankenhaus verbracht werden, erlitt aber offensichtlich nur leichte Prellungen. Der entstandene Gesamtschaden wird derzeit auf \u00fcber 20.000EUR gesch\u00e4tzt.<\/p>\n\n\n\n<h4 class=\"wp-block-heading\">(Frankeneck) &#8211; Wechselseitige gef\u00e4hrliche K\u00f6rperverletzung mit Messer<\/h4>\n\n\n\n<h4 class=\"wp-block-heading\">Gemeinsame Presseerkl\u00e4rung der Staatsanwaltschaft Frankenthal und des Polizeipr\u00e4sidiums Rheinpfalz &#8211; Polizeiinspektion Neustadt\/Wstr.:<\/h4>\n\n\n\n<p>Am Samstag, den 03.10.2020, kam es gegen 04:30 Uhr in Frankeneck zu einer k\u00f6rperlichen Auseinandersetzung zwischen drei sich bekannten Personen. Nach bisherigen Ermittlungen erschien ein 31-j\u00e4hriger Mann aus Bad D\u00fcrkheim aufgrund von vorangegangener Streitigkeiten zu genannter Uhrzeit am Wohnhaus zweier 18 und 28 Jahre alter Br\u00fcder aus Frankeneck. Hierbei kam es zun\u00e4chst zu einer verbalen Auseinandersetzung zwischen den drei Personen. Nachdem der 31-j\u00e4hrige Mann das Grundst\u00fcck der Br\u00fcder unberechtigt betreten hatte und sich auch durch Warnsch\u00fcsse mit einer Schreckschusspistole nicht davon abhalten lie\u00df, kam es im Haus der Br\u00fcder zu einer k\u00f6rperlichen Auseinandersetzung. Im Rahmen der Auseinandersetzung wurde der 31-j\u00e4hrige Mann mit einem Messer verletzt. Die Br\u00fcder blieben nahezu unverletzt. F\u00fcr den Bad D\u00fcrkheimer bestand zu keiner Zeit Lebensgefahr.<\/p>\n\n\n\n<p>Weitere Umst\u00e4nde der Tat m\u00fcssen im Rahmen der Ermittlungen in Erfahrung gebracht werden.<\/p>\n\n\n\n<h4 class=\"wp-block-heading\">(Friedelsheim) &#8211; Einbruch in Einfamilienhaus<\/h4>\n\n\n\n<p>Im Zeitraum vom 02.10.2020, 11:00 Uhr, bis 03.10.2020, 15:25 Uhr, kam es zu einem Einbruch in ein Einfamilienhaus in der Friedrich-Pietzsch-Stra\u00dfe in Friedelsheim. Bislang unbekannte T\u00e4ter hebelten das Wohnzimmerfenster des Anwesens auf und durchw\u00fchlten im Anschluss das gesamte Haus. Konkrete Angaben \u00fcber das Stehlgut liegen noch nicht vor. Es ist lediglich bekannt, dass zum Teil Sammlerm\u00fcnzen im Wert von ca. 1000,-EUR entwendet wurden.<\/p>\n\n\n\n<p>Zeugen, welche im genannten Zeitraum verd\u00e4chtigte Personen oder Fahrzeuge wahrgenommen haben, werden gebeten sich mit der Polizeiinspektion Bad D\u00fcrkheim unter der Tel. 06322\/963-0 oder per E-Mail\u00a0<a href=\"mailto:pibadduerkheim@polizei.rlp.de\">pibadduerkheim@polizei.rlp.de<\/a>\u00a0in Verbindung zu setzen.<\/p>\n\n\n\n<h4 class=\"wp-block-heading\">(Weisenheim am Berg) &#8211; Fahrradfahrer fl\u00fcchtet nach Verkehrsunfall<\/h4>\n\n\n\n<p>Am 03.10.2020 gegen 21:05 Uhr kam es in der Herxheimer Stra\u00dfe in Weisenheim am Berg zu einer Verkehrsunfallflucht. Der 32-j\u00e4hrige Halter eines Renaults konnte beobachten, wie zwei Fahrradfahrer die Herxheimer Stra\u00dfe in Weisenheim am Berg in Richtung Herxheim befuhren. Einer der beiden Fahrradfahrer, welcher laut Angaben des Gesch\u00e4digten mit einer dunklen Jacke und einem wei\u00dfen Kapuzenpulli bekleidet war, fuhr dabei gegen seinen im Bereich einer Hofeinfahrt geparkten Renault. Anschlie\u00dfend entfernten sich die Fahrradfahrer von der Unfallstelle. Am Pkw entstand Sachschaden im Heckbereich in H\u00f6he von ca. 1500,-EUR. Im Rahmen unmittelbar eingeleiteter Fahndungsma\u00dfnahmen konnte ein Fahrradfahrer im Ortsgebiet Kallstadt angetroffen werden, welcher zun\u00e4chst versuchte sich durch Flucht einer Kontrolle zu entziehen. Der 16-j\u00e4hrige Fahrradfahrer aus Ellerstadt, auf welchen die Personenbeschreibung zutraf, konnte jedoch gestellt werden. Er wies leichte Verletzungen am Kopf auf und hatte eine zerrissene Hose. Am Fahrrad konnten keine Besch\u00e4digungen festgestellt werden. Der Fahrradfahrer stritt ab, den Verkehrsunfall verursacht zu haben. Ein Atemalkoholtest ergab bei ihm einen Wert von 1,57 Promille. Dem 16-J\u00e4hrigen wurde auf der Dienststelle in Bad D\u00fcrkheim im Beisein seiner Mutter eine Blutprobe entnommen.<\/p>\n\n\n\n<p>Zeugen des Unfallgeschehens sowie der weitere Fahrradfahrer werden gebeten sich mit der Polizeiinspektion Bad D\u00fcrkheim unter der Tel. 06322\/963-0 oder per E-Mail\u00a0<a href=\"mailto:pibadduerkheim@polizei.rlp.de\">pibadduerkheim@polizei.rlp.de<\/a>\u00a0in Verbindung zu setzen.<\/p>\n\n\n\n<h4 class=\"wp-block-heading\">(Ludwigshafen) &#8211; Unter Drogeneinfluss auf E-Scooter unterwegs<\/h4>\n\n\n\n<p>Am Sonntag, den 04.10.2020 konnte gegen 03 Uhr im Bereich des Berliner Platzes durch eine Funkstreife ein sogenannter E-Scooter festgestellt und kontrolliert werden. Der 35-j\u00e4hrige Mannheimer konnte f\u00fcr sein sogenanntes Elektrokleinstfahrzeug keinen n\u00f6tigen Versicherungsschutz vorlegen. Zudem konnte bei dem nun Beschuldigten drogentypische Ausfallerscheinungen festgestellt werden. Ein freiwillig durchgef\u00fchrter Drogenvortest reagierte positiv auf Amphetamin und THC. Den Fahrer erwartet nun ein Strafverfahren wegen Versto\u00df gegen das Pflichtversicherungsgesetz sowie eine Ordnungswidrigkeitenanzeige wegen des Fahrens unter Bet\u00e4ubungsmitteleinfluss. Dem Beschuldigten wurde eine Blutprobe entnommen. Der E-Scooter wurde sichergestellt. Zudem erfolgt eine Mitteilung an die F\u00fchrerscheinstelle.<\/p>\n\n\n\n<h4 class=\"wp-block-heading\">(Ludwigshafen) &#8211; Sachbesch\u00e4digung in Parkhaus<\/h4>\n\n\n\n<p>Am Samstag, den 03.10.2020 kam es gegen 09:00 Uhr in einem Parkhaus am Theaterplatz zur Besch\u00e4digung mehrerer Autos. Durch einen Zeugen konnte der T\u00e4ter beobachtet und die Polizei verst\u00e4ndigt werden. Der 22-j\u00e4hrige Ludwigshafener konnte durch die Beamten noch vor Ort festgestellt werden. Dieser hatte durch Tritte mehrere PKW augenscheinlich wahllos besch\u00e4digt und damit teils erheblichen Sachschaden verursacht. Insgesamt konnten bislang vier besch\u00e4digte Fahrzeuge festgestellt werden.<\/p>\n\n\n\n<h4 class=\"wp-block-heading\">(Ludwigshafen) &#8211; Nach Raub in Haft<\/h4>\n\n\n\n<p>In der Nacht von Freitag, 02.10.2020 auf Samstag, 03.10.2020 soll es gegen Mitternacht im Bereich des Berliner Platzes in Ludwigshafen zu einem Raubdelikt gekommen sein. Zun\u00e4chst wurde eine k\u00f6rperliche Auseinandersetzung zwischen einem 22- und 27-j\u00e4hrigem Ludwigshafener gemeldet. Der Beschuldigte soll im Zuge der Auseinandersetzung unter Einsatz eines Messers Geld vom Gesch\u00e4digten verlangt haben. Daher wurde nach R\u00fccksprache mit dem Bereitschaftsstaatsanwalt von einem schweren Raub ausgegangen. Der Beschuldigte wurde am Samstag dem Richter vorgef\u00fchrt und kam in Haft.<\/p>\n\n\n\n<h4 class=\"wp-block-heading\">(Mannheim) &#8211; Brennender Pkw<\/h4>\n\n\n\n<p>Am Sonntagmittag ging augenblicklich w\u00e4hrend der Fahrt der Motor eines Audi A3 aus. Der Fahrer konnte gegen 17:10 Uhr auf der Banater Stra\u00dfe gefahrlos anhalten und aussteigen. Zun\u00e4chst drang nur Rauch aus dem Motorraum, bevor die Karosserie aufgrund eines technischen Defekts doch in Vollbrand stand. Nach den L\u00f6scharbeiten durch die Feuerwehr Mannheim, musste noch die Stra\u00dfenmeisterei verst\u00e4ndigt werden, da durch die Brandhitze auch kleinere Sch\u00e4den an der Fahrbahndecke entstanden waren. Die Schadensh\u00f6he ist unbekannt.<\/p>\n\n\n\n<h4 class=\"wp-block-heading\">(Mannheim-K\u00e4fertal) &#8211; W\u00e4hrend der Fahrt Handy benutzt und Unfall verursacht<\/h4>\n\n\n\n<p>Am Samstag, gegen 18.10 Uhr, befuhr eine 24-j\u00e4hrige Fahrerin eines Fiats die Obere Riedstra\u00dfe in Richtung der Stra\u00dfe Auf dem Sand. Nach derzeitigen Ermittlungen benutzte die Fahrerin hierbei ihr Handy. In der weiteren Folge \u00fcbersah sie dabei einen, am Fahrbahnrand geparkten, Pkw Toyota und kollidierte mit diesem. Dieser wurde durch den Zusammensto\u00df wiederum auf einen davor parkenden Smart geschoben. Durch den Aufprall wurde die 24-j\u00e4hrige Unfallverursacherin leicht verletzt und vor Ort medizinisch behandelt. Ihre ebenfalls im Fahrzeug befindlichen 4- und 3-j\u00e4hrigen Kinder blieben unverletzt. An den drei an dem Unfall beteiligten Fahrzeugen entstand ein gesch\u00e4tzter Sachschaden in H\u00f6he von insgesamt ca. 10 500,- Euro.<\/p>\n\n\n\n<h4 class=\"wp-block-heading\">(Rauenberg \/ Rhein Neckar-Kreis) &#8211; Einbruch in Einfamilienhaus \/ Zeugen gesucht<\/h4>\n\n\n\n<p>Ein oder mehrere unbekannte T\u00e4ter brachen am Freitag den 02.10.2020, in der Zeit von 17.00 bis 22.00 Uhr, in ein in der Ringstra\u00dfe gelegenes Einfamilienhaus ein. Hier nutzten der oder T\u00e4ter die Abwesenheit der Hauseigent\u00fcmer aus und gelangten \u00fcber eine Hofeinfahrt auf das Grundst\u00fcck des Anwesens. Dort hebelten der oder die Unbekannten ein K\u00fcchenfenster auf und gelangten so in das Innere des Hauses. Ob etwas aus den Wohnr\u00e4umen entwendet wurde ist derzeit noch nicht bekannt. Durch den Einbruch entstand am Fenster ein Sachschaden von mehreren hundert Euro. Der oder die T\u00e4ter konnten im Anschluss an die Tat unerkannt entkommen. Zeugen und\/oder Anwohner, die zur fraglichen Zeit verd\u00e4chtige Beobachtungen gemacht haben, werden geben, Kontakt mit dem Polizeirevier Wiesloch, Tel.: 06222\/5709-0, oder der Kriminalpolizeidirektion Heidelberg, Tel.: 0621\/174-4444, aufzunehmen.<\/p>\n\n\n\n<h4 class=\"wp-block-heading\">(Dielheim \/ Rhein-Neckar-Kreis) &#8211; Leichtkraftradfahrer nach Kollision mit Pkw schwer verletzt<\/h4>\n\n\n\n<p>Am fr\u00fchen Sonntagnachmittag wurde der 16-j\u00e4hrige Fahrer eines Leichtkraftrades Yamaha, auf der Landstra\u00dfe zwischen Dielheim und Horrenberg, bei der Kollision mit einem Pkw schwer verletzt. Nach derzeitigem Sachstand fuhr der 16-J\u00e4hrige, kurz vor 13:00 Uhr, infolge Unachtsamkeit auf einen abbiegenden Pkw Opel auf. Hierbei zog sich der 16-J\u00e4hrige schwere, aber nicht lebensgef\u00e4hrliche, Verletzungen zu und wurde vorsorglich mit einem Rettungshubschrauber in ein Mannheimer Krankenhaus eingeliefert. Die Landstra\u00dfe L 612 war in der Zeit von 13:10 bis 14:45 zur Unfallaufnahme gesperrt. An den beteiligten Fahrzeugen entstand ein Sachschaden von insgesamt 5000EUR.<\/p>\n\n\n\n<h4 class=\"wp-block-heading\">(Eberbach \/ Rhein-Neckar-Kreis) &#8211; Verkehrsunfall unter Alkoholeinfluss<\/h4>\n\n\n\n<p>Am fr\u00fchen Sonntagmorgen informierten Anwohner das Polizeirevier Eberbach \u00fcber einen Verkehrsunfall im Stadtgebiet Eberbach. Die eintreffende Streifenwagenbesatzung des Polizeireviers Eberbach staunte gegen 02:00 Uhr nicht schlecht, als sie im Bereich der Steigestra\u00dfe den unfallbesch\u00e4digten Pkw Mazda, mit seinem 40-j\u00e4hrigen Fahrer, quer auf der Fahrbahn stehend feststellten konnten. Offensichtlich hatte dieser zuvor zwei am Fahrbahnrand parkende Fahrzeuge der Marken Audi und VW besch\u00e4digt. Auch die Unfallursache wurde den Beamten recht schnell deutlich, war bei dem 40-J\u00e4hrigen doch deutlicher Alkoholgeruch wahrnehmbar. Ein durchgef\u00fchrter Alkoholvortest ergab bei dem Unfallverursacher einen Wert von knapp 2,4 Promille. Der Unfallverursacher musste die Beamten zur Blutentnahme durch einen Arzt auf das Polizeirevier Eberbach begleiten und seinen F\u00fchrerschein abgeben. Ihn erwartet nun einen Strafverfahren wegen Gef\u00e4hrdung des Stra\u00dfenverkehrs. An den drei beteiligten Fahrzeugen entstand ein Sachschaden von insgesamt 24.000EUR, davon 14.000EUR an den geparkten Fahrzeugen.<\/p>\n","protected":false},"excerpt":{"rendered":"<div class=\"mh-excerpt\"><p>Polizeimeldungen vom Sonntag (04.10.2020) (Speyer) &#8211; Gef\u00e4hrliche K\u00f6rperverletzung In der Nacht von Samstag auf Sonntag f\u00fchrte ein alkoholisierter 18-J\u00e4hriger seinen Hund im Fliederweg in Speyer aus. Hier traf er auf einen 19-J\u00e4hrigen Bekannten, der ebenfalls <a class=\"mh-excerpt-more\" href=\"https:\/\/speyer24news.com\/?p=30603\" title=\"Polizei\">[&#8230;]<\/a><\/p>\n<\/div>","protected":false},"author":3,"featured_media":0,"comment_status":"open","ping_status":"open","sticky":false,"template":"","format":"standard","meta":{"_monsterinsights_skip_tracking":false,"_monsterinsights_sitenote_active":false,"_monsterinsights_sitenote_note":"","_monsterinsights_sitenote_category":0,"footnotes":""},"categories":[12],"tags":[3614,61,2555,6955,6986,6263,63,105,6987,53,4854,4683,1548,102,213,55,5261,103,106,2803,2423,427,2625,380,104,979,1565],"aioseo_notices":[],"amp_enabled":true,"_links":{"self":[{"href":"https:\/\/speyer24news.com\/index.php?rest_route=\/wp\/v2\/posts\/30603"}],"collection":[{"href":"https:\/\/speyer24news.com\/index.php?rest_route=\/wp\/v2\/posts"}],"about":[{"href":"https:\/\/speyer24news.com\/index.php?rest_route=\/wp\/v2\/types\/post"}],"author":[{"embeddable":true,"href":"https:\/\/speyer24news.com\/index.php?rest_route=\/wp\/v2\/users\/3"}],"replies":[{"embeddable":true,"href":"https:\/\/speyer24news.com\/index.php?rest_route=%2Fwp%2Fv2%2Fcomments&post=30603"}],"version-history":[{"count":1,"href":"https:\/\/speyer24news.com\/index.php?rest_route=\/wp\/v2\/posts\/30603\/revisions"}],"predecessor-version":[{"id":30604,"href":"https:\/\/speyer24news.com\/index.php?rest_route=\/wp\/v2\/posts\/30603\/revisions\/30604"}],"wp:attachment":[{"href":"https:\/\/speyer24news.com\/index.php?rest_route=%2Fwp%2Fv2%2Fmedia&parent=30603"}],"wp:term":[{"taxonomy":"category","embeddable":true,"href":"https:\/\/speyer24news.com\/index.php?rest_route=%2Fwp%2Fv2%2Fcategories&post=30603"},{"taxonomy":"post_tag","embeddable":true,"href":"https:\/\/speyer24news.com\/index.php?rest_route=%2Fwp%2Fv2%2Ftags&post=30603"}],"curies":[{"name":"wp","href":"https:\/\/api.w.org\/{rel}","templated":true}]}}