{"id":30620,"date":"2020-10-06T09:34:09","date_gmt":"2020-10-06T08:34:09","guid":{"rendered":"https:\/\/speyer24news.com\/?p=30620"},"modified":"2020-10-06T09:34:10","modified_gmt":"2020-10-06T08:34:10","slug":"feuerwehr-speyer-10","status":"publish","type":"post","link":"https:\/\/speyer24news.com\/?p=30620","title":{"rendered":"Feuerwehr Speyer"},"content":{"rendered":"<style type=\"text\/css\">\r\n\t.ads_top_disp{}\r\n\t.ads_top_corner_disp{ float:left; margin:0px 10px 10px 0px; }\r\n\t.ads_first_p_disp{}\r\n\t.ads_bottom_disp{}\r\n\t<\/style>\n<h1 class=\"wp-block-heading\">Aktion \u201eHeimat \u2022 Menschen \u2022 Vielfalt = Feuerwehr!\u201c<\/h1>\n\n\n\n<h2 class=\"wp-block-heading\">Landesfeuerwehrverband tourt in zw\u00f6lf Wochen durch gut 36 St\u00e4dte und Orte<\/h2>\n\n\n\n<div class=\"wp-block-image\"><figure class=\"aligncenter\"><img decoding=\"async\" loading=\"lazy\" width=\"800\" height=\"530\" src=\"https:\/\/speyer24news.com\/wp-content\/uploads\/2020\/10\/FW-SPEYER-1136.jpg\" alt=\"\" class=\"wp-image-30622\" srcset=\"https:\/\/speyer24news.com\/wp-content\/uploads\/2020\/10\/FW-SPEYER-1136.jpg 800w, https:\/\/speyer24news.com\/wp-content\/uploads\/2020\/10\/FW-SPEYER-1136-300x199.jpg 300w, https:\/\/speyer24news.com\/wp-content\/uploads\/2020\/10\/FW-SPEYER-1136-768x509.jpg 768w\" sizes=\"(max-width: 800px) 100vw, 800px\" \/><\/figure><\/div>\n\n\n\n<p><strong>Rheinland-Pfalz \/ Speyer &#8211; <\/strong>Der Landesfeuerwehrverband (LFV) Rheinland-Pfalz ist auf Tour: Seit 22. August 2020 kommt der LFV mit einem auff\u00e4llig gestaltetem Feuerwehrfahrzeug in St\u00e4dte und Orte im Land, um f\u00fcr das Ehrenamt Feuerwehr zu werben.<\/p>\n\n\n\n<h4 class=\"wp-block-heading\">Am <strong>06. Oktober zwischen 10 Uhr bis 17 Uhr<\/strong>, macht die Tour auch halt in Speyer am BAUHAUS.<\/h4>\n\n\n\n<p>\u201eWir haben 2013 mit einer dauerhaften Werbung um Nachwuchs in den<br>Feuerwehren begonnen\u201c, so der Pr\u00e4sident des LFV, Frank Hachemer, \u201eund<br>gehen mit dieser Zw\u00f6lf-Wochen-Tour in die n\u00e4chste Runde. Wir mussten<br>in der Vergangenheit feststellen, dass leider schon einige<br>Ortsfeuerwehren in Rheinland-Pfalz geschlossen werden mussten, weil<br>dort keine Ehrenamtlichen mehr zum Dienst in der Feuerwehr zur<br>Verf\u00fcgung standen.\u201c Hachemer weiter: \u201eDaher darf man nicht warten,<br>auch wenn viele Feuerwehren noch keine aktuellen Probleme haben.<br>Rechtzeitig Nachwuchs aufbauen ist die Devise. Die Kampagnen-Tour ist<br>ein kleiner Baustein dazu.\u201c Der Verband arbeitet dabei mit den<br>Feuerwehren vor Ort zusammen: \u201eEs gilt ja, das Interesse f\u00fcr die<br>eigene Wehr vor Ort zu sch\u00fcren.\u201c<\/p>\n\n\n\n<div class=\"wp-block-image\"><figure class=\"aligncenter\"><img decoding=\"async\" loading=\"lazy\" width=\"800\" height=\"600\" src=\"https:\/\/speyer24news.com\/wp-content\/uploads\/2020\/10\/JF.jpg\" alt=\"\" class=\"wp-image-30623\" srcset=\"https:\/\/speyer24news.com\/wp-content\/uploads\/2020\/10\/JF.jpg 800w, https:\/\/speyer24news.com\/wp-content\/uploads\/2020\/10\/JF-300x225.jpg 300w, https:\/\/speyer24news.com\/wp-content\/uploads\/2020\/10\/JF-768x576.jpg 768w, https:\/\/speyer24news.com\/wp-content\/uploads\/2020\/10\/JF-678x509.jpg 678w, https:\/\/speyer24news.com\/wp-content\/uploads\/2020\/10\/JF-326x245.jpg 326w, https:\/\/speyer24news.com\/wp-content\/uploads\/2020\/10\/JF-80x60.jpg 80w\" sizes=\"(max-width: 800px) 100vw, 800px\" \/><\/figure><\/div>\n\n\n\n<p>Am BAUHAUS, wo die Tour Station macht, erhalten B\u00fcrgerinnen und B\u00fcrger Informationen aus erster Hand und k\u00f6nnen Fragen stellen, die sie sonst nicht so ohne H\u00fcrden stellen k\u00f6nnten.<\/p>\n\n\n\n<p><em>Feuerwehr Speyer<br>06.10.2020<\/em><\/p>\n","protected":false},"excerpt":{"rendered":"<div class=\"mh-excerpt\"><p>Aktion \u201eHeimat \u2022 Menschen \u2022 Vielfalt = Feuerwehr!\u201c Landesfeuerwehrverband tourt in zw\u00f6lf Wochen durch gut 36 St\u00e4dte und Orte Rheinland-Pfalz \/ Speyer &#8211; Der Landesfeuerwehrverband (LFV) Rheinland-Pfalz ist auf Tour: Seit 22. August 2020 kommt <a class=\"mh-excerpt-more\" href=\"https:\/\/speyer24news.com\/?p=30620\" title=\"Feuerwehr Speyer\">[&#8230;]<\/a><\/p>\n<\/div>","protected":false},"author":3,"featured_media":0,"comment_status":"open","ping_status":"open","sticky":false,"template":"","format":"standard","meta":{"_monsterinsights_skip_tracking":false,"_monsterinsights_sitenote_active":false,"_monsterinsights_sitenote_note":"","_monsterinsights_sitenote_category":0,"footnotes":""},"categories":[12],"tags":[54,507,506,7957,8617,8616,6,8618],"aioseo_notices":[],"amp_enabled":true,"_links":{"self":[{"href":"https:\/\/speyer24news.com\/index.php?rest_route=\/wp\/v2\/posts\/30620"}],"collection":[{"href":"https:\/\/speyer24news.com\/index.php?rest_route=\/wp\/v2\/posts"}],"about":[{"href":"https:\/\/speyer24news.com\/index.php?rest_route=\/wp\/v2\/types\/post"}],"author":[{"embeddable":true,"href":"https:\/\/speyer24news.com\/index.php?rest_route=\/wp\/v2\/users\/3"}],"replies":[{"embeddable":true,"href":"https:\/\/speyer24news.com\/index.php?rest_route=%2Fwp%2Fv2%2Fcomments&post=30620"}],"version-history":[{"count":1,"href":"https:\/\/speyer24news.com\/index.php?rest_route=\/wp\/v2\/posts\/30620\/revisions"}],"predecessor-version":[{"id":30624,"href":"https:\/\/speyer24news.com\/index.php?rest_route=\/wp\/v2\/posts\/30620\/revisions\/30624"}],"wp:attachment":[{"href":"https:\/\/speyer24news.com\/index.php?rest_route=%2Fwp%2Fv2%2Fmedia&parent=30620"}],"wp:term":[{"taxonomy":"category","embeddable":true,"href":"https:\/\/speyer24news.com\/index.php?rest_route=%2Fwp%2Fv2%2Fcategories&post=30620"},{"taxonomy":"post_tag","embeddable":true,"href":"https:\/\/speyer24news.com\/index.php?rest_route=%2Fwp%2Fv2%2Ftags&post=30620"}],"curies":[{"name":"wp","href":"https:\/\/api.w.org\/{rel}","templated":true}]}}