{"id":30710,"date":"2020-10-07T13:10:54","date_gmt":"2020-10-07T12:10:54","guid":{"rendered":"https:\/\/speyer24news.com\/?p=30710"},"modified":"2020-10-07T13:10:55","modified_gmt":"2020-10-07T12:10:55","slug":"hassloch-73","status":"publish","type":"post","link":"https:\/\/speyer24news.com\/?p=30710","title":{"rendered":"Ha\u00dfloch"},"content":{"rendered":"<style type=\"text\/css\">\r\n\t.ads_top_disp{}\r\n\t.ads_top_corner_disp{ float:left; margin:0px 10px 10px 0px; }\r\n\t.ads_first_p_disp{}\r\n\t.ads_bottom_disp{}\r\n\t<\/style>\n<h2 class=\"wp-block-heading\">B\u00fcrgerwerkstatt zur Umgestaltung des Rathausplatzes am 15. Oktober<\/h2>\n\n\n\n<p><strong>Ha\u00dfloch &#8211; <\/strong>Der Ha\u00dflocher Rathausplatz als zentraler Ortsmittelpunkt ist derzeit vorwiegend Parkplatz und l\u00e4sst den Charme, den eine Ortsmitte haben sollte, vermissen. Daher sind in der Vergangenheit schon \u00f6fter Stimmen laut geworden, dass Ver\u00e4nderungen dem Rathausplatz gut tun w\u00fcrden. Dementsprechend soll ein Konzept auf den Weg gebracht werden, das eine Vielzahl von Komponenten vereint: Von Ma\u00dfnahmen zur Erh\u00f6hung der Verkehrssicherheit \u00fcber die Erweiterung des Spielbereiches, die Schaffung einer Au\u00dfengastronomie, dem Anlegen von Gr\u00fcnfl\u00e4chen bis hin zur Beibehaltung von Parkpl\u00e4tzen sind viele Aspekte zu ber\u00fccksichtigen. <\/p>\n\n\n\n<p>Der Bereich Wirtschaftsf\u00f6rderung\/Ortmarketing hat im Zuge dessen gemeinsam mit dem Fachbereich \u201eBauen und Umwelt\u201c f\u00fcnf Umgestaltungsvarianten f\u00fcr das Areal des Rathausplatzes erstellt. Diese Planungen sind lediglich Vorentw\u00fcrfe und dienen in erster Linie als Diskussionsgrundlage, um W\u00fcnsche, Bedarfe und Vorschl\u00e4ge abzufragen und zu er\u00f6rtern. Zu diesem Zweck fand Mitte Februar 2020 ein Unternehmerfr\u00fchst\u00fcck im Kulturviereck statt, zu dem alle Unternehmer aus dem Ha\u00dflocher Ortskern eingeladen waren. Au\u00dferdem wurden die Entw\u00fcrfe Mitte M\u00e4rz im Ausschuss f\u00fcr Tourismus, Veranstaltungen und Ortsmarketing vorgestellt. Ende Mai war man au\u00dferdem bei einer Sitzung des Gewerbevereins zu Gast, um auch von den Mitgliedern des Vereins ein Stimmungsbild zu erhalten.<\/p>\n\n\n\n<p>Eigentlich h\u00e4tte im Fr\u00fchsommer auch eine B\u00fcrgerwerkstatt stattfinden sollen. Diese wurde damals vor dem Hintergrund der Corona-Pandemie aber verschoben. Nun soll die Veranstaltung nachgeholt werden. <strong>Am Donnerstag, 15. Oktober 2020 um 18:30 Uhr sind interessierte B\u00fcrgerinnen und B\u00fcrger auf den Rathausplatz eingeladen<\/strong>. Dort soll direkt am Ort der geplanten Umgestaltung \u00fcber die Vorentw\u00fcrfe diskutiert und auch von B\u00fcrgerseite ein Meinungsbild eingeholt werden. Die B\u00fcrgerwerkstatt findet im Freien statt, daher werden w\u00e4rmende Getr\u00e4nke ausgeschenkt. Bei Regen wird man in den Saal L\u00f6wer ausweichen. Eine Anmeldung ist nicht erforderlich, vor Ort werden aber die Kontaktdaten der Besucherinnen und Besucher erfasst. Ebenso gelten die bekannten Hygiene- und Abstandsregeln.<\/p>\n\n\n\n<p>Der Rathausplatz in seiner jetzigen Form existiert seit 2001. Schon damals gab es Ideen zur Schaffung von Au\u00dfenfl\u00e4chen f\u00fcr die Gastronomie, sogar in Form eines GastronomiePavillons. Letztlich entstand aber doch ein Rathausplatz, der zum Gro\u00dfteil aus Parkfl\u00e4chen besteht. Seit 2001 hat sich die Parksituation in der Ortsmitte durch hinzukommende Stellfl\u00e4chen s\u00fcdlich vom Rathaus und n\u00f6rdlich der Langgasse aber ver\u00e4ndert. Auch das Bewusstsein ist heute ein anderes. Ein Ortsmittelpunkt sollte einen gewissen Freizeitwerte bieten und eine gewisse Aufenthaltsqualit\u00e4t haben. \u201eDaher sind wir nun gespannt auf die Ideen, W\u00fcnsche, Vorschl\u00e4ge und Anregungen der B\u00fcrgerinnen und B\u00fcrger\u201c, so der Erste Beigeordnete Tobias Meyer.<\/p>\n\n\n\n<p><em>Gemeindeverwaltung Ha\u00dfloch<br>07.10.2020<\/em><\/p>\n\n\n\n<h2 class=\"wp-block-heading\">Erste Ampelanlage in Ha\u00dfloch mit Blindenleitsystem in Betrieb genommen<\/h2>\n\n\n\n<p><strong>Ha\u00dfloch &#8211; <\/strong>Die Lichtsignalanlage Lachener Weg\/Rotkreuzstra\u00dfe wurde in den vergangenen Wochen als erste Ampelanlage in Ha\u00dfloch mit einem Blindenleitsystem ausgestattet. Hintergrund ist das \u201eGesetz zur Gleichstellung von Menschen mit Behinderung\u201c. Die Arbeiten zur Installation des Systems sind abgeschlossen und das Leitsystems seit dem 28. September 2020 aktiv. Die Firma Siemens hatte die technische Nachr\u00fcstung f\u00fcr das Blindenakustiksignal \u00fcbernommen. Durch Mitarbeiter des gemeindeeigenen Bauhofs wurden an den \u00dcberg\u00e4ngen die notwendigen Bodenindikatoren eingebaut. Die Kosten f\u00fcr die Umr\u00fcstung belaufen sich auf rund 20.000 Euro.<\/p>\n\n\n\n<p>Die Besonderheit: Das Blindenakustiksignal, das sehbehinderten Menschen als sensorische Orientierung dient, verf\u00fcgt \u00fcber eine intelligente Steuerung. Das bedeutet, dass sich die Lautst\u00e4rke des akustischen Signals an die Lautst\u00e4rke der Umgebungsger\u00e4usche anpasst. Sind die Umgebungsger\u00e4usche beispielsweise zu Hauptverkehrszeiten besonders intensiv, passt sich auch das Blindenakustiksignal der Ger\u00e4uschkulisse an, um in der Wahrnehmung nicht unterzugehen. Bei abnehmender Ger\u00e4uschkulisse verliert auch der akustische Ton an Lautst\u00e4rke. Das sorgt daf\u00fcr, dass umliegende Anwohner bei ge\u00f6ffneten Fenstern nicht durch ein permanent lautes Akustiksignal der Ampel gest\u00f6rt werden. Beim Akustiksignal unterscheidet man zwischen dem Auffinde- und dem Leitsignal. Das Auffindesignal (langsames, gleichm\u00e4\u00dfigen Tackern) hilft, den Ampelmast zu finden. Das Leitsignal (schnelles Piepen) signalisiert, dass die Ampel Gr\u00fcn ist und die Stra\u00dfe \u00fcberquert werden kann. Das Auffindesignal ist bis 21:00 Uhr aktiv, das Leitsignal durchgehend, wenn es durch Dr\u00fccken des Ampelknopfes angefordert wird.<\/p>\n\n\n\n<p>Die Nachr\u00fcstung weiterer Ampelanlagen mit einem Blindenleitsystem, wie beispielsweise im Kreuzungsbereich Kirchgasse\/Lindenstra\u00dfe oder Neustadter Stra\u00dfe\/Brahmsstra\u00dfe, ist denkbar. Zun\u00e4chst m\u00f6chte der Fachbereich \u201eBauen und Umwelt\u201c aber mit dem nun installierten Leitsystem erste Erfahrungswerte im Praxisbetrieb sammeln, um dann bei Bedarf weitere Umr\u00fcstungen vornehmen zu k\u00f6nnen.<\/p>\n\n\n\n<p><em>Gemeindeverwaltung Ha\u00dfloch<br>07.10.2020<\/em><\/p>\n\n\n\n<h2 class=\"wp-block-heading\">Aktion \u201eSchreibtisch vor dem Rathaus\u201c geht weiter<\/h2>\n\n\n\n<h3 class=\"wp-block-heading\">N\u00e4chster Termin am 17.10.2020<\/h3>\n\n\n\n<p><strong>Ha\u00dfloch &#8211; <\/strong>Im Jahr 2016 hatte B\u00fcrgermeister Lothar Lorch erstmals die Aktion \u201eSchreibtisch vor dem Rathaus\u201c angeboten. Die Idee entstand im Rahmen der Dreharbeiten f\u00fcr das ARD-Magazin \u201ePanorama\u201c. In dem damaligen Interview formulierte Lorch die Idee, mehr mit den B\u00fcrgerinnen und B\u00fcrgern direkt ins Gespr\u00e4ch treten zu wollen und gab somit den Ansto\u00df f\u00fcr die Aktion \u201eSchreibtisch vor dem Rathaus\u201c.<\/p>\n\n\n\n<p>Der Erste Beigeordnete Tobias Meyer hat als kommissarischer Vertreter des B\u00fcrgermeisters die Aktion aufgegriffen und fortgesetzt. Am 04.07.2020 hatte er erstmals seinen Schreibtisch auf dem Rathausplatz platziert und interessierten B\u00fcrgerinnen und B\u00fcrgern das Gespr\u00e4ch angeboten. Seither fanden insgesamt drei Termine statt. Am<\/p>\n\n\n\n<h4 class=\"wp-block-heading\">Samstag, 17.10.2020 von 09:00 bis 12.00 Uhr <\/h4>\n\n\n\n<p>wird Herr Meyer erneut auf dem Rathausplatz anzutreffen sein. Gerne k\u00f6nnen Fragen, Beschwerden, Ideen oder Anregungen vorgebracht werden. Meyer wird sich zu s\u00e4mtlichen Gespr\u00e4chen Notizen und Vermerke machen und sich den vorgebrachten Anliegen annehmen. F\u00fcr die Gespr\u00e4che im Rahmen von \u201eSchreibtisch vor dem Rathaus\u201c ist keine vorherige Terminvereinbarung erforderlich.<\/p>\n\n\n\n<p>Auch unabh\u00e4ngig von der Aktion \u201eSchreibtisch vor dem Rathaus\u201c steht der Erste Beigeordnete Tobias Meyer B\u00fcrgerinnen und B\u00fcrgern f\u00fcr pers\u00f6nliche Gespr\u00e4che zur Verf\u00fcgung. Eine weitere \u201eOffene B\u00fcrgersprechstunde\u201c, die er monatlich anbietet, findet am 13.10.2020 zwischen 17:30 und 19:00 Uhr in Besprechungszimmer 010 im Rathaus statt. Auch Gespr\u00e4che nach vorheriger Terminvereinbarung sind m\u00f6glich. Termine k\u00f6nnen \u00fcber sein Vorzimmer (Frau Judith Fuhrmann, Tel.: 06324-935 248) vereinbart werden.<\/p>\n\n\n\n<p><em>Gemeindeverwaltung Ha\u00dfloch<br>07.10.2020<\/em><\/p>\n\n\n\n<h2 class=\"wp-block-heading\">Schwere Entscheidung: Kein \u201eWeihnachtsmarkt der 1000 Lichter\u201c in diesem Jahr<\/h2>\n\n\n\n<p><strong>Ha\u00dfloch &#8211; <\/strong>Nachdem schon mehrere Ha\u00dflocher Feste wie das Andechser, der Sommertagsumzug oder die Weintage dem Coronavirus zum Opfer gefallen sind, wird auch der Ha\u00dflocher \u201eWeihnachtsmarkt der 1000 Lichter\u201c in diesem Jahr nicht stattfinden k\u00f6nnen. Zu diesem Schritt hat sich die Gemeindeverwaltung nach Pr\u00fcfung eines m\u00f6glichen Alternativkonzeptes entschieden. \u201eAktuell verzeichnen wir deutschlandweit steigende Infektionszahlen. Dar\u00fcber hinaus ist die weitere Entwicklung in den kommenden Monaten vollkommen ungewiss, womit jegliche Planung f\u00fcr einen Weihnachtsmarkt auf wackeligen Beinen stehen w\u00fcrde\u201c, so der Erste Beigeordnete Tobias Meyer. Vor allem stehe bei allen \u00dcberlegungen aber die Gesundheit der G\u00e4ste und Beschicker im Vordergrund.<\/p>\n\n\n\n<p>Der durch den Bereich \u201eVeranstaltungen\u201c und der Ordnungsverwaltung im Vorfeld erarbeitete Entwurf f\u00fcr ein Alternativkonzept sah einen in sich abgeschlossenen Markt mit Zu- und Abgang auf dem Jahnplatz vor. Maximal 250 Besucher h\u00e4tten sich gem\u00e4\u00df aktueller Bestimmungen in einem vorgegebenen Einbahnstra\u00dfensystem auf dem Platz zeitgleich bewegen k\u00f6nnen. Mit einem E-Ticket-System h\u00e4tte man \u00e4hnlich wie im Frei- und Schwimmbadbetrieb den Zugang zum Markt zu vorher festgelegten Zeitfenstern geregelt und durch das E-Ticket-System gleichzeitig auch die Daten der Besucher zur im Ernstfall notwendigen Kontaktverfolgung erfasst. Nach ersten Berechnungen h\u00e4tte die Umsetzung (durch h\u00f6heren Personaleinsatz, Erstellung eines E-Ticket-Systems, Schaffung von sanit\u00e4ren Anlagen im Festbereich, Reduzierung der Standgeb\u00fchren f\u00fcr Beschicker) Mehrkosten in H\u00f6he von rund 25.000 Euro verursacht. Auch ein Konzept zur Verteilung der St\u00e4nde in der gesamten Ortsmitte war Gegenstand der \u00dcberlegungen, wurde aber ebenfalls verworfen. Verkehrliche Aspekte sowie eine noch erheblich schwieriger werdende Kontaktverfolgung sprechen gegen eine Streuung der St\u00e4nde.<\/p>\n\n\n\n<p>Eine m\u00f6gliche Durchf\u00fchrung des Weihnachtsmarktes wurde auch in der j\u00fcngsten Sitzung des Haupt-, Finanz- und Wirtschaftsf\u00f6rderungsausschusses besprochen. \u201eWir wollten uns ein Meinungsbild der Ausschussmitglieder einholen\u201c, so Meyer. Auch hier sah man die Durchf\u00fchrung eines Weihnachtsmarktes kritisch und tendierte in Richtung Absage. \u201eNat\u00fcrlich w\u00e4re ein st\u00fcckweit Normalit\u00e4t w\u00fcnschenswert gewesen, doch wie viel Weihnachtsmarktflair bleibt, wenn man nur zu vorab ausgew\u00e4hlten Zeitfenstern den Platz besuchen kann und am Eingang schon wieder die n\u00e4chsten G\u00e4ste auf Einlass warten\u201c, fragt Meyer. \u201eAuch ist es fraglich, wie wirtschaftlich der Markt aus Sicht der Beschicker sein w\u00fcrde, wenn maximal 250 Besucher zeitgleich auf dem Gel\u00e4nde sind, wo sich sonst 1.500 bis 2.000 G\u00e4ste bewegen\u201c, gibt Gunther Metz aus dem Bereich \u201eVeranstaltungen\u201c, der den Weihnachtsmarkt federf\u00fchrend organisiert, zu bedenken. In Vorgespr\u00e4chen haben laut Metz bereits einige Beschicker signalisiert, f\u00fcr eine abgespeckte Version des Marktes nicht zur Verf\u00fcgung zu stehen.<\/p>\n\n\n\n<p>\u201eDie Entscheidung ist uns letztlich nicht leicht gefallen und uns ist auch bewusst, dass die Absage nicht \u00fcberall auf Gegenliebe sto\u00dfen wird, aber nach Abw\u00e4gung aller Eventualit\u00e4ten werden wir den Weihnachtsmarkt in diesem Jahr nicht durchf\u00fchren\u201c, so Meyer und Metz. Die Absage des Ha\u00dflocher Weihnachtsmarktes ist nicht die erste Absage in der Region. Auch der Deidesheimer Advent, die Waldweihnacht in Johanniskreuz oder der Dudenhofener Weihnachtswaldbasar wurden f\u00fcr dieses Jahr bereits abgesagt.<\/p>\n\n\n\n<p><em>Gemeindeverwaltung Ha\u00dfloch<br>07.10.2020<\/em><\/p>\n\n\n\n<h2 class=\"wp-block-heading\">Herbstferienprogramm im Blaub\u00e4r<\/h2>\n\n\n\n<h3 class=\"wp-block-heading\">Noch freie Pl\u00e4tze f\u00fcr die Zirkusnacht am 18. Oktober<\/h3>\n\n\n\n<div class=\"wp-block-image\"><figure class=\"aligncenter\"><img decoding=\"async\" loading=\"lazy\" width=\"400\" height=\"211\" src=\"https:\/\/speyer24news.com\/wp-content\/uploads\/2020\/10\/Blaub\u00e4r-Ha\u00dfloch.png\" alt=\"\" class=\"wp-image-30711\" srcset=\"https:\/\/speyer24news.com\/wp-content\/uploads\/2020\/10\/Blaub\u00e4r-Ha\u00dfloch.png 400w, https:\/\/speyer24news.com\/wp-content\/uploads\/2020\/10\/Blaub\u00e4r-Ha\u00dfloch-300x158.png 300w\" sizes=\"(max-width: 400px) 100vw, 400px\" \/><\/figure><\/div>\n\n\n\n<p><strong>Ha\u00dfloch \/ Blaub\u00e4r &#8211; <\/strong>Am 12. Oktober beginnen in Rheinland-Pfalz die Herbstferien und erneut wird das Ha\u00dflocher Jugend- und Kulturhaus Blaub\u00e4r ein Ferienprogramm anbieten. \u201eBereits w\u00e4hrend der Sommerferien konnten wir erste positive Erfahrungen in der Durchf\u00fchrung von Ferienangeboten unter Corona-Bedingungen sammeln. Daher blicken wir voller Zuversicht und Vorfreude auf das Herbstferienprogramm\u201c, so Blaub\u00e4r-Leiterin Barbara Renner.<\/p>\n\n\n\n<p>Angebote, wie die Halbtagsbetreuung \u201eHoliday im Blaub\u00e4r\u201c sowie die Holzwerkstatt in Kooperation mit der Jugendkunstschule sind bereits ausgebucht. Auch beim Theaterworkshop mit dem WwP-Theater ist die maximale Teilnehmerzahl so gut wie erreicht. Freie Pl\u00e4tze gibt es hingegen noch f\u00fcr die Zirkusnacht am 18. Oktober. Die Zirkusnacht war in der Vergangenheit bei den Ferienspielwochen w\u00e4hrend der Sommerferien stets sehr beliebt, konnte diesen Sommer aber nicht stattfinden, sodass man sie nun im Rahmen des Herbstferienprogramms nachholen m\u00f6chte. Vom 18. auf den 19. Oktober verwandeln sich Kinder ab 8 Jahren eine ganze Nacht lang in Zirkusartisten und k\u00f6nnen die unterschiedlichsten Zirkusnummern (Diabolo-Tricks, Teller drehen, Einrad fahren, Akrobatik) ausprobieren.<\/p>\n\n\n\n<p>Interessierte Eltern k\u00f6nnen ihre Kinder im Jugend- und Kulturhaus Blaub\u00e4r telefonisch unter 06324\/935-460 oder per Mail an <a href=\"blaubaer@hassloch.de\">blaubaer@hassloch.de<\/a> anmelden. Die Teilnahme an der Zirkusnacht kostet 15,00 Euro. F\u00fcr die anderen Ferienangebote f\u00fchrt der Blaub\u00e4r eine Warteliste. Sollten Teilnehmer kurzfristig abspringen, besteht die M\u00f6glichkeit nachzur\u00fccken.<\/p>\n\n\n\n<p><em>Gemeindeverwaltung Ha\u00dfloch<br>07.10.2020<\/em><\/p>\n\n\n\n<h2 class=\"wp-block-heading\">Vorerst keine Altglasentsorgung mehr am Real <\/h2>\n\n\n\n<h3 class=\"wp-block-heading\">Containerstandort wird aufgrund zunehmender Verunreinigungen aufgel\u00f6st<\/h3>\n\n\n\n<p><strong>Ha\u00dfloch \/ Real &#8211;<\/strong> Die Entsorgung von Altglas ist im gesamten Landkreis Bad D\u00fcrkheim seit Anfang Januar 2020 nur noch \u00fcber Glascontainer m\u00f6glich. In Ha\u00dfloch gibt es hierf\u00fcr 19 Containerstandorte, die sich \u00fcber das gesamte Ortsgebiet verteilen. Der Standort am Real-Markt wird nun allerdings vorerst aufgel\u00f6st. Grund sind die zunehmenden Verunreinigungen rund um den Containerstandort, da dort in der Vergangenheit l\u00e4ngst nicht nur Altglas, sondern M\u00fcll jeglicher Art entsorgt wurde.<\/p>\n\n\n\n<p>\u201eWir hatten als Gemeinde zuletzt die Reinigungsintervalle im Bereich des Standortes erh\u00f6ht, doch auch das brachte keine Besserung\u201c, so die Umweltbeauftragte Melanie Mangold, die bei der Gemeinde Ansprechpartnerin in Bezug auf die Altglascontainer-Standorte ist. \u201eAus diesem Grund haben wir uns dazu entschieden, den Standort vorerst aufzul\u00f6sen, da es nicht die prim\u00e4re Aufgabe des Bauhofs sein kann, unrechtm\u00e4\u00dfig abgestellten M\u00fcll zu entsorgen\u201c, erg\u00e4nzt Umweltdezernent Joachim Bl\u00f6hs. \u201eDie Entscheidung ist insofern bedauerlich, dass es letztlich auch die Personen trifft, die ihr Altglas stets ordnungsgem\u00e4\u00df entsorgt haben\u201c, so Bl\u00f6hs weiter. Dar\u00fcber hinaus ist der Real-Markt der bisher einzige Supermarkt in Ha\u00dfloch, der mit dem Aufstellen entsprechender Container auf seinem Gel\u00e4nde einverstanden ist. Container an den Superm\u00e4rkten bieten aus Sicht der Verwaltung den Vorteil, dass man das Altglas dort entsorgen k\u00f6nne, wo man es in der Regel auch gekauft hat.<\/p>\n\n\n\n<p>Die Container am Real-Markt sollen in der zweiten Oktoberwoche entfernt werden. \u201eWir werden anschlie\u00dfend beobachten, wie sich das M\u00fcllproblem ohne die Container entwickelt und wie sich der Wegfall auf andere Standorte auswirkt\u201c, so der Umweltdezernent. Mit der Aufl\u00f6sung des Standortes am Real-Markt gibt es in Ha\u00dfloch ab der zweiten Oktoberwoche noch 18 Einwurfstellen f\u00fcr Altglas.<\/p>\n\n\n\n<p>Ohnehin hatten im Gemeindegebiet zuletzt Anpassungen bei den Glascontainern stattgefunden. Resultierend aus den Beobachtungen und Erfahrungswerten aus dem ersten halben Jahr hatte man zwei Containerstandorte aufgrund geringer Frequentierung aufgel\u00f6st (Siegfried-Perry-Stra\u00dfe und Breslauer Stra\u00dfe), zwei stark frequentierte Standorte mit der doppelten Anzahl an Containern verst\u00e4rkt (Pfalzplatz und Parkplatz Parkfriedhof in der Moltkestra\u00dfe) sowie einen neuen Standort geschaffen (Herrenweg nahe der Einfahrt zum DM\/ Edeka\/).<\/p>\n\n\n\n<p><em>Gemeindeverwaltung Ha\u00dfloch<br>07.10.2020<\/em><\/p>\n\n\n\n<h2 class=\"wp-block-heading\">Gemeindeb\u00fccherei: Neue Verordnung erlaubt leichte Lockerungen<\/h2>\n\n\n\n<p><strong>Ha\u00dfloch \/ Gemeindeb\u00fccherei &#8211;<\/strong> Die aktuelle Corona-Bek\u00e4mpfungsverordnung Rheinland-Pfalz erm\u00f6glicht der B\u00fccherei unter Einhaltung der geltenden Hygiene- und Abstandsregeln leichte Lockerungen vorzunehmen. Das betrifft die Zahl der Besucherinnen und Besucher, die sich zeitgleich in der B\u00fccherei aufhalten d\u00fcrfen. Diese steigt von bisher 10 auf jetzt maximal 15 Personen. Um die maximale Besucherzahl nicht zu \u00fcberschreiten, liegen am Eingang der B\u00fccherei Einlassk\u00e4rtchen aus, von denen jeder Besucher eine Karte an sich nimmt und beim Verlassen der B\u00fccherei wieder an der Theke abgibt. Sind die Karten am Eingang vergriffen, m\u00fcssen sich nachfolgende Besucher einen Moment gedulden, bis wieder Kapazit\u00e4ten frei werden. Kinder unter 10 Jahre m\u00fcssen in Begleitung eines Erwachsenen kommen. Auch hier hat die B\u00fcchereileitung in Absprache mit der Ordnungsverwaltung das Alter gesenkt. Zun\u00e4chst galt diese Regelung f\u00fcr alle Kinder bis zum 12. Lebensjahr. In der B\u00fccherei ist das Tragen einer Mund-NasenBedeckung verpflichtend. Am Eingang stehen Desinfektionsm\u00f6glichkeiten zur Verf\u00fcgung.<\/p>\n\n\n\n<p>Wer vor dem Hintergrund bundesweit steigender Infektionszahlen lieber auf Online-Medien zur\u00fcckgreift, kann als Kunde der B\u00fccherei kostenlos die Onleihe nutzen. Alle Inhaber eines g\u00fcltigen Leseausweises der Gemeindeb\u00fccherei haben automatisch und kostenlos Zugang zur Onleihe Rheinland-Pfalz. Im Onleihe-Portal stehen rund 100.000 digitale Medien zur Verf\u00fcgung, die \u00fcber eBook-Reader, Tablet, PC oder einem anderen Endger\u00e4t gelesen werden k\u00f6nnen. Die Registrierung und Anmeldung erfolgt mit der Leserausweisnummer.<\/p>\n\n\n\n<p>Dar\u00fcber hinaus macht die B\u00fccherei darauf aufmerksam, dass durch die beengte r\u00e4umliche Situation in diesem Halbjahr die Durchf\u00fchrung von Leseabende in fremder Sprache nicht m\u00f6glich sein wird. Die Reihe \u201eKunst im Treppenhaus\u201c findet hingegen regul\u00e4r statt. Noch bis Ende Oktober schm\u00fccken Fotografien von Friedrich Haag das Treppenhaus. Im November und Dezember folgen Acrylmalereien auf Leinwand unter dem Titel \u201eSeelenbotschaften\u201c. Das neue Jahr startet dann im Januar und Februar mit Fotografien von Angelika Bullinger, die den Ha\u00dflocher \u201eWehlachweiher \u00fcbers Jahr\u201c portr\u00e4tieren wird. Ebenso geht \u201eMINI-Club trifft B\u00fccherei\u201c weiter. Am 08. Oktober 2020 d\u00fcrfen sich die teilnehmenden Grundsch\u00fcler auf einen Spielenachmittag mit den zahlreichen Brettspielen aus dem Bestand der B\u00fccherei freuen. Gespielt wird im Mehrzweckraum des Jugend- und Kulturhauses Blaub\u00e4r. F\u00fcr den MINI-Club ist eine Anmeldung unter <a href=\"blaubaer@hassloch.de\">blaubaer@hassloch.de<\/a> erforderlich.<\/p>\n\n\n\n<p><em>Gemeindeverwaltung Ha\u00dfloch \/ Gemeindeb\u00fccherei<br>07.10.2020<\/em><\/p>\n\n\n\n<h2 class=\"wp-block-heading\">Weiterer Eltern-Kind-Kurs an der Musikschule<\/h2>\n\n\n\n<p><strong>Ha\u00dfloch \/  Musikschule &#8211; <\/strong>Am 26. Oktober 2020 startet an der Ha\u00dflocher Musikschule ein weiterer Eltern-Kind-Kurs unter dem Titel \u201eKleine Zwerge\u201c. Dieser richtet sich an Kinder im Alter zwischen 1,5 und 2 Jahren. Durch gemeinsames Singen und Musizieren in verschiedenen Tonalit\u00e4ten, im Spiel mit T\u00fcchern und Rasseln und beim Lauschen in der Geborgenheit der Eltern werden alle Sinne der Kinder angeregt. Der Kurs umfasst insgesamt acht Termine und findet ab dem 26. Oktober jeweils von 11:15 bis 12:00 Uhr im Kammermusiksaal der Musikschule statt. Kursleiterin ist Rie Mattil.<\/p>\n\n\n\n<p>Die Teilnahme am Kurs kostet 55,00 Euro pro Eltern-Kind-Paar. Eine Anmeldung ist online unter <a href=\"http:\/\/www.musikschule-hassloch.de\">www.musikschule-hassloch.de<\/a> (Bereich Anmeldung) m\u00f6glich. Um die derzeitigen Hygienebestimmungen einhalten zu k\u00f6nnen, ist die Teilnehmerzahl auf 5 Eltern-Kind-Paare begrenzt. Bei Fragen steht das Team der Musikschule auch telefonisch unter 06324\/935-190 zur Verf\u00fcgung.<\/p>\n\n\n\n<p><em>Gemeindeverwaltung Ha\u00dfloch \/  Musikschule<br>07.10.2020<\/em><\/p>\n","protected":false},"excerpt":{"rendered":"<div class=\"mh-excerpt\"><p>B\u00fcrgerwerkstatt zur Umgestaltung des Rathausplatzes am 15. Oktober Ha\u00dfloch &#8211; Der Ha\u00dflocher Rathausplatz als zentraler Ortsmittelpunkt ist derzeit vorwiegend Parkplatz und l\u00e4sst den Charme, den eine Ortsmitte haben sollte, vermissen. Daher sind in der Vergangenheit <a class=\"mh-excerpt-more\" href=\"https:\/\/speyer24news.com\/?p=30710\" title=\"Ha\u00dfloch\">[&#8230;]<\/a><\/p>\n<\/div>","protected":false},"author":3,"featured_media":23914,"comment_status":"open","ping_status":"open","sticky":false,"template":"","format":"standard","meta":{"_monsterinsights_skip_tracking":false,"_monsterinsights_sitenote_active":false,"_monsterinsights_sitenote_note":"","_monsterinsights_sitenote_category":0,"footnotes":""},"categories":[235],"tags":[4091,8666,8664,3482,180,8668,4476,3184,8665,7502,8667],"aioseo_notices":[],"amp_enabled":true,"_links":{"self":[{"href":"https:\/\/speyer24news.com\/index.php?rest_route=\/wp\/v2\/posts\/30710"}],"collection":[{"href":"https:\/\/speyer24news.com\/index.php?rest_route=\/wp\/v2\/posts"}],"about":[{"href":"https:\/\/speyer24news.com\/index.php?rest_route=\/wp\/v2\/types\/post"}],"author":[{"embeddable":true,"href":"https:\/\/speyer24news.com\/index.php?rest_route=\/wp\/v2\/users\/3"}],"replies":[{"embeddable":true,"href":"https:\/\/speyer24news.com\/index.php?rest_route=%2Fwp%2Fv2%2Fcomments&post=30710"}],"version-history":[{"count":1,"href":"https:\/\/speyer24news.com\/index.php?rest_route=\/wp\/v2\/posts\/30710\/revisions"}],"predecessor-version":[{"id":30712,"href":"https:\/\/speyer24news.com\/index.php?rest_route=\/wp\/v2\/posts\/30710\/revisions\/30712"}],"wp:featuredmedia":[{"embeddable":true,"href":"https:\/\/speyer24news.com\/index.php?rest_route=\/wp\/v2\/media\/23914"}],"wp:attachment":[{"href":"https:\/\/speyer24news.com\/index.php?rest_route=%2Fwp%2Fv2%2Fmedia&parent=30710"}],"wp:term":[{"taxonomy":"category","embeddable":true,"href":"https:\/\/speyer24news.com\/index.php?rest_route=%2Fwp%2Fv2%2Fcategories&post=30710"},{"taxonomy":"post_tag","embeddable":true,"href":"https:\/\/speyer24news.com\/index.php?rest_route=%2Fwp%2Fv2%2Ftags&post=30710"}],"curies":[{"name":"wp","href":"https:\/\/api.w.org\/{rel}","templated":true}]}}