{"id":30738,"date":"2020-10-09T10:55:15","date_gmt":"2020-10-09T09:55:15","guid":{"rendered":"https:\/\/speyer24news.com\/?p=30738"},"modified":"2020-10-10T06:08:10","modified_gmt":"2020-10-10T05:08:10","slug":"coronafallzahlen-stadtnotizen-aus-speyer","status":"publish","type":"post","link":"https:\/\/speyer24news.com\/?p=30738","title":{"rendered":"Coronafallzahlen &#038; Stadtnotizen aus Speyer"},"content":{"rendered":"<style type=\"text\/css\">\r\n\t.ads_top_disp{}\r\n\t.ads_top_corner_disp{ float:left; margin:0px 10px 10px 0px; }\r\n\t.ads_first_p_disp{}\r\n\t.ads_bottom_disp{}\r\n\t<\/style>\n<h1 class=\"wp-block-heading\" style=\"text-align:center\">Corona-Fallzahlen aus dem Rhein-Pfalz-Kreis<\/h1>\n\n\n\n<figure class=\"wp-block-image\"><img decoding=\"async\" loading=\"lazy\" width=\"800\" height=\"400\" src=\"https:\/\/speyer24news.com\/wp-content\/uploads\/2020\/02\/virus-1812092_1920.jpg\" alt=\"\" class=\"wp-image-25128\" srcset=\"https:\/\/speyer24news.com\/wp-content\/uploads\/2020\/02\/virus-1812092_1920.jpg 800w, https:\/\/speyer24news.com\/wp-content\/uploads\/2020\/02\/virus-1812092_1920-300x150.jpg 300w, https:\/\/speyer24news.com\/wp-content\/uploads\/2020\/02\/virus-1812092_1920-768x384.jpg 768w\" sizes=\"(max-width: 800px) 100vw, 800px\" \/><\/figure>\n\n\n\n<h2 class=\"wp-block-heading\">Freitag, 09.10.2020<\/h2>\n\n\n\n<h3 class=\"wp-block-heading\">AKTUELLE FALLZAHLEN CORONAVIRUS (SARS-COV-2)<\/h3>\n\n\n\n<p>Die aktuellen Fallzahlen aus dem Gesundheitsamt Rhein-Pfalz-Kreis f\u00fcr die mit Coronavirus (SARS-CoV-2) infizierten Personen:<br><\/p>\n\n\n\n<table class=\"wp-block-table\"><tbody><tr><td><br><\/td><td><strong>F\u00e4lle:<br><\/strong><\/td><td><strong>davon neu:<br><\/strong><\/td><td><strong>Todesf\u00e4lle:<br><\/strong><\/td><td><strong>Genesen:<\/strong><br><\/td><td><strong>Gemeldete letzten 7 Tage pro 100.000<\/strong><br><\/td><\/tr><tr><td>Frankenthal<br><\/td><td>98<br><\/td><td>+1<br><\/td><td>2<br><\/td><td>79<br><\/td><td>16<\/td><\/tr><tr><td>Ludwigshafen<br><\/td><td>681<br><\/td><td>+4<br><\/td><td>2<\/td><td>586<br><\/td><td>21<br><\/td><\/tr><tr><td>Speyer<br><\/td><td>173<br><\/td><td>+0<\/td><td>2<br><\/td><td>153<br><\/td><td>20<br><\/td><\/tr><tr><td>Rhein-Pfalz-Kreis<br><\/td><td>437<\/td><td>+1<br><\/td><td>4<br><\/td><td>358<br><\/td><td>16<\/td><\/tr><tr><td><br><\/td><td><br><\/td><td><br><\/td><td><br><\/td><td><br><\/td><td><br><\/td><\/tr><tr><td><strong>Insgesamt<\/strong><\/td><td>1389<\/td><td>+6<br><\/td><td>10<br><\/td><td>1176<br><\/td><td><br><\/td><\/tr><\/tbody><\/table>\n\n\n\n<p><em>Stand 09.10.2020, 12:00 Uhr<\/em><\/p>\n\n\n\n<h2 class=\"wp-block-heading\">Donnerstag, 08.10.2020<\/h2>\n\n\n\n<h4 class=\"wp-block-heading\">AKTUELLE FALLZAHLEN CORONAVIRUS (SARS-COV-2)<\/h4>\n\n\n\n<p>Die aktuellen Fallzahlen aus dem Gesundheitsamt Rhein-Pfalz-Kreis f\u00fcr die mit Coronavirus (SARS-CoV-2) infizierten Personen:<br><\/p>\n\n\n\n<table class=\"wp-block-table\"><tbody><tr><td><br><\/td><td><strong>F\u00e4lle:<br><\/strong><\/td><td><strong>davon neu:<br><\/strong><\/td><td><strong>Todesf\u00e4lle:<br><\/strong><\/td><td><strong>Genesen:<\/strong><br><\/td><td><strong>Gemeldete letzten 7 Tage pro 100.000<\/strong><br><\/td><\/tr><tr><td>Frankenthal<br><\/td><td>97<br><\/td><td>+2<br><\/td><td>2<br><\/td><td>79<br><\/td><td>16<\/td><\/tr><tr><td>Ludwigshafen<br><\/td><td>677<br><\/td><td>+5<br><\/td><td>2<\/td><td>586<br><\/td><td>21<br><\/td><\/tr><tr><td>Speyer<br><\/td><td>173<br><\/td><td>+0<\/td><td>2<br><\/td><td>153<br><\/td><td>20<br><\/td><\/tr><tr><td>Rhein-Pfalz-Kreis<br><\/td><td>436<\/td><td>+0<br><\/td><td>4<br><\/td><td>358<br><\/td><td>16<\/td><\/tr><tr><td><br><\/td><td><br><\/td><td><br><\/td><td><br><\/td><td><br><\/td><td><br><\/td><\/tr><tr><td><strong>Insgesamt<\/strong><\/td><td>1383<\/td><td>+7<br><\/td><td>10<br><\/td><td>1176<br><\/td><td><br><\/td><\/tr><\/tbody><\/table>\n\n\n\n<p><em>Stand 08.10.2020, 15:00 Uhr<\/em><\/p>\n\n\n\n<p><em>Kreisgesundheitsamt Rhein-Pfalz-Kreis<br>09.10.2020<\/em><\/p>\n\n\n\n<h1 class=\"wp-block-heading\" style=\"text-align:center\">Stadtnotizen<\/h1>\n\n\n\n<figure class=\"wp-block-image\"><img decoding=\"async\" loading=\"lazy\" width=\"800\" height=\"600\" src=\"https:\/\/speyer24news.com\/wp-content\/uploads\/2020\/01\/Speyer-Stadtnachrichten-2.jpg\" alt=\"\" class=\"wp-image-23901\" srcset=\"https:\/\/speyer24news.com\/wp-content\/uploads\/2020\/01\/Speyer-Stadtnachrichten-2.jpg 800w, https:\/\/speyer24news.com\/wp-content\/uploads\/2020\/01\/Speyer-Stadtnachrichten-2-300x225.jpg 300w, https:\/\/speyer24news.com\/wp-content\/uploads\/2020\/01\/Speyer-Stadtnachrichten-2-768x576.jpg 768w, https:\/\/speyer24news.com\/wp-content\/uploads\/2020\/01\/Speyer-Stadtnachrichten-2-678x509.jpg 678w, https:\/\/speyer24news.com\/wp-content\/uploads\/2020\/01\/Speyer-Stadtnachrichten-2-326x245.jpg 326w, https:\/\/speyer24news.com\/wp-content\/uploads\/2020\/01\/Speyer-Stadtnachrichten-2-80x60.jpg 80w\" sizes=\"(max-width: 800px) 100vw, 800px\" \/><\/figure>\n\n\n\n<h2 class=\"wp-block-heading\"><strong>Jahresberichte des Stadtarchivs Speyer in Zukunft online verf\u00fcgbar<\/strong><\/h2>\n\n\n\n<p>R\u00fcckblick, Selbstvergewisserung und Ausblick auf die T\u00e4tigkeit des Kulturellen Erbes bietet der Jahresbericht des Stadtarchivs Speyer.&nbsp;Aufgrund der Corona-Pandemie wurde f\u00fcr dieses Jahr entschieden, den Jahresbericht nicht wie gewohnt in Papierform, sondern online bereitzustellen. Da aber neben der Wahrung von Hygienema\u00dfnahmen auch das Klima von papierfreien Texten profitiert, wird f\u00fcr die Zukunft auf die Online-Version als alleinige Plattform umgestiegen. Die Berichte sind unter folgendem Link einsehbar:&nbsp;<a rel=\"noreferrer noopener\" href=\"https:\/\/deref-web.de\/mail\/client\/rhE7s86CFQQ\/dereferrer\/?redirectUrl=https%3A%2F%2Fwww.speyer.de%2Fde%2Fbildung%2Fkulturelles-erbe-stadtarchiv%2Fhistorische-bildungsarbeit%2Fjahresberichte-und-schriftenreihen%2F\" target=\"_blank\">https:\/\/www.speyer.de\/de\/bildung\/kulturelles-erbe-stadtarchiv\/historische-bildungsarbeit\/jahresberichte-und-schriftenreihen\/<\/a>.<\/p>\n\n\n\n<p><em>Stadtverwaltung Speyer \/ Stadtarchivs Speyer<br>09.10.2020<\/em><\/p>\n","protected":false},"excerpt":{"rendered":"<div class=\"mh-excerpt\"><p>Corona-Fallzahlen aus dem Rhein-Pfalz-Kreis Freitag, 09.10.2020 AKTUELLE FALLZAHLEN CORONAVIRUS (SARS-COV-2) Die aktuellen Fallzahlen aus dem Gesundheitsamt Rhein-Pfalz-Kreis f\u00fcr die mit Coronavirus (SARS-CoV-2) infizierten Personen: F\u00e4lle: davon neu: Todesf\u00e4lle: Genesen: Gemeldete letzten 7 Tage pro 100.000 <a class=\"mh-excerpt-more\" href=\"https:\/\/speyer24news.com\/?p=30738\" title=\"Coronafallzahlen &#038; Stadtnotizen aus Speyer\">[&#8230;]<\/a><\/p>\n<\/div>","protected":false},"author":3,"featured_media":23902,"comment_status":"open","ping_status":"open","sticky":false,"template":"","format":"standard","meta":{"_monsterinsights_skip_tracking":false,"_monsterinsights_sitenote_active":false,"_monsterinsights_sitenote_note":"","_monsterinsights_sitenote_category":0,"footnotes":""},"categories":[47],"tags":[6940,6358,7003,6,2674,1296],"aioseo_notices":[],"amp_enabled":true,"_links":{"self":[{"href":"https:\/\/speyer24news.com\/index.php?rest_route=\/wp\/v2\/posts\/30738"}],"collection":[{"href":"https:\/\/speyer24news.com\/index.php?rest_route=\/wp\/v2\/posts"}],"about":[{"href":"https:\/\/speyer24news.com\/index.php?rest_route=\/wp\/v2\/types\/post"}],"author":[{"embeddable":true,"href":"https:\/\/speyer24news.com\/index.php?rest_route=\/wp\/v2\/users\/3"}],"replies":[{"embeddable":true,"href":"https:\/\/speyer24news.com\/index.php?rest_route=%2Fwp%2Fv2%2Fcomments&post=30738"}],"version-history":[{"count":2,"href":"https:\/\/speyer24news.com\/index.php?rest_route=\/wp\/v2\/posts\/30738\/revisions"}],"predecessor-version":[{"id":30750,"href":"https:\/\/speyer24news.com\/index.php?rest_route=\/wp\/v2\/posts\/30738\/revisions\/30750"}],"wp:featuredmedia":[{"embeddable":true,"href":"https:\/\/speyer24news.com\/index.php?rest_route=\/wp\/v2\/media\/23902"}],"wp:attachment":[{"href":"https:\/\/speyer24news.com\/index.php?rest_route=%2Fwp%2Fv2%2Fmedia&parent=30738"}],"wp:term":[{"taxonomy":"category","embeddable":true,"href":"https:\/\/speyer24news.com\/index.php?rest_route=%2Fwp%2Fv2%2Fcategories&post=30738"},{"taxonomy":"post_tag","embeddable":true,"href":"https:\/\/speyer24news.com\/index.php?rest_route=%2Fwp%2Fv2%2Ftags&post=30738"}],"curies":[{"name":"wp","href":"https:\/\/api.w.org\/{rel}","templated":true}]}}