{"id":30742,"date":"2020-10-09T11:09:03","date_gmt":"2020-10-09T10:09:03","guid":{"rendered":"https:\/\/speyer24news.com\/?p=30742"},"modified":"2020-10-09T11:09:04","modified_gmt":"2020-10-09T10:09:04","slug":"schum-kulturtage-speyer","status":"publish","type":"post","link":"https:\/\/speyer24news.com\/?p=30742","title":{"rendered":"SchUM Kulturtage Speyer"},"content":{"rendered":"<style type=\"text\/css\">\r\n\t.ads_top_disp{}\r\n\t.ads_top_corner_disp{ float:left; margin:0px 10px 10px 0px; }\r\n\t.ads_first_p_disp{}\r\n\t.ads_bottom_disp{}\r\n\t<\/style>\n<h2 class=\"wp-block-heading\"><strong>SchUM Kulturtage starten mit Vortr\u00e4gen und Konzerten<\/strong><\/h2>\n\n\n\n<figure class=\"wp-block-image\"><img decoding=\"async\" loading=\"lazy\" width=\"800\" height=\"623\" src=\"https:\/\/speyer24news.com\/wp-content\/uploads\/2020\/09\/Kantor_Yoni_Rose-\u00a9-Rafael-Herlich.png\" alt=\"\" class=\"wp-image-30290\" srcset=\"https:\/\/speyer24news.com\/wp-content\/uploads\/2020\/09\/Kantor_Yoni_Rose-\u00a9-Rafael-Herlich.png 800w, https:\/\/speyer24news.com\/wp-content\/uploads\/2020\/09\/Kantor_Yoni_Rose-\u00a9-Rafael-Herlich-300x234.png 300w, https:\/\/speyer24news.com\/wp-content\/uploads\/2020\/09\/Kantor_Yoni_Rose-\u00a9-Rafael-Herlich-768x598.png 768w\" sizes=\"(max-width: 800px) 100vw, 800px\" \/><figcaption>Kantor Yoni Rose tritt am  Mittwoch, 21. Oktober 2020 in Speyer auf.<br><em>Foto: \u00a9 Rafael Herlich<\/em><\/figcaption><\/figure>\n\n\n\n<p>Am Mittwoch, 14. Oktober 2020 beginnen die SchUM Kulturtage, die zum ersten Mal in Speyer stattfinden. Neben informativen Vortr\u00e4gen, Lesungen und F\u00fchrungen besuchen hochkar\u00e4tige j\u00fcdische K\u00fcnstler*innen die Domstadt und pr\u00e4sentieren den Facettenreichtum der j\u00fcdischen Kultur. Diese hat in Speyer eine lange und wichtige Tradition: Gemeinsam mit Worms und Mainz bildet Speyer den Verbund der SchUM-St\u00e4dte, in denen die j\u00fcdische Lehre und Kultur im Mittelalter eine Bl\u00fctezeit erlebte und weit \u00fcber die Landesgrenzen strahlte. 2021 wird dar\u00fcber entschieden, ob dieses Verm\u00e4chtnis in die Liste des UNESCO-Weltkulturerbes aufgenommen wird.<\/p>\n\n\n\n<p>Die Er\u00f6ffnungsveranstaltung der Kulturtage mit einem Vortrag \u00fcber \u201eFrauen und SchUM\u201c von Prof. Dr. Elisa Klapheck am Mittwoch, 14. Oktober 2020 ist bereits ausgebucht.<\/p>\n\n\n\n<p>Am Sonntag, 18. Oktober 2020, 17 Uhr wagen \u201eDie Drei Kantoren\u201c in der Stadthalle Speyer einen ironischen Blick auf die gro\u00dfen biblischen Mythen. Die Musik in ihrem Programm \u201eOb Sie\u2019s glauben, oder nicht \u2026\u201c reicht vom klassischen Chazzanut \u00fcber israelische Songs bis hin zu jiddischen Liedern.<\/p>\n\n\n\n<p>Dar\u00fcber hinaus besucht der Kantor der Westendsynagoge Frankfurt, Yoni Rose, Speyer f\u00fcr ein Konzert. Am Mittwoch, 21. Oktober 2020 wird der studierte Operns\u00e4nger im Gemeindesaal der Synagoge Beith Schalom um 18 Uhr \u201eSternstunden der kantoralen Musik\u201c mit den bekanntesten Melodien des Genres pr\u00e4sentieren.<\/p>\n\n\n\n<figure class=\"wp-block-image\"><img decoding=\"async\" loading=\"lazy\" width=\"800\" height=\"542\" src=\"https:\/\/speyer24news.com\/wp-content\/uploads\/2020\/09\/Ensemble-WAKS-J\u00fcdische-Phonographenstimmen-\u00a9-WAKS.jpg\" alt=\"\" class=\"wp-image-30289\" srcset=\"https:\/\/speyer24news.com\/wp-content\/uploads\/2020\/09\/Ensemble-WAKS-J\u00fcdische-Phonographenstimmen-\u00a9-WAKS.jpg 800w, https:\/\/speyer24news.com\/wp-content\/uploads\/2020\/09\/Ensemble-WAKS-J\u00fcdische-Phonographenstimmen-\u00a9-WAKS-300x203.jpg 300w, https:\/\/speyer24news.com\/wp-content\/uploads\/2020\/09\/Ensemble-WAKS-J\u00fcdische-Phonographenstimmen-\u00a9-WAKS-768x520.jpg 768w\" sizes=\"(max-width: 800px) 100vw, 800px\" \/><figcaption> Das Ensemble WAKS: J\u00fcdische Phonographenstimmen \u2013 Yiddish Voices tritt am Samstag, 31. Oktober 2020 um 19:30 Uhr in der Stadthalle Speyer auf.<br><em>Foto: \u00a9 WAKS<\/em><\/figcaption><\/figure>\n\n\n\n<p>Ein besonderes Projekt hat das Ensemble WAKS verwirklicht: J\u00fcdische Phonographenstimmen \u2013 Yiddish Voices. Sie rekonstruieren, interpretieren und erg\u00e4nzen jiddische Lieder, die zwischen 1928 und 1943 mit Wachswalzen-Phonographen in russischen D\u00f6rfern aufgenommen wurden. Hierbei verweben sie die Vergangenheit in Form der Originalaufnahmen mit den Livedarbietungen des Ensembles. Aufgrund der gro\u00dfen Nachfrage findet das Konzert am Samstag, 31. Oktober 2020 um 19:30 Uhr in der Stadthalle Speyer statt.<\/p>\n\n\n\n<p>Karten f\u00fcr die Konzerte erhalten Sie bei der Tourist-Information unter 06232 14-2392 und bei allen Reservix-Vorverkaufsstellen.<\/p>\n\n\n\n<p>F\u00fcr die Vortr\u00e4ge und Lesungen sind Anmeldungen unter\u00a0<a rel=\"noreferrer noopener\" href=\"mailto:kultur@stadt-speyer.de\" target=\"_blank\">kultur@stadt-speyer.de<\/a>\u00a0oder telefonisch unter 06232 14-2744 erforderlich.<\/p>\n\n\n\n<p><em>Text: Stadtverwaltung Speyer Foto: (1) Rafael Herlich; (2) WAKS<br>09.10.2020<\/em><\/p>\n","protected":false},"excerpt":{"rendered":"<div class=\"mh-excerpt\"><p>SchUM Kulturtage starten mit Vortr\u00e4gen und Konzerten Am Mittwoch, 14. Oktober 2020 beginnen die SchUM Kulturtage, die zum ersten Mal in Speyer stattfinden. Neben informativen Vortr\u00e4gen, Lesungen und F\u00fchrungen besuchen hochkar\u00e4tige j\u00fcdische K\u00fcnstler*innen die Domstadt <a class=\"mh-excerpt-more\" href=\"https:\/\/speyer24news.com\/?p=30742\" title=\"SchUM Kulturtage Speyer\">[&#8230;]<\/a><\/p>\n<\/div>","protected":false},"author":3,"featured_media":24183,"comment_status":"open","ping_status":"open","sticky":false,"template":"","format":"standard","meta":{"_monsterinsights_skip_tracking":false,"_monsterinsights_sitenote_active":false,"_monsterinsights_sitenote_note":"","_monsterinsights_sitenote_category":0,"footnotes":""},"categories":[14],"tags":[8484,8485,3361,8675,8676],"aioseo_notices":[],"amp_enabled":true,"_links":{"self":[{"href":"https:\/\/speyer24news.com\/index.php?rest_route=\/wp\/v2\/posts\/30742"}],"collection":[{"href":"https:\/\/speyer24news.com\/index.php?rest_route=\/wp\/v2\/posts"}],"about":[{"href":"https:\/\/speyer24news.com\/index.php?rest_route=\/wp\/v2\/types\/post"}],"author":[{"embeddable":true,"href":"https:\/\/speyer24news.com\/index.php?rest_route=\/wp\/v2\/users\/3"}],"replies":[{"embeddable":true,"href":"https:\/\/speyer24news.com\/index.php?rest_route=%2Fwp%2Fv2%2Fcomments&post=30742"}],"version-history":[{"count":1,"href":"https:\/\/speyer24news.com\/index.php?rest_route=\/wp\/v2\/posts\/30742\/revisions"}],"predecessor-version":[{"id":30743,"href":"https:\/\/speyer24news.com\/index.php?rest_route=\/wp\/v2\/posts\/30742\/revisions\/30743"}],"wp:featuredmedia":[{"embeddable":true,"href":"https:\/\/speyer24news.com\/index.php?rest_route=\/wp\/v2\/media\/24183"}],"wp:attachment":[{"href":"https:\/\/speyer24news.com\/index.php?rest_route=%2Fwp%2Fv2%2Fmedia&parent=30742"}],"wp:term":[{"taxonomy":"category","embeddable":true,"href":"https:\/\/speyer24news.com\/index.php?rest_route=%2Fwp%2Fv2%2Fcategories&post=30742"},{"taxonomy":"post_tag","embeddable":true,"href":"https:\/\/speyer24news.com\/index.php?rest_route=%2Fwp%2Fv2%2Ftags&post=30742"}],"curies":[{"name":"wp","href":"https:\/\/api.w.org\/{rel}","templated":true}]}}