{"id":30764,"date":"2020-10-11T07:19:45","date_gmt":"2020-10-11T06:19:45","guid":{"rendered":"https:\/\/speyer24news.com\/?p=30764"},"modified":"2020-10-11T07:19:47","modified_gmt":"2020-10-11T06:19:47","slug":"schifferstadt-80","status":"publish","type":"post","link":"https:\/\/speyer24news.com\/?p=30764","title":{"rendered":"Schifferstadt"},"content":{"rendered":"<style type=\"text\/css\">\r\n\t.ads_top_disp{}\r\n\t.ads_top_corner_disp{ float:left; margin:0px 10px 10px 0px; }\r\n\t.ads_first_p_disp{}\r\n\t.ads_bottom_disp{}\r\n\t<\/style>\n<h2 class=\"wp-block-heading\"><strong>Gewinner Losaktion Heimat shoppen<\/strong><\/h2>\n\n\n\n<div class=\"wp-block-image\"><figure class=\"aligncenter\"><img decoding=\"async\" loading=\"lazy\" width=\"800\" height=\"600\" src=\"https:\/\/speyer24news.com\/wp-content\/uploads\/2020\/10\/P1010005.jpg\" alt=\"\" class=\"wp-image-30766\" srcset=\"https:\/\/speyer24news.com\/wp-content\/uploads\/2020\/10\/P1010005.jpg 800w, https:\/\/speyer24news.com\/wp-content\/uploads\/2020\/10\/P1010005-300x225.jpg 300w, https:\/\/speyer24news.com\/wp-content\/uploads\/2020\/10\/P1010005-768x576.jpg 768w, https:\/\/speyer24news.com\/wp-content\/uploads\/2020\/10\/P1010005-678x509.jpg 678w, https:\/\/speyer24news.com\/wp-content\/uploads\/2020\/10\/P1010005-326x245.jpg 326w, https:\/\/speyer24news.com\/wp-content\/uploads\/2020\/10\/P1010005-80x60.jpg 80w\" sizes=\"(max-width: 800px) 100vw, 800px\" \/><figcaption>v.l.: B\u00fcrgermeisterin Ilona Volk und Marion Schleicher-Frank, die Vorsitzende der Schifferstadt-Marketing-Gemeinschaft \u201eSchmagges\u201c e.V. <\/figcaption><\/figure><\/div>\n\n\n\n<p>Die Gewinner der Losaktion der\ndiesj\u00e4hrigen Heimat-shoppen Aktionswochen stehen fest!&nbsp;Gezogen wurden sie\nvon B\u00fcrgermeisterin Ilona Volk und Marion Schleicher-Frank, der Vorsitzenden\nder Schifferstadt-Marketing-Gemeinschaft &#8222;Schmagges&#8220; e.V.&nbsp;<\/p>\n\n\n\n<p>\u00dcber je\neinen 100 \u20ac Einkaufsgutschein von Schmagges k\u00f6nnen sich die folgenden\nLos-Nummern freuen:&nbsp;<\/p>\n\n\n\n<ul><li>002635<\/li><li>007432<\/li><li>005577<\/li><\/ul>\n\n\n\n<p>Im Rahmen der diesj\u00e4hrigen\nAktionswochen wurde jeder Einkauf ab 10 \u20ac in den beteiligten Betrieben mit\neinem Gewinnlos belohnt. Die R\u00fccklaufquote an Gewinnlosen war enorm. Zu\ngewinnen gab es drei Schmagges-Gutscheine \u00e0 je 100 \u20ac f\u00fcr den Einkauf vor\nOrt.&nbsp;<\/p>\n\n\n\n<p>Die\nGewinner werden gebeten mit dem passenden Abschnitt des Loses bis sp\u00e4testens 6.\nNovember 2020 bei der Stadtverwaltung Schifferstadt, Marktplatz 2\nvorbeizukommen und den Gewinn abzuholen.&nbsp; Aufgrund der\nCorona-Hygienema\u00dfnahmen ist eine telefonische Terminvereinbarung vorab unter\nder Telefonnummer 06235\/44125 oder per Email unter&nbsp;<a href=\"mailto:stadtmarketing@schifferstadt.de\">stadtmarketing@schifferstadt.de<\/a>&nbsp;unbedingt\nerforderlich.&nbsp;<\/p>\n\n\n\n<p>Die\nStadtverwaltung gratuliert allen Gewinnern recht herzlich!<\/p>\n\n\n\n<p><em>Stadtverwaltung Schifferstadt<br>11.10.2020<\/em><\/p>\n\n\n\n<h2 class=\"wp-block-heading\"><strong>Neue Telefonanlage und Mailadresse f\u00fcr Kita Kinderburg<\/strong><strong><\/strong><\/h2>\n\n\n\n<p>Ab sofort ist die Kindertagesst\u00e4tte Kinderburg \u00fcber folgende\nzentrale Rufnummer erreichbar: 06235 \/ 925540 und \u00fcber die neue Mailadresse: <a href=\"mailto:kita-kinderburg@schifferstadt.de\">kita-kinderburg@schifferstadt.de<\/a>\n.<\/p>\n\n\n\n<p>Damit geht das st\u00e4dtische IT-Referat zusammen mit der Telekom\nund der Elektro-Ohnheiser GmbH einen weiteren Schritt in Sachen\nNetzwerkmodernisierung. <\/p>\n\n\n\n<p>Die Stadtverwaltung dankt den beteiligten Betrieben f\u00fcr die\nangenehme Zusammenarbeit.<\/p>\n\n\n\n<p><em>Stadtverwaltung Schifferstadt<br>11.10.2020<\/em><\/p>\n\n\n\n<h2 class=\"wp-block-heading\"><strong>Mit \u00fcber 100.000 Kilometern das Vorjahresergebnis getoppt <\/strong><\/h2>\n\n\n\n<h3 class=\"wp-block-heading\"><strong>Res\u00fcmee zum STADTRADELN<\/strong><\/h3>\n\n\n\n<figure class=\"wp-block-image\"><img decoding=\"async\" loading=\"lazy\" width=\"630\" height=\"167\" src=\"https:\/\/speyer24news.com\/wp-content\/uploads\/2020\/06\/Stadtradeln-Logo.png\" alt=\"\" class=\"wp-image-28496\" srcset=\"https:\/\/speyer24news.com\/wp-content\/uploads\/2020\/06\/Stadtradeln-Logo.png 630w, https:\/\/speyer24news.com\/wp-content\/uploads\/2020\/06\/Stadtradeln-Logo-300x80.png 300w\" sizes=\"(max-width: 630px) 100vw, 630px\" \/><\/figure>\n\n\n\n<p>498 Schifferstadterinnen und Schifferstadter haben sich f\u00fcr\ndie Aktion STADTRADELN vom 30. August bis einschlie\u00dflich 19. September auf ihre\nFahrr\u00e4der geschwungen und gemeinsam in insgesamt 46 Teams sagenhafte 109.634\nKilometer erstrampelt. Damit toppen sie nicht nur das Vorjahresergebnis um fast\n30.000 Kilometer, sondern d\u00fcrfen sich auch \u00fcber die grandiose CO2-Ersparnis von\n16 Tonnen freuen. <\/p>\n\n\n\n<p>Das Paul-von-Denis-Gymnasiums hatte in der Team-Wertung die\nNase vorne. Zusammen kommen die knapp 100 Radlerinnen und Radler auf 15.382\nKilometer. Fast genauso viele Kilometer \u2013 n\u00e4mlich 14.954 \u2013 erstrampelte das 63-k\u00f6pfige\nTeam Sportabzeichen.<\/p>\n\n\n\n<p>Spitzenreiter beziehungsweise -radler bei den\nEinzelergebnissen ist Manfred Becker mit 1.431 Kilometern und einer\nCO2-Ersparnis von 210 Kilogramm. Dicht auf seinen Fersen: J\u00fcrgen Basler und\nPeter Kolb mit jeweils 1.311 Kilometern und 192 Kilogramm CO2-Ersparnis. <\/p>\n\n\n\n<p>\u201eObwohl wir mit knapp 70 Teilnehmenden weniger gestartet sind\nals im Vorjahr, konnten wir unser\nErgebnis m\u00fchelos \u00fcberbieten\u201c, freut sich B\u00fcrgermeisterin Ilona Volk. \u201eIch bin\nsehr stolz, dass so viele so leidenschaftlich f\u00fcr den Klimaschutz in die Pedale\ngetreten sind.\u201c Ein gro\u00dfes Dankesch\u00f6n gehe auch an die Sponsoren der\nSTADTRADEL-P\u00e4ckchen. Zum STADTRADELN-Startschuss am Sonntag, 30. August hatte\nVolk auf dem Rathausvorplatz P\u00e4ckchen mit allem, was man f\u00fcr eine gelungene\nRadtour gebrauchen kann, ausgegeben. \u201eDer Zuspruch war \u00fcberw\u00e4ltig und ich\nhoffe, wir konnten Klein und Gro\u00df mit unseren P\u00e4ckchen eine Freude bereiten und\nsie so f\u00fcr die n\u00e4chste Radtour motivieren.\u201c<\/p>\n\n\n\n<p><strong>STADTRADELN<\/strong>\n\nSeit 2008 schwingen sich\nKommunalpolitiker*innen und B\u00fcrger*innen f\u00fcr Klima- und Umweltschutz aufs\nFahrrad. Vom 30. August bis zum 19. September war Schifferstadt zum zweiten Mal\nmit von der Partie. In diesem Zeitraum konnten alle, die in Schifferstadt\nleben, arbeiten, einem Verein angeh\u00f6ren oder eine Schule besuchen, bei der\nKampagne STADTRADELN des Klima-B\u00fcndnis mitmachen und m\u00f6glichst viele\nRadkilometer sammeln. 2019 hat Schifferstadt erstmals am STADTRADELN\nteilgenommen. Dabei haben 564 aktive Radelnde 71.770 km erstrampelt und so zehn\nTonnen CO2 eingespart. \n\n\n\n<\/p>\n\n\n\n<p><em>Stadtverwaltung Schifferstadt<br>11.10.2020<\/em><\/p>\n\n\n\n<h2 class=\"wp-block-heading\"><strong>Vom Schotter- zum Traumgarten<\/strong><\/h2>\n\n\n\n<h3 class=\"wp-block-heading\"><strong>Begr\u00fcnungssatzung seit 12. September in Kraft<\/strong><\/h3>\n\n\n\n<div class=\"wp-block-image\"><figure class=\"aligncenter\"><img decoding=\"async\" loading=\"lazy\" width=\"500\" height=\"667\" src=\"https:\/\/speyer24news.com\/wp-content\/uploads\/2020\/10\/Traumgarten.jpeg\" alt=\"\" class=\"wp-image-30765\" srcset=\"https:\/\/speyer24news.com\/wp-content\/uploads\/2020\/10\/Traumgarten.jpeg 500w, https:\/\/speyer24news.com\/wp-content\/uploads\/2020\/10\/Traumgarten-225x300.jpeg 225w\" sizes=\"(max-width: 500px) 100vw, 500px\" \/><\/figure><\/div>\n\n\n\n<p>\u201eBunt statt grau\u201c k\u00f6nnte das Motto der neuen\nBegr\u00fcnungssatzung der Stadt lauten. Sie setzt sich f\u00fcr umweltfreundlichen\nBauma\u00dfnahmen ein \u2013 damit Schifferstadt bald noch gr\u00fcner und lebenswerter wird. <\/p>\n\n\n\n<p>Endlich Feierabend. M\u00fcde, abgeschlagen, gestresst und jetzt\nnoch was im Garten werkeln? Nein, danke! Ein Schottergarten scheint die L\u00f6sung\nzu sein. Die Realit\u00e4t sieht anders aus: Auf den Steinw\u00fcsten klettert das\nThermometer an hei\u00dfen Tagen auf \u00fcber 70 Grad. Lebensraum f\u00fcr Tiere und\nPflanzen? Fehlanzeige. <\/p>\n\n\n\n<p>Anders sieht es bei Gr\u00fcnfl\u00e4chen aus: Vor allem B\u00fcsche und\nB\u00e4ume bieten Schatten und verhindern am Tag, dass der Boden die W\u00e4rme der Sonne\n\u00fcberm\u00e4\u00dfig stark aufnimmt. Zus\u00e4tzlich l\u00e4sst die sogenannte Verdunstungsk\u00fchle von\nGr\u00fcnfl\u00e4chen und Parks ganze Stadtviertel abk\u00fchlen. Das kann in dicht bewaldeten\nBereichen schon mal zwischen 10 bis 20 Grad Celsius ausmachen. W\u00e4re das nicht\ngerade in den letzten Wochen super gewesen? Im eigenen Garten 25 statt 35 Grad\nzu haben?<\/p>\n\n\n\n<p>Damit wir in Zukunft nicht mehr nur bei angenehmeren\nTemperaturen im Garten entspannen k\u00f6nnen, sondern auch damit unsere\nNahrungsgrundlage gesichert ist \u2013 immerhin sorgen die Insekten daf\u00fcr, dass auf\nunseren Feldern Obst und Gem\u00fcse in H\u00fclle und F\u00fclle gedeiht \u2013, hat die\nStadtverwaltung die Begr\u00fcnungssatzung am 12. September verabschiedet. Seitdem\ngilt: Wer in Schifferstadt bauen m\u00f6chte, ist verpflichtet, mindestens 50 % von\nVorg\u00e4rten sowie Flachd\u00e4cher und flachgeneigte D\u00e4cher ab einer Gr\u00f6\u00dfe von 50qm zu\nbegr\u00fcnen. <\/p>\n\n\n\n<p>Wer einen bereits bestehenden Bau gegen eine Gr\u00fcnfl\u00e4che\naustauschen will, kann einen Antrag f\u00fcr finanzielle Beihilfen stellen: Durch\ndas Entsiegelungsprogramm der Stadt kann das Projekt dann mit 25% (maximal 500\nEuro) der Gesamtkosten f\u00fcr die sogenannten Entsiegelungsma\u00dfnahmen bezuschusst\nwerden. Nat\u00fcrlich gilt das nur, wenn die Voraussetzungen laut der\nBegr\u00fcnungssatzung erf\u00fcllt werden und es sich beispielsweise nicht um eine\nillegal versiegelte Fl\u00e4che handelt. <\/p>\n\n\n\n<p>\u201eDer Boden filtert und bindet Schadstoffe und sch\u00fctzt so das Grundwasser\u201c,\nerkl\u00e4rt Schifferstadts Erste Beigeordnete Ulla Behrendt-Roden. Sie ist f\u00fcr die\nBereiche Umwelt und Naturschutz zust\u00e4ndig und erg\u00e4nzt. \u201eWer sich f\u00fcr eine Gr\u00fcnfl\u00e4che\nentscheidet, den unterst\u00fctzen wir nat\u00fcrlich gerne \u2013 so kommen wir gemeinsam\nunseren energie- und klimapolitischen Ziele n\u00e4her.\u201c<\/p>\n\n\n\n<p>\u201eErnten und essen, was man selbst ges\u00e4t hat, ist einfach\nsch\u00f6n\u201c, erg\u00e4nzt der st\u00e4dtische Umweltbeauftragte Kai Repp. Ein gut angelegter Garten m\u00fcsse zudem\nweder kosten- noch pflegeintensiv sein. \u201eEr hilft sogar noch die Artenvielfalt\nzu erhalten oder gar zu steigern\u201c, sagt Repp. &nbsp;<\/p>\n\n\n\n<h4 class=\"wp-block-heading\"><strong>Mit ein paar einfachen\nTipps zum Gartentraum: <\/strong><\/h4>\n\n\n\n<ul><li>Pflanzen sie B\u00e4ume, Str\u00e4ucher und mehrj\u00e4hrige Pflanzen \u2013 so sparen Sie sich das j\u00e4hrliche Neupflanzen.<\/li><li>Pflegeleichte Stauden unterdr\u00fccken unerw\u00fcnschte Beikr\u00e4uter und erleichtern so den Pflegeaufwand.<\/li><li>Nutzen sich standortangepasste, gebietsheimische Pflanzen statt Palmen oder andere exotische Pflanzen, deren Pflege sehr intensiv sein kann. <\/li><li>Verzichten sie auf Pestizide und synthetische D\u00fcnger. Setzen Sie stattdessen sparsam organische D\u00fcnger ein.      <\/li><li>Bitte verzichten Sie auf sehr invasive Arten, wie G\u00f6tterbaum, japanischer Staudenkn\u00f6terich, Kermesbeere und kanadische Goldrute. Diese Pflanzen sind unglaublich verbreitungsstarke      Erstbesiedler und verdr\u00e4ngen unsere heimischen Pflanzen. <\/li><\/ul>\n\n\n\n<p>Sie haben Fragen zur Begr\u00fcnungssatzung oder ben\u00f6tigen Beratung? Ihre Ansprechpartnerin bei der Stadt ist Klimaschutzmanagerin Nicole D\u00f6rr.<\/p>\n\n\n\n<p><em>Stadtverwaltung Schifferstadt<br>11.10.2020<\/em><\/p>\n\n\n\n<h2 class=\"wp-block-heading\"><strong>Schnell und umweltfreundlich von A nach B <\/strong><\/h2>\n\n\n\n<h3 class=\"wp-block-heading\"><strong>Machbarkeitsstudien zu Radschnellwegen <\/strong><\/h3>\n\n\n\n<p>Von Ludwigshafen nach Schifferstadt und von Schifferstadt\nnach W\u00f6rth \u2013 schon bald sollen direkte und komfortable Radschnellwege die Rhein-Neckar-Region\nnoch besser vernetzen. Der Verband Region Rhein-Neckar (VRRN) hat zu beiden\nStrecken Machbarkeitsstudien durchgef\u00fchrt. <\/p>\n\n\n\n<p>Wo befinden sich m\u00f6glichst st\u00f6rungsarme Verbindungen und wo geeignete Korridore f\u00fcr neu zu bauende Radwege? Diesen Fragen widmeten sich der VRRN. Seine Ergebnisse pr\u00e4sentiert er auf <a href=\"http:\/\/www.m-r-n.com\">www.m-r-n.com<\/a> in Form von Machbarkeitsstudien. Die Radschnellwege sollen gute und sichere Anschl\u00fcsse an umliegende Orte f\u00fcr Pendler schaffen und so dazu beitragen, den motorisierten Verkehr zu reduzieren. <\/p>\n\n\n\n<p>Die beiden \u00fcber Schifferstadt f\u00fchrenden Radschnellwege\ngeh\u00f6ren zu den insgesamt sieben Verbindungen in Rheinland-Pfalz, die der\nLandesbetrieb Mobilit\u00e4t in einer Potenzialanalyse als m\u00f6gliche\nPendler-Radrouten identifiziert hatte.<\/p>\n\n\n\n<p>Die Routen sind \u00fcber folgenden Link einsehbar: <a href=\"https:\/\/www.m-r-n.com\/was-wir-tun\/themen-und-projekte\/projekte\/radschnellwege\">https:\/\/www.m-r-n.com\/was-wir-tun\/themen-und-projekte\/projekte\/radschnellwege<\/a><\/p>\n\n\n\n<p><em>Stadtverwaltung Schifferstadt<br>11.10.2020<\/em><\/p>\n\n\n\n<h2 class=\"wp-block-heading\"><strong>Pendler-Radroute Schifferstadt \u2013 Speyer \u2013 W\u00f6rth<\/strong><\/h2>\n\n\n\n<h3 class=\"wp-block-heading\"><strong>Landrat Brechtel: Wichtiges Zeichen in Sachen Umweltschutz und Mobilit\u00e4t<\/strong><strong><\/strong><\/h3>\n\n\n\n<p>Die Machbarkeitsstudie zur `Pendler-Radroute Schifferstadt \u2013 Speyer \u2013 W\u00f6rth\u00b4 ist abgeschlossen. \u201eDas Besondere an der bevorzugten Tresse f\u00fcr die Pendler-Radroute ist, dass sie auf dem gr\u00f6\u00dften Teil der rund 60 Kilometern auf bereits bestehenden (Rad\u2011)Verkehrswegen realisiert werden kann. L\u00fccken gibt es nur noch auf etwa 10 % der Gesamtstrecke\u201c, so Landrat Brechtel optimistisch und erg\u00e4nzt: \u201eUm noch vorhandene L\u00fccken zu schlie\u00dfen und die gew\u00fcnschten Standards einer Pendler-Radroute zu erreichen, enth\u00e4lt das Gutachten einen umfassenden Ma\u00dfnahmenkatalog mit insgesamt 434 Einzelma\u00dfnahmen<\/p>\n\n\n\n<p>\u201eJetzt liegt es an allen entlang der Route \u2013 ob Bund, Land, Kreise, Gemeinden \u2013 sich aktiv an der Realisierung zu beteiligen\u201c, wirbt Landrat Dr. Fritz Brechtel. Mit einem Schreiben hat er sich aktuell an die B\u00fcrgermeister der acht Verbandsgemeinden und St\u00e4dte im Landkreis Germersheim gewandt: \u201eAus Sicht des Landkreises stellt die Umsetzung der Pendler-Radroute eine besondere Chance dar, die Situation f\u00fcr den Radverkehr sowohl au\u00dferhalb wie innerhalb der Orte zu verbessern. Die Ma\u00dfnahmen kommen auch Ihren B\u00fcrgerinnen und B\u00fcrgern zugute. In diesem Sinne w\u00fcrde ich mich sehr freuen, wenn Sie die Umsetzung der Pendler-Radroute in Ihrem Zust\u00e4ndigkeitsbereich unterst\u00fctzen w\u00fcrden.\u201c<\/p>\n\n\n\n<p>Die Studie wurde vom Verband Region Rhein-Neckar (VRRN) in Kooperationen mit dem rheinland-pf\u00e4lzischen Ministerium f\u00fcr Wirtschaft, Verkehr, Landwirtschaft und Weinbau (MWVLW) beauftragte. Die Ergebnisse sind auf den Internetseiten des VRRN unter&nbsp;<a href=\"https:\/\/deref-web.de\/mail\/client\/bcyg21FM9ug\/dereferrer\/?redirectUrl=https%3A%2F%2Fwww.m-r-n.com%2Fwas-wir-tun%2Fthemen-und-projekte%2Fprojekte%2Fradschnellwege\" target=\"_blank\" rel=\"noreferrer noopener\">https:\/\/www.m-r-n.com\/was-wir-tun\/themen-und-projekte\/projekte\/radschnellwege<\/a>&nbsp;ver\u00f6ffentlicht.<\/p>\n\n\n\n<p>Aufgabe der Machbarkeitsstudie war es, die grunds\u00e4tzliche Durchf\u00fchrbarkeit einer Pendler-Radroute f\u00fcr die Trasse Schifferstadt-Speyer-W\u00f6rth zu beschreiben und einen Trassenvorschlag f\u00fcr eine qualitativ hochwertige, verkehrssichere und m\u00f6glichst st\u00f6rungsarme Radverkehrsverbindung auf dem Korridor zwischen Schifferstadt und W\u00f6rth sowie Kandel und W\u00f6rth (bis zur 2. Rheinbr\u00fccke) zu erarbeiten.<\/p>\n\n\n\n<p>Der Bau selbst liegt in den H\u00e4nden der jeweiligen Baulasttr\u00e4ger. Das sind, je nach Streckenabschnitt, der Bund, das Land, der Kreis oder die Gemeinden. Die Machbarkeitsstudie bildet die Grundlage f\u00fcr die erforderliche Abstimmung mit allen Beteiligten, f\u00fcr die Herbeif\u00fchrung politischer Beschl\u00fcsse und f\u00fcr die Schaffung der notwendigen planungsrechtlichen Voraussetzungen.<\/p>\n\n\n\n<p>Um die n\u00e4chsten Schritte einzuleiten und diese eng zu betreuen, hat der Landesbetrieb Mobilit\u00e4t (LBM) ein B\u00fcro mit der weiteren Projektsteuerung beauftragt. Dabei ist vorgesehen, gemeinsam mit der regionalen Dienststelle des LBM in Speyer die weiteren Schritte zu koordinieren und die Planung zu konkretisieren. \u201eWir gehen davon aus, dass in diesem Zuge auch die St\u00e4dte, Verbands- und Ortsgemeinden eingebunden werden, die f\u00fcr die Umsetzung der vorgeschlagenen Ma\u00dfnahmen zust\u00e4ndig sind\u201c, so der Kreischef.<\/p>\n\n\n\n<p>Landrat Dr. Fritz Brechtel ist von dem Projekt begeistert: \u201eDie Pendler-Radroute wird sich aber nur realisieren lassen, wenn alle Baulasttr\u00e4ger zusammenarbeiten. Als besonderen Anreiz gew\u00e4hrt das Land f\u00fcr die Realisierung von Pendler-Radrouten eine unbefristete Premiumf\u00f6rderung in H\u00f6he von +20 % zum \u00fcblichen F\u00f6rdersatz f\u00fcr Kommunen. F\u00fcr den Landkreis Germersheim, seine Gemeinden und die B\u00fcrgerinnen und B\u00fcrger w\u00e4re diese Route ein enormer Gewinn in Sachen Mobilit\u00e4t und Umweltschutz.\u201c<\/p>\n\n\n\n<p><em>Kreisverwaltung Germersheim<br>11.10.2020<\/em><\/p>\n\n\n\n<h1 class=\"wp-block-heading\" style=\"text-align:center\">Kurse der Volkshochschule (VHS) Schifferstadt<\/h1>\n\n\n\n<figure class=\"wp-block-image\"><img decoding=\"async\" src=\"https:\/\/speyer24news.com\/wp-content\/uploads\/2020\/01\/VHS.png\" alt=\"\" class=\"wp-image-23911\"\/><\/figure>\n\n\n\n<h2 class=\"wp-block-heading\"><strong>Microsoft Outlook &#8211; Mail- und Terminmanagement<\/strong><strong><\/strong><\/h2>\n\n\n\n<p>Am <strong>Samstag, 17. Oktober<\/strong> beginnt um 9 Uhr der Kurs \u201eMicrosoft Outlook &#8211; Mail- und Terminmanagement\u201c im Schifferstadter vhs-Bildungszentrum, Neust\u00fcckweg 2. <\/p>\n\n\n\n<p>Outlook ist das meistbenutzte E-Mail-Programm der Welt. Aber\nOutlook geht weit \u00fcber die E-Mail Verwaltung hinaus. Neben der klassischen\nFunktion als reines E-Mail-Programm hilft Ihnen Outlook, Termine professionell\nzu verwalten, Aufgaben zu planen, Termine einzuhalten, Kunden in einer\nDatenbank zu pflegen.<\/p>\n\n\n\n<p>Themen: Grundlagen und Bedienoberfl\u00e4che &#8211; Kontakte verwalten\n&#8211; Adressbuch nutzen und Verteilerlisten erstellen &#8211; Termine und Besprechungen\nplanen &#8211; elektronischen Kalender nutzen &#8211; Aufgaben einrichten und verwalten &#8211;\nPosteingang organisieren und grundlegende E-Mail-Funktionen verwenden &#8211;\nJournale zur Dateiverwaltung nutzen und mit Notizen arbeiten.<\/p>\n\n\n\n<p>F\u00fcr weitere Informationen und Anmeldungen k\u00f6nnen sich\nInteressierte bei der Stadtverwaltung Schifferstadt unter der Telefonnummer\n06235\/44302 oder 44305 melden.<\/p>\n\n\n\n<h2 class=\"wp-block-heading\"><strong>Die Cloud &#8211; Daten speichern im Internet<\/strong><strong> <\/strong><\/h2>\n\n\n\n<p>Am <strong>Mittwoch, 14. Oktober<\/strong> beginnt um 17:30 Uhr der Kurs \u201eDie Cloud &#8211; Daten speichern im Internet\u201c im Schifferstadter vhs-Bildungszentrum, Neust\u00fcckweg 2. <\/p>\n\n\n\n<p>Dateien, Fotos, Videos, Notizen und vieles mehr im Internet\nabspeichern und jederzeit und von \u00fcberall darauf zugreifen k\u00f6nnen: Kostenlose\nund n\u00fctzliche Dienste im Internet (Cloud-Dienste) machen das m\u00f6glich. Lernen\nSie an Beispielen, wie Sie Ihre Daten ohne gro\u00dfen Aufwand austauschen und\nverwalten k\u00f6nnen. Speichern und organisieren Sie Ihre Daten im Internet und\ngreifen Sie dazu jederzeit von \u00fcberall darauf zu. <\/p>\n\n\n\n<p>Inhalte: Dropbox &#8211; Bilder im Netz &#8211; Ordner und Dateien f\u00fcr\nden gemeinsamen Zugriff freigeben &#8211; Google-Drive oder OneDrive &#8211; u.v.a.<\/p>\n\n\n\n<p>F\u00fcr weitere Informationen und Anmeldungen k\u00f6nnen sich Interessierte bei der Stadtverwaltung Schifferstadt unter der Telefonnummer 06235\/44302 oder 44305 melden.<\/p>\n\n\n\n<h2 class=\"wp-block-heading\"><strong>Smartphone-Kurs f\u00fcr Einsteiger\/innen (Android)<\/strong><strong><\/strong><\/h2>\n\n\n\n<p>Am <strong>Dienstag, 13. Oktober<\/strong> beginnt um 18 Uhr der \u201eSmartphone-Kurs f\u00fcr Einsteiger\/innen (Android)\u201c im Schifferstadter vhs-Bildungszentrum, Neust\u00fcckweg 2. <\/p>\n\n\n\n<p>Sie haben ein Smartphone, wissen aber nicht, wie Sie es f\u00fcr\nIhre Bed\u00fcrfnisse richtig nutzen und bedienen k\u00f6nnen? In diesem Kurs lernen Sie\nIhr Ger\u00e4t mit seinen Grundfunktionen sowie die Bedienung und erste\nEinstellungen kennen. <\/p>\n\n\n\n<p>Inhalte: Das Smartphone richtig bedienen &#8211; Wischtechnik und\nvirtuelle Tastatur &#8211; Die diversen &#8222;Kn\u00f6pfe&#8220; bzw. Apps &#8211; Pflege &#8211;&nbsp; Grundeinstellungen &#8211; Telefonieren &#8211;\nNachrichten senden und empfangen &#8211; Tipps und Tricks.\n\nF\u00fcr weitere\nInformationen und Anmeldungen k\u00f6nnen sich Interessierte bei der Stadtverwaltung\nSchifferstadt unter der Telefonnummer 06235\/44302 oder 44305 melden.\n\n\n\n<\/p>\n\n\n\n<p><em>Stadtverwaltung Schifferstadt \/ Volkshochschule (VHs) Schifferstadt<br>11.10.2020<\/em><\/p>\n","protected":false},"excerpt":{"rendered":"<div class=\"mh-excerpt\"><p>Gewinner Losaktion Heimat shoppen Die Gewinner der Losaktion der diesj\u00e4hrigen Heimat-shoppen Aktionswochen stehen fest!&nbsp;Gezogen wurden sie von B\u00fcrgermeisterin Ilona Volk und Marion Schleicher-Frank, der Vorsitzenden der Schifferstadt-Marketing-Gemeinschaft &#8222;Schmagges&#8220; e.V.&nbsp; \u00dcber je einen 100 \u20ac Einkaufsgutschein <a class=\"mh-excerpt-more\" href=\"https:\/\/speyer24news.com\/?p=30764\" title=\"Schifferstadt\">[&#8230;]<\/a><\/p>\n<\/div>","protected":false},"author":3,"featured_media":0,"comment_status":"open","ping_status":"open","sticky":false,"template":"","format":"standard","meta":{"_monsterinsights_skip_tracking":false,"_monsterinsights_sitenote_active":false,"_monsterinsights_sitenote_note":"","_monsterinsights_sitenote_category":0,"footnotes":""},"categories":[126],"tags":[8687,8686,8681,8683,8680,8688,127,8682,8684,8685,2223,1521,2582,8689],"aioseo_notices":[],"amp_enabled":true,"_links":{"self":[{"href":"https:\/\/speyer24news.com\/index.php?rest_route=\/wp\/v2\/posts\/30764"}],"collection":[{"href":"https:\/\/speyer24news.com\/index.php?rest_route=\/wp\/v2\/posts"}],"about":[{"href":"https:\/\/speyer24news.com\/index.php?rest_route=\/wp\/v2\/types\/post"}],"author":[{"embeddable":true,"href":"https:\/\/speyer24news.com\/index.php?rest_route=\/wp\/v2\/users\/3"}],"replies":[{"embeddable":true,"href":"https:\/\/speyer24news.com\/index.php?rest_route=%2Fwp%2Fv2%2Fcomments&post=30764"}],"version-history":[{"count":1,"href":"https:\/\/speyer24news.com\/index.php?rest_route=\/wp\/v2\/posts\/30764\/revisions"}],"predecessor-version":[{"id":30767,"href":"https:\/\/speyer24news.com\/index.php?rest_route=\/wp\/v2\/posts\/30764\/revisions\/30767"}],"wp:attachment":[{"href":"https:\/\/speyer24news.com\/index.php?rest_route=%2Fwp%2Fv2%2Fmedia&parent=30764"}],"wp:term":[{"taxonomy":"category","embeddable":true,"href":"https:\/\/speyer24news.com\/index.php?rest_route=%2Fwp%2Fv2%2Fcategories&post=30764"},{"taxonomy":"post_tag","embeddable":true,"href":"https:\/\/speyer24news.com\/index.php?rest_route=%2Fwp%2Fv2%2Ftags&post=30764"}],"curies":[{"name":"wp","href":"https:\/\/api.w.org\/{rel}","templated":true}]}}