{"id":30855,"date":"2020-10-16T07:13:54","date_gmt":"2020-10-16T06:13:54","guid":{"rendered":"https:\/\/speyer24news.com\/?p=30855"},"modified":"2020-10-16T07:13:55","modified_gmt":"2020-10-16T06:13:55","slug":"coronafallzahlen-stadtnotizen-und-verkehrsnotizen-aus-speyer-9","status":"publish","type":"post","link":"https:\/\/speyer24news.com\/?p=30855","title":{"rendered":"Coronafallzahlen, Stadtnotizen und Verkehrsnotizen aus Speyer"},"content":{"rendered":"<style type=\"text\/css\">\r\n\t.ads_top_disp{}\r\n\t.ads_top_corner_disp{ float:left; margin:0px 10px 10px 0px; }\r\n\t.ads_first_p_disp{}\r\n\t.ads_bottom_disp{}\r\n\t<\/style>\n<h1 class=\"wp-block-heading\" style=\"text-align:center\">Corona-Fallzahlen aus dem Rhein-Pfalz-Kreis<\/h1>\n\n\n\n<div class=\"wp-block-image\"><figure class=\"aligncenter\"><img decoding=\"async\" loading=\"lazy\" width=\"800\" height=\"400\" src=\"https:\/\/speyer24news.com\/wp-content\/uploads\/2020\/02\/virus-1812092_1920.jpg\" alt=\"\" class=\"wp-image-25128\" srcset=\"https:\/\/speyer24news.com\/wp-content\/uploads\/2020\/02\/virus-1812092_1920.jpg 800w, https:\/\/speyer24news.com\/wp-content\/uploads\/2020\/02\/virus-1812092_1920-300x150.jpg 300w, https:\/\/speyer24news.com\/wp-content\/uploads\/2020\/02\/virus-1812092_1920-768x384.jpg 768w\" sizes=\"(max-width: 800px) 100vw, 800px\" \/><\/figure><\/div>\n\n\n\n<h4 class=\"wp-block-heading\">AKTUELLE FALLZAHLEN CORONAVIRUS (SARS-COV-2) vom Donnerstag (15.10.2020)<\/h4>\n\n\n\n<p>Die aktuellen Fallzahlen aus dem Gesundheitsamt Rhein-Pfalz-Kreis f\u00fcr die mit Coronavirus (SARS-CoV-2) infizierten Personen:<br><\/p>\n\n\n\n<table class=\"wp-block-table\"><tbody><tr><td><br><\/td><td><strong>F\u00e4lle:<br><\/strong><\/td><td><strong>davon neu:<br><\/strong><\/td><td><strong>Todesf\u00e4lle:<br><\/strong><\/td><td><strong>Genesen:<\/strong><br><\/td><td><strong>Gemeldete letzten 7 Tage pro 100.000<\/strong><br><\/td><\/tr><tr><td>Frankenthal<br><\/td><td>108<br><\/td><td>+2<br><\/td><td>2<br><\/td><td>83<br><\/td><td>19<br><\/td><\/tr><tr><td>Ludwigshafen<br><\/td><td>735<br><\/td><td>+11<br><\/td><td>2<\/td><td>609<br><\/td><td>31<br><\/td><\/tr><tr><td>Speyer<br><\/td><td>179<br><\/td><td>+0<\/td><td>2<br><\/td><td>157<br><\/td><td>12<br><\/td><\/tr><tr><td>Rhein-Pfalz-Kreis<br><\/td><td>466<\/td><td>+11<br><\/td><td>4<br><\/td><td>380<br><\/td><td>17<\/td><\/tr><tr><td><br><\/td><td><br><\/td><td><br><\/td><td><br><\/td><td><br><\/td><td><br><\/td><\/tr><tr><td><strong>Insgesamt<\/strong><\/td><td>1488<\/td><td>+24<br><\/td><td>10<br><\/td><td>1229<br><\/td><td><br><\/td><\/tr><\/tbody><\/table>\n\n\n\n<p><em>Stand 15.10.2020, 15:00 Uhr<\/em><\/p>\n\n\n\n<p><em>Kreisgesundheitsamt Rhein-Pfalz-Kreis<br>16.10.2020<\/em><\/p>\n\n\n\n<h1 class=\"wp-block-heading\" style=\"text-align:center\">Stadtnotizen<\/h1>\n\n\n\n<div class=\"wp-block-image\"><figure class=\"aligncenter\"><img decoding=\"async\" loading=\"lazy\" width=\"800\" height=\"600\" src=\"https:\/\/speyer24news.com\/wp-content\/uploads\/2020\/01\/Speyer-Stadtnachrichten-2.jpg\" alt=\"\" class=\"wp-image-23901\" srcset=\"https:\/\/speyer24news.com\/wp-content\/uploads\/2020\/01\/Speyer-Stadtnachrichten-2.jpg 800w, https:\/\/speyer24news.com\/wp-content\/uploads\/2020\/01\/Speyer-Stadtnachrichten-2-300x225.jpg 300w, https:\/\/speyer24news.com\/wp-content\/uploads\/2020\/01\/Speyer-Stadtnachrichten-2-768x576.jpg 768w, https:\/\/speyer24news.com\/wp-content\/uploads\/2020\/01\/Speyer-Stadtnachrichten-2-678x509.jpg 678w, https:\/\/speyer24news.com\/wp-content\/uploads\/2020\/01\/Speyer-Stadtnachrichten-2-326x245.jpg 326w, https:\/\/speyer24news.com\/wp-content\/uploads\/2020\/01\/Speyer-Stadtnachrichten-2-80x60.jpg 80w\" sizes=\"(max-width: 800px) 100vw, 800px\" \/><\/figure><\/div>\n\n\n\n<h2 class=\"wp-block-heading\"><strong>Oberb\u00fcrgermeisterin erinnert am H\u00e4ndewasch-Tag an Einhaltung der Hygienerichtlinien und informiert \u00fcber Testm\u00f6glichkeiten<\/strong><\/h2>\n\n\n\n<div class=\"wp-block-image\"><figure class=\"aligncenter\"><img decoding=\"async\" src=\"https:\/\/speyer24news.com\/wp-content\/uploads\/2020\/10\/Steffi-mit-Maske.jpg\" alt=\"\" class=\"wp-image-30589\"\/><\/figure><\/div>\n\n\n\n<p>Die Stadt nimmt den Internationalen H\u00e4ndewasch-Tag am 15. Oktober, der von der Weltgesundheitsorganisation (WHO) ins Leben gerufen wurde, zum Anlass, um nochmals an die Einhaltung der AHA-Regeln zu erinnern. Zu diesen z\u00e4hlt auch das regelm\u00e4\u00dfige und gr\u00fcndliche H\u00e4ndewaschen. Das mindestens 20-sek\u00fcndige Einseifen der H\u00e4nde sch\u00fctzt nicht nur vor dem Coronavirus, sondern vor Infektionsarten jeder Art und sollte zu t\u00e4glichen Routine dazugeh\u00f6ren. Empfohlen wird zudem auch das regelm\u00e4\u00dfige Eincremen der H\u00e4nde zum Schutz der Haut vor allem in der kalten Jahreszeit.<\/p>\n\n\n\n<p>Die AHA-Regeln \u2013 Abstand, Hygiene, Alltagsmasken \u2013 sollten insbesondere beim Besuch von Krankenh\u00e4usern, Alten- und Pflegeheimen und von Arztpraxen&nbsp;befolgt werden.&nbsp;\u201eEs ist ganz normal, dass die nun beginnende k\u00e4ltere Jahreszeit eine Zunahme von Erk\u00e4ltungskrankheiten mit sich bringt und die Wartezimmer wieder voller werden. Bitte gehen Sie nicht ohne Termin und mit Krankheitssymptomen in eine Praxis, sondern vereinbaren Sie telefonisch einen Termin\u201c, betont Oberb\u00fcrgermeisterin Stefanie Seiler.<\/p>\n\n\n\n<p>Personen, die bef\u00fcrchten, sich mit dem Coronavirus angesteckt zu haben oder aus einem ausl\u00e4ndischen Risikogebiet zur\u00fcckkehren, k\u00f6nnen einen Test auf\u00a0SARS-CoV-2\u00a0zum jetzigen Zeitpunkt\u00a0entweder beim Hausarzt\u00a0oder der Haus\u00e4rztin nach telefonischer Voranfrage\u00a0oder, falls in der haus\u00e4rztlichen Praxis nicht m\u00f6glich,\u00a0in der Fieberambulanz\u00a0des Klinikums\u00a0Ludwigshafen\u00a0(Bremserstra\u00dfe 88, 67063 Ludwigshafen, t\u00e4glich von 8:00 bis 18:00 Uhr) erhalten.\u00a0Hierbei gilt zu beachten, dass die Kosten f\u00fcr einen Test aktuell nur bei Infektsymptomen wie hohem Fieber, trockenem Husten und Halsschmerzen oder, wenn ein Test durch das zust\u00e4ndige Gesundheitsamt des Rhein-Pfalz-Kreises angeordnet wurde, \u00fcbernommen werden. \u00dcber ein m\u00f6gliches Hochfahren des mobilen Abstrichzentrums in der Halle 101 als Testzentrum wird derzeit in Abstimmung mit dem Land, dem Kreisverband Speyer des Deutschen Rote Kreuzes sowie dem medizinischen Fachberater der Stadt, Dr. Peter Wresch, beraten.<\/p>\n\n\n\n<p><em>Text: Stadt Speyer Foto: Speyer 24\/7 News<br>16.10.2020<\/em><\/p>\n\n\n\n<h2 class=\"wp-block-heading\"><strong>Stadt begr\u00fc\u00dft \u00dcberpr\u00fcfung von Risikogebieten und Beherbergungsverbot und erinnert an AHA-Regeln<\/strong><\/h2>\n\n\n\n<figure class=\"wp-block-image\"><img decoding=\"async\" loading=\"lazy\" width=\"800\" height=\"590\" src=\"https:\/\/speyer24news.com\/wp-content\/uploads\/2020\/10\/Abstand-RLP.jpg\" alt=\"\" class=\"wp-image-30590\" srcset=\"https:\/\/speyer24news.com\/wp-content\/uploads\/2020\/10\/Abstand-RLP.jpg 800w, https:\/\/speyer24news.com\/wp-content\/uploads\/2020\/10\/Abstand-RLP-300x221.jpg 300w, https:\/\/speyer24news.com\/wp-content\/uploads\/2020\/10\/Abstand-RLP-768x566.jpg 768w, https:\/\/speyer24news.com\/wp-content\/uploads\/2020\/10\/Abstand-RLP-80x60.jpg 80w\" sizes=\"(max-width: 800px) 100vw, 800px\" \/><\/figure>\n\n\n\n<p>Die aktuell g\u00fcltige Elfte Corona-Bek\u00e4mpfungsverordnung des Landes Rheinland-Pfalz wurde in den vergangenen Tagen mehrfach ge\u00e4ndert. Dies f\u00fchrte auch bei vielen Speyer*innen zu Unklarheiten. Wie das Land nach Gespr\u00e4chen mit den kommunalen Spitzenverb\u00e4nden nun klarstellt, gelten die Quarant\u00e4nereglungen nur f\u00fcr ausl\u00e4ndische Risikogebiete. Weiterhin wird das Beherbergungsverbot so lange nicht umgesetzt, bis es eine bundesweite Regelung gibt. Oberb\u00fcrgermeisterin Stefanie Seiler und Ordnungsdezernentin Irmgard M\u00fcnch-Weinmann begr\u00fc\u00dfen dieses Vorgehen, da ein Beherbergungsverbot ein falsches Signal aussendet und der ohnehin schon gebeutelte Hotellerie und Gastronomie schadet. \u201eUm die Ausbreitung des Coronavirus auszubreiten, braucht es zielgerichtete lokale Ma\u00dfnahmen, die auf der Corona Warn- und Aktionsplan beruhen\u201c, so die Oberb\u00fcrgermeisterin, die im stetigen Austausch mit dem Deutschen Hotel- und Gastst\u00e4ttenverband (DEHOGA) steht.<\/p>\n\n\n\n<p>Die Pflicht zur Meldung beim Gesundheitsamt oder dem Ordnungsamt der Stadt Speyer gilt weiterhin f\u00fcr Reiser\u00fcckkehrer*innen aus ausl\u00e4ndischen Risikogebieten. Diese Personen m\u00fcssen eine 14-t\u00e4gige Quarant\u00e4ne einhalten, es sei denn sie k\u00f6nnen ein \u00e4rztliches Zeugnis in deutscher, englischer oder franz\u00f6sischer Sprache vorlegen, welches best\u00e4tigt, dass keine Anhaltspunkte f\u00fcr das Vorliegen einer Infektion mit dem Coronavirus vorhanden sind. Weitere Ausnahmen gelten unter anderem f\u00fcr Pendler*innen.<\/p>\n\n\n\n<p>Ordnungsdezernentin Irmgard M\u00fcnch-Weinmann weist ausdr\u00fccklich darauf hin, sich vor der Abreise auf den Seiten des Landes unter\u00a0<a rel=\"noreferrer noopener\" href=\"https:\/\/deref-web.de\/mail\/client\/mYcRR1-0G30\/dereferrer\/?redirectUrl=http%3A%2F%2Fwww.corona.rlp.de\" target=\"_blank\">www.corona.rlp.de<\/a>\u00a0sowie der Robert Koch-Institut unter\u00a0<a rel=\"noreferrer noopener\" href=\"https:\/\/deref-web.de\/mail\/client\/YCPlzkI7cNA\/dereferrer\/?redirectUrl=http%3A%2F%2Fwww.rki.de\" target=\"_blank\">www.rki.de<\/a>\u00a0zu informieren, ob das Reiseziel als Risikogebiet gekennzeichnet ist. \u201eEine fr\u00fchzeitige Information f\u00fchrt nicht nur zu entspannteren Urlaubsplanungen, sondern tr\u00e4gt auch dazu bei, die Ausbreitung des Coronavirus zu kontrollieren und einzud\u00e4mmen\u201c, erkl\u00e4rt M\u00fcnch-Weinmann. Oberb\u00fcrgermeisterin Stefanie Seiler erg\u00e4nzt: \u201eMir ist bewusst, wie gerne viele von uns in den Herbsturlaub gefahren w\u00e4ren. Wir m\u00fcssen aber weiterhin alles tun, um die Infektionszahlen so niedrig wie m\u00f6glich zu halten. Das bedeutet im Zweifelsfall auch von einer Reise in ein ausl\u00e4ndisches Risikogebiet Abstand zu nehmen.\u201c Zugleich erinnerten beide an die Einhaltung der wichtigen AHA-Regeln &#8211; Abstand, Hygienema\u00dfnahmen und Alltagsmasken und daran, R\u00e4ume regelm\u00e4\u00dfig zu l\u00fcften. \u201eWir alle sind in diesen Tagen gefragt, um einen m\u00f6glichen zweiten Lockdown zu verhindern\u201c, so Stefanie Seiler und Irmgard M\u00fcnch-Weinmann.<\/p>\n\n\n\n<p><em>Text: Stadt Speyer Foto: Speyer 24\/7 News<br>16.10.2020<\/em><\/p>\n\n\n\n<h2 class=\"wp-block-heading\"><strong>Letzte Gelegenheit f\u00fcr einen Bummel durch den Domgarten<\/strong><\/h2>\n\n\n\n<figure class=\"wp-block-image\"><img decoding=\"async\" loading=\"lazy\" width=\"800\" height=\"600\" src=\"https:\/\/speyer24news.com\/wp-content\/uploads\/2020\/08\/IMG_20200731_163253.jpg\" alt=\"\" class=\"wp-image-29763\" srcset=\"https:\/\/speyer24news.com\/wp-content\/uploads\/2020\/08\/IMG_20200731_163253.jpg 800w, https:\/\/speyer24news.com\/wp-content\/uploads\/2020\/08\/IMG_20200731_163253-300x225.jpg 300w, https:\/\/speyer24news.com\/wp-content\/uploads\/2020\/08\/IMG_20200731_163253-768x576.jpg 768w, https:\/\/speyer24news.com\/wp-content\/uploads\/2020\/08\/IMG_20200731_163253-678x509.jpg 678w, https:\/\/speyer24news.com\/wp-content\/uploads\/2020\/08\/IMG_20200731_163253-326x245.jpg 326w, https:\/\/speyer24news.com\/wp-content\/uploads\/2020\/08\/IMG_20200731_163253-80x60.jpg 80w\" sizes=\"(max-width: 800px) 100vw, 800px\" \/><\/figure>\n\n\n\n<p>Das gastronomische Angebot im Domgarten hat die Speyerer*innen den Sommer \u00fcber bis in den Herbst hinein begleitet und eine gro\u00dfartige Abwechslung geboten. Doch nun muss auch dieses Kapitel f\u00fcr dieses Jahr abgeschlossen werden: Bis einschlie\u00dflich Sonntag, den 18. Oktober 2020, besteht noch die M\u00f6glichkeit, gem\u00fctlich durch den Domgarten zu flanieren, ein Cr\u00eape oder eine Bratwurst zu essen oder bei einem Glas Wein zu plaudern.<\/p>\n\n\n\n<p>Die Stadt Speyer freut sich \u00fcber die gelungene Zusammenarbeit mit den Schausteller*innen und dass Sie auch in dieser schweren Zeit mit ihren Darbietungen den Speyerer*innen eine gro\u00dfe Freude bereitet haben.<\/p>\n\n\n\n<p><em>Text: Stadt Speyer Foto: Speyer 24\/7 News<br>16.10.2020<\/em><\/p>\n\n\n\n<h2 class=\"wp-block-heading\"><strong>Webinar der VHS zur sprachlichen Gleichbehandlung: \u201eGendern? So klingt sprachliche Gleichbehandlung gut!\u201c<\/strong><\/h2>\n\n\n\n<p>Die Volkshochschule (VHS) bietet in Kooperation mit der Speyerer Freiwilligenagentur, der Stadtbibliothek und der Gleichstellungsbeauftragen am <strong>Dienstag, 20. Oktober 2020<\/strong> um 19.00 Uhr einen Online-Vortrag zum Thema \u201eGendern? So klingt sprachliche Gleichbehandlung gut!\u201c.<\/p>\n\n\n\n<p>Sprache und Bewusstseinswandel h\u00e4ngen eng zusammen. Dieser \u00dcberzeugung liegt sprachliche Gleichbehandlung zugrunde, wonach sowohl in der gesprochenen als auch in der schriftlichen Sprache die Geschlechter gleichberechtigt vorkommen und die m\u00e4nnliche Form nicht generalisierend verwendet wird.<br>Was bedeutet das f\u00fcr die moderne Verwaltungssprache? Nach welchen Regeln wird geschrieben? Steht das im Duden? Was bedeutet gendersensibler Umgang mit Sprache und welchen Wandel bringt er mit sich? Welche M\u00f6glichkeiten gibt es, bewusst, aber nicht sperrig zu formulieren? Und wo ist der Link zum digitalen Wandel?<\/p>\n\n\n\n<p>Zu diesen Fragen sowie \u00fcber Entstehung, Anwendung und Potential von sprachlicher Gleichbehandlung gibt der Vortrag einen \u00dcberblick.<\/p>\n\n\n\n<p>Die bundesweit t\u00e4tige Referentin Corinna Waffender ber\u00e4t seit vielen Jahren gro\u00dfe Organisationen und Unternehmen bei der Entwicklung von Sprachstandards zur Gleichbehandlung. Die Kommunikationstrainerin und Coach arbeitet schwerpunktm\u00e4\u00dfig zu den Themen Sprache, Vielfalt und soziales Handeln und hat als Literaturautorin einen ganz pers\u00f6nlichen Bezug zum geschriebenen Wort.<\/p>\n\n\n\n<p>Eine Anmeldung zum Vortrag unter&nbsp;<a href=\"https:\/\/deref-web.de\/mail\/client\/OZQli-6lJ98\/dereferrer\/?redirectUrl=http%3A%2F%2Fwww.vhs-speyer.de\" target=\"_blank\" rel=\"noreferrer noopener\">www.vhs-speyer.de<\/a>&nbsp;mit Angabe der E-Mail-Adresse ist dringend erforderlich. Die Zugangsdaten zum Online-Seminarraum werden ca. eine Woche vor Beginn des Webseminars bekannt gegeben.<\/p>\n\n\n\n<p>F\u00fcr R\u00fcckfragen steht Anke Mertens gerne zur Verf\u00fcgung: Tel.: 06232 14-1364, E-Mail: <a href=\"anke.mertens@stadt-speyer.de\">anke.mertens@stadt-speyer.de<\/a><\/p>\n\n\n\n<p><em>Stadt Speyer<br>16.10.2020<\/em><\/p>\n\n\n\n<h2 class=\"wp-block-heading\"><strong>Freie Pl\u00e4tze im Online-Kurs \u201eEnglisch B1\u201c<\/strong><\/h2>\n\n\n\n<figure class=\"wp-block-image\"><img decoding=\"async\" loading=\"lazy\" width=\"800\" height=\"600\" src=\"https:\/\/speyer24news.com\/wp-content\/uploads\/2020\/03\/Villa-Ecarius.jpg\" alt=\"\" class=\"wp-image-26108\" srcset=\"https:\/\/speyer24news.com\/wp-content\/uploads\/2020\/03\/Villa-Ecarius.jpg 800w, https:\/\/speyer24news.com\/wp-content\/uploads\/2020\/03\/Villa-Ecarius-300x225.jpg 300w, https:\/\/speyer24news.com\/wp-content\/uploads\/2020\/03\/Villa-Ecarius-768x576.jpg 768w, https:\/\/speyer24news.com\/wp-content\/uploads\/2020\/03\/Villa-Ecarius-678x509.jpg 678w, https:\/\/speyer24news.com\/wp-content\/uploads\/2020\/03\/Villa-Ecarius-326x245.jpg 326w, https:\/\/speyer24news.com\/wp-content\/uploads\/2020\/03\/Villa-Ecarius-80x60.jpg 80w\" sizes=\"(max-width: 800px) 100vw, 800px\" \/><\/figure>\n\n\n\n<p>Die Volkshochschule Speyer bietet ab <strong>Montag, 19. Oktober 2020<\/strong>, w\u00f6chentlich von 19.00 bis 20.00 Uhr einen Online-Englischkurs auf der Niveaustufe B1 an. Ob Gespr\u00e4che f\u00fchren, zuh\u00f6ren oder ein Thema pr\u00e4sentieren \u2012 auf Englisch zu sprechen will ge\u00fcbt sein. Dieser Online-Kurs gibt die M\u00f6glichkeit, anhand moderner und zeitgerechter Themen gezielt Wortschatz, Grammatik sowie das Sprechen und H\u00f6ren in unterschiedlichen sozialen Umgebungen zu erarbeiten.<\/p>\n\n\n\n<p>Die Lerngruppe trifft sich w\u00f6chentlich online. Zwischen den Treffen arbeiten die Teilnehmenden einzeln oder bearbeiten gemeinsam Projekte. Die Kursleiterin beantwortet Fragen, korrigiert die Aufgaben und gibt regelm\u00e4\u00dfig eine R\u00fcckmeldung zum Lernfortschritt. Der Online-Kurs findet \u00fcber die vhs.cloud statt, welche sich auf einem deutschen Server befindet und somit das deutsche Datenschutzgesetz eingehalten wird. Eine Einf\u00fchrung in das Arbeiten mit der vhs.cloud wird vor Kursbeginn gegeben.<\/p>\n\n\n\n<p>Die Anmeldung erfolgt \u00fcber die Volkshochschule Speyer in der Bahnhofstra\u00dfe 54, telefonisch unter 06232 141360 oder unter\u00a0<a rel=\"noreferrer noopener\" href=\"https:\/\/deref-web.de\/mail\/client\/xQIzVndu1rc\/dereferrer\/?redirectUrl=http%3A%2F%2Fwww.vhs-speyer.de%2F\" target=\"_blank\">www.vhs-speyer.de<\/a>, wo auch n\u00e4here Informationen zum Kurs erlangt werden k\u00f6nnen.<\/p>\n\n\n\n<p><em>Text: Stadt Speyer Foto: Speyer 24\/7 News<br>16.10.2020<\/em><\/p>\n\n\n\n<h1 class=\"wp-block-heading\" style=\"text-align:center\">Verkehrsnotizen<\/h1>\n\n\n\n<figure class=\"wp-block-image\"><img decoding=\"async\" loading=\"lazy\" width=\"800\" height=\"565\" src=\"https:\/\/speyer24news.com\/wp-content\/uploads\/2020\/01\/Baustelle-2.jpg\" alt=\"\" class=\"wp-image-23900\" srcset=\"https:\/\/speyer24news.com\/wp-content\/uploads\/2020\/01\/Baustelle-2.jpg 800w, https:\/\/speyer24news.com\/wp-content\/uploads\/2020\/01\/Baustelle-2-300x212.jpg 300w, https:\/\/speyer24news.com\/wp-content\/uploads\/2020\/01\/Baustelle-2-768x542.jpg 768w\" sizes=\"(max-width: 800px) 100vw, 800px\" \/><\/figure>\n\n\n\n<h2 class=\"wp-block-heading\"><strong>Halbseitige Sperrung B39<\/strong><\/h2>\n\n\n\n<p>Aufgrund von Br\u00fcckensanierungsarbeiten im Auftrag der Deutschen Bahn wird die Ausfahrt von der B9 auf die B39 (Speyer-Zentrum, Speyer-S\u00fcd; Dom\/Museen, Ged\u00e4chtniskirche) aus der Richtung Ludwigshafen kommend <strong>vom 12. Oktober 2020 bis voraussichtlich 23. Oktober 2020<\/strong> f\u00fcr den Durchgangsverkehr gesperrt. F\u00fcr die Dauer der Ma\u00dfnahme wird eine Umleitung ausgewiesen.<\/p>\n\n\n\n<p>F\u00fcr R\u00fcckfragen steht die Stra\u00dfenverkehrsbeh\u00f6rde unter der Rufnummer 14-2938 zur Verf\u00fcgung.<\/p>\n\n\n\n<p><strong><em>Anmerkung der Redaktion:<\/em><\/strong> Diese Nachricht erhielten wir selbst erst am 14.10.20 um 15:27 Uhr! Wir bitten diese sp\u00e4te Ank\u00fcndigung zu entschuldigen.<\/p>\n\n\n\n<p><em>Stadt Speyer<br>16.10.2020<\/em><\/p>\n\n\n\n<h2 class=\"wp-block-heading\"><strong>Gasaustritt bei Tiefbau in der Auestra\u00dfe<\/strong><\/h2>\n\n\n\n<p>Am Mittwoch kam es nach 8.00 Uhr morgens bei Tiefbauarbeiten im \u00f6stlichen Teil der Auestra\u00dfe zu einer Besch\u00e4digung an einer Gas-Mitteldruckleitung. Die beauftragte Baufirma hatte den Strang beim Aufgraben mit der Baggerschaufel verletzt. Nachdem die Feuerwehr abgesperrt und den Nahbereich evakuiert hatte, schieberten die Mitarbeiter der Stadtwerke Speyer, die ebenfalls sofort vor Ort waren, den betroffenen Leitungsabschnitt ab und nahmen damit die Ringleitung An der Hofweide au\u00dfer Betrieb. Alle Hausanschl\u00fcsse wurden ebenfalls geschlossen. Nach den notwendigen Sicherungsarbeiten konnte die Gasversorgung der Anlieger einzeln nacheinander wieder hergestellt werden. Gegen 18 Uhr liefen alle Heizungen wieder.<\/p>\n\n\n\n<p><em>Stadtwerke Speyer GmbH<br>16.10.2020<\/em><\/p>\n\n\n\n<h2 class=\"wp-block-heading\"><strong>Fernw\u00e4rmebaustelle in der Auestra\u00dfe<\/strong><\/h2>\n\n\n\n<figure class=\"wp-block-image\"><img decoding=\"async\" src=\"https:\/\/speyer24news.com\/wp-content\/uploads\/2020\/01\/SWS-Logo-1-1024x356.jpg\" alt=\"\" class=\"wp-image-24475\"\/><\/figure>\n\n\n\n<p>Seit dieser Woche laufen die Tiefbauarbeiten f\u00fcr die Verlegung der Fernw\u00e4rmeleitung in der Auestra\u00dfe zwischen Kreisel Franz-Kirrmeier-Stra\u00dfe und An der Hofweide. F\u00fcr den ersten Bauabschnitt ist eine Bauzeit von ca. vier Wochen veranschlagt. Die Stra\u00dfe ist halbseitig gesperrt und mit einer Ampelanlage ausger\u00fcstet. Der n\u00f6rdliche Fu\u00dfg\u00e4nger- und Fahrradverkehr wird bis zur Hasenpf\u00fchlerweide auf die s\u00fcdliche Seite der Stra\u00dfe verlagert. An den Ausfahrten ist unbedingt auf den gegenl\u00e4ufigen Radverkehr zu achten.<\/p>\n\n\n\n<p><em>Stadtwerke Speyer GmbH<br>16.10.2020<\/em><\/p>\n","protected":false},"excerpt":{"rendered":"<div class=\"mh-excerpt\"><p>Corona-Fallzahlen aus dem Rhein-Pfalz-Kreis AKTUELLE FALLZAHLEN CORONAVIRUS (SARS-COV-2) vom Donnerstag (15.10.2020) Die aktuellen Fallzahlen aus dem Gesundheitsamt Rhein-Pfalz-Kreis f\u00fcr die mit Coronavirus (SARS-CoV-2) infizierten Personen: F\u00e4lle: davon neu: Todesf\u00e4lle: Genesen: Gemeldete letzten 7 Tage pro <a class=\"mh-excerpt-more\" href=\"https:\/\/speyer24news.com\/?p=30855\" title=\"Coronafallzahlen, Stadtnotizen und Verkehrsnotizen aus Speyer\">[&#8230;]<\/a><\/p>\n<\/div>","protected":false},"author":3,"featured_media":23902,"comment_status":"open","ping_status":"open","sticky":false,"template":"","format":"standard","meta":{"_monsterinsights_skip_tracking":false,"_monsterinsights_sitenote_active":false,"_monsterinsights_sitenote_note":"","_monsterinsights_sitenote_category":0,"footnotes":""},"categories":[47],"tags":[8710,7698,5873,8712,8702,6358,8706,7003,6342,6195,8537,8707,8708,6,657,1296,658,1114,3132,8711],"aioseo_notices":[],"amp_enabled":true,"_links":{"self":[{"href":"https:\/\/speyer24news.com\/index.php?rest_route=\/wp\/v2\/posts\/30855"}],"collection":[{"href":"https:\/\/speyer24news.com\/index.php?rest_route=\/wp\/v2\/posts"}],"about":[{"href":"https:\/\/speyer24news.com\/index.php?rest_route=\/wp\/v2\/types\/post"}],"author":[{"embeddable":true,"href":"https:\/\/speyer24news.com\/index.php?rest_route=\/wp\/v2\/users\/3"}],"replies":[{"embeddable":true,"href":"https:\/\/speyer24news.com\/index.php?rest_route=%2Fwp%2Fv2%2Fcomments&post=30855"}],"version-history":[{"count":1,"href":"https:\/\/speyer24news.com\/index.php?rest_route=\/wp\/v2\/posts\/30855\/revisions"}],"predecessor-version":[{"id":30856,"href":"https:\/\/speyer24news.com\/index.php?rest_route=\/wp\/v2\/posts\/30855\/revisions\/30856"}],"wp:featuredmedia":[{"embeddable":true,"href":"https:\/\/speyer24news.com\/index.php?rest_route=\/wp\/v2\/media\/23902"}],"wp:attachment":[{"href":"https:\/\/speyer24news.com\/index.php?rest_route=%2Fwp%2Fv2%2Fmedia&parent=30855"}],"wp:term":[{"taxonomy":"category","embeddable":true,"href":"https:\/\/speyer24news.com\/index.php?rest_route=%2Fwp%2Fv2%2Fcategories&post=30855"},{"taxonomy":"post_tag","embeddable":true,"href":"https:\/\/speyer24news.com\/index.php?rest_route=%2Fwp%2Fv2%2Ftags&post=30855"}],"curies":[{"name":"wp","href":"https:\/\/api.w.org\/{rel}","templated":true}]}}